{"id":1049874,"date":"2025-09-17T13:48:46","date_gmt":"2025-09-17T10:48:46","guid":{"rendered":"https:\/\/darkamazi.info\/?p=1049874"},"modified":"2025-09-17T13:48:46","modified_gmt":"2025-09-17T10:48:46","slug":"pwk-em-dr-sadiq-serefkendi-u-hevalen-wi-bi-rezdari-bibir-tinin","status":"publish","type":"post","link":"https:\/\/darkamazi.info\/archives\/1049874","title":{"rendered":"PWK: Em Dr. Sadiq \u015eerefkend\u00ee \u00fb heval\u00ean w\u00ee bi r\u00eazdar\u00ee bib\u00eer t\u00eenin"},"content":{"rendered":"<h3 style=\"text-align: justify\"><span style=\"font-family: 'arial black', sans-serif\"><strong>Partiya Welatpar\u00eaz\u00ean Kurdistan\u00ea (PWK) bi boneya 33&#8217;em\u00een salvegera terorkirina Sekreter\u00ea Gi\u015ft\u00ee y\u00ea PDK-\u00ceran\u00ea Dr. Sadiq \u015eerefkend\u00ee \u00fb heval\u00ean w\u00ee peyamek belav kir. PWK&#8217;\u00ea di peyama xwe de dewleta \u00ceran\u00ea ji ber v\u00ea &#8220;qetl\u00eeama siyas\u00ee&#8221; \u015fermezar kir \u00fb da zan\u00een ku bi ku\u015ftina r\u00eaberan r\u00ea li ber doza azadiy\u00ea ya gel\u00ea Kurd nay\u00ea girtin.<\/strong><\/span><\/h3>\n<h3 style=\"text-align: justify\"><span style=\"font-family: arial, helvetica, sans-serif\"><strong>Peyama Buroya Ragehandin\u00ea ya PWK\u00ea:<\/strong><\/span><\/h3>\n<h3 style=\"text-align: justify\"><span style=\"font-family: arial, helvetica, sans-serif\">Sekreter\u00ea Gi\u015ft\u00ee y\u00ea PDK-\u00ceran\u00ea Dr. Sadiq \u015eerefkend\u00ee, di 17y\u00ea \u00eelona sala 1992an de, li bajar\u00ea Berl\u00een\u00ea, li welat\u00ea Almanyay\u00ea, li gel endam\u00ea Kom\u00eeteya Navend\u00ee \u00fb n\u00fbner\u00ea dervey\u00ee wel\u00eat y\u00ea PDK-\u00ceran\u00ea Fetah Ebdul\u00ee, n\u00fbner\u00ea PDK-\u00ceran\u00ea y\u00ea Almanyay\u00ea Homay\u00fbn Erdelan \u00fb dost\u00ea PDK-\u00ceran\u00ea N\u00fbr\u00ee D\u00eahkurd\u00ee,bi emr\u00ea dewleta \u00ceran\u00ea, ji aliy\u00ea s\u00eexur\u00ean Dewleta \u00ceran\u00ea ve hatin qetil kirin.<\/span><\/h3>\n<h3 style=\"text-align: justify\"><span style=\"font-family: arial, helvetica, sans-serif\">Em Dewleta \u00ceran\u00ea careke din j\u00ee ji ber v\u00ea qetl\u00eeama siyas\u00ee r\u00fbre\u015f \u00fb \u015fermezar dikin.<\/span><\/h3>\n<h3 style=\"text-align: justify\"><span style=\"font-family: arial, helvetica, sans-serif\">Dewleta \u00ceran\u00ea bi \u00eedamkirina p\u00ea\u015fewa Qaz\u00ee Mihemed \u00fb heval\u00ean w\u00ee, bi qetilkirina Dr. Abd\u00fbrrahman Qasimlo \u00fb heval\u00ean w\u00ee, bi qetil kirina Dr. Sadiq \u015eerfekend\u00ee \u00fb heval\u00ean w\u00ee j\u00ee nikar\u00eeb\u00fb r\u00ea li ber doza azad\u00eeya gel\u00ea me y\u00ea Rojhilat\u00ea Kurdistan\u00ea bigre.<\/span><\/h3>\n<h3 style=\"text-align: justify\"><span style=\"font-family: arial, helvetica, sans-serif\">Ew alaya ku di \u00eelankirina Komara Mehabad\u00ea de, li Meydana \u00c7ar\u00e7iray\u00ea hatib\u00fb hildan, \u00eero li Rojhilat\u00ea Kurdistan\u00ea \u00fb li her per\u00e7eyek\u00ee Kurdistan\u00ea bi dest\u00ea xebatkar, kedkar \u00fb t\u00eako\u015fer\u00ean doza azad\u00eeya Kurdistan\u00ea li ba dibe.<\/span><\/h3>\n<h3 style=\"text-align: justify\"><span style=\"font-family: arial, helvetica, sans-serif\">Di 33yem\u00een salvegera \u015fehadeta wan pakrewanan de, em Dr. Sadiq \u015eerefkend\u00ee \u00fb heval\u00ean w\u00ee \u00fb hem\u00fb \u015feh\u00eed\u00ean Kurdistan\u00ea bi r\u00eazdar\u00ee bi b\u00eer t\u00eenin.<\/span><\/h3>\n","protected":false},"excerpt":{"rendered":"<p>Partiya Welatpar\u00eaz\u00ean Kurdistan\u00ea (PWK) bi boneya 33&#8217;em\u00een salvegera terorkirina Sekreter\u00ea Gi\u015ft\u00ee y\u00ea PDK-\u00ceran\u00ea Dr. Sadiq \u015eerefkend\u00ee \u00fb heval\u00ean w\u00ee peyamek belav kir. PWK&#8217;\u00ea di peyama xwe de dewleta \u00ceran\u00ea ji ber v\u00ea &#8220;qetl\u00eeama siyas\u00ee&#8221; \u015fermezar kir \u00fb da zan\u00een ku bi ku\u015ftina r\u00eaberan r\u00ea li ber doza azadiy\u00ea ya gel\u00ea Kurd nay\u00ea girtin. Peyama Buroya [&hellip;]<\/p>\n","protected":false},"author":2,"featured_media":1049875,"comment_status":"closed","ping_status":"closed","sticky":false,"template":"","format":"standard","meta":{"footnotes":""},"categories":[29],"tags":[37],"class_list":["post-1049874","post","type-post","status-publish","format-standard","has-post-thumbnail","hentry","category-kurdistan","tag-sereke"],"blocksy_meta":[],"seo_head":"<!-- This site is optimized with the Yoast SEO plugin v27.5 - https:\/\/yoast.com\/product\/yoast-seo-wordpress\/ -->\n<title>PWK: Em Dr. Sadiq \u015eerefkend\u00ee \u00fb heval\u00ean w\u00ee bi r\u00eazdar\u00ee bib\u00eer t\u00eenin - Darka Maz\u00ee<\/title>\n<meta name=\"robots\" content=\"index, follow, max-snippet:-1, max-image-preview:large, max-video-preview:-1\" \/>\n<link rel=\"canonical\" href=\"https:\/\/darkamazi.info\/archives\/1049874\" \/>\n<meta property=\"og:locale\" content=\"en_US\" \/>\n<meta property=\"og:type\" content=\"article\" \/>\n<meta property=\"og:title\" content=\"PWK: Em Dr. Sadiq \u015eerefkend\u00ee \u00fb heval\u00ean w\u00ee bi r\u00eazdar\u00ee bib\u00eer t\u00eenin - Darka Maz\u00ee\" \/>\n<meta property=\"og:description\" content=\"Partiya Welatpar\u00eaz\u00ean Kurdistan\u00ea (PWK) bi boneya 33&#8217;em\u00een salvegera terorkirina Sekreter\u00ea Gi\u015ft\u00ee y\u00ea PDK-\u00ceran\u00ea Dr. Sadiq \u015eerefkend\u00ee \u00fb heval\u00ean w\u00ee peyamek belav kir. PWK&#8217;\u00ea di peyama xwe de dewleta \u00ceran\u00ea ji ber v\u00ea &#8220;qetl\u00eeama siyas\u00ee&#8221; \u015fermezar kir \u00fb da zan\u00een ku bi ku\u015ftina r\u00eaberan r\u00ea li ber doza azadiy\u00ea ya gel\u00ea Kurd nay\u00ea girtin. Peyama Buroya [&hellip;]\" \/>\n<meta property=\"og:url\" content=\"https:\/\/darkamazi.info\/archives\/1049874\" \/>\n<meta property=\"og:site_name\" content=\"Darka Maz\u00ee\" \/>\n<meta property=\"article:publisher\" content=\"https:\/\/www.facebook.com\/DarMaziKurmanci\" \/>\n<meta property=\"article:published_time\" content=\"2025-09-17T10:48:46+00:00\" \/>\n<meta property=\"og:image\" content=\"https:\/\/darkamazi.info\/file\/2025\/09\/Dr.-Sadiq-Serefkendi-Info.jpg\" \/>\n\t<meta property=\"og:image:width\" content=\"900\" \/>\n\t<meta property=\"og:image:height\" content=\"500\" \/>\n\t<meta property=\"og:image:type\" content=\"image\/jpeg\" \/>\n<meta name=\"author\" content=\"darka mazi\" \/>\n<meta name=\"twitter:card\" content=\"summary_large_image\" \/>\n<meta name=\"twitter:creator\" content=\"@DarkaMaziLatini\" \/>\n<meta name=\"twitter:site\" content=\"@DarkaMaziLatini\" \/>\n<meta name=\"twitter:label1\" content=\"Written by\" \/>\n\t<meta name=\"twitter:data1\" content=\"darka mazi\" \/>\n\t<meta name=\"twitter:label2\" content=\"Est. reading time\" \/>\n\t<meta name=\"twitter:data2\" content=\"2 minutes\" \/>\n<script type=\"application\/ld+json\" class=\"seo-schema-graph\">{\"@context\":\"https:\\\/\\\/schema.org\",\"@graph\":[{\"@type\":\"Article\",\"@id\":\"https:\\\/\\\/darkamazi.info\\\/archives\\\/1049874#article\",\"isPartOf\":{\"@id\":\"https:\\\/\\\/darkamazi.info\\\/archives\\\/1049874\"},\"author\":{\"name\":\"darka mazi\",\"@id\":\"https:\\\/\\\/darkamazi.info\\\/#\\\/schema\\\/person\\\/5ad3e24553a0567993fa8ed4bd0a776c\"},\"headline\":\"PWK: Em Dr. Sadiq \u015eerefkend\u00ee \u00fb heval\u00ean w\u00ee bi r\u00eazdar\u00ee bib\u00eer t\u00eenin\",\"datePublished\":\"2025-09-17T10:48:46+00:00\",\"mainEntityOfPage\":{\"@id\":\"https:\\\/\\\/darkamazi.info\\\/archives\\\/1049874\"},\"wordCount\":276,\"publisher\":{\"@id\":\"https:\\\/\\\/darkamazi.info\\\/#organization\"},\"image\":{\"@id\":\"https:\\\/\\\/darkamazi.info\\\/archives\\\/1049874#primaryimage\"},\"thumbnailUrl\":\"https:\\\/\\\/darkamazi.info\\\/darka-content\\\/uploads\\\/2025\\\/09\\\/Dr.-Sadiq-Serefkendi-Info.jpg\",\"keywords\":[\"sereke\"],\"articleSection\":[\"Kurdistan\"],\"inLanguage\":\"en-US\"},{\"@type\":\"WebPage\",\"@id\":\"https:\\\/\\\/darkamazi.info\\\/archives\\\/1049874\",\"url\":\"https:\\\/\\\/darkamazi.info\\\/archives\\\/1049874\",\"name\":\"PWK: Em Dr. Sadiq \u015eerefkend\u00ee \u00fb heval\u00ean w\u00ee bi r\u00eazdar\u00ee bib\u00eer t\u00eenin - Darka Maz\u00ee\",\"isPartOf\":{\"@id\":\"https:\\\/\\\/darkamazi.info\\\/#website\"},\"primaryImageOfPage\":{\"@id\":\"https:\\\/\\\/darkamazi.info\\\/archives\\\/1049874#primaryimage\"},\"image\":{\"@id\":\"https:\\\/\\\/darkamazi.info\\\/archives\\\/1049874#primaryimage\"},\"thumbnailUrl\":\"https:\\\/\\\/darkamazi.info\\\/darka-content\\\/uploads\\\/2025\\\/09\\\/Dr.-Sadiq-Serefkendi-Info.jpg\",\"datePublished\":\"2025-09-17T10:48:46+00:00\",\"breadcrumb\":{\"@id\":\"https:\\\/\\\/darkamazi.info\\\/archives\\\/1049874#breadcrumb\"},\"inLanguage\":\"en-US\",\"potentialAction\":[{\"@type\":\"ReadAction\",\"target\":[\"https:\\\/\\\/darkamazi.info\\\/archives\\\/1049874\"]}]},{\"@type\":\"ImageObject\",\"inLanguage\":\"en-US\",\"@id\":\"https:\\\/\\\/darkamazi.info\\\/archives\\\/1049874#primaryimage\",\"url\":\"https:\\\/\\\/darkamazi.info\\\/darka-content\\\/uploads\\\/2025\\\/09\\\/Dr.-Sadiq-Serefkendi-Info.jpg\",\"contentUrl\":\"https:\\\/\\\/darkamazi.info\\\/darka-content\\\/uploads\\\/2025\\\/09\\\/Dr.-Sadiq-Serefkendi-Info.jpg\",\"width\":900,\"height\":500,\"caption\":\"Dr. Sadiq \u015eerefkend\u00ee-Net\"},{\"@type\":\"BreadcrumbList\",\"@id\":\"https:\\\/\\\/darkamazi.info\\\/archives\\\/1049874#breadcrumb\",\"itemListElement\":[{\"@type\":\"ListItem\",\"position\":1,\"name\":\"Home\",\"item\":\"https:\\\/\\\/darkamazi.info\\\/\"},{\"@type\":\"ListItem\",\"position\":2,\"name\":\"PWK: Em Dr. Sadiq \u015eerefkend\u00ee \u00fb heval\u00ean w\u00ee bi r\u00eazdar\u00ee bib\u00eer t\u00eenin\"}]},{\"@type\":\"WebSite\",\"@id\":\"https:\\\/\\\/darkamazi.info\\\/#website\",\"url\":\"https:\\\/\\\/darkamazi.info\\\/\",\"name\":\"Darka Maz\u00ee\",\"description\":\"P\u00eageha Zanyariy\u00ean Nebih\u00eest\u00ee\",\"publisher\":{\"@id\":\"https:\\\/\\\/darkamazi.info\\\/#organization\"},\"potentialAction\":[{\"@type\":\"SearchAction\",\"target\":{\"@type\":\"EntryPoint\",\"urlTemplate\":\"https:\\\/\\\/darkamazi.info\\\/?s={search_term_string}\"},\"query-input\":{\"@type\":\"PropertyValueSpecification\",\"valueRequired\":true,\"valueName\":\"search_term_string\"}}],\"inLanguage\":\"en-US\"},{\"@type\":\"Organization\",\"@id\":\"https:\\\/\\\/darkamazi.info\\\/#organization\",\"name\":\"Darka Maz\u00ee\",\"url\":\"https:\\\/\\\/darkamazi.info\\\/\",\"logo\":{\"@type\":\"ImageObject\",\"inLanguage\":\"en-US\",\"@id\":\"https:\\\/\\\/darkamazi.info\\\/#\\\/schema\\\/logo\\\/image\\\/\",\"url\":\"https:\\\/\\\/darkamazi.info\\\/darka-content\\\/uploads\\\/2017\\\/12\\\/darka-mazi-logo.png\",\"contentUrl\":\"https:\\\/\\\/darkamazi.info\\\/darka-content\\\/uploads\\\/2017\\\/12\\\/darka-mazi-logo.png\",\"width\":151,\"height\":75,\"caption\":\"Darka Maz\u00ee\"},\"image\":{\"@id\":\"https:\\\/\\\/darkamazi.info\\\/#\\\/schema\\\/logo\\\/image\\\/\"},\"sameAs\":[\"https:\\\/\\\/www.facebook.com\\\/DarMaziKurmanci\",\"https:\\\/\\\/x.com\\\/DarkaMaziLatini\",\"https:\\\/\\\/www.instagram.com\\\/darkamazi.kurmanci\\\/\",\"https:\\\/\\\/www.youtube.com\\\/channel\\\/UCa5HkTdmI8U1qCUFuTw8B2g\"]},{\"@type\":\"Person\",\"@id\":\"https:\\\/\\\/darkamazi.info\\\/#\\\/schema\\\/person\\\/5ad3e24553a0567993fa8ed4bd0a776c\",\"name\":\"darka mazi\",\"sameAs\":[\"https:\\\/\\\/darkamazi.info\\\/\"],\"url\":\"https:\\\/\\\/darkamazi.info\\\/archives\\\/author\\\/kurdi\"}]}<\/script>\n<!-- \/ Yoast SEO plugin. -->","seo_head_json":{"title":"PWK: Em Dr. Sadiq \u015eerefkend\u00ee \u00fb heval\u00ean w\u00ee bi r\u00eazdar\u00ee bib\u00eer t\u00eenin - Darka Maz\u00ee","robots":{"index":"index","follow":"follow","max-snippet":"max-snippet:-1","max-image-preview":"max-image-preview:large","max-video-preview":"max-video-preview:-1"},"canonical":"https:\/\/darkamazi.info\/archives\/1049874","og_locale":"en_US","og_type":"article","og_title":"PWK: Em Dr. Sadiq \u015eerefkend\u00ee \u00fb heval\u00ean w\u00ee bi r\u00eazdar\u00ee bib\u00eer t\u00eenin - Darka Maz\u00ee","og_description":"Partiya Welatpar\u00eaz\u00ean Kurdistan\u00ea (PWK) bi boneya 33&#8217;em\u00een salvegera terorkirina Sekreter\u00ea Gi\u015ft\u00ee y\u00ea PDK-\u00ceran\u00ea Dr. Sadiq \u015eerefkend\u00ee \u00fb heval\u00ean w\u00ee peyamek belav kir. PWK&#8217;\u00ea di peyama xwe de dewleta \u00ceran\u00ea ji ber v\u00ea &#8220;qetl\u00eeama siyas\u00ee&#8221; \u015fermezar kir \u00fb da zan\u00een ku bi ku\u015ftina r\u00eaberan r\u00ea li ber doza azadiy\u00ea ya gel\u00ea Kurd nay\u00ea girtin. Peyama Buroya [&hellip;]","og_url":"https:\/\/darkamazi.info\/archives\/1049874","og_site_name":"Darka Maz\u00ee","article_publisher":"https:\/\/www.facebook.com\/DarMaziKurmanci","article_published_time":"2025-09-17T10:48:46+00:00","og_image":[{"width":900,"height":500,"url":"https:\/\/darkamazi.info\/file\/2025\/09\/Dr.-Sadiq-Serefkendi-Info.jpg","type":"image\/jpeg"}],"author":"darka mazi","twitter_card":"summary_large_image","twitter_creator":"@DarkaMaziLatini","twitter_site":"@DarkaMaziLatini","twitter_misc":{"Written by":"darka mazi","Est. reading time":"2 minutes"},"schema":{"@context":"https:\/\/schema.org","@graph":[{"@type":"Article","@id":"https:\/\/darkamazi.info\/archives\/1049874#article","isPartOf":{"@id":"https:\/\/darkamazi.info\/archives\/1049874"},"author":{"name":"darka mazi","@id":"https:\/\/darkamazi.info\/#\/schema\/person\/5ad3e24553a0567993fa8ed4bd0a776c"},"headline":"PWK: Em Dr. Sadiq \u015eerefkend\u00ee \u00fb heval\u00ean w\u00ee bi r\u00eazdar\u00ee bib\u00eer t\u00eenin","datePublished":"2025-09-17T10:48:46+00:00","mainEntityOfPage":{"@id":"https:\/\/darkamazi.info\/archives\/1049874"},"wordCount":276,"publisher":{"@id":"https:\/\/darkamazi.info\/#organization"},"image":{"@id":"https:\/\/darkamazi.info\/archives\/1049874#primaryimage"},"thumbnailUrl":"https:\/\/darkamazi.info\/file\/2025\/09\/Dr.-Sadiq-Serefkendi-Info.jpg","keywords":["sereke"],"articleSection":["Kurdistan"],"inLanguage":"en-US"},{"@type":"WebPage","@id":"https:\/\/darkamazi.info\/archives\/1049874","url":"https:\/\/darkamazi.info\/archives\/1049874","name":"PWK: Em Dr. Sadiq \u015eerefkend\u00ee \u00fb heval\u00ean w\u00ee bi r\u00eazdar\u00ee bib\u00eer t\u00eenin - Darka Maz\u00ee","isPartOf":{"@id":"https:\/\/darkamazi.info\/#website"},"primaryImageOfPage":{"@id":"https:\/\/darkamazi.info\/archives\/1049874#primaryimage"},"image":{"@id":"https:\/\/darkamazi.info\/archives\/1049874#primaryimage"},"thumbnailUrl":"https:\/\/darkamazi.info\/file\/2025\/09\/Dr.-Sadiq-Serefkendi-Info.jpg","datePublished":"2025-09-17T10:48:46+00:00","breadcrumb":{"@id":"https:\/\/darkamazi.info\/archives\/1049874#breadcrumb"},"inLanguage":"en-US","potentialAction":[{"@type":"ReadAction","target":["https:\/\/darkamazi.info\/archives\/1049874"]}]},{"@type":"ImageObject","inLanguage":"en-US","@id":"https:\/\/darkamazi.info\/archives\/1049874#primaryimage","url":"https:\/\/darkamazi.info\/file\/2025\/09\/Dr.-Sadiq-Serefkendi-Info.jpg","contentUrl":"https:\/\/darkamazi.info\/file\/2025\/09\/Dr.-Sadiq-Serefkendi-Info.jpg","width":900,"height":500,"caption":"Dr. Sadiq \u015eerefkend\u00ee-Net"},{"@type":"BreadcrumbList","@id":"https:\/\/darkamazi.info\/archives\/1049874#breadcrumb","itemListElement":[{"@type":"ListItem","position":1,"name":"Home","item":"https:\/\/darkamazi.info\/"},{"@type":"ListItem","position":2,"name":"PWK: Em Dr. Sadiq \u015eerefkend\u00ee \u00fb heval\u00ean w\u00ee bi r\u00eazdar\u00ee bib\u00eer t\u00eenin"}]},{"@type":"WebSite","@id":"https:\/\/darkamazi.info\/#website","url":"https:\/\/darkamazi.info\/","name":"Darka Maz\u00ee","description":"P\u00eageha Zanyariy\u00ean Nebih\u00eest\u00ee","publisher":{"@id":"https:\/\/darkamazi.info\/#organization"},"potentialAction":[{"@type":"SearchAction","target":{"@type":"EntryPoint","urlTemplate":"https:\/\/darkamazi.info\/?s={search_term_string}"},"query-input":{"@type":"PropertyValueSpecification","valueRequired":true,"valueName":"search_term_string"}}],"inLanguage":"en-US"},{"@type":"Organization","@id":"https:\/\/darkamazi.info\/#organization","name":"Darka Maz\u00ee","url":"https:\/\/darkamazi.info\/","logo":{"@type":"ImageObject","inLanguage":"en-US","@id":"https:\/\/darkamazi.info\/#\/schema\/logo\/image\/","url":"https:\/\/darkamazi.info\/file\/2017\/12\/darka-mazi-logo.png","contentUrl":"https:\/\/darkamazi.info\/file\/2017\/12\/darka-mazi-logo.png","width":151,"height":75,"caption":"Darka Maz\u00ee"},"image":{"@id":"https:\/\/darkamazi.info\/#\/schema\/logo\/image\/"},"sameAs":["https:\/\/www.facebook.com\/DarMaziKurmanci","https:\/\/x.com\/DarkaMaziLatini","https:\/\/www.instagram.com\/darkamazi.kurmanci\/","https:\/\/www.youtube.com\/channel\/UCa5HkTdmI8U1qCUFuTw8B2g"]},{"@type":"Person","@id":"https:\/\/darkamazi.info\/#\/schema\/person\/5ad3e24553a0567993fa8ed4bd0a776c","name":"darka mazi","sameAs":["https:\/\/darkamazi.info\/"],"url":"https:\/\/darkamazi.info\/archives\/author\/kurdi"}]}},"_links":{"self":[{"href":"https:\/\/darkamazi.info\/funavuv\/wp\/v2\/posts\/1049874","targetHints":{"allow":["GET"]}}],"collection":[{"href":"https:\/\/darkamazi.info\/funavuv\/wp\/v2\/posts"}],"about":[{"href":"https:\/\/darkamazi.info\/funavuv\/wp\/v2\/types\/post"}],"author":[{"embeddable":true,"href":"https:\/\/darkamazi.info\/funavuv\/wp\/v2\/users\/2"}],"replies":[{"embeddable":true,"href":"https:\/\/darkamazi.info\/funavuv\/wp\/v2\/comments?post=1049874"}],"version-history":[{"count":0,"href":"https:\/\/darkamazi.info\/funavuv\/wp\/v2\/posts\/1049874\/revisions"}],"wp:featuredmedia":[{"embeddable":true,"href":"https:\/\/darkamazi.info\/funavuv\/wp\/v2\/media\/1049875"}],"wp:attachment":[{"href":"https:\/\/darkamazi.info\/funavuv\/wp\/v2\/media?parent=1049874"}],"wp:term":[{"taxonomy":"category","embeddable":true,"href":"https:\/\/darkamazi.info\/funavuv\/wp\/v2\/categories?post=1049874"},{"taxonomy":"post_tag","embeddable":true,"href":"https:\/\/darkamazi.info\/funavuv\/wp\/v2\/tags?post=1049874"}],"curies":[{"name":"wp","href":"https:\/\/api.w.org\/{rel}","templated":true}]}}