{"id":1049882,"date":"2025-09-17T18:53:16","date_gmt":"2025-09-17T15:53:16","guid":{"rendered":"https:\/\/darkamazi.info\/?p=1049882"},"modified":"2025-09-17T18:53:16","modified_gmt":"2025-09-17T15:53:16","slug":"darka-mazi-naveroka-hevditina-sanda-imraliye-u-ocalan-ya-di-25i-nisane-de-parve-dike-10","status":"publish","type":"post","link":"https:\/\/darkamazi.info\/archives\/1049882","title":{"rendered":"Darka Maz\u00ee naveroka hevd\u00eetina \u015fanda \u00cemraliy\u00ea \u00fb Ocalan ya di 25\u00ee N\u00eesan\u00ea de parve dike \u00ab10\u00bb"},"content":{"rendered":"<h3><span style=\"font-family: 'arial black', sans-serif\">Wek t\u00ea zan\u00een \u015fanda Dem Partiy\u00ea ji boy hevd\u00eetina bi r\u00eaber\u00ea PKK\u2019\u00ea Evdilla Ocalan re, di 25\u00ee N\u00eesana 2025 de ser\u00ee li greva \u00cemraliy\u00ea dab\u00fb, di v\u00ea hevd\u00eetin\u00ea de Ocalan \u00fb \u015fanda dem\u00ea dan\u00fbstandin li ser gelek mijaran kirib\u00fb, tev\u00ee ku hinek ji axaftin\u00ean di v\u00ea hevd\u00eetin\u00ea de ji aliy\u00ea \u015fanda dem\u00ea hatib\u00fbn parvekirin j\u00ee, l\u00ea bel\u00ea hem\u00fb axaftin nehatib\u00fbn parvekirin, pi\u015ftre bi ziman\u00ea Tirk\u00ee naveroka van dan\u00fbstandinan li Ewropay\u00ea hatin parvekirin \u00fb hat ragihandin ku ev axaftin ji aliy\u00ea yek ji endam\u00ean \u015fand\u00ea bi awayek\u00ee ve\u015fart\u00ee hatiye parve kirin, loma em\u00ea di v\u00ea niv\u00ees\u00ea de wan axaftinan wek xwe parve bikin.<\/span><\/h3>\n<h3>Ocalan di v\u00ea be\u015fa axaftina xwe ya bi \u015fanda \u00cemraliy\u00ea \u00fb hinek ji rayedar\u00ean dewleta Tirkiyey\u00ea re bi zelal\u00ee dib\u00eaje ku ew daxwaza tu dewletan ji boy kurdan nake, belku dixwaze daxwaz\u00ean wan y\u00ean demokrasiy\u00ea b\u00eene c\u00ee, Ocalan dib\u00eaje, &#8220;em ji boy kurdan weda Netew Dewlet\u00ea nadin, l\u00ea bel\u00ea teleba wan ya demokrat\u00eek \u00fb \u00e7and\u00ee w\u00ea were p\u00eakan\u00een. Ji dewlet netewek\u00ea z\u00eadetir w\u00ea daxwaz\u00ean wan p\u00eak b\u00ean, di meseley\u00ean demokras\u00ee de ez bi heyecanim, weda demokras\u00ee ji boy gel \u00fb weda azad\u00ee ji boy jinan gelek\u00ee h\u00eajaye. Li dem\u00ea min PKK\u2019e damezrand j\u00ee ez ewqas bi co\u015f \u00fb heyecan neb\u00fbm, ev yek pirr bi q\u00eemete&#8221;.<\/h3>\n<h3><span style=\"font-family: 'arial black', sans-serif\">Axaftina \u015fanda dem\u00ea bi Ocalan re bi v\u00ee awa didome:<\/span><\/h3>\n<h3>Perw\u00een Buldan: serok\u00ea min \u00eesal Newroz gelek\u00ee bi co\u015f derbas b\u00fb, bi bandora bangewaziya we tevl\u00eeb\u00fbna gel pirr xurt b\u00fb, \u00fb ji me re hat gotin we bi zaneb\u00fbn daxuyaniya Newroz\u00ea r\u00eanekiriye \u00fb we gotiye bangewaziya min t\u00ear\u00ea dike.<\/h3>\n<h3>Serok: bel\u00ea min p\u00eaw\u00eest ned\u00eet, bangewaz\u00ee gir\u00eeng b\u00fb, bangewaziya min weke manifestoyek\u00ea b\u00fb.<\/h3>\n<h3>Ozg\u00fbr: serok\u00ea min di televizyon\u00ea de bi nav\u00ea Vej\u00eena Kurd Dokumanterek bi 90 be\u015fan t\u00ea we\u015fandin, ji zarokt\u00eeya weve destp\u00ea kirine \u00fb dir\u00eaj dir\u00eaj li ser radiwestin.<\/h3>\n<h3>Serok: bel\u00ea balk\u00ea\u015fe (bi ken\u00ee ve) k\u00eejan TV y\u00ea, ma TV a me?<\/h3>\n<h3>Perw\u00een Buldan: bel\u00ea, li medya TV \u00fb herduyan j\u00ee.<\/h3>\n<h3>Ozg\u00fbr: di v\u00ea bernamey\u00ea de fotoyek\u00ea we hat we\u015fandin ku beriya niha we j\u00ee ned\u00eetiye, ji sal\u00ean tapoy\u00ea we bi p\u00eanc heval\u00ean xwe re ev w\u00eane girtiye.<\/h3>\n<h3>Serok: bel\u00ea, ev sala bekeloriya b\u00fb, (pi\u015ft\u00ee van axaftina bi yek du deqeyan Weys\u00ee, Ham\u00eel\u00ee \u00fb Omer Xeyr\u00ee hatin ligel me li ser mas\u00ea r\u00fbni\u015ftin, Weys\u00ee \u00fb Omer li k\u00ealeka serok r\u00fbni\u015ftin, Ham\u00eel\u00ee n\u00eavbera me de r\u00fbni\u015ft. Ji virr p\u00eave di hevd\u00eetin\u00ea de amade b\u00fbn.)<\/h3>\n<h3>Serok: bel\u00ea em ji boy kurdan weda Netew Dewlet\u00ea nadin, l\u00ea bel\u00ea teleba wan ya demokrat\u00eek \u00fb \u00e7and\u00ee w\u00ea were p\u00eakan\u00een. Ji dewlet netewek\u00ea z\u00eadetir w\u00ea daxwaz\u00ean wan p\u00eak b\u00ean, di meseley\u00ean demokras\u00ee de ez bi heyecanim, weda demokras\u00ee ji boy gel \u00fb weda azad\u00ee ji boy jinan gelek\u00ee h\u00eajaye. Li dem\u00ea min PKK\u2019e damezrand j\u00ee ez ewqas bi co\u015f \u00fb heyecan neb\u00fbm, ev yek pirr bi q\u00eemete, xerabiya kap\u00eetal\u00eezma hey\u00ee b\u00ea s\u00eenor e, \u015fi\u00fbr\u00ea \u00eensanan hilwe\u015fandiye. Di Olan de utopia cennet\u00ea heye, kap\u00eetal\u00eezm\u00ea ev j\u00ee mehiv kiriye. Bin erd\u00ea xelas kiriye, ser erd\u00ea xelas kiriye, xeyalek\u00ee tirsinak \u00e7\u00eakiriye, hinek niv\u00eeskar, Pirt\u00fbka 84 heb\u00fb, li ser v\u00ea yek\u00ea niv\u00eesandib\u00fbn. Em li beramber\u00ee w\u00ee dergehek\u00ee h\u00eaviy\u00ea vedikin.<\/h3>\n<h3>Perw\u00een Buldan: di civak\u00ea de co\u015feke mezin heye.<\/h3>\n<h3>Serok: ew kes\u00ean m\u00fb\u00e7ey\u00ean k\u00eam werdigirin, karker \u00fb gund\u00ee hem\u00fb di rew\u015feke aloz de dij\u00een. Ew b\u00eanam\u00fbs sosyal\u00eezm\u00ea nizanin, em dergehek\u00ee ji boy sosyal\u00eezm\u00ea j\u00ee vedikin.<\/h3>\n<h3>Perw\u00een Buldan: serok\u00ea min bi rast\u00ee j\u00ee abor\u00ee \u00fb pirsgir\u00eak\u00ean abor\u00ee gelek\u00ee mezin in.<\/h3>\n<h3>Ocalan: ten\u00ea evj\u00ee na, \u00eedeolojiya \u015fer \u00fb teknolojiya \u015fer j\u00ee esas\u00ea dewlet\u00ea vala dikin. Em dixwazin v\u00ea qet bikin \u00fb p\u00ea\u015fketin\u00ean abor\u00ee, civak\u00ee \u00fb \u00e7and\u00ee \u00e7\u00eabikin. Em\u00ea erd\u00ea j\u00ee bikin Gulistan, bi biratiyeke taze em\u00ea v\u00ee ti\u015ft\u00ee serx\u00eenin, kap\u00eetal\u00eezm yeksane bi tunekirina et\u00eek\u00ea ve. Ev ber\u00ee her ti\u015ft\u00ee et\u00eek tune kir \u00fb hiq\u00fbq dan\u00ee \u015f\u00een\u00ea, pi\u015ftre hiq\u00fbq j\u00ee tunekir. Niha j\u00ee Trump \u00fb \u00c7\u00een ketine derd\u00ea w\u00ea yek\u00ea ka niha nokler \u00e7awa bikar b\u00eenin.<\/h3>\n<h3>(Serok ber\u00ea xwe dide Perw\u00een Buldan) \u00fb j\u00ea re dib\u00eaje xebatkar\u00ee. H\u00fbn gelek\u00ee xebatkarin. Di nava kurdan de kesek\u00ee gelek\u00ee xebatkar n\u00eene. Ham\u00eel\u00ee aliy\u00ea te j\u00ee y\u00ea pozet\u00eev hene, l\u00ea bel\u00ea k\u00eamukuriy\u00ean tej\u00ee zorin, li ser meseleya Zazab\u00fbn \u00fb B\u00eengol\u00ea. (D\u00eesa ber\u00ea xwe dide Perw\u00een Buldan) min tu j\u00ee gelek\u00ee rexne kirib\u00fb.<\/h3>\n<h3>Perw\u00een Buldan: bel\u00ea serok\u00ea min ez gelek\u00ee giryab\u00fbm.<\/h3>\n<h3>Serok: bel\u00ea, derbara \u00e7anda &#8220;Sati&#8221; min rexne li te kir, ev \u00e7and bi me re j\u00ee heye, jin ji bo m\u00ear \u00fb malbata xwe fedakariy\u00ea dike, p\u00eaw\u00eeste em ji v\u00ea yek\u00ea rizgar bibin, roja ewil min got jineke azad\u00ee, jin ger azad nebe nabe. Bila kes \u015fa\u015f f\u00eam neke ez malbat\u00ea red nakim, tu dixwaz\u00ee rastiya xwe \u00eespat bik\u00ee, jinek ku tev\u00ee van hem\u00fb trajediyan dixwaze liser ling\u00ean xwe bisekine, div\u00ea r\u00eaz l\u00ea were girtin, haydar\u00ee xwe be her dem\u00ea xeter\u00eeya \u00ear\u00ee\u015fkirine ser te heye.<\/h3>\n<h3>(Muxateb\u00ee berpirsek\u00ee dewlet\u00ea) bi r\u00eaveber re me n\u00eeqa\u015fek kir.<\/h3>\n<h3>Berpirsek din: bel\u00ea, me bih\u00eest, l\u00ea sib\u00ea te dil\u00ea r\u00eaveber qezenc kir \u00fb tu pirsgir\u00eak tuneye.<\/h3>\n<h3>Serok: ev qan\u00fbna danustandin\u00ea ye, dema kesek\u00ee dib\u00een\u00ee tu disekin\u00ee \u00fb silav\u00ee w\u00ee dik\u00ee, ez di balkon\u00ea de b\u00fbm, min d\u00eet dest\u00ea xwe bo min livand \u00fb silav\u00ee min kir \u00fb \u00e7\u00fb, min ew d\u00eet, ez sekin\u00eem, \u00e7ima li \u015f\u00fbna w\u00ea yek\u00ea ku ew silav bike dest\u00ea xwe livand \u00fb ew \u00e7\u00fb, Meym\u00fbn bi livandina dest\u00ea xwe silav\u00ee hev dikin, b\u00ea guman ez j\u00ee h\u00ears b\u00fbm, pi\u015ftre dema bo cara yek\u00ea ew hat ya di dil\u00ea xwe de min ji w\u00ee re got, min ji w\u00ee re got ka reftar\u00ean w\u00ee y\u00ean li hember min \u00e7ewane, min j\u00ea re got li ber \u00e7av\u00ean min nem\u00eene, here \u00fb ez te neb\u00eenim.<\/h3>\n<h3>(Li vir bi ken\u00ea ve) got, Et\u00eek, li min bin\u00eare Badiou silav\u00ean taybet di\u015f\u00eene, b\u00eay Et\u00eek nabe bi qan\u00fbn\u00ea j\u00ee nabe, ba\u015fe em dikarin bi daw\u00ee b\u00eenin.<\/h3>\n<h3>Me ji hem\u00fb amadeb\u00fby\u00ean di salon\u00ea de xatir xwest, serok got, silav\u00ean min y\u00ean taybet bigih\u00eenin tev endam\u00ean send\u00eekaya Par\u00eazeran. Weys\u00ee rojname h\u00een nehatine \u00fb dibe ku R\u00eaveber wan asteng bike. P\u00ea\u015f ku em hem\u00fb ji salon\u00ea derkevin bas\u00ee azadkirina Weys\u00ee hat kirin \u00fb berpirsan ji serok re gotin heger di 28\u00ee N\u00eesan\u00ea de ney\u00ea azad kirin w\u00ea di demek\u00ee kurt de were azad kirin. Serok pirs\u00ee \u00e7end mehan yan \u00e7end roj\u00ean din? Di bersiv de gotin s\u00ea mehan, serok j\u00ee muxateb\u00ee Weys\u00ee bi ken\u00ea ve got, heyan\u00ee s\u00ea meh\u00ean din tu nikar\u00ee bisekin\u00ee? Weys\u00ee bi R\u00eaveber re me behsa azadkirina te kiriye, ew j\u00ee bas li v\u00ea yek\u00ea dike ku w\u00ea di s\u00ea meh\u00ean b\u00ea de wer\u00ee azad kirin.<\/h3>\n<h3>Serok dema rab\u00fby \u00fb xwest\u00ee bi\u00e7e, got: ez difikirim ku em\u00ea d\u00eesa we bib\u00eenin. Div\u00ea meh\u00ea carek\u00ee em we bib\u00eenin. Silav\u00ean min ji her kes\u00ee re hene, silav\u00ean min ji parlamenteran, ji koma were, c\u00eagir\u00ean serok\u00ean kom\u00ea, Sizay\u00ee, Doxan \u00fb ke\u00e7a w\u00ea \u00fb Ay\u015fe Gul re hene, silav\u00ean taybet ji her kes\u00ea re.<\/h3>\n<h3>Pi\u015ft\u00ee derketina ji salona civ\u00een\u00ea, ew ber bi derenceyan \u00e7\u00fbn, di destp\u00eaka derenceyan serok sekin\u00ee \u00fb got dibe ku ez bikevim, w\u00ea dem\u00ea R\u00eaveber li ser derenceyan b\u00fb hate xwar \u00fb dest\u00ea serok girt \u00fb pi\u015ftre s\u00ea heval\u00ean din li p\u00ea\u015f \u00fb pa\u015f ve al\u00eekariya serok kirin \u00fb ji derenceyan hatin xwar, em wisa difikirin ku di w\u00ea dem\u00ea de hinek\u00ea g\u00eaj b\u00fbb\u00fb ji ber ku bo dema s\u00ea saetan r\u00fbni\u015ftib\u00fb \u00fb dipeyv\u00ee, di deqey\u00ean dawiy\u00ea y\u00ean hevd\u00eetin\u00ea de deng\u00ea serok hinek\u00ea k\u00eam b\u00fb, ew westiyay\u00ee xuya dikir. Me h\u00ees kir ku hin pirsgir\u00eak\u00ean bih\u00eestin\u00ea hene. Pirsgir\u00eaka ling\u00ea Ham\u00eel\u00ee dewam dikir, hinek kanepey\u00ean n\u00fb j\u00ea re birb\u00fbn, bi wesay\u00eeta ku em \u00e7\u00fbb\u00fbn \u00cemraliy\u00ea, em careke din vegeriyan.<\/h3>\n","protected":false},"excerpt":{"rendered":"<p>Wek t\u00ea zan\u00een \u015fanda Dem Partiy\u00ea ji boy hevd\u00eetina bi r\u00eaber\u00ea PKK\u2019\u00ea Evdilla Ocalan re, di 25\u00ee N\u00eesana 2025 de ser\u00ee li greva \u00cemraliy\u00ea dab\u00fb, di v\u00ea hevd\u00eetin\u00ea de Ocalan \u00fb \u015fanda dem\u00ea dan\u00fbstandin li ser gelek mijaran kirib\u00fb, tev\u00ee ku hinek ji axaftin\u00ean di v\u00ea hevd\u00eetin\u00ea de ji aliy\u00ea \u015fanda dem\u00ea hatib\u00fbn parvekirin j\u00ee, [&hellip;]<\/p>\n","protected":false},"author":2,"featured_media":1049883,"comment_status":"closed","ping_status":"closed","sticky":false,"template":"","format":"standard","meta":{"footnotes":""},"categories":[29],"tags":[37],"class_list":["post-1049882","post","type-post","status-publish","format-standard","has-post-thumbnail","hentry","category-kurdistan","tag-sereke"],"blocksy_meta":[],"seo_head":"<!-- This site is optimized with the Yoast SEO plugin v27.5 - https:\/\/yoast.com\/product\/yoast-seo-wordpress\/ -->\n<title>Darka Maz\u00ee naveroka hevd\u00eetina \u015fanda \u00cemraliy\u00ea \u00fb Ocalan ya di 25\u00ee N\u00eesan\u00ea de parve dike \u00ab10\u00bb - Darka Maz\u00ee<\/title>\n<meta name=\"robots\" content=\"index, follow, max-snippet:-1, max-image-preview:large, max-video-preview:-1\" \/>\n<link rel=\"canonical\" href=\"https:\/\/darkamazi.info\/archives\/1049882\" \/>\n<meta property=\"og:locale\" content=\"en_US\" \/>\n<meta property=\"og:type\" content=\"article\" \/>\n<meta property=\"og:title\" content=\"Darka Maz\u00ee naveroka hevd\u00eetina \u015fanda \u00cemraliy\u00ea \u00fb Ocalan ya di 25\u00ee N\u00eesan\u00ea de parve dike \u00ab10\u00bb - Darka Maz\u00ee\" \/>\n<meta property=\"og:description\" content=\"Wek t\u00ea zan\u00een \u015fanda Dem Partiy\u00ea ji boy hevd\u00eetina bi r\u00eaber\u00ea PKK\u2019\u00ea Evdilla Ocalan re, di 25\u00ee N\u00eesana 2025 de ser\u00ee li greva \u00cemraliy\u00ea dab\u00fb, di v\u00ea hevd\u00eetin\u00ea de Ocalan \u00fb \u015fanda dem\u00ea dan\u00fbstandin li ser gelek mijaran kirib\u00fb, tev\u00ee ku hinek ji axaftin\u00ean di v\u00ea hevd\u00eetin\u00ea de ji aliy\u00ea \u015fanda dem\u00ea hatib\u00fbn parvekirin j\u00ee, [&hellip;]\" \/>\n<meta property=\"og:url\" content=\"https:\/\/darkamazi.info\/archives\/1049882\" \/>\n<meta property=\"og:site_name\" content=\"Darka Maz\u00ee\" \/>\n<meta property=\"article:publisher\" content=\"https:\/\/www.facebook.com\/DarMaziKurmanci\" \/>\n<meta property=\"article:published_time\" content=\"2025-09-17T15:53:16+00:00\" \/>\n<meta property=\"og:image\" content=\"https:\/\/darkamazi.info\/file\/2025\/09\/imrali-2.jpg\" \/>\n\t<meta property=\"og:image:width\" content=\"900\" \/>\n\t<meta property=\"og:image:height\" content=\"497\" \/>\n\t<meta property=\"og:image:type\" content=\"image\/jpeg\" \/>\n<meta name=\"author\" content=\"darka mazi\" \/>\n<meta name=\"twitter:card\" content=\"summary_large_image\" \/>\n<meta name=\"twitter:creator\" content=\"@DarkaMaziLatini\" \/>\n<meta name=\"twitter:site\" content=\"@DarkaMaziLatini\" \/>\n<meta name=\"twitter:label1\" content=\"Written by\" \/>\n\t<meta name=\"twitter:data1\" content=\"darka mazi\" \/>\n\t<meta name=\"twitter:label2\" content=\"Est. reading time\" \/>\n\t<meta name=\"twitter:data2\" content=\"6 minutes\" \/>\n<script type=\"application\/ld+json\" class=\"seo-schema-graph\">{\"@context\":\"https:\\\/\\\/schema.org\",\"@graph\":[{\"@type\":\"Article\",\"@id\":\"https:\\\/\\\/darkamazi.info\\\/archives\\\/1049882#article\",\"isPartOf\":{\"@id\":\"https:\\\/\\\/darkamazi.info\\\/archives\\\/1049882\"},\"author\":{\"name\":\"darka mazi\",\"@id\":\"https:\\\/\\\/darkamazi.info\\\/#\\\/schema\\\/person\\\/5ad3e24553a0567993fa8ed4bd0a776c\"},\"headline\":\"Darka Maz\u00ee naveroka hevd\u00eetina \u015fanda \u00cemraliy\u00ea \u00fb Ocalan ya di 25\u00ee N\u00eesan\u00ea de parve dike \u00ab10\u00bb\",\"datePublished\":\"2025-09-17T15:53:16+00:00\",\"mainEntityOfPage\":{\"@id\":\"https:\\\/\\\/darkamazi.info\\\/archives\\\/1049882\"},\"wordCount\":1423,\"publisher\":{\"@id\":\"https:\\\/\\\/darkamazi.info\\\/#organization\"},\"image\":{\"@id\":\"https:\\\/\\\/darkamazi.info\\\/archives\\\/1049882#primaryimage\"},\"thumbnailUrl\":\"https:\\\/\\\/darkamazi.info\\\/darka-content\\\/uploads\\\/2025\\\/09\\\/imrali-2.jpg\",\"keywords\":[\"sereke\"],\"articleSection\":[\"Kurdistan\"],\"inLanguage\":\"en-US\"},{\"@type\":\"WebPage\",\"@id\":\"https:\\\/\\\/darkamazi.info\\\/archives\\\/1049882\",\"url\":\"https:\\\/\\\/darkamazi.info\\\/archives\\\/1049882\",\"name\":\"Darka Maz\u00ee naveroka hevd\u00eetina \u015fanda \u00cemraliy\u00ea \u00fb Ocalan ya di 25\u00ee N\u00eesan\u00ea de parve dike \u00ab10\u00bb - Darka Maz\u00ee\",\"isPartOf\":{\"@id\":\"https:\\\/\\\/darkamazi.info\\\/#website\"},\"primaryImageOfPage\":{\"@id\":\"https:\\\/\\\/darkamazi.info\\\/archives\\\/1049882#primaryimage\"},\"image\":{\"@id\":\"https:\\\/\\\/darkamazi.info\\\/archives\\\/1049882#primaryimage\"},\"thumbnailUrl\":\"https:\\\/\\\/darkamazi.info\\\/darka-content\\\/uploads\\\/2025\\\/09\\\/imrali-2.jpg\",\"datePublished\":\"2025-09-17T15:53:16+00:00\",\"breadcrumb\":{\"@id\":\"https:\\\/\\\/darkamazi.info\\\/archives\\\/1049882#breadcrumb\"},\"inLanguage\":\"en-US\",\"potentialAction\":[{\"@type\":\"ReadAction\",\"target\":[\"https:\\\/\\\/darkamazi.info\\\/archives\\\/1049882\"]}]},{\"@type\":\"ImageObject\",\"inLanguage\":\"en-US\",\"@id\":\"https:\\\/\\\/darkamazi.info\\\/archives\\\/1049882#primaryimage\",\"url\":\"https:\\\/\\\/darkamazi.info\\\/darka-content\\\/uploads\\\/2025\\\/09\\\/imrali-2.jpg\",\"contentUrl\":\"https:\\\/\\\/darkamazi.info\\\/darka-content\\\/uploads\\\/2025\\\/09\\\/imrali-2.jpg\",\"width\":900,\"height\":497,\"caption\":\"Darka Maz\u00ee naveroka hevd\u00eetina \u015fanda \u00cemraliy\u00ea \u00fb Ocalan ya di 25\u00ee N\u00eesan\u00ea de parve dike \u00ab10\u00bb\"},{\"@type\":\"BreadcrumbList\",\"@id\":\"https:\\\/\\\/darkamazi.info\\\/archives\\\/1049882#breadcrumb\",\"itemListElement\":[{\"@type\":\"ListItem\",\"position\":1,\"name\":\"Home\",\"item\":\"https:\\\/\\\/darkamazi.info\\\/\"},{\"@type\":\"ListItem\",\"position\":2,\"name\":\"Darka Maz\u00ee naveroka hevd\u00eetina \u015fanda \u00cemraliy\u00ea \u00fb Ocalan ya di 25\u00ee N\u00eesan\u00ea de parve dike \u00ab10\u00bb\"}]},{\"@type\":\"WebSite\",\"@id\":\"https:\\\/\\\/darkamazi.info\\\/#website\",\"url\":\"https:\\\/\\\/darkamazi.info\\\/\",\"name\":\"Darka Maz\u00ee\",\"description\":\"P\u00eageha Zanyariy\u00ean Nebih\u00eest\u00ee\",\"publisher\":{\"@id\":\"https:\\\/\\\/darkamazi.info\\\/#organization\"},\"potentialAction\":[{\"@type\":\"SearchAction\",\"target\":{\"@type\":\"EntryPoint\",\"urlTemplate\":\"https:\\\/\\\/darkamazi.info\\\/?s={search_term_string}\"},\"query-input\":{\"@type\":\"PropertyValueSpecification\",\"valueRequired\":true,\"valueName\":\"search_term_string\"}}],\"inLanguage\":\"en-US\"},{\"@type\":\"Organization\",\"@id\":\"https:\\\/\\\/darkamazi.info\\\/#organization\",\"name\":\"Darka Maz\u00ee\",\"url\":\"https:\\\/\\\/darkamazi.info\\\/\",\"logo\":{\"@type\":\"ImageObject\",\"inLanguage\":\"en-US\",\"@id\":\"https:\\\/\\\/darkamazi.info\\\/#\\\/schema\\\/logo\\\/image\\\/\",\"url\":\"https:\\\/\\\/darkamazi.info\\\/darka-content\\\/uploads\\\/2017\\\/12\\\/darka-mazi-logo.png\",\"contentUrl\":\"https:\\\/\\\/darkamazi.info\\\/darka-content\\\/uploads\\\/2017\\\/12\\\/darka-mazi-logo.png\",\"width\":151,\"height\":75,\"caption\":\"Darka Maz\u00ee\"},\"image\":{\"@id\":\"https:\\\/\\\/darkamazi.info\\\/#\\\/schema\\\/logo\\\/image\\\/\"},\"sameAs\":[\"https:\\\/\\\/www.facebook.com\\\/DarMaziKurmanci\",\"https:\\\/\\\/x.com\\\/DarkaMaziLatini\",\"https:\\\/\\\/www.instagram.com\\\/darkamazi.kurmanci\\\/\",\"https:\\\/\\\/www.youtube.com\\\/channel\\\/UCa5HkTdmI8U1qCUFuTw8B2g\"]},{\"@type\":\"Person\",\"@id\":\"https:\\\/\\\/darkamazi.info\\\/#\\\/schema\\\/person\\\/5ad3e24553a0567993fa8ed4bd0a776c\",\"name\":\"darka mazi\",\"sameAs\":[\"https:\\\/\\\/darkamazi.info\\\/\"],\"url\":\"https:\\\/\\\/darkamazi.info\\\/archives\\\/author\\\/kurdi\"}]}<\/script>\n<!-- \/ Yoast SEO plugin. -->","seo_head_json":{"title":"Darka Maz\u00ee naveroka hevd\u00eetina \u015fanda \u00cemraliy\u00ea \u00fb Ocalan ya di 25\u00ee N\u00eesan\u00ea de parve dike \u00ab10\u00bb - Darka Maz\u00ee","robots":{"index":"index","follow":"follow","max-snippet":"max-snippet:-1","max-image-preview":"max-image-preview:large","max-video-preview":"max-video-preview:-1"},"canonical":"https:\/\/darkamazi.info\/archives\/1049882","og_locale":"en_US","og_type":"article","og_title":"Darka Maz\u00ee naveroka hevd\u00eetina \u015fanda \u00cemraliy\u00ea \u00fb Ocalan ya di 25\u00ee N\u00eesan\u00ea de parve dike \u00ab10\u00bb - Darka Maz\u00ee","og_description":"Wek t\u00ea zan\u00een \u015fanda Dem Partiy\u00ea ji boy hevd\u00eetina bi r\u00eaber\u00ea PKK\u2019\u00ea Evdilla Ocalan re, di 25\u00ee N\u00eesana 2025 de ser\u00ee li greva \u00cemraliy\u00ea dab\u00fb, di v\u00ea hevd\u00eetin\u00ea de Ocalan \u00fb \u015fanda dem\u00ea dan\u00fbstandin li ser gelek mijaran kirib\u00fb, tev\u00ee ku hinek ji axaftin\u00ean di v\u00ea hevd\u00eetin\u00ea de ji aliy\u00ea \u015fanda dem\u00ea hatib\u00fbn parvekirin j\u00ee, [&hellip;]","og_url":"https:\/\/darkamazi.info\/archives\/1049882","og_site_name":"Darka Maz\u00ee","article_publisher":"https:\/\/www.facebook.com\/DarMaziKurmanci","article_published_time":"2025-09-17T15:53:16+00:00","og_image":[{"width":900,"height":497,"url":"https:\/\/darkamazi.info\/file\/2025\/09\/imrali-2.jpg","type":"image\/jpeg"}],"author":"darka mazi","twitter_card":"summary_large_image","twitter_creator":"@DarkaMaziLatini","twitter_site":"@DarkaMaziLatini","twitter_misc":{"Written by":"darka mazi","Est. reading time":"6 minutes"},"schema":{"@context":"https:\/\/schema.org","@graph":[{"@type":"Article","@id":"https:\/\/darkamazi.info\/archives\/1049882#article","isPartOf":{"@id":"https:\/\/darkamazi.info\/archives\/1049882"},"author":{"name":"darka mazi","@id":"https:\/\/darkamazi.info\/#\/schema\/person\/5ad3e24553a0567993fa8ed4bd0a776c"},"headline":"Darka Maz\u00ee naveroka hevd\u00eetina \u015fanda \u00cemraliy\u00ea \u00fb Ocalan ya di 25\u00ee N\u00eesan\u00ea de parve dike \u00ab10\u00bb","datePublished":"2025-09-17T15:53:16+00:00","mainEntityOfPage":{"@id":"https:\/\/darkamazi.info\/archives\/1049882"},"wordCount":1423,"publisher":{"@id":"https:\/\/darkamazi.info\/#organization"},"image":{"@id":"https:\/\/darkamazi.info\/archives\/1049882#primaryimage"},"thumbnailUrl":"https:\/\/darkamazi.info\/file\/2025\/09\/imrali-2.jpg","keywords":["sereke"],"articleSection":["Kurdistan"],"inLanguage":"en-US"},{"@type":"WebPage","@id":"https:\/\/darkamazi.info\/archives\/1049882","url":"https:\/\/darkamazi.info\/archives\/1049882","name":"Darka Maz\u00ee naveroka hevd\u00eetina \u015fanda \u00cemraliy\u00ea \u00fb Ocalan ya di 25\u00ee N\u00eesan\u00ea de parve dike \u00ab10\u00bb - Darka Maz\u00ee","isPartOf":{"@id":"https:\/\/darkamazi.info\/#website"},"primaryImageOfPage":{"@id":"https:\/\/darkamazi.info\/archives\/1049882#primaryimage"},"image":{"@id":"https:\/\/darkamazi.info\/archives\/1049882#primaryimage"},"thumbnailUrl":"https:\/\/darkamazi.info\/file\/2025\/09\/imrali-2.jpg","datePublished":"2025-09-17T15:53:16+00:00","breadcrumb":{"@id":"https:\/\/darkamazi.info\/archives\/1049882#breadcrumb"},"inLanguage":"en-US","potentialAction":[{"@type":"ReadAction","target":["https:\/\/darkamazi.info\/archives\/1049882"]}]},{"@type":"ImageObject","inLanguage":"en-US","@id":"https:\/\/darkamazi.info\/archives\/1049882#primaryimage","url":"https:\/\/darkamazi.info\/file\/2025\/09\/imrali-2.jpg","contentUrl":"https:\/\/darkamazi.info\/file\/2025\/09\/imrali-2.jpg","width":900,"height":497,"caption":"Darka Maz\u00ee naveroka hevd\u00eetina \u015fanda \u00cemraliy\u00ea \u00fb Ocalan ya di 25\u00ee N\u00eesan\u00ea de parve dike \u00ab10\u00bb"},{"@type":"BreadcrumbList","@id":"https:\/\/darkamazi.info\/archives\/1049882#breadcrumb","itemListElement":[{"@type":"ListItem","position":1,"name":"Home","item":"https:\/\/darkamazi.info\/"},{"@type":"ListItem","position":2,"name":"Darka Maz\u00ee naveroka hevd\u00eetina \u015fanda \u00cemraliy\u00ea \u00fb Ocalan ya di 25\u00ee N\u00eesan\u00ea de parve dike \u00ab10\u00bb"}]},{"@type":"WebSite","@id":"https:\/\/darkamazi.info\/#website","url":"https:\/\/darkamazi.info\/","name":"Darka Maz\u00ee","description":"P\u00eageha Zanyariy\u00ean Nebih\u00eest\u00ee","publisher":{"@id":"https:\/\/darkamazi.info\/#organization"},"potentialAction":[{"@type":"SearchAction","target":{"@type":"EntryPoint","urlTemplate":"https:\/\/darkamazi.info\/?s={search_term_string}"},"query-input":{"@type":"PropertyValueSpecification","valueRequired":true,"valueName":"search_term_string"}}],"inLanguage":"en-US"},{"@type":"Organization","@id":"https:\/\/darkamazi.info\/#organization","name":"Darka Maz\u00ee","url":"https:\/\/darkamazi.info\/","logo":{"@type":"ImageObject","inLanguage":"en-US","@id":"https:\/\/darkamazi.info\/#\/schema\/logo\/image\/","url":"https:\/\/darkamazi.info\/file\/2017\/12\/darka-mazi-logo.png","contentUrl":"https:\/\/darkamazi.info\/file\/2017\/12\/darka-mazi-logo.png","width":151,"height":75,"caption":"Darka Maz\u00ee"},"image":{"@id":"https:\/\/darkamazi.info\/#\/schema\/logo\/image\/"},"sameAs":["https:\/\/www.facebook.com\/DarMaziKurmanci","https:\/\/x.com\/DarkaMaziLatini","https:\/\/www.instagram.com\/darkamazi.kurmanci\/","https:\/\/www.youtube.com\/channel\/UCa5HkTdmI8U1qCUFuTw8B2g"]},{"@type":"Person","@id":"https:\/\/darkamazi.info\/#\/schema\/person\/5ad3e24553a0567993fa8ed4bd0a776c","name":"darka mazi","sameAs":["https:\/\/darkamazi.info\/"],"url":"https:\/\/darkamazi.info\/archives\/author\/kurdi"}]}},"_links":{"self":[{"href":"https:\/\/darkamazi.info\/funavuv\/wp\/v2\/posts\/1049882","targetHints":{"allow":["GET"]}}],"collection":[{"href":"https:\/\/darkamazi.info\/funavuv\/wp\/v2\/posts"}],"about":[{"href":"https:\/\/darkamazi.info\/funavuv\/wp\/v2\/types\/post"}],"author":[{"embeddable":true,"href":"https:\/\/darkamazi.info\/funavuv\/wp\/v2\/users\/2"}],"replies":[{"embeddable":true,"href":"https:\/\/darkamazi.info\/funavuv\/wp\/v2\/comments?post=1049882"}],"version-history":[{"count":0,"href":"https:\/\/darkamazi.info\/funavuv\/wp\/v2\/posts\/1049882\/revisions"}],"wp:featuredmedia":[{"embeddable":true,"href":"https:\/\/darkamazi.info\/funavuv\/wp\/v2\/media\/1049883"}],"wp:attachment":[{"href":"https:\/\/darkamazi.info\/funavuv\/wp\/v2\/media?parent=1049882"}],"wp:term":[{"taxonomy":"category","embeddable":true,"href":"https:\/\/darkamazi.info\/funavuv\/wp\/v2\/categories?post=1049882"},{"taxonomy":"post_tag","embeddable":true,"href":"https:\/\/darkamazi.info\/funavuv\/wp\/v2\/tags?post=1049882"}],"curies":[{"name":"wp","href":"https:\/\/api.w.org\/{rel}","templated":true}]}}