{"id":1049892,"date":"2025-09-18T12:57:40","date_gmt":"2025-09-18T09:57:40","guid":{"rendered":"https:\/\/darkamazi.info\/?p=1049892"},"modified":"2025-09-18T12:57:40","modified_gmt":"2025-09-18T09:57:40","slug":"pske-rapora-xwe-ya-careserkirina-pirsa-kurd-peskesi-dem-partiye-kir","status":"publish","type":"post","link":"https:\/\/darkamazi.info\/archives\/1049892","title":{"rendered":"PSK\u00ea rapora xwe ya \u201c\u00c7areserkirina Pirsa Kurd\u201d p\u00ea\u015fk\u00ea\u015f\u00ee DEM Partiy\u00ea kir"},"content":{"rendered":"<h3 style=\"text-align: justify\"><span style=\"font-family: 'arial black', sans-serif\">\u015eandeyeke Partiya Sosyal\u00eest a Kurdistan\u00ea (PSK) bi serokatiya Serok\u00ea Gi\u015ft\u00ee Bayram Bozyel, serdana Navenda Gi\u015ft\u00ee ya Partiya Wekhev\u00ee \u00fb Demokrasiy\u00ea ya Gelan (DEM Part\u00ee) li Enqerey\u00ea kir.\u00a0<\/span><\/h3>\n<h3 style=\"text-align: justify\"><span style=\"font-family: arial, helvetica, sans-serif\">\u015eande ji aliy\u00ea Hevserok\u00ea Gi\u015ft\u00ee y\u00ea DEM Partiy\u00ea Tuncer Bakirhan \u00fb r\u00eaveber\u00ean partiy\u00ea ve hat p\u00ea\u015fwaz\u00eekirin \u00fb di civ\u00een\u00ea de \u00e7areseriya pirsa Kurd \u00fb egera dest\u00fbreke n\u00fb ya bingeh\u00een hatin got\u00fbb\u00eajkirin.<\/span><\/h3>\n<h3 style=\"text-align: justify\"><span style=\"font-family: arial, helvetica, sans-serif\">Li gor\u00ee daxuyaniya Buroya \u00c7apemeniy\u00ea ya PSK&#8217;\u00ea, di hevd\u00eetin\u00ea de ku duh 17\u00ea \u00celon\u00ea hatib\u00fb kirin, li ser \u00e7areseriya pirsa Kurd, rew\u015fa li Rojavay\u00ea Kurdistan\u00ea, p\u00eavajoya siyas\u00ee ya li Tirkiyey\u00ea \u00fb ge\u015fedan\u00ean her\u00eam\u00ee dan\u00fbstandina n\u00ear\u00eenan hatiye kirin. Bi taybet\u00ee, li ser egera amadekirina dest\u00fbreke n\u00fb ya bingeh\u00een ku maf\u00ean bingeh\u00een \u00ean gel\u00ea Kurd di nav xwe de bihew\u00eene, nirxandin hatin kirin.<\/span><\/h3>\n<h3 style=\"text-align: justify\"><span style=\"font-family: arial, helvetica, sans-serif\">Di serdan\u00ea de, Serok\u00ea Gi\u015ft\u00ee y\u00ea PSK&#8217;\u00ea Bayram Bozyel, raporeke ku partiya wan amade kiriye \u00fb t\u00ea de n\u00ear\u00een\u00ean wan \u00ean ji bo \u00e7areseriy\u00ea hene, p\u00ea\u015fk\u00ea\u015f\u00ee rayedar\u00ean DEM Partiy\u00ea kir. Rapor bi sernav\u00ea &#8220;\u00c7areserkirina Pirsa Kurd bi R\u00eabazeke Siyas\u00ee \u00fb Wekhev\u00eexwaz P\u00eakan e&#8221; b\u00fb.<\/span><\/h3>\n<h3 style=\"text-align: justify\"><span style=\"font-family: arial, helvetica, sans-serif\">\u015eandeya PSK&#8217;\u00ea ji Serok\u00ea Gi\u015ft\u00ee Bayram Bozyel, endam\u00ean Desteya R\u00eaveber a Navend\u00ee Hasan Dagtek\u00een \u00fb Celal Yildiz, \u00fb endam\u00ean Meclisa Partiy\u00ea Alaadd\u00een Aras \u00fb Haydar C\u00eehaner p\u00eak dihat.<\/span><\/h3>\n<h3 style=\"text-align: justify\"><span style=\"font-family: arial, helvetica, sans-serif\">PSK&#8217;\u00ea da zan\u00een ku serdan\u00ean wan \u00ean ji bo got\u00fbb\u00eajkirina \u00e7areseriya pirsa Kurd d\u00ea di roj\u00ean p\u00ea\u015f de ji bo partiy\u00ean siyas\u00ee \u00fb saziy\u00ean civaka siv\u00eel bidomin.<\/span><\/h3>\n","protected":false},"excerpt":{"rendered":"<p>\u015eandeyeke Partiya Sosyal\u00eest a Kurdistan\u00ea (PSK) bi serokatiya Serok\u00ea Gi\u015ft\u00ee Bayram Bozyel, serdana Navenda Gi\u015ft\u00ee ya Partiya Wekhev\u00ee \u00fb Demokrasiy\u00ea ya Gelan (DEM Part\u00ee) li Enqerey\u00ea kir.\u00a0 \u015eande ji aliy\u00ea Hevserok\u00ea Gi\u015ft\u00ee y\u00ea DEM Partiy\u00ea Tuncer Bakirhan \u00fb r\u00eaveber\u00ean partiy\u00ea ve hat p\u00ea\u015fwaz\u00eekirin \u00fb di civ\u00een\u00ea de \u00e7areseriya pirsa Kurd \u00fb egera dest\u00fbreke n\u00fb ya [&hellip;]<\/p>\n","protected":false},"author":2,"featured_media":1049893,"comment_status":"closed","ping_status":"closed","sticky":false,"template":"","format":"standard","meta":{"footnotes":""},"categories":[29],"tags":[37],"class_list":["post-1049892","post","type-post","status-publish","format-standard","has-post-thumbnail","hentry","category-kurdistan","tag-sereke"],"blocksy_meta":[],"seo_head":"<!-- This site is optimized with the Yoast SEO plugin v27.5 - https:\/\/yoast.com\/product\/yoast-seo-wordpress\/ -->\n<title>PSK\u00ea rapora xwe ya \u201c\u00c7areserkirina Pirsa Kurd\u201d p\u00ea\u015fk\u00ea\u015f\u00ee DEM Partiy\u00ea kir - Darka Maz\u00ee<\/title>\n<meta name=\"robots\" content=\"index, follow, max-snippet:-1, max-image-preview:large, max-video-preview:-1\" \/>\n<link rel=\"canonical\" href=\"https:\/\/darkamazi.info\/archives\/1049892\" \/>\n<meta property=\"og:locale\" content=\"en_US\" \/>\n<meta property=\"og:type\" content=\"article\" \/>\n<meta property=\"og:title\" content=\"PSK\u00ea rapora xwe ya \u201c\u00c7areserkirina Pirsa Kurd\u201d p\u00ea\u015fk\u00ea\u015f\u00ee DEM Partiy\u00ea kir - Darka Maz\u00ee\" \/>\n<meta property=\"og:description\" content=\"\u015eandeyeke Partiya Sosyal\u00eest a Kurdistan\u00ea (PSK) bi serokatiya Serok\u00ea Gi\u015ft\u00ee Bayram Bozyel, serdana Navenda Gi\u015ft\u00ee ya Partiya Wekhev\u00ee \u00fb Demokrasiy\u00ea ya Gelan (DEM Part\u00ee) li Enqerey\u00ea kir.\u00a0 \u015eande ji aliy\u00ea Hevserok\u00ea Gi\u015ft\u00ee y\u00ea DEM Partiy\u00ea Tuncer Bakirhan \u00fb r\u00eaveber\u00ean partiy\u00ea ve hat p\u00ea\u015fwaz\u00eekirin \u00fb di civ\u00een\u00ea de \u00e7areseriya pirsa Kurd \u00fb egera dest\u00fbreke n\u00fb ya [&hellip;]\" \/>\n<meta property=\"og:url\" content=\"https:\/\/darkamazi.info\/archives\/1049892\" \/>\n<meta property=\"og:site_name\" content=\"Darka Maz\u00ee\" \/>\n<meta property=\"article:publisher\" content=\"https:\/\/www.facebook.com\/DarMaziKurmanci\" \/>\n<meta property=\"article:published_time\" content=\"2025-09-18T09:57:40+00:00\" \/>\n<meta property=\"og:image\" content=\"https:\/\/darkamazi.info\/file\/2025\/09\/PSK-Dem.jpg\" \/>\n\t<meta property=\"og:image:width\" content=\"900\" \/>\n\t<meta property=\"og:image:height\" content=\"500\" \/>\n\t<meta property=\"og:image:type\" content=\"image\/jpeg\" \/>\n<meta name=\"author\" content=\"darka mazi\" \/>\n<meta name=\"twitter:card\" content=\"summary_large_image\" \/>\n<meta name=\"twitter:creator\" content=\"@DarkaMaziLatini\" \/>\n<meta name=\"twitter:site\" content=\"@DarkaMaziLatini\" \/>\n<meta name=\"twitter:label1\" content=\"Written by\" \/>\n\t<meta name=\"twitter:data1\" content=\"darka mazi\" \/>\n\t<meta name=\"twitter:label2\" content=\"Est. reading time\" \/>\n\t<meta name=\"twitter:data2\" content=\"2 minutes\" \/>\n<script type=\"application\/ld+json\" class=\"seo-schema-graph\">{\"@context\":\"https:\\\/\\\/schema.org\",\"@graph\":[{\"@type\":\"Article\",\"@id\":\"https:\\\/\\\/darkamazi.info\\\/archives\\\/1049892#article\",\"isPartOf\":{\"@id\":\"https:\\\/\\\/darkamazi.info\\\/archives\\\/1049892\"},\"author\":{\"name\":\"darka mazi\",\"@id\":\"https:\\\/\\\/darkamazi.info\\\/#\\\/schema\\\/person\\\/5ad3e24553a0567993fa8ed4bd0a776c\"},\"headline\":\"PSK\u00ea rapora xwe ya \u201c\u00c7areserkirina Pirsa Kurd\u201d p\u00ea\u015fk\u00ea\u015f\u00ee DEM Partiy\u00ea kir\",\"datePublished\":\"2025-09-18T09:57:40+00:00\",\"mainEntityOfPage\":{\"@id\":\"https:\\\/\\\/darkamazi.info\\\/archives\\\/1049892\"},\"wordCount\":270,\"publisher\":{\"@id\":\"https:\\\/\\\/darkamazi.info\\\/#organization\"},\"image\":{\"@id\":\"https:\\\/\\\/darkamazi.info\\\/archives\\\/1049892#primaryimage\"},\"thumbnailUrl\":\"https:\\\/\\\/darkamazi.info\\\/darka-content\\\/uploads\\\/2025\\\/09\\\/PSK-Dem.jpg\",\"keywords\":[\"sereke\"],\"articleSection\":[\"Kurdistan\"],\"inLanguage\":\"en-US\"},{\"@type\":\"WebPage\",\"@id\":\"https:\\\/\\\/darkamazi.info\\\/archives\\\/1049892\",\"url\":\"https:\\\/\\\/darkamazi.info\\\/archives\\\/1049892\",\"name\":\"PSK\u00ea rapora xwe ya \u201c\u00c7areserkirina Pirsa Kurd\u201d p\u00ea\u015fk\u00ea\u015f\u00ee DEM Partiy\u00ea kir - Darka Maz\u00ee\",\"isPartOf\":{\"@id\":\"https:\\\/\\\/darkamazi.info\\\/#website\"},\"primaryImageOfPage\":{\"@id\":\"https:\\\/\\\/darkamazi.info\\\/archives\\\/1049892#primaryimage\"},\"image\":{\"@id\":\"https:\\\/\\\/darkamazi.info\\\/archives\\\/1049892#primaryimage\"},\"thumbnailUrl\":\"https:\\\/\\\/darkamazi.info\\\/darka-content\\\/uploads\\\/2025\\\/09\\\/PSK-Dem.jpg\",\"datePublished\":\"2025-09-18T09:57:40+00:00\",\"breadcrumb\":{\"@id\":\"https:\\\/\\\/darkamazi.info\\\/archives\\\/1049892#breadcrumb\"},\"inLanguage\":\"en-US\",\"potentialAction\":[{\"@type\":\"ReadAction\",\"target\":[\"https:\\\/\\\/darkamazi.info\\\/archives\\\/1049892\"]}]},{\"@type\":\"ImageObject\",\"inLanguage\":\"en-US\",\"@id\":\"https:\\\/\\\/darkamazi.info\\\/archives\\\/1049892#primaryimage\",\"url\":\"https:\\\/\\\/darkamazi.info\\\/darka-content\\\/uploads\\\/2025\\\/09\\\/PSK-Dem.jpg\",\"contentUrl\":\"https:\\\/\\\/darkamazi.info\\\/darka-content\\\/uploads\\\/2025\\\/09\\\/PSK-Dem.jpg\",\"width\":900,\"height\":500,\"caption\":\"PSK-Dem\"},{\"@type\":\"BreadcrumbList\",\"@id\":\"https:\\\/\\\/darkamazi.info\\\/archives\\\/1049892#breadcrumb\",\"itemListElement\":[{\"@type\":\"ListItem\",\"position\":1,\"name\":\"Home\",\"item\":\"https:\\\/\\\/darkamazi.info\\\/\"},{\"@type\":\"ListItem\",\"position\":2,\"name\":\"PSK\u00ea rapora xwe ya \u201c\u00c7areserkirina Pirsa Kurd\u201d p\u00ea\u015fk\u00ea\u015f\u00ee DEM Partiy\u00ea kir\"}]},{\"@type\":\"WebSite\",\"@id\":\"https:\\\/\\\/darkamazi.info\\\/#website\",\"url\":\"https:\\\/\\\/darkamazi.info\\\/\",\"name\":\"Darka Maz\u00ee\",\"description\":\"P\u00eageha Zanyariy\u00ean Nebih\u00eest\u00ee\",\"publisher\":{\"@id\":\"https:\\\/\\\/darkamazi.info\\\/#organization\"},\"potentialAction\":[{\"@type\":\"SearchAction\",\"target\":{\"@type\":\"EntryPoint\",\"urlTemplate\":\"https:\\\/\\\/darkamazi.info\\\/?s={search_term_string}\"},\"query-input\":{\"@type\":\"PropertyValueSpecification\",\"valueRequired\":true,\"valueName\":\"search_term_string\"}}],\"inLanguage\":\"en-US\"},{\"@type\":\"Organization\",\"@id\":\"https:\\\/\\\/darkamazi.info\\\/#organization\",\"name\":\"Darka Maz\u00ee\",\"url\":\"https:\\\/\\\/darkamazi.info\\\/\",\"logo\":{\"@type\":\"ImageObject\",\"inLanguage\":\"en-US\",\"@id\":\"https:\\\/\\\/darkamazi.info\\\/#\\\/schema\\\/logo\\\/image\\\/\",\"url\":\"https:\\\/\\\/darkamazi.info\\\/darka-content\\\/uploads\\\/2017\\\/12\\\/darka-mazi-logo.png\",\"contentUrl\":\"https:\\\/\\\/darkamazi.info\\\/darka-content\\\/uploads\\\/2017\\\/12\\\/darka-mazi-logo.png\",\"width\":151,\"height\":75,\"caption\":\"Darka Maz\u00ee\"},\"image\":{\"@id\":\"https:\\\/\\\/darkamazi.info\\\/#\\\/schema\\\/logo\\\/image\\\/\"},\"sameAs\":[\"https:\\\/\\\/www.facebook.com\\\/DarMaziKurmanci\",\"https:\\\/\\\/x.com\\\/DarkaMaziLatini\",\"https:\\\/\\\/www.instagram.com\\\/darkamazi.kurmanci\\\/\",\"https:\\\/\\\/www.youtube.com\\\/channel\\\/UCa5HkTdmI8U1qCUFuTw8B2g\"]},{\"@type\":\"Person\",\"@id\":\"https:\\\/\\\/darkamazi.info\\\/#\\\/schema\\\/person\\\/5ad3e24553a0567993fa8ed4bd0a776c\",\"name\":\"darka mazi\",\"sameAs\":[\"https:\\\/\\\/darkamazi.info\\\/\"],\"url\":\"https:\\\/\\\/darkamazi.info\\\/archives\\\/author\\\/kurdi\"}]}<\/script>\n<!-- \/ Yoast SEO plugin. -->","seo_head_json":{"title":"PSK\u00ea rapora xwe ya \u201c\u00c7areserkirina Pirsa Kurd\u201d p\u00ea\u015fk\u00ea\u015f\u00ee DEM Partiy\u00ea kir - Darka Maz\u00ee","robots":{"index":"index","follow":"follow","max-snippet":"max-snippet:-1","max-image-preview":"max-image-preview:large","max-video-preview":"max-video-preview:-1"},"canonical":"https:\/\/darkamazi.info\/archives\/1049892","og_locale":"en_US","og_type":"article","og_title":"PSK\u00ea rapora xwe ya \u201c\u00c7areserkirina Pirsa Kurd\u201d p\u00ea\u015fk\u00ea\u015f\u00ee DEM Partiy\u00ea kir - Darka Maz\u00ee","og_description":"\u015eandeyeke Partiya Sosyal\u00eest a Kurdistan\u00ea (PSK) bi serokatiya Serok\u00ea Gi\u015ft\u00ee Bayram Bozyel, serdana Navenda Gi\u015ft\u00ee ya Partiya Wekhev\u00ee \u00fb Demokrasiy\u00ea ya Gelan (DEM Part\u00ee) li Enqerey\u00ea kir.\u00a0 \u015eande ji aliy\u00ea Hevserok\u00ea Gi\u015ft\u00ee y\u00ea DEM Partiy\u00ea Tuncer Bakirhan \u00fb r\u00eaveber\u00ean partiy\u00ea ve hat p\u00ea\u015fwaz\u00eekirin \u00fb di civ\u00een\u00ea de \u00e7areseriya pirsa Kurd \u00fb egera dest\u00fbreke n\u00fb ya [&hellip;]","og_url":"https:\/\/darkamazi.info\/archives\/1049892","og_site_name":"Darka Maz\u00ee","article_publisher":"https:\/\/www.facebook.com\/DarMaziKurmanci","article_published_time":"2025-09-18T09:57:40+00:00","og_image":[{"width":900,"height":500,"url":"https:\/\/darkamazi.info\/file\/2025\/09\/PSK-Dem.jpg","type":"image\/jpeg"}],"author":"darka mazi","twitter_card":"summary_large_image","twitter_creator":"@DarkaMaziLatini","twitter_site":"@DarkaMaziLatini","twitter_misc":{"Written by":"darka mazi","Est. reading time":"2 minutes"},"schema":{"@context":"https:\/\/schema.org","@graph":[{"@type":"Article","@id":"https:\/\/darkamazi.info\/archives\/1049892#article","isPartOf":{"@id":"https:\/\/darkamazi.info\/archives\/1049892"},"author":{"name":"darka mazi","@id":"https:\/\/darkamazi.info\/#\/schema\/person\/5ad3e24553a0567993fa8ed4bd0a776c"},"headline":"PSK\u00ea rapora xwe ya \u201c\u00c7areserkirina Pirsa Kurd\u201d p\u00ea\u015fk\u00ea\u015f\u00ee DEM Partiy\u00ea kir","datePublished":"2025-09-18T09:57:40+00:00","mainEntityOfPage":{"@id":"https:\/\/darkamazi.info\/archives\/1049892"},"wordCount":270,"publisher":{"@id":"https:\/\/darkamazi.info\/#organization"},"image":{"@id":"https:\/\/darkamazi.info\/archives\/1049892#primaryimage"},"thumbnailUrl":"https:\/\/darkamazi.info\/file\/2025\/09\/PSK-Dem.jpg","keywords":["sereke"],"articleSection":["Kurdistan"],"inLanguage":"en-US"},{"@type":"WebPage","@id":"https:\/\/darkamazi.info\/archives\/1049892","url":"https:\/\/darkamazi.info\/archives\/1049892","name":"PSK\u00ea rapora xwe ya \u201c\u00c7areserkirina Pirsa Kurd\u201d p\u00ea\u015fk\u00ea\u015f\u00ee DEM Partiy\u00ea kir - Darka Maz\u00ee","isPartOf":{"@id":"https:\/\/darkamazi.info\/#website"},"primaryImageOfPage":{"@id":"https:\/\/darkamazi.info\/archives\/1049892#primaryimage"},"image":{"@id":"https:\/\/darkamazi.info\/archives\/1049892#primaryimage"},"thumbnailUrl":"https:\/\/darkamazi.info\/file\/2025\/09\/PSK-Dem.jpg","datePublished":"2025-09-18T09:57:40+00:00","breadcrumb":{"@id":"https:\/\/darkamazi.info\/archives\/1049892#breadcrumb"},"inLanguage":"en-US","potentialAction":[{"@type":"ReadAction","target":["https:\/\/darkamazi.info\/archives\/1049892"]}]},{"@type":"ImageObject","inLanguage":"en-US","@id":"https:\/\/darkamazi.info\/archives\/1049892#primaryimage","url":"https:\/\/darkamazi.info\/file\/2025\/09\/PSK-Dem.jpg","contentUrl":"https:\/\/darkamazi.info\/file\/2025\/09\/PSK-Dem.jpg","width":900,"height":500,"caption":"PSK-Dem"},{"@type":"BreadcrumbList","@id":"https:\/\/darkamazi.info\/archives\/1049892#breadcrumb","itemListElement":[{"@type":"ListItem","position":1,"name":"Home","item":"https:\/\/darkamazi.info\/"},{"@type":"ListItem","position":2,"name":"PSK\u00ea rapora xwe ya \u201c\u00c7areserkirina Pirsa Kurd\u201d p\u00ea\u015fk\u00ea\u015f\u00ee DEM Partiy\u00ea kir"}]},{"@type":"WebSite","@id":"https:\/\/darkamazi.info\/#website","url":"https:\/\/darkamazi.info\/","name":"Darka Maz\u00ee","description":"P\u00eageha Zanyariy\u00ean Nebih\u00eest\u00ee","publisher":{"@id":"https:\/\/darkamazi.info\/#organization"},"potentialAction":[{"@type":"SearchAction","target":{"@type":"EntryPoint","urlTemplate":"https:\/\/darkamazi.info\/?s={search_term_string}"},"query-input":{"@type":"PropertyValueSpecification","valueRequired":true,"valueName":"search_term_string"}}],"inLanguage":"en-US"},{"@type":"Organization","@id":"https:\/\/darkamazi.info\/#organization","name":"Darka Maz\u00ee","url":"https:\/\/darkamazi.info\/","logo":{"@type":"ImageObject","inLanguage":"en-US","@id":"https:\/\/darkamazi.info\/#\/schema\/logo\/image\/","url":"https:\/\/darkamazi.info\/file\/2017\/12\/darka-mazi-logo.png","contentUrl":"https:\/\/darkamazi.info\/file\/2017\/12\/darka-mazi-logo.png","width":151,"height":75,"caption":"Darka Maz\u00ee"},"image":{"@id":"https:\/\/darkamazi.info\/#\/schema\/logo\/image\/"},"sameAs":["https:\/\/www.facebook.com\/DarMaziKurmanci","https:\/\/x.com\/DarkaMaziLatini","https:\/\/www.instagram.com\/darkamazi.kurmanci\/","https:\/\/www.youtube.com\/channel\/UCa5HkTdmI8U1qCUFuTw8B2g"]},{"@type":"Person","@id":"https:\/\/darkamazi.info\/#\/schema\/person\/5ad3e24553a0567993fa8ed4bd0a776c","name":"darka mazi","sameAs":["https:\/\/darkamazi.info\/"],"url":"https:\/\/darkamazi.info\/archives\/author\/kurdi"}]}},"_links":{"self":[{"href":"https:\/\/darkamazi.info\/funavuv\/wp\/v2\/posts\/1049892","targetHints":{"allow":["GET"]}}],"collection":[{"href":"https:\/\/darkamazi.info\/funavuv\/wp\/v2\/posts"}],"about":[{"href":"https:\/\/darkamazi.info\/funavuv\/wp\/v2\/types\/post"}],"author":[{"embeddable":true,"href":"https:\/\/darkamazi.info\/funavuv\/wp\/v2\/users\/2"}],"replies":[{"embeddable":true,"href":"https:\/\/darkamazi.info\/funavuv\/wp\/v2\/comments?post=1049892"}],"version-history":[{"count":0,"href":"https:\/\/darkamazi.info\/funavuv\/wp\/v2\/posts\/1049892\/revisions"}],"wp:featuredmedia":[{"embeddable":true,"href":"https:\/\/darkamazi.info\/funavuv\/wp\/v2\/media\/1049893"}],"wp:attachment":[{"href":"https:\/\/darkamazi.info\/funavuv\/wp\/v2\/media?parent=1049892"}],"wp:term":[{"taxonomy":"category","embeddable":true,"href":"https:\/\/darkamazi.info\/funavuv\/wp\/v2\/categories?post=1049892"},{"taxonomy":"post_tag","embeddable":true,"href":"https:\/\/darkamazi.info\/funavuv\/wp\/v2\/tags?post=1049892"}],"curies":[{"name":"wp","href":"https:\/\/api.w.org\/{rel}","templated":true}]}}