{"id":1049896,"date":"2025-09-18T18:12:43","date_gmt":"2025-09-18T15:12:43","guid":{"rendered":"https:\/\/darkamazi.info\/?p=1049896"},"modified":"2025-09-18T18:12:43","modified_gmt":"2025-09-18T15:12:43","slug":"ceteyen-pkke-ciwanen-soresger-du-zaroken-din-revandin","status":"publish","type":"post","link":"https:\/\/darkamazi.info\/archives\/1049896","title":{"rendered":"\u00c7etey\u00ean PKK\u00ea \u201cCiwan\u00ean \u015eore\u015fger\u201d du zarok\u00ean din revandin"},"content":{"rendered":"<h3 style=\"text-align: justify\"><span style=\"font-family: 'arial black', sans-serif\">\u00c7ety\u00ean PKK\u00ea y\u00ean bi nav\u00ea \u201cCiwan\u00ean \u015eore\u015fger\u201d, du zarok\u00ean din y\u00ean Kurdan ji Rojava Kurdistan\u00ea revandin \u00fb bo cih\u00ean nediyar birine.<\/span><\/h3>\n<h3 style=\"text-align: justify\"><span style=\"font-family: arial, helvetica, sans-serif\">Revandina zarokan li Rojavay\u00ea Kurdistan\u00ea \u00fb her\u00eam\u00ean di bin kontrola HSD\u00ea de berdewam dike \u00fb her\u00ee daw\u00ee \u00e7etey\u00ean PKK\u00ea \u201cCiwan\u00ean \u015eore\u015fger\u201d du zarok\u00ean temen 11 sal\u00ee ji Koban\u00eey\u00ea revandine.<\/span><\/h3>\n<h3 style=\"text-align: justify\"><span style=\"font-family: arial, helvetica, sans-serif\">\u00c7avkaniy\u00ean Darka Maz\u00ee e\u015fkere kirin, \u00e7etey\u00ean \u201cCiwan\u00ean \u015eore\u015fger\u201d, di roja 8\/8\/2025 de li bajarok\u00ea Koban\u00eey\u00ea zarokek\u00ea temen 11 sal\u00ee bi nav\u00ea Luqman Salh Ismet ku ji \u015f\u00eaniy\u00ean gund\u00ea B\u00eermehl\u00ea ye revandiye \u00fb bo bingeh\u00ean me\u015fqa zarokan veguhestine.<\/span><\/h3>\n<h3 style=\"text-align: justify\"><span style=\"font-family: arial, helvetica, sans-serif\">Destn\u00ee\u015fan kirin, zarok\u00ea bi nav\u00ea Luqman biray\u00ea 6 xw\u015fkan e \u00fb bav\u00ea w\u00ee ko\u00e7a daw\u00ee kiriye.<\/span><\/h3>\n<h3 style=\"text-align: justify\"><span style=\"font-family: arial, helvetica, sans-serif\">\u00c7avkaniy\u00ean me y\u00ean li Rojava Kurdistan\u00ea her wiha a\u015fkere kirin, \u00e7etey\u00ean Ciwan\u00ean \u015eore\u015fger li 16\/8\/2025\u00ea j\u00ee zarokek\u00ee din y\u00ea temen 11 sal\u00ee bi nav\u00ea Serbest El\u00ee Weysu ji Koban\u00eey\u00ea revandiye \u00fb \u00e7aren\u00fbsa w\u00ee j\u00ee nediyare.<\/span><\/h3>\n<h3 style=\"text-align: justify\"><span style=\"font-family: arial, helvetica, sans-serif\">H\u00eajay\u00ee gotin\u00ea ye, \u00e7etey\u00ean PKK\u00ea di meha rab\u00fbr\u00ee de 6 zarok\u00ean Kurdan ji Koban\u00eey\u00ea revandine \u00fb \u00e7aren\u00fbsa ti y\u00eak ji wan diyar n\u00eene.<\/span><\/h3>\n<h3 style=\"text-align: justify\"><span style=\"font-family: arial, helvetica, sans-serif\">Tev\u00ee ku HSD\u00ea di Xiz\u00eerana 2019 de li gel Netew\u00ean Yekgrt\u00ee pilanek ji bo bidaw\u00eekirin \u00fb qedexekirina tevl\u00eekirina zarokan di nava \u00e7ekdaran de \u00eemze kirb\u00fb. L\u00ea ji dema ku peyman hatiye \u00eemzekirin ve, rew\u015fa revandina zarokan bi daw\u00ee neb\u00fbye.<\/span><\/h3>\n","protected":false},"excerpt":{"rendered":"<p>\u00c7ety\u00ean PKK\u00ea y\u00ean bi nav\u00ea \u201cCiwan\u00ean \u015eore\u015fger\u201d, du zarok\u00ean din y\u00ean Kurdan ji Rojava Kurdistan\u00ea revandin \u00fb bo cih\u00ean nediyar birine. Revandina zarokan li Rojavay\u00ea Kurdistan\u00ea \u00fb her\u00eam\u00ean di bin kontrola HSD\u00ea de berdewam dike \u00fb her\u00ee daw\u00ee \u00e7etey\u00ean PKK\u00ea \u201cCiwan\u00ean \u015eore\u015fger\u201d du zarok\u00ean temen 11 sal\u00ee ji Koban\u00eey\u00ea revandine. \u00c7avkaniy\u00ean Darka Maz\u00ee e\u015fkere kirin, [&hellip;]<\/p>\n","protected":false},"author":2,"featured_media":1049897,"comment_status":"closed","ping_status":"closed","sticky":false,"template":"","format":"standard","meta":{"footnotes":""},"categories":[29],"tags":[37],"class_list":["post-1049896","post","type-post","status-publish","format-standard","has-post-thumbnail","hentry","category-kurdistan","tag-sereke"],"blocksy_meta":[],"seo_head":"<!-- This site is optimized with the Yoast SEO plugin v27.5 - https:\/\/yoast.com\/product\/yoast-seo-wordpress\/ -->\n<title>\u00c7etey\u00ean PKK\u00ea \u201cCiwan\u00ean \u015eore\u015fger\u201d du zarok\u00ean din revandin - Darka Maz\u00ee<\/title>\n<meta name=\"robots\" content=\"index, follow, max-snippet:-1, max-image-preview:large, max-video-preview:-1\" \/>\n<link rel=\"canonical\" href=\"https:\/\/darkamazi.info\/archives\/1049896\" \/>\n<meta property=\"og:locale\" content=\"en_US\" \/>\n<meta property=\"og:type\" content=\"article\" \/>\n<meta property=\"og:title\" content=\"\u00c7etey\u00ean PKK\u00ea \u201cCiwan\u00ean \u015eore\u015fger\u201d du zarok\u00ean din revandin - Darka Maz\u00ee\" \/>\n<meta property=\"og:description\" content=\"\u00c7ety\u00ean PKK\u00ea y\u00ean bi nav\u00ea \u201cCiwan\u00ean \u015eore\u015fger\u201d, du zarok\u00ean din y\u00ean Kurdan ji Rojava Kurdistan\u00ea revandin \u00fb bo cih\u00ean nediyar birine. Revandina zarokan li Rojavay\u00ea Kurdistan\u00ea \u00fb her\u00eam\u00ean di bin kontrola HSD\u00ea de berdewam dike \u00fb her\u00ee daw\u00ee \u00e7etey\u00ean PKK\u00ea \u201cCiwan\u00ean \u015eore\u015fger\u201d du zarok\u00ean temen 11 sal\u00ee ji Koban\u00eey\u00ea revandine. \u00c7avkaniy\u00ean Darka Maz\u00ee e\u015fkere kirin, [&hellip;]\" \/>\n<meta property=\"og:url\" content=\"https:\/\/darkamazi.info\/archives\/1049896\" \/>\n<meta property=\"og:site_name\" content=\"Darka Maz\u00ee\" \/>\n<meta property=\"article:publisher\" content=\"https:\/\/www.facebook.com\/DarMaziKurmanci\" \/>\n<meta property=\"article:published_time\" content=\"2025-09-18T15:12:43+00:00\" \/>\n<meta property=\"og:image\" content=\"https:\/\/darkamazi.info\/file\/2025\/09\/Ciwan-revandin-zarok-PKK-hsd-info.jpg\" \/>\n\t<meta property=\"og:image:width\" content=\"900\" \/>\n\t<meta property=\"og:image:height\" content=\"500\" \/>\n\t<meta property=\"og:image:type\" content=\"image\/jpeg\" \/>\n<meta name=\"author\" content=\"darka mazi\" \/>\n<meta name=\"twitter:card\" content=\"summary_large_image\" \/>\n<meta name=\"twitter:creator\" content=\"@DarkaMaziLatini\" \/>\n<meta name=\"twitter:site\" content=\"@DarkaMaziLatini\" \/>\n<meta name=\"twitter:label1\" content=\"Written by\" \/>\n\t<meta name=\"twitter:data1\" content=\"darka mazi\" \/>\n\t<meta name=\"twitter:label2\" content=\"Est. reading time\" \/>\n\t<meta name=\"twitter:data2\" content=\"2 minutes\" \/>\n<script type=\"application\/ld+json\" class=\"seo-schema-graph\">{\"@context\":\"https:\\\/\\\/schema.org\",\"@graph\":[{\"@type\":\"Article\",\"@id\":\"https:\\\/\\\/darkamazi.info\\\/archives\\\/1049896#article\",\"isPartOf\":{\"@id\":\"https:\\\/\\\/darkamazi.info\\\/archives\\\/1049896\"},\"author\":{\"name\":\"darka mazi\",\"@id\":\"https:\\\/\\\/darkamazi.info\\\/#\\\/schema\\\/person\\\/5ad3e24553a0567993fa8ed4bd0a776c\"},\"headline\":\"\u00c7etey\u00ean PKK\u00ea \u201cCiwan\u00ean \u015eore\u015fger\u201d du zarok\u00ean din revandin\",\"datePublished\":\"2025-09-18T15:12:43+00:00\",\"mainEntityOfPage\":{\"@id\":\"https:\\\/\\\/darkamazi.info\\\/archives\\\/1049896\"},\"wordCount\":245,\"publisher\":{\"@id\":\"https:\\\/\\\/darkamazi.info\\\/#organization\"},\"image\":{\"@id\":\"https:\\\/\\\/darkamazi.info\\\/archives\\\/1049896#primaryimage\"},\"thumbnailUrl\":\"https:\\\/\\\/darkamazi.info\\\/darka-content\\\/uploads\\\/2025\\\/09\\\/Ciwan-revandin-zarok-PKK-hsd-info.jpg\",\"keywords\":[\"sereke\"],\"articleSection\":[\"Kurdistan\"],\"inLanguage\":\"en-US\"},{\"@type\":\"WebPage\",\"@id\":\"https:\\\/\\\/darkamazi.info\\\/archives\\\/1049896\",\"url\":\"https:\\\/\\\/darkamazi.info\\\/archives\\\/1049896\",\"name\":\"\u00c7etey\u00ean PKK\u00ea \u201cCiwan\u00ean \u015eore\u015fger\u201d du zarok\u00ean din revandin - Darka Maz\u00ee\",\"isPartOf\":{\"@id\":\"https:\\\/\\\/darkamazi.info\\\/#website\"},\"primaryImageOfPage\":{\"@id\":\"https:\\\/\\\/darkamazi.info\\\/archives\\\/1049896#primaryimage\"},\"image\":{\"@id\":\"https:\\\/\\\/darkamazi.info\\\/archives\\\/1049896#primaryimage\"},\"thumbnailUrl\":\"https:\\\/\\\/darkamazi.info\\\/darka-content\\\/uploads\\\/2025\\\/09\\\/Ciwan-revandin-zarok-PKK-hsd-info.jpg\",\"datePublished\":\"2025-09-18T15:12:43+00:00\",\"breadcrumb\":{\"@id\":\"https:\\\/\\\/darkamazi.info\\\/archives\\\/1049896#breadcrumb\"},\"inLanguage\":\"en-US\",\"potentialAction\":[{\"@type\":\"ReadAction\",\"target\":[\"https:\\\/\\\/darkamazi.info\\\/archives\\\/1049896\"]}]},{\"@type\":\"ImageObject\",\"inLanguage\":\"en-US\",\"@id\":\"https:\\\/\\\/darkamazi.info\\\/archives\\\/1049896#primaryimage\",\"url\":\"https:\\\/\\\/darkamazi.info\\\/darka-content\\\/uploads\\\/2025\\\/09\\\/Ciwan-revandin-zarok-PKK-hsd-info.jpg\",\"contentUrl\":\"https:\\\/\\\/darkamazi.info\\\/darka-content\\\/uploads\\\/2025\\\/09\\\/Ciwan-revandin-zarok-PKK-hsd-info.jpg\",\"width\":900,\"height\":500,\"caption\":\"Ciwan-revandin-zarok-PKK-hsd-net\"},{\"@type\":\"BreadcrumbList\",\"@id\":\"https:\\\/\\\/darkamazi.info\\\/archives\\\/1049896#breadcrumb\",\"itemListElement\":[{\"@type\":\"ListItem\",\"position\":1,\"name\":\"Home\",\"item\":\"https:\\\/\\\/darkamazi.info\\\/\"},{\"@type\":\"ListItem\",\"position\":2,\"name\":\"\u00c7etey\u00ean PKK\u00ea \u201cCiwan\u00ean \u015eore\u015fger\u201d du zarok\u00ean din revandin\"}]},{\"@type\":\"WebSite\",\"@id\":\"https:\\\/\\\/darkamazi.info\\\/#website\",\"url\":\"https:\\\/\\\/darkamazi.info\\\/\",\"name\":\"Darka Maz\u00ee\",\"description\":\"P\u00eageha Zanyariy\u00ean Nebih\u00eest\u00ee\",\"publisher\":{\"@id\":\"https:\\\/\\\/darkamazi.info\\\/#organization\"},\"potentialAction\":[{\"@type\":\"SearchAction\",\"target\":{\"@type\":\"EntryPoint\",\"urlTemplate\":\"https:\\\/\\\/darkamazi.info\\\/?s={search_term_string}\"},\"query-input\":{\"@type\":\"PropertyValueSpecification\",\"valueRequired\":true,\"valueName\":\"search_term_string\"}}],\"inLanguage\":\"en-US\"},{\"@type\":\"Organization\",\"@id\":\"https:\\\/\\\/darkamazi.info\\\/#organization\",\"name\":\"Darka Maz\u00ee\",\"url\":\"https:\\\/\\\/darkamazi.info\\\/\",\"logo\":{\"@type\":\"ImageObject\",\"inLanguage\":\"en-US\",\"@id\":\"https:\\\/\\\/darkamazi.info\\\/#\\\/schema\\\/logo\\\/image\\\/\",\"url\":\"https:\\\/\\\/darkamazi.info\\\/darka-content\\\/uploads\\\/2017\\\/12\\\/darka-mazi-logo.png\",\"contentUrl\":\"https:\\\/\\\/darkamazi.info\\\/darka-content\\\/uploads\\\/2017\\\/12\\\/darka-mazi-logo.png\",\"width\":151,\"height\":75,\"caption\":\"Darka Maz\u00ee\"},\"image\":{\"@id\":\"https:\\\/\\\/darkamazi.info\\\/#\\\/schema\\\/logo\\\/image\\\/\"},\"sameAs\":[\"https:\\\/\\\/www.facebook.com\\\/DarMaziKurmanci\",\"https:\\\/\\\/x.com\\\/DarkaMaziLatini\",\"https:\\\/\\\/www.instagram.com\\\/darkamazi.kurmanci\\\/\",\"https:\\\/\\\/www.youtube.com\\\/channel\\\/UCa5HkTdmI8U1qCUFuTw8B2g\"]},{\"@type\":\"Person\",\"@id\":\"https:\\\/\\\/darkamazi.info\\\/#\\\/schema\\\/person\\\/5ad3e24553a0567993fa8ed4bd0a776c\",\"name\":\"darka mazi\",\"sameAs\":[\"https:\\\/\\\/darkamazi.info\\\/\"],\"url\":\"https:\\\/\\\/darkamazi.info\\\/archives\\\/author\\\/kurdi\"}]}<\/script>\n<!-- \/ Yoast SEO plugin. -->","seo_head_json":{"title":"\u00c7etey\u00ean PKK\u00ea \u201cCiwan\u00ean \u015eore\u015fger\u201d du zarok\u00ean din revandin - Darka Maz\u00ee","robots":{"index":"index","follow":"follow","max-snippet":"max-snippet:-1","max-image-preview":"max-image-preview:large","max-video-preview":"max-video-preview:-1"},"canonical":"https:\/\/darkamazi.info\/archives\/1049896","og_locale":"en_US","og_type":"article","og_title":"\u00c7etey\u00ean PKK\u00ea \u201cCiwan\u00ean \u015eore\u015fger\u201d du zarok\u00ean din revandin - Darka Maz\u00ee","og_description":"\u00c7ety\u00ean PKK\u00ea y\u00ean bi nav\u00ea \u201cCiwan\u00ean \u015eore\u015fger\u201d, du zarok\u00ean din y\u00ean Kurdan ji Rojava Kurdistan\u00ea revandin \u00fb bo cih\u00ean nediyar birine. Revandina zarokan li Rojavay\u00ea Kurdistan\u00ea \u00fb her\u00eam\u00ean di bin kontrola HSD\u00ea de berdewam dike \u00fb her\u00ee daw\u00ee \u00e7etey\u00ean PKK\u00ea \u201cCiwan\u00ean \u015eore\u015fger\u201d du zarok\u00ean temen 11 sal\u00ee ji Koban\u00eey\u00ea revandine. \u00c7avkaniy\u00ean Darka Maz\u00ee e\u015fkere kirin, [&hellip;]","og_url":"https:\/\/darkamazi.info\/archives\/1049896","og_site_name":"Darka Maz\u00ee","article_publisher":"https:\/\/www.facebook.com\/DarMaziKurmanci","article_published_time":"2025-09-18T15:12:43+00:00","og_image":[{"width":900,"height":500,"url":"https:\/\/darkamazi.info\/file\/2025\/09\/Ciwan-revandin-zarok-PKK-hsd-info.jpg","type":"image\/jpeg"}],"author":"darka mazi","twitter_card":"summary_large_image","twitter_creator":"@DarkaMaziLatini","twitter_site":"@DarkaMaziLatini","twitter_misc":{"Written by":"darka mazi","Est. reading time":"2 minutes"},"schema":{"@context":"https:\/\/schema.org","@graph":[{"@type":"Article","@id":"https:\/\/darkamazi.info\/archives\/1049896#article","isPartOf":{"@id":"https:\/\/darkamazi.info\/archives\/1049896"},"author":{"name":"darka mazi","@id":"https:\/\/darkamazi.info\/#\/schema\/person\/5ad3e24553a0567993fa8ed4bd0a776c"},"headline":"\u00c7etey\u00ean PKK\u00ea \u201cCiwan\u00ean \u015eore\u015fger\u201d du zarok\u00ean din revandin","datePublished":"2025-09-18T15:12:43+00:00","mainEntityOfPage":{"@id":"https:\/\/darkamazi.info\/archives\/1049896"},"wordCount":245,"publisher":{"@id":"https:\/\/darkamazi.info\/#organization"},"image":{"@id":"https:\/\/darkamazi.info\/archives\/1049896#primaryimage"},"thumbnailUrl":"https:\/\/darkamazi.info\/file\/2025\/09\/Ciwan-revandin-zarok-PKK-hsd-info.jpg","keywords":["sereke"],"articleSection":["Kurdistan"],"inLanguage":"en-US"},{"@type":"WebPage","@id":"https:\/\/darkamazi.info\/archives\/1049896","url":"https:\/\/darkamazi.info\/archives\/1049896","name":"\u00c7etey\u00ean PKK\u00ea \u201cCiwan\u00ean \u015eore\u015fger\u201d du zarok\u00ean din revandin - Darka Maz\u00ee","isPartOf":{"@id":"https:\/\/darkamazi.info\/#website"},"primaryImageOfPage":{"@id":"https:\/\/darkamazi.info\/archives\/1049896#primaryimage"},"image":{"@id":"https:\/\/darkamazi.info\/archives\/1049896#primaryimage"},"thumbnailUrl":"https:\/\/darkamazi.info\/file\/2025\/09\/Ciwan-revandin-zarok-PKK-hsd-info.jpg","datePublished":"2025-09-18T15:12:43+00:00","breadcrumb":{"@id":"https:\/\/darkamazi.info\/archives\/1049896#breadcrumb"},"inLanguage":"en-US","potentialAction":[{"@type":"ReadAction","target":["https:\/\/darkamazi.info\/archives\/1049896"]}]},{"@type":"ImageObject","inLanguage":"en-US","@id":"https:\/\/darkamazi.info\/archives\/1049896#primaryimage","url":"https:\/\/darkamazi.info\/file\/2025\/09\/Ciwan-revandin-zarok-PKK-hsd-info.jpg","contentUrl":"https:\/\/darkamazi.info\/file\/2025\/09\/Ciwan-revandin-zarok-PKK-hsd-info.jpg","width":900,"height":500,"caption":"Ciwan-revandin-zarok-PKK-hsd-net"},{"@type":"BreadcrumbList","@id":"https:\/\/darkamazi.info\/archives\/1049896#breadcrumb","itemListElement":[{"@type":"ListItem","position":1,"name":"Home","item":"https:\/\/darkamazi.info\/"},{"@type":"ListItem","position":2,"name":"\u00c7etey\u00ean PKK\u00ea \u201cCiwan\u00ean \u015eore\u015fger\u201d du zarok\u00ean din revandin"}]},{"@type":"WebSite","@id":"https:\/\/darkamazi.info\/#website","url":"https:\/\/darkamazi.info\/","name":"Darka Maz\u00ee","description":"P\u00eageha Zanyariy\u00ean Nebih\u00eest\u00ee","publisher":{"@id":"https:\/\/darkamazi.info\/#organization"},"potentialAction":[{"@type":"SearchAction","target":{"@type":"EntryPoint","urlTemplate":"https:\/\/darkamazi.info\/?s={search_term_string}"},"query-input":{"@type":"PropertyValueSpecification","valueRequired":true,"valueName":"search_term_string"}}],"inLanguage":"en-US"},{"@type":"Organization","@id":"https:\/\/darkamazi.info\/#organization","name":"Darka Maz\u00ee","url":"https:\/\/darkamazi.info\/","logo":{"@type":"ImageObject","inLanguage":"en-US","@id":"https:\/\/darkamazi.info\/#\/schema\/logo\/image\/","url":"https:\/\/darkamazi.info\/file\/2017\/12\/darka-mazi-logo.png","contentUrl":"https:\/\/darkamazi.info\/file\/2017\/12\/darka-mazi-logo.png","width":151,"height":75,"caption":"Darka Maz\u00ee"},"image":{"@id":"https:\/\/darkamazi.info\/#\/schema\/logo\/image\/"},"sameAs":["https:\/\/www.facebook.com\/DarMaziKurmanci","https:\/\/x.com\/DarkaMaziLatini","https:\/\/www.instagram.com\/darkamazi.kurmanci\/","https:\/\/www.youtube.com\/channel\/UCa5HkTdmI8U1qCUFuTw8B2g"]},{"@type":"Person","@id":"https:\/\/darkamazi.info\/#\/schema\/person\/5ad3e24553a0567993fa8ed4bd0a776c","name":"darka mazi","sameAs":["https:\/\/darkamazi.info\/"],"url":"https:\/\/darkamazi.info\/archives\/author\/kurdi"}]}},"_links":{"self":[{"href":"https:\/\/darkamazi.info\/funavuv\/wp\/v2\/posts\/1049896","targetHints":{"allow":["GET"]}}],"collection":[{"href":"https:\/\/darkamazi.info\/funavuv\/wp\/v2\/posts"}],"about":[{"href":"https:\/\/darkamazi.info\/funavuv\/wp\/v2\/types\/post"}],"author":[{"embeddable":true,"href":"https:\/\/darkamazi.info\/funavuv\/wp\/v2\/users\/2"}],"replies":[{"embeddable":true,"href":"https:\/\/darkamazi.info\/funavuv\/wp\/v2\/comments?post=1049896"}],"version-history":[{"count":0,"href":"https:\/\/darkamazi.info\/funavuv\/wp\/v2\/posts\/1049896\/revisions"}],"wp:featuredmedia":[{"embeddable":true,"href":"https:\/\/darkamazi.info\/funavuv\/wp\/v2\/media\/1049897"}],"wp:attachment":[{"href":"https:\/\/darkamazi.info\/funavuv\/wp\/v2\/media?parent=1049896"}],"wp:term":[{"taxonomy":"category","embeddable":true,"href":"https:\/\/darkamazi.info\/funavuv\/wp\/v2\/categories?post=1049896"},{"taxonomy":"post_tag","embeddable":true,"href":"https:\/\/darkamazi.info\/funavuv\/wp\/v2\/tags?post=1049896"}],"curies":[{"name":"wp","href":"https:\/\/api.w.org\/{rel}","templated":true}]}}