{"id":1049914,"date":"2025-09-20T15:36:27","date_gmt":"2025-09-20T12:36:27","guid":{"rendered":"https:\/\/darkamazi.info\/?p=1049914"},"modified":"2025-09-20T15:36:27","modified_gmt":"2025-09-20T12:36:27","slug":"rewsenbir-u-niviskare-kurd-musa-anter-li-cihe-ku-hatibu-kustin-hat-biranin","status":"publish","type":"post","link":"https:\/\/darkamazi.info\/archives\/1049914","title":{"rendered":"Rew\u015fenb\u00eer \u00fb niv\u00eeskar\u00ea Kurd M\u00fbsa Anter li cih\u00ea ku hatib\u00fb ku\u015ftin hat b\u00eeran\u00een"},"content":{"rendered":"<h3 style=\"text-align: justify\"><span style=\"font-family: 'arial black', sans-serif\">Di salvegera ku\u015ftina niv\u00eeskar \u00fb rojnameger M\u00fbsa Anter de li Diyarbekir\u00ea bernameyek biran\u00een\u00ea hat li darxistin \u00fb be\u015fdaran qurnef\u00eel dan\u00een cih\u00ea M\u00fbsa Anter l\u00ea hat\u00ee ku\u015ftin. Siyasetmedar, rojnameger \u00fb endam\u00ean malbata M\u00fbsa Anter amaje kirin ku M\u00fbsa Anter neteweperwerek h\u00eaja y\u00ea kurd b\u00fb \u00fb xizmetek gir\u00een daye \u00e7and \u00fb ziman\u00ea kurd\u00ee.<\/span><\/h3>\n<h3 style=\"text-align: justify\">Beriya 33. Salan di 20\u00ea \u00eelona 1992y\u00ea de niv\u00eeskar \u00fb rojnameger\u00ea Kurd M\u00fbsa Anter li Diyarbekir\u00ea di \u00ear\u00ee\u015feke \u00e7ekdar\u00ee de di temen\u00ea xwe y\u00ea 72y\u00ea de jiyana xwe ji dest da. Di salvegera ku\u015ftina M\u00fbsa Anter de li kolana ku l\u00ea hatib\u00fb ku\u015ftin bernameyek b\u00eeran\u00een\u00ea hat lidar xistin \u00fb rojnameger, siyasetmedar, hev\u015fdaredar \u00fb endam\u00ean malbata M\u00fbsa Anter be\u015fdar\u00ee b\u00eeran\u00een\u00ea b\u00fbn \u00fb amaje kirin ku M\u00fbsa Anter heta dawiya jiyana xwe j\u00ee doza netewey\u00ee me\u015fand \u00fb ked \u00fb xizmeta w\u00ee ya bo \u00e7and \u00fb ziman\u00ea kurd\u00ee h\u00eaja ye.<\/h3>\n<h3 style=\"text-align: justify\">Kur\u00ea M\u00fbsa Anter, D\u00eecle Anter got: \u201cPi\u015ft\u00ee serhildana Agiriy\u00ea ya 1938an li ser \u00c7iyay\u00ea Agir\u00ee hatib\u00fb niv\u00ees\u00een ku \u201cKurdistan miriye \u00fb di bin v\u00ea ax\u00ea de ye\u201d \u00eesa bav\u00ea min \u00fb heval\u00ean w\u00ee ew ax ji ser w\u00ea gor\u00ea rakirin. Niha h\u00een j\u00ee raman\u00ean w\u00ee doza w\u00ee zind\u00ee ne.\u201d<\/h3>\n<h3 style=\"text-align: justify\">Be\u015fdar\u00ean \u00e7alakiya b\u00eeran\u00eena M\u00fbsa Anter qurnef\u00eel dan\u00een cih\u00ea ku M\u00fbsa Anter l\u00ea hatib\u00fb ku\u015ftin \u00fb siyasetmedaran j\u00ee bal k\u00ea\u015fandin ku M\u00fbsa Anter bi helwest \u00fb xebat\u00ean xwe y\u00ean netewey\u00ee kariye din ava kurdan de bibe rewzek netewey\u00ee<\/h3>\n<h3 style=\"text-align: justify\">Parlementer\u00ea DEM Part\u00ee y\u00ea Diyarbekir\u00ea Mehmet Kama\u00e7 got: \u201cWek rew\u015fenb\u00eerek\u00ee, wek niv\u00eeskarek\u00ee, wek rojnamegerek\u00ee Ap\u00ea M\u00fbsa kesyetek gir\u00eeng b\u00fb \u00fb di nava civak\u00ea de mirovek bibandor bu \u00fb ji ber w\u00ea j\u00ee dijmin j\u00ee bi v\u00ea bandora w\u00ee ba\u015f dizan\u00een ji ber w\u00ea ew hat qetilkirin.\u201d<\/h3>\n","protected":false},"excerpt":{"rendered":"<p>Di salvegera ku\u015ftina niv\u00eeskar \u00fb rojnameger M\u00fbsa Anter de li Diyarbekir\u00ea bernameyek biran\u00een\u00ea hat li darxistin \u00fb be\u015fdaran qurnef\u00eel dan\u00een cih\u00ea M\u00fbsa Anter l\u00ea hat\u00ee ku\u015ftin. Siyasetmedar, rojnameger \u00fb endam\u00ean malbata M\u00fbsa Anter amaje kirin ku M\u00fbsa Anter neteweperwerek h\u00eaja y\u00ea kurd b\u00fb \u00fb xizmetek gir\u00een daye \u00e7and \u00fb ziman\u00ea kurd\u00ee. Beriya 33. Salan di [&hellip;]<\/p>\n","protected":false},"author":2,"featured_media":1049915,"comment_status":"closed","ping_status":"closed","sticky":false,"template":"","format":"standard","meta":{"footnotes":""},"categories":[29],"tags":[37],"class_list":["post-1049914","post","type-post","status-publish","format-standard","has-post-thumbnail","hentry","category-kurdistan","tag-sereke"],"blocksy_meta":[],"seo_head":"<!-- This site is optimized with the Yoast SEO plugin v27.5 - https:\/\/yoast.com\/product\/yoast-seo-wordpress\/ -->\n<title>Rew\u015fenb\u00eer \u00fb niv\u00eeskar\u00ea Kurd M\u00fbsa Anter li cih\u00ea ku hatib\u00fb ku\u015ftin hat b\u00eeran\u00een - Darka Maz\u00ee<\/title>\n<meta name=\"robots\" content=\"index, follow, max-snippet:-1, max-image-preview:large, max-video-preview:-1\" \/>\n<link rel=\"canonical\" href=\"https:\/\/darkamazi.info\/archives\/1049914\" \/>\n<meta property=\"og:locale\" content=\"en_US\" \/>\n<meta property=\"og:type\" content=\"article\" \/>\n<meta property=\"og:title\" content=\"Rew\u015fenb\u00eer \u00fb niv\u00eeskar\u00ea Kurd M\u00fbsa Anter li cih\u00ea ku hatib\u00fb ku\u015ftin hat b\u00eeran\u00een - Darka Maz\u00ee\" \/>\n<meta property=\"og:description\" content=\"Di salvegera ku\u015ftina niv\u00eeskar \u00fb rojnameger M\u00fbsa Anter de li Diyarbekir\u00ea bernameyek biran\u00een\u00ea hat li darxistin \u00fb be\u015fdaran qurnef\u00eel dan\u00een cih\u00ea M\u00fbsa Anter l\u00ea hat\u00ee ku\u015ftin. Siyasetmedar, rojnameger \u00fb endam\u00ean malbata M\u00fbsa Anter amaje kirin ku M\u00fbsa Anter neteweperwerek h\u00eaja y\u00ea kurd b\u00fb \u00fb xizmetek gir\u00een daye \u00e7and \u00fb ziman\u00ea kurd\u00ee. Beriya 33. Salan di [&hellip;]\" \/>\n<meta property=\"og:url\" content=\"https:\/\/darkamazi.info\/archives\/1049914\" \/>\n<meta property=\"og:site_name\" content=\"Darka Maz\u00ee\" \/>\n<meta property=\"article:publisher\" content=\"https:\/\/www.facebook.com\/DarMaziKurmanci\" \/>\n<meta property=\"article:published_time\" content=\"2025-09-20T12:36:27+00:00\" \/>\n<meta property=\"og:image\" content=\"https:\/\/darkamazi.info\/file\/2025\/09\/musa-antar.jpg\" \/>\n\t<meta property=\"og:image:width\" content=\"900\" \/>\n\t<meta property=\"og:image:height\" content=\"497\" \/>\n\t<meta property=\"og:image:type\" content=\"image\/jpeg\" \/>\n<meta name=\"author\" content=\"darka mazi\" \/>\n<meta name=\"twitter:card\" content=\"summary_large_image\" \/>\n<meta name=\"twitter:creator\" content=\"@DarkaMaziLatini\" \/>\n<meta name=\"twitter:site\" content=\"@DarkaMaziLatini\" \/>\n<meta name=\"twitter:label1\" content=\"Written by\" \/>\n\t<meta name=\"twitter:data1\" content=\"darka mazi\" \/>\n\t<meta name=\"twitter:label2\" content=\"Est. reading time\" \/>\n\t<meta name=\"twitter:data2\" content=\"2 minutes\" \/>\n<script type=\"application\/ld+json\" class=\"seo-schema-graph\">{\"@context\":\"https:\\\/\\\/schema.org\",\"@graph\":[{\"@type\":\"Article\",\"@id\":\"https:\\\/\\\/darkamazi.info\\\/archives\\\/1049914#article\",\"isPartOf\":{\"@id\":\"https:\\\/\\\/darkamazi.info\\\/archives\\\/1049914\"},\"author\":{\"name\":\"darka mazi\",\"@id\":\"https:\\\/\\\/darkamazi.info\\\/#\\\/schema\\\/person\\\/5ad3e24553a0567993fa8ed4bd0a776c\"},\"headline\":\"Rew\u015fenb\u00eer \u00fb niv\u00eeskar\u00ea Kurd M\u00fbsa Anter li cih\u00ea ku hatib\u00fb ku\u015ftin hat b\u00eeran\u00een\",\"datePublished\":\"2025-09-20T12:36:27+00:00\",\"mainEntityOfPage\":{\"@id\":\"https:\\\/\\\/darkamazi.info\\\/archives\\\/1049914\"},\"wordCount\":328,\"publisher\":{\"@id\":\"https:\\\/\\\/darkamazi.info\\\/#organization\"},\"image\":{\"@id\":\"https:\\\/\\\/darkamazi.info\\\/archives\\\/1049914#primaryimage\"},\"thumbnailUrl\":\"https:\\\/\\\/darkamazi.info\\\/darka-content\\\/uploads\\\/2025\\\/09\\\/musa-antar.jpg\",\"keywords\":[\"sereke\"],\"articleSection\":[\"Kurdistan\"],\"inLanguage\":\"en-US\"},{\"@type\":\"WebPage\",\"@id\":\"https:\\\/\\\/darkamazi.info\\\/archives\\\/1049914\",\"url\":\"https:\\\/\\\/darkamazi.info\\\/archives\\\/1049914\",\"name\":\"Rew\u015fenb\u00eer \u00fb niv\u00eeskar\u00ea Kurd M\u00fbsa Anter li cih\u00ea ku hatib\u00fb ku\u015ftin hat b\u00eeran\u00een - Darka Maz\u00ee\",\"isPartOf\":{\"@id\":\"https:\\\/\\\/darkamazi.info\\\/#website\"},\"primaryImageOfPage\":{\"@id\":\"https:\\\/\\\/darkamazi.info\\\/archives\\\/1049914#primaryimage\"},\"image\":{\"@id\":\"https:\\\/\\\/darkamazi.info\\\/archives\\\/1049914#primaryimage\"},\"thumbnailUrl\":\"https:\\\/\\\/darkamazi.info\\\/darka-content\\\/uploads\\\/2025\\\/09\\\/musa-antar.jpg\",\"datePublished\":\"2025-09-20T12:36:27+00:00\",\"breadcrumb\":{\"@id\":\"https:\\\/\\\/darkamazi.info\\\/archives\\\/1049914#breadcrumb\"},\"inLanguage\":\"en-US\",\"potentialAction\":[{\"@type\":\"ReadAction\",\"target\":[\"https:\\\/\\\/darkamazi.info\\\/archives\\\/1049914\"]}]},{\"@type\":\"ImageObject\",\"inLanguage\":\"en-US\",\"@id\":\"https:\\\/\\\/darkamazi.info\\\/archives\\\/1049914#primaryimage\",\"url\":\"https:\\\/\\\/darkamazi.info\\\/darka-content\\\/uploads\\\/2025\\\/09\\\/musa-antar.jpg\",\"contentUrl\":\"https:\\\/\\\/darkamazi.info\\\/darka-content\\\/uploads\\\/2025\\\/09\\\/musa-antar.jpg\",\"width\":900,\"height\":497,\"caption\":\"Rew\u015fenb\u00eer \u00fb niv\u00eeskar\u00ea Kurd M\u00fbsa Anter li cih\u00ea ku hatib\u00fb ku\u015ftin hat b\u00eeran\u00een\"},{\"@type\":\"BreadcrumbList\",\"@id\":\"https:\\\/\\\/darkamazi.info\\\/archives\\\/1049914#breadcrumb\",\"itemListElement\":[{\"@type\":\"ListItem\",\"position\":1,\"name\":\"Home\",\"item\":\"https:\\\/\\\/darkamazi.info\\\/\"},{\"@type\":\"ListItem\",\"position\":2,\"name\":\"Rew\u015fenb\u00eer \u00fb niv\u00eeskar\u00ea Kurd M\u00fbsa Anter li cih\u00ea ku hatib\u00fb ku\u015ftin hat b\u00eeran\u00een\"}]},{\"@type\":\"WebSite\",\"@id\":\"https:\\\/\\\/darkamazi.info\\\/#website\",\"url\":\"https:\\\/\\\/darkamazi.info\\\/\",\"name\":\"Darka Maz\u00ee\",\"description\":\"P\u00eageha Zanyariy\u00ean Nebih\u00eest\u00ee\",\"publisher\":{\"@id\":\"https:\\\/\\\/darkamazi.info\\\/#organization\"},\"potentialAction\":[{\"@type\":\"SearchAction\",\"target\":{\"@type\":\"EntryPoint\",\"urlTemplate\":\"https:\\\/\\\/darkamazi.info\\\/?s={search_term_string}\"},\"query-input\":{\"@type\":\"PropertyValueSpecification\",\"valueRequired\":true,\"valueName\":\"search_term_string\"}}],\"inLanguage\":\"en-US\"},{\"@type\":\"Organization\",\"@id\":\"https:\\\/\\\/darkamazi.info\\\/#organization\",\"name\":\"Darka Maz\u00ee\",\"url\":\"https:\\\/\\\/darkamazi.info\\\/\",\"logo\":{\"@type\":\"ImageObject\",\"inLanguage\":\"en-US\",\"@id\":\"https:\\\/\\\/darkamazi.info\\\/#\\\/schema\\\/logo\\\/image\\\/\",\"url\":\"https:\\\/\\\/darkamazi.info\\\/darka-content\\\/uploads\\\/2017\\\/12\\\/darka-mazi-logo.png\",\"contentUrl\":\"https:\\\/\\\/darkamazi.info\\\/darka-content\\\/uploads\\\/2017\\\/12\\\/darka-mazi-logo.png\",\"width\":151,\"height\":75,\"caption\":\"Darka Maz\u00ee\"},\"image\":{\"@id\":\"https:\\\/\\\/darkamazi.info\\\/#\\\/schema\\\/logo\\\/image\\\/\"},\"sameAs\":[\"https:\\\/\\\/www.facebook.com\\\/DarMaziKurmanci\",\"https:\\\/\\\/x.com\\\/DarkaMaziLatini\",\"https:\\\/\\\/www.instagram.com\\\/darkamazi.kurmanci\\\/\",\"https:\\\/\\\/www.youtube.com\\\/channel\\\/UCa5HkTdmI8U1qCUFuTw8B2g\"]},{\"@type\":\"Person\",\"@id\":\"https:\\\/\\\/darkamazi.info\\\/#\\\/schema\\\/person\\\/5ad3e24553a0567993fa8ed4bd0a776c\",\"name\":\"darka mazi\",\"sameAs\":[\"https:\\\/\\\/darkamazi.info\\\/\"],\"url\":\"https:\\\/\\\/darkamazi.info\\\/archives\\\/author\\\/kurdi\"}]}<\/script>\n<!-- \/ Yoast SEO plugin. -->","seo_head_json":{"title":"Rew\u015fenb\u00eer \u00fb niv\u00eeskar\u00ea Kurd M\u00fbsa Anter li cih\u00ea ku hatib\u00fb ku\u015ftin hat b\u00eeran\u00een - Darka Maz\u00ee","robots":{"index":"index","follow":"follow","max-snippet":"max-snippet:-1","max-image-preview":"max-image-preview:large","max-video-preview":"max-video-preview:-1"},"canonical":"https:\/\/darkamazi.info\/archives\/1049914","og_locale":"en_US","og_type":"article","og_title":"Rew\u015fenb\u00eer \u00fb niv\u00eeskar\u00ea Kurd M\u00fbsa Anter li cih\u00ea ku hatib\u00fb ku\u015ftin hat b\u00eeran\u00een - Darka Maz\u00ee","og_description":"Di salvegera ku\u015ftina niv\u00eeskar \u00fb rojnameger M\u00fbsa Anter de li Diyarbekir\u00ea bernameyek biran\u00een\u00ea hat li darxistin \u00fb be\u015fdaran qurnef\u00eel dan\u00een cih\u00ea M\u00fbsa Anter l\u00ea hat\u00ee ku\u015ftin. Siyasetmedar, rojnameger \u00fb endam\u00ean malbata M\u00fbsa Anter amaje kirin ku M\u00fbsa Anter neteweperwerek h\u00eaja y\u00ea kurd b\u00fb \u00fb xizmetek gir\u00een daye \u00e7and \u00fb ziman\u00ea kurd\u00ee. Beriya 33. Salan di [&hellip;]","og_url":"https:\/\/darkamazi.info\/archives\/1049914","og_site_name":"Darka Maz\u00ee","article_publisher":"https:\/\/www.facebook.com\/DarMaziKurmanci","article_published_time":"2025-09-20T12:36:27+00:00","og_image":[{"width":900,"height":497,"url":"https:\/\/darkamazi.info\/file\/2025\/09\/musa-antar.jpg","type":"image\/jpeg"}],"author":"darka mazi","twitter_card":"summary_large_image","twitter_creator":"@DarkaMaziLatini","twitter_site":"@DarkaMaziLatini","twitter_misc":{"Written by":"darka mazi","Est. reading time":"2 minutes"},"schema":{"@context":"https:\/\/schema.org","@graph":[{"@type":"Article","@id":"https:\/\/darkamazi.info\/archives\/1049914#article","isPartOf":{"@id":"https:\/\/darkamazi.info\/archives\/1049914"},"author":{"name":"darka mazi","@id":"https:\/\/darkamazi.info\/#\/schema\/person\/5ad3e24553a0567993fa8ed4bd0a776c"},"headline":"Rew\u015fenb\u00eer \u00fb niv\u00eeskar\u00ea Kurd M\u00fbsa Anter li cih\u00ea ku hatib\u00fb ku\u015ftin hat b\u00eeran\u00een","datePublished":"2025-09-20T12:36:27+00:00","mainEntityOfPage":{"@id":"https:\/\/darkamazi.info\/archives\/1049914"},"wordCount":328,"publisher":{"@id":"https:\/\/darkamazi.info\/#organization"},"image":{"@id":"https:\/\/darkamazi.info\/archives\/1049914#primaryimage"},"thumbnailUrl":"https:\/\/darkamazi.info\/file\/2025\/09\/musa-antar.jpg","keywords":["sereke"],"articleSection":["Kurdistan"],"inLanguage":"en-US"},{"@type":"WebPage","@id":"https:\/\/darkamazi.info\/archives\/1049914","url":"https:\/\/darkamazi.info\/archives\/1049914","name":"Rew\u015fenb\u00eer \u00fb niv\u00eeskar\u00ea Kurd M\u00fbsa Anter li cih\u00ea ku hatib\u00fb ku\u015ftin hat b\u00eeran\u00een - Darka Maz\u00ee","isPartOf":{"@id":"https:\/\/darkamazi.info\/#website"},"primaryImageOfPage":{"@id":"https:\/\/darkamazi.info\/archives\/1049914#primaryimage"},"image":{"@id":"https:\/\/darkamazi.info\/archives\/1049914#primaryimage"},"thumbnailUrl":"https:\/\/darkamazi.info\/file\/2025\/09\/musa-antar.jpg","datePublished":"2025-09-20T12:36:27+00:00","breadcrumb":{"@id":"https:\/\/darkamazi.info\/archives\/1049914#breadcrumb"},"inLanguage":"en-US","potentialAction":[{"@type":"ReadAction","target":["https:\/\/darkamazi.info\/archives\/1049914"]}]},{"@type":"ImageObject","inLanguage":"en-US","@id":"https:\/\/darkamazi.info\/archives\/1049914#primaryimage","url":"https:\/\/darkamazi.info\/file\/2025\/09\/musa-antar.jpg","contentUrl":"https:\/\/darkamazi.info\/file\/2025\/09\/musa-antar.jpg","width":900,"height":497,"caption":"Rew\u015fenb\u00eer \u00fb niv\u00eeskar\u00ea Kurd M\u00fbsa Anter li cih\u00ea ku hatib\u00fb ku\u015ftin hat b\u00eeran\u00een"},{"@type":"BreadcrumbList","@id":"https:\/\/darkamazi.info\/archives\/1049914#breadcrumb","itemListElement":[{"@type":"ListItem","position":1,"name":"Home","item":"https:\/\/darkamazi.info\/"},{"@type":"ListItem","position":2,"name":"Rew\u015fenb\u00eer \u00fb niv\u00eeskar\u00ea Kurd M\u00fbsa Anter li cih\u00ea ku hatib\u00fb ku\u015ftin hat b\u00eeran\u00een"}]},{"@type":"WebSite","@id":"https:\/\/darkamazi.info\/#website","url":"https:\/\/darkamazi.info\/","name":"Darka Maz\u00ee","description":"P\u00eageha Zanyariy\u00ean Nebih\u00eest\u00ee","publisher":{"@id":"https:\/\/darkamazi.info\/#organization"},"potentialAction":[{"@type":"SearchAction","target":{"@type":"EntryPoint","urlTemplate":"https:\/\/darkamazi.info\/?s={search_term_string}"},"query-input":{"@type":"PropertyValueSpecification","valueRequired":true,"valueName":"search_term_string"}}],"inLanguage":"en-US"},{"@type":"Organization","@id":"https:\/\/darkamazi.info\/#organization","name":"Darka Maz\u00ee","url":"https:\/\/darkamazi.info\/","logo":{"@type":"ImageObject","inLanguage":"en-US","@id":"https:\/\/darkamazi.info\/#\/schema\/logo\/image\/","url":"https:\/\/darkamazi.info\/file\/2017\/12\/darka-mazi-logo.png","contentUrl":"https:\/\/darkamazi.info\/file\/2017\/12\/darka-mazi-logo.png","width":151,"height":75,"caption":"Darka Maz\u00ee"},"image":{"@id":"https:\/\/darkamazi.info\/#\/schema\/logo\/image\/"},"sameAs":["https:\/\/www.facebook.com\/DarMaziKurmanci","https:\/\/x.com\/DarkaMaziLatini","https:\/\/www.instagram.com\/darkamazi.kurmanci\/","https:\/\/www.youtube.com\/channel\/UCa5HkTdmI8U1qCUFuTw8B2g"]},{"@type":"Person","@id":"https:\/\/darkamazi.info\/#\/schema\/person\/5ad3e24553a0567993fa8ed4bd0a776c","name":"darka mazi","sameAs":["https:\/\/darkamazi.info\/"],"url":"https:\/\/darkamazi.info\/archives\/author\/kurdi"}]}},"_links":{"self":[{"href":"https:\/\/darkamazi.info\/funavuv\/wp\/v2\/posts\/1049914","targetHints":{"allow":["GET"]}}],"collection":[{"href":"https:\/\/darkamazi.info\/funavuv\/wp\/v2\/posts"}],"about":[{"href":"https:\/\/darkamazi.info\/funavuv\/wp\/v2\/types\/post"}],"author":[{"embeddable":true,"href":"https:\/\/darkamazi.info\/funavuv\/wp\/v2\/users\/2"}],"replies":[{"embeddable":true,"href":"https:\/\/darkamazi.info\/funavuv\/wp\/v2\/comments?post=1049914"}],"version-history":[{"count":0,"href":"https:\/\/darkamazi.info\/funavuv\/wp\/v2\/posts\/1049914\/revisions"}],"wp:featuredmedia":[{"embeddable":true,"href":"https:\/\/darkamazi.info\/funavuv\/wp\/v2\/media\/1049915"}],"wp:attachment":[{"href":"https:\/\/darkamazi.info\/funavuv\/wp\/v2\/media?parent=1049914"}],"wp:term":[{"taxonomy":"category","embeddable":true,"href":"https:\/\/darkamazi.info\/funavuv\/wp\/v2\/categories?post=1049914"},{"taxonomy":"post_tag","embeddable":true,"href":"https:\/\/darkamazi.info\/funavuv\/wp\/v2\/tags?post=1049914"}],"curies":[{"name":"wp","href":"https:\/\/api.w.org\/{rel}","templated":true}]}}