{"id":1049931,"date":"2025-09-22T09:37:43","date_gmt":"2025-09-22T06:37:43","guid":{"rendered":"https:\/\/darkamazi.info\/?p=1049931"},"modified":"2025-09-22T09:37:43","modified_gmt":"2025-09-22T06:37:43","slug":"ehmed-sera-suriyeye-bo-avedankirine-pedivi-bi-hevgirtin-u-planeke-xurt-heye","status":"publish","type":"post","link":"https:\/\/darkamazi.info\/archives\/1049931","title":{"rendered":"Ehmed \u015eera: S\u00fbriyey\u00ea bo avedankirin\u00ea p\u00eadiv\u00ee bi hevgirtin \u00fb planeke xurt heye"},"content":{"rendered":"<h3 style=\"text-align: justify\"><span style=\"font-family: 'arial black', sans-serif\">Serok\u00ea S\u00fbriyey\u00ea Ehmed \u015eera di axaftina xwe ya yek\u00ea de li New York\u00ea ragihand ku, zirar di hem\u00ee sektoran de ber\u00e7av in \u00fb ji bo ji n\u00fb ve avakirina S\u00fbriyeya windab\u00fby\u00ee hewcey\u00ea yek\u00eetiya gel \u00fb planeke xurt e.<\/span><\/h3>\n<h3 style=\"text-align: justify\">Ehmed \u015eera bi \u015fandeke civaka S\u00fbriyey\u00ea li Amer\u00eekay\u00ea re civiya \u00fb tev\u00ee cudahiyan tekez li ser p\u00eadiv\u00eetiya bi yek\u00eetiya netewey\u00ee kir. Herwesa got, &#8220;S\u00fbriye dikare ku careke din bibe b\u00fbka Rojhilata Nav\u00een.&#8221; Amaje j\u00ee da ku, gel\u00ean c\u00eehan\u00ea \u00e7avd\u00eariya b\u00fbyer\u00ean S\u00fbriyey\u00ea dikin \u00fb derfetek\u00ea didin xelk\u00ea S\u00fbriyey\u00ea ku xwe biselim\u00eenin, tev\u00ee zehmetiy\u00ean di r\u00eay\u00ea de.\u201d<\/h3>\n<h3 style=\"text-align: justify\">Ajansa SANAy\u00ea ya n\u00fb\u00e7eyan ragihand ku, Ehmed \u015eera bi serdaneke d\u00eerok\u00ee gih\u00ee\u015ftiye New York\u00ea, ku ji sala 1967\u00ea ve ev tevl\u00eeb\u00fbna yek\u00ea ya serokek\u00ee S\u00fbriyey\u00ea di civ\u00een\u00ean Civata Gi\u015ft\u00ee ya Netewey\u00ean Yekgirt\u00ee de ye.<\/h3>\n<h3 style=\"text-align: justify\">P\u00ea\u015ftir j\u00ee Serok\u00ea S\u00fbriyey\u00ea di hevpeyv\u00eenek\u00ea de ji telev\u00eezyona CBS\u00ea re daxwaz ji c\u00eehan\u00ea kir ku al\u00eekariya S\u00fbriyey\u00ea bikin \u00fb got, &#8220;Ber\u00ea c\u00eehan\u00ea S\u00fbriye t\u00fb\u015f\u00ee karesatan kir, l\u00ea niha her kes dikare bi rakirina cezay\u00ean li ser S\u00fbriyey\u00ea al\u00eekariy\u00ea bike.&#8221;<\/h3>\n<h3 style=\"text-align: justify\">Ehmed \u015eera amaje bi w\u00ea yek\u00ea j\u00ee kir ku, hilwe\u015f\u00eena rej\u00eema Be\u015far Esed li S\u00fbriyey\u00ea b\u00fbye sedem ku hin kom\u00ean \u00e7ekdar \u00ean gir\u00eaday\u00ee welat\u00ean din ji S\u00fbriyey\u00ea derkevin.<\/h3>\n<h3 style=\"text-align: justify\">Serok\u00ea S\u00fbriyey\u00ea di pareke din a axaftina xwe de tekez li ser p\u00eadiv\u00eetiya vegerandina penaber\u00ean S\u00fbriyey\u00ee ji bo welat\u00ea wan kir.<\/h3>\n","protected":false},"excerpt":{"rendered":"<p>Serok\u00ea S\u00fbriyey\u00ea Ehmed \u015eera di axaftina xwe ya yek\u00ea de li New York\u00ea ragihand ku, zirar di hem\u00ee sektoran de ber\u00e7av in \u00fb ji bo ji n\u00fb ve avakirina S\u00fbriyeya windab\u00fby\u00ee hewcey\u00ea yek\u00eetiya gel \u00fb planeke xurt e. Ehmed \u015eera bi \u015fandeke civaka S\u00fbriyey\u00ea li Amer\u00eekay\u00ea re civiya \u00fb tev\u00ee cudahiyan tekez li ser p\u00eadiv\u00eetiya [&hellip;]<\/p>\n","protected":false},"author":2,"featured_media":1049932,"comment_status":"closed","ping_status":"closed","sticky":false,"template":"","format":"standard","meta":{"footnotes":""},"categories":[31],"tags":[37],"class_list":["post-1049931","post","type-post","status-publish","format-standard","has-post-thumbnail","hentry","category-rojhelata-navin","tag-sereke"],"blocksy_meta":[],"seo_head":"<!-- This site is optimized with the Yoast SEO plugin v27.5 - https:\/\/yoast.com\/product\/yoast-seo-wordpress\/ -->\n<title>Ehmed \u015eera: S\u00fbriyey\u00ea bo avedankirin\u00ea p\u00eadiv\u00ee bi hevgirtin \u00fb planeke xurt heye - Darka Maz\u00ee<\/title>\n<meta name=\"robots\" content=\"index, follow, max-snippet:-1, max-image-preview:large, max-video-preview:-1\" \/>\n<link rel=\"canonical\" href=\"https:\/\/darkamazi.info\/archives\/1049931\" \/>\n<meta property=\"og:locale\" content=\"en_US\" \/>\n<meta property=\"og:type\" content=\"article\" \/>\n<meta property=\"og:title\" content=\"Ehmed \u015eera: S\u00fbriyey\u00ea bo avedankirin\u00ea p\u00eadiv\u00ee bi hevgirtin \u00fb planeke xurt heye - Darka Maz\u00ee\" \/>\n<meta property=\"og:description\" content=\"Serok\u00ea S\u00fbriyey\u00ea Ehmed \u015eera di axaftina xwe ya yek\u00ea de li New York\u00ea ragihand ku, zirar di hem\u00ee sektoran de ber\u00e7av in \u00fb ji bo ji n\u00fb ve avakirina S\u00fbriyeya windab\u00fby\u00ee hewcey\u00ea yek\u00eetiya gel \u00fb planeke xurt e. Ehmed \u015eera bi \u015fandeke civaka S\u00fbriyey\u00ea li Amer\u00eekay\u00ea re civiya \u00fb tev\u00ee cudahiyan tekez li ser p\u00eadiv\u00eetiya [&hellip;]\" \/>\n<meta property=\"og:url\" content=\"https:\/\/darkamazi.info\/archives\/1049931\" \/>\n<meta property=\"og:site_name\" content=\"Darka Maz\u00ee\" \/>\n<meta property=\"article:publisher\" content=\"https:\/\/www.facebook.com\/DarMaziKurmanci\" \/>\n<meta property=\"article:published_time\" content=\"2025-09-22T06:37:43+00:00\" \/>\n<meta property=\"og:image\" content=\"https:\/\/darkamazi.info\/file\/2025\/09\/ehmed-sera.jpg\" \/>\n\t<meta property=\"og:image:width\" content=\"900\" \/>\n\t<meta property=\"og:image:height\" content=\"497\" \/>\n\t<meta property=\"og:image:type\" content=\"image\/jpeg\" \/>\n<meta name=\"author\" content=\"darka mazi\" \/>\n<meta name=\"twitter:card\" content=\"summary_large_image\" \/>\n<meta name=\"twitter:creator\" content=\"@DarkaMaziLatini\" \/>\n<meta name=\"twitter:site\" content=\"@DarkaMaziLatini\" \/>\n<meta name=\"twitter:label1\" content=\"Written by\" \/>\n\t<meta name=\"twitter:data1\" content=\"darka mazi\" \/>\n\t<meta name=\"twitter:label2\" content=\"Est. reading time\" \/>\n\t<meta name=\"twitter:data2\" content=\"2 minutes\" \/>\n<script type=\"application\/ld+json\" class=\"seo-schema-graph\">{\"@context\":\"https:\\\/\\\/schema.org\",\"@graph\":[{\"@type\":\"Article\",\"@id\":\"https:\\\/\\\/darkamazi.info\\\/archives\\\/1049931#article\",\"isPartOf\":{\"@id\":\"https:\\\/\\\/darkamazi.info\\\/archives\\\/1049931\"},\"author\":{\"name\":\"darka mazi\",\"@id\":\"https:\\\/\\\/darkamazi.info\\\/#\\\/schema\\\/person\\\/5ad3e24553a0567993fa8ed4bd0a776c\"},\"headline\":\"Ehmed \u015eera: S\u00fbriyey\u00ea bo avedankirin\u00ea p\u00eadiv\u00ee bi hevgirtin \u00fb planeke xurt heye\",\"datePublished\":\"2025-09-22T06:37:43+00:00\",\"mainEntityOfPage\":{\"@id\":\"https:\\\/\\\/darkamazi.info\\\/archives\\\/1049931\"},\"wordCount\":282,\"publisher\":{\"@id\":\"https:\\\/\\\/darkamazi.info\\\/#organization\"},\"image\":{\"@id\":\"https:\\\/\\\/darkamazi.info\\\/archives\\\/1049931#primaryimage\"},\"thumbnailUrl\":\"https:\\\/\\\/darkamazi.info\\\/darka-content\\\/uploads\\\/2025\\\/09\\\/ehmed-sera.jpg\",\"keywords\":[\"sereke\"],\"articleSection\":[\"Rojhelata nav\u00een\"],\"inLanguage\":\"en-US\"},{\"@type\":\"WebPage\",\"@id\":\"https:\\\/\\\/darkamazi.info\\\/archives\\\/1049931\",\"url\":\"https:\\\/\\\/darkamazi.info\\\/archives\\\/1049931\",\"name\":\"Ehmed \u015eera: S\u00fbriyey\u00ea bo avedankirin\u00ea p\u00eadiv\u00ee bi hevgirtin \u00fb planeke xurt heye - Darka Maz\u00ee\",\"isPartOf\":{\"@id\":\"https:\\\/\\\/darkamazi.info\\\/#website\"},\"primaryImageOfPage\":{\"@id\":\"https:\\\/\\\/darkamazi.info\\\/archives\\\/1049931#primaryimage\"},\"image\":{\"@id\":\"https:\\\/\\\/darkamazi.info\\\/archives\\\/1049931#primaryimage\"},\"thumbnailUrl\":\"https:\\\/\\\/darkamazi.info\\\/darka-content\\\/uploads\\\/2025\\\/09\\\/ehmed-sera.jpg\",\"datePublished\":\"2025-09-22T06:37:43+00:00\",\"breadcrumb\":{\"@id\":\"https:\\\/\\\/darkamazi.info\\\/archives\\\/1049931#breadcrumb\"},\"inLanguage\":\"en-US\",\"potentialAction\":[{\"@type\":\"ReadAction\",\"target\":[\"https:\\\/\\\/darkamazi.info\\\/archives\\\/1049931\"]}]},{\"@type\":\"ImageObject\",\"inLanguage\":\"en-US\",\"@id\":\"https:\\\/\\\/darkamazi.info\\\/archives\\\/1049931#primaryimage\",\"url\":\"https:\\\/\\\/darkamazi.info\\\/darka-content\\\/uploads\\\/2025\\\/09\\\/ehmed-sera.jpg\",\"contentUrl\":\"https:\\\/\\\/darkamazi.info\\\/darka-content\\\/uploads\\\/2025\\\/09\\\/ehmed-sera.jpg\",\"width\":900,\"height\":497,\"caption\":\"Ehmed \u015eera: S\u00fbriyey\u00ea bo avedankirin\u00ea p\u00eadiv\u00ee bi hevgirtin \u00fb planeke xurt heye\"},{\"@type\":\"BreadcrumbList\",\"@id\":\"https:\\\/\\\/darkamazi.info\\\/archives\\\/1049931#breadcrumb\",\"itemListElement\":[{\"@type\":\"ListItem\",\"position\":1,\"name\":\"Home\",\"item\":\"https:\\\/\\\/darkamazi.info\\\/\"},{\"@type\":\"ListItem\",\"position\":2,\"name\":\"Ehmed \u015eera: S\u00fbriyey\u00ea bo avedankirin\u00ea p\u00eadiv\u00ee bi hevgirtin \u00fb planeke xurt heye\"}]},{\"@type\":\"WebSite\",\"@id\":\"https:\\\/\\\/darkamazi.info\\\/#website\",\"url\":\"https:\\\/\\\/darkamazi.info\\\/\",\"name\":\"Darka Maz\u00ee\",\"description\":\"P\u00eageha Zanyariy\u00ean Nebih\u00eest\u00ee\",\"publisher\":{\"@id\":\"https:\\\/\\\/darkamazi.info\\\/#organization\"},\"potentialAction\":[{\"@type\":\"SearchAction\",\"target\":{\"@type\":\"EntryPoint\",\"urlTemplate\":\"https:\\\/\\\/darkamazi.info\\\/?s={search_term_string}\"},\"query-input\":{\"@type\":\"PropertyValueSpecification\",\"valueRequired\":true,\"valueName\":\"search_term_string\"}}],\"inLanguage\":\"en-US\"},{\"@type\":\"Organization\",\"@id\":\"https:\\\/\\\/darkamazi.info\\\/#organization\",\"name\":\"Darka Maz\u00ee\",\"url\":\"https:\\\/\\\/darkamazi.info\\\/\",\"logo\":{\"@type\":\"ImageObject\",\"inLanguage\":\"en-US\",\"@id\":\"https:\\\/\\\/darkamazi.info\\\/#\\\/schema\\\/logo\\\/image\\\/\",\"url\":\"https:\\\/\\\/darkamazi.info\\\/darka-content\\\/uploads\\\/2017\\\/12\\\/darka-mazi-logo.png\",\"contentUrl\":\"https:\\\/\\\/darkamazi.info\\\/darka-content\\\/uploads\\\/2017\\\/12\\\/darka-mazi-logo.png\",\"width\":151,\"height\":75,\"caption\":\"Darka Maz\u00ee\"},\"image\":{\"@id\":\"https:\\\/\\\/darkamazi.info\\\/#\\\/schema\\\/logo\\\/image\\\/\"},\"sameAs\":[\"https:\\\/\\\/www.facebook.com\\\/DarMaziKurmanci\",\"https:\\\/\\\/x.com\\\/DarkaMaziLatini\",\"https:\\\/\\\/www.instagram.com\\\/darkamazi.kurmanci\\\/\",\"https:\\\/\\\/www.youtube.com\\\/channel\\\/UCa5HkTdmI8U1qCUFuTw8B2g\"]},{\"@type\":\"Person\",\"@id\":\"https:\\\/\\\/darkamazi.info\\\/#\\\/schema\\\/person\\\/5ad3e24553a0567993fa8ed4bd0a776c\",\"name\":\"darka mazi\",\"sameAs\":[\"https:\\\/\\\/darkamazi.info\\\/\"],\"url\":\"https:\\\/\\\/darkamazi.info\\\/archives\\\/author\\\/kurdi\"}]}<\/script>\n<!-- \/ Yoast SEO plugin. -->","seo_head_json":{"title":"Ehmed \u015eera: S\u00fbriyey\u00ea bo avedankirin\u00ea p\u00eadiv\u00ee bi hevgirtin \u00fb planeke xurt heye - Darka Maz\u00ee","robots":{"index":"index","follow":"follow","max-snippet":"max-snippet:-1","max-image-preview":"max-image-preview:large","max-video-preview":"max-video-preview:-1"},"canonical":"https:\/\/darkamazi.info\/archives\/1049931","og_locale":"en_US","og_type":"article","og_title":"Ehmed \u015eera: S\u00fbriyey\u00ea bo avedankirin\u00ea p\u00eadiv\u00ee bi hevgirtin \u00fb planeke xurt heye - Darka Maz\u00ee","og_description":"Serok\u00ea S\u00fbriyey\u00ea Ehmed \u015eera di axaftina xwe ya yek\u00ea de li New York\u00ea ragihand ku, zirar di hem\u00ee sektoran de ber\u00e7av in \u00fb ji bo ji n\u00fb ve avakirina S\u00fbriyeya windab\u00fby\u00ee hewcey\u00ea yek\u00eetiya gel \u00fb planeke xurt e. Ehmed \u015eera bi \u015fandeke civaka S\u00fbriyey\u00ea li Amer\u00eekay\u00ea re civiya \u00fb tev\u00ee cudahiyan tekez li ser p\u00eadiv\u00eetiya [&hellip;]","og_url":"https:\/\/darkamazi.info\/archives\/1049931","og_site_name":"Darka Maz\u00ee","article_publisher":"https:\/\/www.facebook.com\/DarMaziKurmanci","article_published_time":"2025-09-22T06:37:43+00:00","og_image":[{"width":900,"height":497,"url":"https:\/\/darkamazi.info\/file\/2025\/09\/ehmed-sera.jpg","type":"image\/jpeg"}],"author":"darka mazi","twitter_card":"summary_large_image","twitter_creator":"@DarkaMaziLatini","twitter_site":"@DarkaMaziLatini","twitter_misc":{"Written by":"darka mazi","Est. reading time":"2 minutes"},"schema":{"@context":"https:\/\/schema.org","@graph":[{"@type":"Article","@id":"https:\/\/darkamazi.info\/archives\/1049931#article","isPartOf":{"@id":"https:\/\/darkamazi.info\/archives\/1049931"},"author":{"name":"darka mazi","@id":"https:\/\/darkamazi.info\/#\/schema\/person\/5ad3e24553a0567993fa8ed4bd0a776c"},"headline":"Ehmed \u015eera: S\u00fbriyey\u00ea bo avedankirin\u00ea p\u00eadiv\u00ee bi hevgirtin \u00fb planeke xurt heye","datePublished":"2025-09-22T06:37:43+00:00","mainEntityOfPage":{"@id":"https:\/\/darkamazi.info\/archives\/1049931"},"wordCount":282,"publisher":{"@id":"https:\/\/darkamazi.info\/#organization"},"image":{"@id":"https:\/\/darkamazi.info\/archives\/1049931#primaryimage"},"thumbnailUrl":"https:\/\/darkamazi.info\/file\/2025\/09\/ehmed-sera.jpg","keywords":["sereke"],"articleSection":["Rojhelata nav\u00een"],"inLanguage":"en-US"},{"@type":"WebPage","@id":"https:\/\/darkamazi.info\/archives\/1049931","url":"https:\/\/darkamazi.info\/archives\/1049931","name":"Ehmed \u015eera: S\u00fbriyey\u00ea bo avedankirin\u00ea p\u00eadiv\u00ee bi hevgirtin \u00fb planeke xurt heye - Darka Maz\u00ee","isPartOf":{"@id":"https:\/\/darkamazi.info\/#website"},"primaryImageOfPage":{"@id":"https:\/\/darkamazi.info\/archives\/1049931#primaryimage"},"image":{"@id":"https:\/\/darkamazi.info\/archives\/1049931#primaryimage"},"thumbnailUrl":"https:\/\/darkamazi.info\/file\/2025\/09\/ehmed-sera.jpg","datePublished":"2025-09-22T06:37:43+00:00","breadcrumb":{"@id":"https:\/\/darkamazi.info\/archives\/1049931#breadcrumb"},"inLanguage":"en-US","potentialAction":[{"@type":"ReadAction","target":["https:\/\/darkamazi.info\/archives\/1049931"]}]},{"@type":"ImageObject","inLanguage":"en-US","@id":"https:\/\/darkamazi.info\/archives\/1049931#primaryimage","url":"https:\/\/darkamazi.info\/file\/2025\/09\/ehmed-sera.jpg","contentUrl":"https:\/\/darkamazi.info\/file\/2025\/09\/ehmed-sera.jpg","width":900,"height":497,"caption":"Ehmed \u015eera: S\u00fbriyey\u00ea bo avedankirin\u00ea p\u00eadiv\u00ee bi hevgirtin \u00fb planeke xurt heye"},{"@type":"BreadcrumbList","@id":"https:\/\/darkamazi.info\/archives\/1049931#breadcrumb","itemListElement":[{"@type":"ListItem","position":1,"name":"Home","item":"https:\/\/darkamazi.info\/"},{"@type":"ListItem","position":2,"name":"Ehmed \u015eera: S\u00fbriyey\u00ea bo avedankirin\u00ea p\u00eadiv\u00ee bi hevgirtin \u00fb planeke xurt heye"}]},{"@type":"WebSite","@id":"https:\/\/darkamazi.info\/#website","url":"https:\/\/darkamazi.info\/","name":"Darka Maz\u00ee","description":"P\u00eageha Zanyariy\u00ean Nebih\u00eest\u00ee","publisher":{"@id":"https:\/\/darkamazi.info\/#organization"},"potentialAction":[{"@type":"SearchAction","target":{"@type":"EntryPoint","urlTemplate":"https:\/\/darkamazi.info\/?s={search_term_string}"},"query-input":{"@type":"PropertyValueSpecification","valueRequired":true,"valueName":"search_term_string"}}],"inLanguage":"en-US"},{"@type":"Organization","@id":"https:\/\/darkamazi.info\/#organization","name":"Darka Maz\u00ee","url":"https:\/\/darkamazi.info\/","logo":{"@type":"ImageObject","inLanguage":"en-US","@id":"https:\/\/darkamazi.info\/#\/schema\/logo\/image\/","url":"https:\/\/darkamazi.info\/file\/2017\/12\/darka-mazi-logo.png","contentUrl":"https:\/\/darkamazi.info\/file\/2017\/12\/darka-mazi-logo.png","width":151,"height":75,"caption":"Darka Maz\u00ee"},"image":{"@id":"https:\/\/darkamazi.info\/#\/schema\/logo\/image\/"},"sameAs":["https:\/\/www.facebook.com\/DarMaziKurmanci","https:\/\/x.com\/DarkaMaziLatini","https:\/\/www.instagram.com\/darkamazi.kurmanci\/","https:\/\/www.youtube.com\/channel\/UCa5HkTdmI8U1qCUFuTw8B2g"]},{"@type":"Person","@id":"https:\/\/darkamazi.info\/#\/schema\/person\/5ad3e24553a0567993fa8ed4bd0a776c","name":"darka mazi","sameAs":["https:\/\/darkamazi.info\/"],"url":"https:\/\/darkamazi.info\/archives\/author\/kurdi"}]}},"_links":{"self":[{"href":"https:\/\/darkamazi.info\/funavuv\/wp\/v2\/posts\/1049931","targetHints":{"allow":["GET"]}}],"collection":[{"href":"https:\/\/darkamazi.info\/funavuv\/wp\/v2\/posts"}],"about":[{"href":"https:\/\/darkamazi.info\/funavuv\/wp\/v2\/types\/post"}],"author":[{"embeddable":true,"href":"https:\/\/darkamazi.info\/funavuv\/wp\/v2\/users\/2"}],"replies":[{"embeddable":true,"href":"https:\/\/darkamazi.info\/funavuv\/wp\/v2\/comments?post=1049931"}],"version-history":[{"count":0,"href":"https:\/\/darkamazi.info\/funavuv\/wp\/v2\/posts\/1049931\/revisions"}],"wp:featuredmedia":[{"embeddable":true,"href":"https:\/\/darkamazi.info\/funavuv\/wp\/v2\/media\/1049932"}],"wp:attachment":[{"href":"https:\/\/darkamazi.info\/funavuv\/wp\/v2\/media?parent=1049931"}],"wp:term":[{"taxonomy":"category","embeddable":true,"href":"https:\/\/darkamazi.info\/funavuv\/wp\/v2\/categories?post=1049931"},{"taxonomy":"post_tag","embeddable":true,"href":"https:\/\/darkamazi.info\/funavuv\/wp\/v2\/tags?post=1049931"}],"curies":[{"name":"wp","href":"https:\/\/api.w.org\/{rel}","templated":true}]}}