{"id":1049952,"date":"2025-09-23T12:03:25","date_gmt":"2025-09-23T09:03:25","guid":{"rendered":"https:\/\/darkamazi.info\/?p=1049952"},"modified":"2025-09-23T12:03:25","modified_gmt":"2025-09-23T09:03:25","slug":"parlamentere-dem-partiye-heqareta-li-sex-seid-erisa-li-diji-gele-kurd-e","status":"publish","type":"post","link":"https:\/\/darkamazi.info\/archives\/1049952","title":{"rendered":"Parlamenter\u00ea DEM Partiy\u00ea: Heqareta li \u015e\u00eax Se\u00eed \u00eari\u015fa li dij\u00ee gel\u00ea Kurd e"},"content":{"rendered":"<h3 style=\"text-align: justify\"><span style=\"font-family: 'arial black', sans-serif\">Parlamenter\u00ea DEM Partiy\u00ea Serhat Eren, bertekeke tund n\u00ee\u015fan\u00ee heqaret\u00ean ku di bernameyeke li ser kanala YouTubey\u00ea de li \u015e\u00eax Se\u00eed hatin kirin da \u00fb ragihand ku ev \u00eari\u015f ne ten\u00ea li dij\u00ee kesayetiyek\u00ea her wiha li dij\u00ee bi milyonan Kurd e.<\/span><\/h3>\n<h3 style=\"text-align: justify\"><span style=\"font-family: arial, helvetica, sans-serif\">Parlamenter\u00ea DEM Partiy\u00ea Serhat Eren \u00eero li ser hesab\u00ea xwe y\u00ea X\u00ea derbar\u00ea bernameya \u201c\u015eer\u00ea Sar\u201cpeyamek belav kir.<\/span><\/h3>\n<h3 style=\"text-align: justify\"><span style=\"font-family: arial, helvetica, sans-serif\">\u00car\u00ee\u015feke li dij\u00ee bi milyonan Kurd e`<\/span><\/h3>\n<h3 style=\"text-align: justify\"><span style=\"font-family: arial, helvetica, sans-serif\">Eren di peyama xwe de wiha got:<\/span><\/h3>\n<h3 style=\"text-align: justify\"><span style=\"font-family: arial, helvetica, sans-serif\">&#8220;Got\u0131n\u00ean bi\u00e7\u00fbkxistin\u00ea y\u00ean derheq\u00ea \u015e\u00eax Se\u00eed ku li kanala YouTubey\u00ea ya bi nav\u00ea \u015eer\u00ea Sar \u00a0hatine bikaran\u00een, ne ten\u00ea \u00ear\u00ee\u015feke li dij\u00ee kesayetiyek\u00ea her wiha \u00ear\u00ee\u015feke li dij\u00ee bi m\u00eelyonan Kurdan e.<\/span><\/h3>\n<h3 style=\"text-align: justify\"><span style=\"font-family: arial, helvetica, sans-serif\">Bi nav\u00ea &#8216;m\u00eezah\u00ea&#8217; re\u015fkirina r\u00eaber\u00ean d\u00eerok\u00ee y\u00ean v\u00ea ax\u00ea ne a\u015ftiya civak\u00ee l\u00ea dijminatiy\u00ea z\u00eade dike.<\/span><\/h3>\n<h3 style=\"text-align: justify\"><span style=\"font-family: arial, helvetica, sans-serif\">\u015e\u00eax Se\u00eed, Sey\u00eed Riza \u00fb gelek nirx\u00ean din, r\u00fbmet \u00fb b\u00eera berxwedan\u00ea ya gel\u00ea Kurd in.<\/span><\/h3>\n<h3 style=\"text-align: justify\"><span style=\"font-family: arial, helvetica, sans-serif\">Gel\u00ea Kurd doh j\u00ee li nirx\u00ean xwe xwed\u00ee derket \u00eero j\u00ee derdikeve.<\/span><\/h3>\n<h3 style=\"text-align: justify\"><span style=\"font-family: arial, helvetica, sans-serif\">Derew\u00ean her\u00ee dir\u00eaj \u00fb berfireh \u00ean dewleta Tirk, li ser re\u015fkirin \u00fb \u00eenkarkirina r\u00eaber\u00ean Kurd hatine avakirin.<\/span><\/h3>\n<h3 style=\"text-align: justify\"><span style=\"font-family: arial, helvetica, sans-serif\">\u00cad\u00ee div\u00ea derew, \u00eenkar \u00fb dijminatiya 100 sal\u00ee bi daw\u00ee bibe.&#8221;<\/span><\/h3>\n<h3 style=\"text-align: justify\"><span style=\"font-family: arial, helvetica, sans-serif\">&#8220;Heqaret b\u00fb sedema neraz\u00eeb\u00fbn\u00ea&#8221;<\/span><\/h3>\n<h3 style=\"text-align: justify\"><span style=\"font-family: arial, helvetica, sans-serif\">Di bernameya navbor\u00ee ya li ser kanala YouTubey\u00ea de, darvekirina \u015e\u00eax Se\u00eed t\u00ea bib\u00eeran\u00een \u00fb gotin\u00ean heqaret\u00ea l\u00ea t\u00ean kirin.<\/span><\/h3>\n<h3 style=\"text-align: justify\"><span style=\"font-family: arial, helvetica, sans-serif\">Ev yek li ser medyaya civak\u00ee rast\u00ee bertek\u00ean tund hat \u00fb gelek bikarh\u00eaneran bang\u00ee saziy\u00ean p\u00eawend\u00eedar kir ku li hember\u00ee van gotinan erk\u00ea xwe bi cih b\u00eenin.<\/span><\/h3>\n","protected":false},"excerpt":{"rendered":"<p>Parlamenter\u00ea DEM Partiy\u00ea Serhat Eren, bertekeke tund n\u00ee\u015fan\u00ee heqaret\u00ean ku di bernameyeke li ser kanala YouTubey\u00ea de li \u015e\u00eax Se\u00eed hatin kirin da \u00fb ragihand ku ev \u00eari\u015f ne ten\u00ea li dij\u00ee kesayetiyek\u00ea her wiha li dij\u00ee bi milyonan Kurd e. Parlamenter\u00ea DEM Partiy\u00ea Serhat Eren \u00eero li ser hesab\u00ea xwe y\u00ea X\u00ea derbar\u00ea bernameya [&hellip;]<\/p>\n","protected":false},"author":2,"featured_media":1049953,"comment_status":"closed","ping_status":"closed","sticky":false,"template":"","format":"standard","meta":{"footnotes":""},"categories":[29],"tags":[37],"class_list":["post-1049952","post","type-post","status-publish","format-standard","has-post-thumbnail","hentry","category-kurdistan","tag-sereke"],"blocksy_meta":[],"seo_head":"<!-- This site is optimized with the Yoast SEO plugin v27.5 - https:\/\/yoast.com\/product\/yoast-seo-wordpress\/ -->\n<title>Parlamenter\u00ea DEM Partiy\u00ea: Heqareta li \u015e\u00eax Se\u00eed \u00eari\u015fa li dij\u00ee gel\u00ea Kurd e - Darka Maz\u00ee<\/title>\n<meta name=\"robots\" content=\"index, follow, max-snippet:-1, max-image-preview:large, max-video-preview:-1\" \/>\n<link rel=\"canonical\" href=\"https:\/\/darkamazi.info\/archives\/1049952\" \/>\n<meta property=\"og:locale\" content=\"en_US\" \/>\n<meta property=\"og:type\" content=\"article\" \/>\n<meta property=\"og:title\" content=\"Parlamenter\u00ea DEM Partiy\u00ea: Heqareta li \u015e\u00eax Se\u00eed \u00eari\u015fa li dij\u00ee gel\u00ea Kurd e - Darka Maz\u00ee\" \/>\n<meta property=\"og:description\" content=\"Parlamenter\u00ea DEM Partiy\u00ea Serhat Eren, bertekeke tund n\u00ee\u015fan\u00ee heqaret\u00ean ku di bernameyeke li ser kanala YouTubey\u00ea de li \u015e\u00eax Se\u00eed hatin kirin da \u00fb ragihand ku ev \u00eari\u015f ne ten\u00ea li dij\u00ee kesayetiyek\u00ea her wiha li dij\u00ee bi milyonan Kurd e. Parlamenter\u00ea DEM Partiy\u00ea Serhat Eren \u00eero li ser hesab\u00ea xwe y\u00ea X\u00ea derbar\u00ea bernameya [&hellip;]\" \/>\n<meta property=\"og:url\" content=\"https:\/\/darkamazi.info\/archives\/1049952\" \/>\n<meta property=\"og:site_name\" content=\"Darka Maz\u00ee\" \/>\n<meta property=\"article:publisher\" content=\"https:\/\/www.facebook.com\/DarMaziKurmanci\" \/>\n<meta property=\"article:published_time\" content=\"2025-09-23T09:03:25+00:00\" \/>\n<meta property=\"og:image\" content=\"https:\/\/darkamazi.info\/file\/2025\/09\/Sex-Seid-Kurd.jpg\" \/>\n\t<meta property=\"og:image:width\" content=\"900\" \/>\n\t<meta property=\"og:image:height\" content=\"500\" \/>\n\t<meta property=\"og:image:type\" content=\"image\/jpeg\" \/>\n<meta name=\"author\" content=\"darka mazi\" \/>\n<meta name=\"twitter:card\" content=\"summary_large_image\" \/>\n<meta name=\"twitter:creator\" content=\"@DarkaMaziLatini\" \/>\n<meta name=\"twitter:site\" content=\"@DarkaMaziLatini\" \/>\n<meta name=\"twitter:label1\" content=\"Written by\" \/>\n\t<meta name=\"twitter:data1\" content=\"darka mazi\" \/>\n\t<meta name=\"twitter:label2\" content=\"Est. reading time\" \/>\n\t<meta name=\"twitter:data2\" content=\"2 minutes\" \/>\n<script type=\"application\/ld+json\" class=\"seo-schema-graph\">{\"@context\":\"https:\\\/\\\/schema.org\",\"@graph\":[{\"@type\":\"Article\",\"@id\":\"https:\\\/\\\/darkamazi.info\\\/archives\\\/1049952#article\",\"isPartOf\":{\"@id\":\"https:\\\/\\\/darkamazi.info\\\/archives\\\/1049952\"},\"author\":{\"name\":\"darka mazi\",\"@id\":\"https:\\\/\\\/darkamazi.info\\\/#\\\/schema\\\/person\\\/5ad3e24553a0567993fa8ed4bd0a776c\"},\"headline\":\"Parlamenter\u00ea DEM Partiy\u00ea: Heqareta li \u015e\u00eax Se\u00eed \u00eari\u015fa li dij\u00ee gel\u00ea Kurd e\",\"datePublished\":\"2025-09-23T09:03:25+00:00\",\"mainEntityOfPage\":{\"@id\":\"https:\\\/\\\/darkamazi.info\\\/archives\\\/1049952\"},\"wordCount\":280,\"publisher\":{\"@id\":\"https:\\\/\\\/darkamazi.info\\\/#organization\"},\"image\":{\"@id\":\"https:\\\/\\\/darkamazi.info\\\/archives\\\/1049952#primaryimage\"},\"thumbnailUrl\":\"https:\\\/\\\/darkamazi.info\\\/darka-content\\\/uploads\\\/2025\\\/09\\\/Sex-Seid-Kurd.jpg\",\"keywords\":[\"sereke\"],\"articleSection\":[\"Kurdistan\"],\"inLanguage\":\"en-US\"},{\"@type\":\"WebPage\",\"@id\":\"https:\\\/\\\/darkamazi.info\\\/archives\\\/1049952\",\"url\":\"https:\\\/\\\/darkamazi.info\\\/archives\\\/1049952\",\"name\":\"Parlamenter\u00ea DEM Partiy\u00ea: Heqareta li \u015e\u00eax Se\u00eed \u00eari\u015fa li dij\u00ee gel\u00ea Kurd e - Darka Maz\u00ee\",\"isPartOf\":{\"@id\":\"https:\\\/\\\/darkamazi.info\\\/#website\"},\"primaryImageOfPage\":{\"@id\":\"https:\\\/\\\/darkamazi.info\\\/archives\\\/1049952#primaryimage\"},\"image\":{\"@id\":\"https:\\\/\\\/darkamazi.info\\\/archives\\\/1049952#primaryimage\"},\"thumbnailUrl\":\"https:\\\/\\\/darkamazi.info\\\/darka-content\\\/uploads\\\/2025\\\/09\\\/Sex-Seid-Kurd.jpg\",\"datePublished\":\"2025-09-23T09:03:25+00:00\",\"breadcrumb\":{\"@id\":\"https:\\\/\\\/darkamazi.info\\\/archives\\\/1049952#breadcrumb\"},\"inLanguage\":\"en-US\",\"potentialAction\":[{\"@type\":\"ReadAction\",\"target\":[\"https:\\\/\\\/darkamazi.info\\\/archives\\\/1049952\"]}]},{\"@type\":\"ImageObject\",\"inLanguage\":\"en-US\",\"@id\":\"https:\\\/\\\/darkamazi.info\\\/archives\\\/1049952#primaryimage\",\"url\":\"https:\\\/\\\/darkamazi.info\\\/darka-content\\\/uploads\\\/2025\\\/09\\\/Sex-Seid-Kurd.jpg\",\"contentUrl\":\"https:\\\/\\\/darkamazi.info\\\/darka-content\\\/uploads\\\/2025\\\/09\\\/Sex-Seid-Kurd.jpg\",\"width\":900,\"height\":500,\"caption\":\"\u015e\u00eax Se\u00eed - Kurd\"},{\"@type\":\"BreadcrumbList\",\"@id\":\"https:\\\/\\\/darkamazi.info\\\/archives\\\/1049952#breadcrumb\",\"itemListElement\":[{\"@type\":\"ListItem\",\"position\":1,\"name\":\"Home\",\"item\":\"https:\\\/\\\/darkamazi.info\\\/\"},{\"@type\":\"ListItem\",\"position\":2,\"name\":\"Parlamenter\u00ea DEM Partiy\u00ea: Heqareta li \u015e\u00eax Se\u00eed \u00eari\u015fa li dij\u00ee gel\u00ea Kurd e\"}]},{\"@type\":\"WebSite\",\"@id\":\"https:\\\/\\\/darkamazi.info\\\/#website\",\"url\":\"https:\\\/\\\/darkamazi.info\\\/\",\"name\":\"Darka Maz\u00ee\",\"description\":\"P\u00eageha Zanyariy\u00ean Nebih\u00eest\u00ee\",\"publisher\":{\"@id\":\"https:\\\/\\\/darkamazi.info\\\/#organization\"},\"potentialAction\":[{\"@type\":\"SearchAction\",\"target\":{\"@type\":\"EntryPoint\",\"urlTemplate\":\"https:\\\/\\\/darkamazi.info\\\/?s={search_term_string}\"},\"query-input\":{\"@type\":\"PropertyValueSpecification\",\"valueRequired\":true,\"valueName\":\"search_term_string\"}}],\"inLanguage\":\"en-US\"},{\"@type\":\"Organization\",\"@id\":\"https:\\\/\\\/darkamazi.info\\\/#organization\",\"name\":\"Darka Maz\u00ee\",\"url\":\"https:\\\/\\\/darkamazi.info\\\/\",\"logo\":{\"@type\":\"ImageObject\",\"inLanguage\":\"en-US\",\"@id\":\"https:\\\/\\\/darkamazi.info\\\/#\\\/schema\\\/logo\\\/image\\\/\",\"url\":\"https:\\\/\\\/darkamazi.info\\\/darka-content\\\/uploads\\\/2017\\\/12\\\/darka-mazi-logo.png\",\"contentUrl\":\"https:\\\/\\\/darkamazi.info\\\/darka-content\\\/uploads\\\/2017\\\/12\\\/darka-mazi-logo.png\",\"width\":151,\"height\":75,\"caption\":\"Darka Maz\u00ee\"},\"image\":{\"@id\":\"https:\\\/\\\/darkamazi.info\\\/#\\\/schema\\\/logo\\\/image\\\/\"},\"sameAs\":[\"https:\\\/\\\/www.facebook.com\\\/DarMaziKurmanci\",\"https:\\\/\\\/x.com\\\/DarkaMaziLatini\",\"https:\\\/\\\/www.instagram.com\\\/darkamazi.kurmanci\\\/\",\"https:\\\/\\\/www.youtube.com\\\/channel\\\/UCa5HkTdmI8U1qCUFuTw8B2g\"]},{\"@type\":\"Person\",\"@id\":\"https:\\\/\\\/darkamazi.info\\\/#\\\/schema\\\/person\\\/5ad3e24553a0567993fa8ed4bd0a776c\",\"name\":\"darka mazi\",\"sameAs\":[\"https:\\\/\\\/darkamazi.info\\\/\"],\"url\":\"https:\\\/\\\/darkamazi.info\\\/archives\\\/author\\\/kurdi\"}]}<\/script>\n<!-- \/ Yoast SEO plugin. -->","seo_head_json":{"title":"Parlamenter\u00ea DEM Partiy\u00ea: Heqareta li \u015e\u00eax Se\u00eed \u00eari\u015fa li dij\u00ee gel\u00ea Kurd e - Darka Maz\u00ee","robots":{"index":"index","follow":"follow","max-snippet":"max-snippet:-1","max-image-preview":"max-image-preview:large","max-video-preview":"max-video-preview:-1"},"canonical":"https:\/\/darkamazi.info\/archives\/1049952","og_locale":"en_US","og_type":"article","og_title":"Parlamenter\u00ea DEM Partiy\u00ea: Heqareta li \u015e\u00eax Se\u00eed \u00eari\u015fa li dij\u00ee gel\u00ea Kurd e - Darka Maz\u00ee","og_description":"Parlamenter\u00ea DEM Partiy\u00ea Serhat Eren, bertekeke tund n\u00ee\u015fan\u00ee heqaret\u00ean ku di bernameyeke li ser kanala YouTubey\u00ea de li \u015e\u00eax Se\u00eed hatin kirin da \u00fb ragihand ku ev \u00eari\u015f ne ten\u00ea li dij\u00ee kesayetiyek\u00ea her wiha li dij\u00ee bi milyonan Kurd e. Parlamenter\u00ea DEM Partiy\u00ea Serhat Eren \u00eero li ser hesab\u00ea xwe y\u00ea X\u00ea derbar\u00ea bernameya [&hellip;]","og_url":"https:\/\/darkamazi.info\/archives\/1049952","og_site_name":"Darka Maz\u00ee","article_publisher":"https:\/\/www.facebook.com\/DarMaziKurmanci","article_published_time":"2025-09-23T09:03:25+00:00","og_image":[{"width":900,"height":500,"url":"https:\/\/darkamazi.info\/file\/2025\/09\/Sex-Seid-Kurd.jpg","type":"image\/jpeg"}],"author":"darka mazi","twitter_card":"summary_large_image","twitter_creator":"@DarkaMaziLatini","twitter_site":"@DarkaMaziLatini","twitter_misc":{"Written by":"darka mazi","Est. reading time":"2 minutes"},"schema":{"@context":"https:\/\/schema.org","@graph":[{"@type":"Article","@id":"https:\/\/darkamazi.info\/archives\/1049952#article","isPartOf":{"@id":"https:\/\/darkamazi.info\/archives\/1049952"},"author":{"name":"darka mazi","@id":"https:\/\/darkamazi.info\/#\/schema\/person\/5ad3e24553a0567993fa8ed4bd0a776c"},"headline":"Parlamenter\u00ea DEM Partiy\u00ea: Heqareta li \u015e\u00eax Se\u00eed \u00eari\u015fa li dij\u00ee gel\u00ea Kurd e","datePublished":"2025-09-23T09:03:25+00:00","mainEntityOfPage":{"@id":"https:\/\/darkamazi.info\/archives\/1049952"},"wordCount":280,"publisher":{"@id":"https:\/\/darkamazi.info\/#organization"},"image":{"@id":"https:\/\/darkamazi.info\/archives\/1049952#primaryimage"},"thumbnailUrl":"https:\/\/darkamazi.info\/file\/2025\/09\/Sex-Seid-Kurd.jpg","keywords":["sereke"],"articleSection":["Kurdistan"],"inLanguage":"en-US"},{"@type":"WebPage","@id":"https:\/\/darkamazi.info\/archives\/1049952","url":"https:\/\/darkamazi.info\/archives\/1049952","name":"Parlamenter\u00ea DEM Partiy\u00ea: Heqareta li \u015e\u00eax Se\u00eed \u00eari\u015fa li dij\u00ee gel\u00ea Kurd e - Darka Maz\u00ee","isPartOf":{"@id":"https:\/\/darkamazi.info\/#website"},"primaryImageOfPage":{"@id":"https:\/\/darkamazi.info\/archives\/1049952#primaryimage"},"image":{"@id":"https:\/\/darkamazi.info\/archives\/1049952#primaryimage"},"thumbnailUrl":"https:\/\/darkamazi.info\/file\/2025\/09\/Sex-Seid-Kurd.jpg","datePublished":"2025-09-23T09:03:25+00:00","breadcrumb":{"@id":"https:\/\/darkamazi.info\/archives\/1049952#breadcrumb"},"inLanguage":"en-US","potentialAction":[{"@type":"ReadAction","target":["https:\/\/darkamazi.info\/archives\/1049952"]}]},{"@type":"ImageObject","inLanguage":"en-US","@id":"https:\/\/darkamazi.info\/archives\/1049952#primaryimage","url":"https:\/\/darkamazi.info\/file\/2025\/09\/Sex-Seid-Kurd.jpg","contentUrl":"https:\/\/darkamazi.info\/file\/2025\/09\/Sex-Seid-Kurd.jpg","width":900,"height":500,"caption":"\u015e\u00eax Se\u00eed - Kurd"},{"@type":"BreadcrumbList","@id":"https:\/\/darkamazi.info\/archives\/1049952#breadcrumb","itemListElement":[{"@type":"ListItem","position":1,"name":"Home","item":"https:\/\/darkamazi.info\/"},{"@type":"ListItem","position":2,"name":"Parlamenter\u00ea DEM Partiy\u00ea: Heqareta li \u015e\u00eax Se\u00eed \u00eari\u015fa li dij\u00ee gel\u00ea Kurd e"}]},{"@type":"WebSite","@id":"https:\/\/darkamazi.info\/#website","url":"https:\/\/darkamazi.info\/","name":"Darka Maz\u00ee","description":"P\u00eageha Zanyariy\u00ean Nebih\u00eest\u00ee","publisher":{"@id":"https:\/\/darkamazi.info\/#organization"},"potentialAction":[{"@type":"SearchAction","target":{"@type":"EntryPoint","urlTemplate":"https:\/\/darkamazi.info\/?s={search_term_string}"},"query-input":{"@type":"PropertyValueSpecification","valueRequired":true,"valueName":"search_term_string"}}],"inLanguage":"en-US"},{"@type":"Organization","@id":"https:\/\/darkamazi.info\/#organization","name":"Darka Maz\u00ee","url":"https:\/\/darkamazi.info\/","logo":{"@type":"ImageObject","inLanguage":"en-US","@id":"https:\/\/darkamazi.info\/#\/schema\/logo\/image\/","url":"https:\/\/darkamazi.info\/file\/2017\/12\/darka-mazi-logo.png","contentUrl":"https:\/\/darkamazi.info\/file\/2017\/12\/darka-mazi-logo.png","width":151,"height":75,"caption":"Darka Maz\u00ee"},"image":{"@id":"https:\/\/darkamazi.info\/#\/schema\/logo\/image\/"},"sameAs":["https:\/\/www.facebook.com\/DarMaziKurmanci","https:\/\/x.com\/DarkaMaziLatini","https:\/\/www.instagram.com\/darkamazi.kurmanci\/","https:\/\/www.youtube.com\/channel\/UCa5HkTdmI8U1qCUFuTw8B2g"]},{"@type":"Person","@id":"https:\/\/darkamazi.info\/#\/schema\/person\/5ad3e24553a0567993fa8ed4bd0a776c","name":"darka mazi","sameAs":["https:\/\/darkamazi.info\/"],"url":"https:\/\/darkamazi.info\/archives\/author\/kurdi"}]}},"_links":{"self":[{"href":"https:\/\/darkamazi.info\/funavuv\/wp\/v2\/posts\/1049952","targetHints":{"allow":["GET"]}}],"collection":[{"href":"https:\/\/darkamazi.info\/funavuv\/wp\/v2\/posts"}],"about":[{"href":"https:\/\/darkamazi.info\/funavuv\/wp\/v2\/types\/post"}],"author":[{"embeddable":true,"href":"https:\/\/darkamazi.info\/funavuv\/wp\/v2\/users\/2"}],"replies":[{"embeddable":true,"href":"https:\/\/darkamazi.info\/funavuv\/wp\/v2\/comments?post=1049952"}],"version-history":[{"count":0,"href":"https:\/\/darkamazi.info\/funavuv\/wp\/v2\/posts\/1049952\/revisions"}],"wp:featuredmedia":[{"embeddable":true,"href":"https:\/\/darkamazi.info\/funavuv\/wp\/v2\/media\/1049953"}],"wp:attachment":[{"href":"https:\/\/darkamazi.info\/funavuv\/wp\/v2\/media?parent=1049952"}],"wp:term":[{"taxonomy":"category","embeddable":true,"href":"https:\/\/darkamazi.info\/funavuv\/wp\/v2\/categories?post=1049952"},{"taxonomy":"post_tag","embeddable":true,"href":"https:\/\/darkamazi.info\/funavuv\/wp\/v2\/tags?post=1049952"}],"curies":[{"name":"wp","href":"https:\/\/api.w.org\/{rel}","templated":true}]}}