{"id":1049956,"date":"2025-09-23T18:18:09","date_gmt":"2025-09-23T15:18:09","guid":{"rendered":"https:\/\/darkamazi.info\/?p=1049956"},"modified":"2025-09-23T18:18:09","modified_gmt":"2025-09-23T15:18:09","slug":"raziye-ozturk-ocalan-deme-rexne-dike","status":"publish","type":"post","link":"https:\/\/darkamazi.info\/archives\/1049956","title":{"rendered":"Raziye Ozt\u00fcrk: Ocalan DEM\u00ea rexne dike"},"content":{"rendered":"<h3 style=\"text-align: justify\"><span style=\"font-family: 'arial black', sans-serif\">R\u00eaber\u00ea PKK\u00ea Abdullah Ocalan Partiya DEM rexne kir ji ber ku \u201cbi nepejirandina p\u00eavajoya bi nav\u00ea \u201cTirkiyeya B\u00ea Teror\u00eezm\u00ea\u201d re, ew li pey qezenca kesane ye.\u201d<\/span><\/h3>\n<h3 style=\"text-align: justify\">Par\u00eazer\u00ean ji Of\u00eesa Hiq\u00fbq\u00ea ya Asrin, ku n\u00fbnertiya Abdullah Ocalan dikin, roja Du\u015fem\u00ea, 15\u00ea \u00celona 2025an, cara yekem pi\u015ft\u00ee \u015fe\u015f salan serdana Girava \u00cemraliy\u00ea kirin.<\/h3>\n<h3 style=\"text-align: justify\">Par\u00eazera Ocalan, Raziye Ozt\u00fcrk, pi\u015ft\u00ee serdan\u00ea bi Jinnews re axiv\u00ee. Ozt\u00fcrk got, \u201cMe kar\u00ee bi qas\u00ee saetek \u00fb n\u00eevek\u00ea bi Ocalan re, \u00fb bi her yek n\u00eev saet\u00ea bi muwek\u00eel\u00ean xwe y\u00ean din re hevd\u00eetin bikin.\u201d<\/h3>\n<h3 style=\"text-align: justify\">Ozt\u00fcrk diyar kir ku civ\u00een bi kasetek\u00ea hatine tomarkirin \u00fb di bin \u00e7avd\u00eariya karmend\u00ean dest\u00fbrdar de hatine kirin, \u00fb her wiha ner\u00een\u00ean xwe y\u00ean li ser maf\u00ea h\u00eaviy\u00ea y\u00ea Ocalan parve kir.<\/h3>\n<h3 style=\"text-align: justify\">Ozt\u00fcrk got: \u201cW\u00ee diyar kir ku her \u00e7end maf\u00ea h\u00eaviy\u00ea pir caran bi w\u00ea xwe ve gir\u00eaday\u00ee be j\u00ee, ew gih\u00ee\u015ftiye astek\u00ea ku bi hezaran kesan eleqedar dike. W\u00ee diyar kir ku heke ew cid\u00ee \u00fb sam\u00eem\u00ee bin, ew dikarin di d\u00eetina \u00e7areseriyek\u00ea de rolek bil\u00eezin; wek\u00ee din, ew \u00ea pa\u015fxistin\u00ea terc\u00eeh bikin.\u201d<\/h3>\n<h3 style=\"text-align: justify\">Ozt\u00fcrk rexney\u00ean Abdullah Ocalan \u00ean li ser Partiya DEM j\u00ee parve kir. Ozt\u00fcrk rexne li qada siyas\u00ee kir ji ber \u00eeradeya w\u00ea ya qels a hemb\u00eazkirina p\u00eavajoy\u00ea \u00fb diyar kir:<\/h3>\n<h3 style=\"text-align: justify\">\u201cW\u00ee d\u00eet ku pirsgir\u00eaka rast\u00een t\u00ea pa\u015fguhkirin, \u00fb l\u00eager\u00eena qezenc \u00fb s\u00fbdwergirtin\u00ea t\u00ea \u015fopandin, ku dibe sedema \u015ferek\u00ee li ser w\u00ea. Di dema civ\u00een\u00ea de, w\u00ee israra xwe ya li ser jiyanek hevpar di \u00e7ar\u00e7oveya neteweyek demokrat\u00eek \u00fb projeya komara demokrat\u00eek de dubare kir, \u00fb ew xwediy\u00ea h\u00eaza teor\u00eek \u00fb prat\u00eek\u00ee ye ku v\u00ea yek\u00ea bic\u00eeh b\u00eene. W\u00ee dubare kir ku derdor\u00ean siyas\u00ee, li gor\u00ee w\u00ea tevbigerin \u00fb \u00eensiyat\u00eef bigirin \u00fb di v\u00ea p\u00eavajoy\u00ea de roleke \u00e7alak bil\u00eezin, ji bo avakirina a\u015ftiy\u00ea pir gir\u00eeng in.\u201d<\/h3>\n","protected":false},"excerpt":{"rendered":"<p>R\u00eaber\u00ea PKK\u00ea Abdullah Ocalan Partiya DEM rexne kir ji ber ku \u201cbi nepejirandina p\u00eavajoya bi nav\u00ea \u201cTirkiyeya B\u00ea Teror\u00eezm\u00ea\u201d re, ew li pey qezenca kesane ye.\u201d Par\u00eazer\u00ean ji Of\u00eesa Hiq\u00fbq\u00ea ya Asrin, ku n\u00fbnertiya Abdullah Ocalan dikin, roja Du\u015fem\u00ea, 15\u00ea \u00celona 2025an, cara yekem pi\u015ft\u00ee \u015fe\u015f salan serdana Girava \u00cemraliy\u00ea kirin. Par\u00eazera Ocalan, Raziye Ozt\u00fcrk, [&hellip;]<\/p>\n","protected":false},"author":2,"featured_media":1049957,"comment_status":"closed","ping_status":"closed","sticky":false,"template":"","format":"standard","meta":{"footnotes":""},"categories":[29],"tags":[37],"class_list":["post-1049956","post","type-post","status-publish","format-standard","has-post-thumbnail","hentry","category-kurdistan","tag-sereke"],"blocksy_meta":[],"seo_head":"<!-- This site is optimized with the Yoast SEO plugin v27.5 - https:\/\/yoast.com\/product\/yoast-seo-wordpress\/ -->\n<title>Raziye Ozt\u00fcrk: Ocalan DEM\u00ea rexne dike - Darka Maz\u00ee<\/title>\n<meta name=\"robots\" content=\"index, follow, max-snippet:-1, max-image-preview:large, max-video-preview:-1\" \/>\n<link rel=\"canonical\" href=\"https:\/\/darkamazi.info\/archives\/1049956\" \/>\n<meta property=\"og:locale\" content=\"en_US\" \/>\n<meta property=\"og:type\" content=\"article\" \/>\n<meta property=\"og:title\" content=\"Raziye Ozt\u00fcrk: Ocalan DEM\u00ea rexne dike - Darka Maz\u00ee\" \/>\n<meta property=\"og:description\" content=\"R\u00eaber\u00ea PKK\u00ea Abdullah Ocalan Partiya DEM rexne kir ji ber ku \u201cbi nepejirandina p\u00eavajoya bi nav\u00ea \u201cTirkiyeya B\u00ea Teror\u00eezm\u00ea\u201d re, ew li pey qezenca kesane ye.\u201d Par\u00eazer\u00ean ji Of\u00eesa Hiq\u00fbq\u00ea ya Asrin, ku n\u00fbnertiya Abdullah Ocalan dikin, roja Du\u015fem\u00ea, 15\u00ea \u00celona 2025an, cara yekem pi\u015ft\u00ee \u015fe\u015f salan serdana Girava \u00cemraliy\u00ea kirin. Par\u00eazera Ocalan, Raziye Ozt\u00fcrk, [&hellip;]\" \/>\n<meta property=\"og:url\" content=\"https:\/\/darkamazi.info\/archives\/1049956\" \/>\n<meta property=\"og:site_name\" content=\"Darka Maz\u00ee\" \/>\n<meta property=\"article:publisher\" content=\"https:\/\/www.facebook.com\/DarMaziKurmanci\" \/>\n<meta property=\"article:published_time\" content=\"2025-09-23T15:18:09+00:00\" \/>\n<meta property=\"og:image\" content=\"https:\/\/darkamazi.info\/file\/2025\/09\/parezera-ocalan.jpg\" \/>\n\t<meta property=\"og:image:width\" content=\"900\" \/>\n\t<meta property=\"og:image:height\" content=\"497\" \/>\n\t<meta property=\"og:image:type\" content=\"image\/jpeg\" \/>\n<meta name=\"author\" content=\"darka mazi\" \/>\n<meta name=\"twitter:card\" content=\"summary_large_image\" \/>\n<meta name=\"twitter:creator\" content=\"@DarkaMaziLatini\" \/>\n<meta name=\"twitter:site\" content=\"@DarkaMaziLatini\" \/>\n<meta name=\"twitter:label1\" content=\"Written by\" \/>\n\t<meta name=\"twitter:data1\" content=\"darka mazi\" \/>\n\t<meta name=\"twitter:label2\" content=\"Est. reading time\" \/>\n\t<meta name=\"twitter:data2\" content=\"2 minutes\" \/>\n<script type=\"application\/ld+json\" class=\"seo-schema-graph\">{\"@context\":\"https:\\\/\\\/schema.org\",\"@graph\":[{\"@type\":\"Article\",\"@id\":\"https:\\\/\\\/darkamazi.info\\\/archives\\\/1049956#article\",\"isPartOf\":{\"@id\":\"https:\\\/\\\/darkamazi.info\\\/archives\\\/1049956\"},\"author\":{\"name\":\"darka mazi\",\"@id\":\"https:\\\/\\\/darkamazi.info\\\/#\\\/schema\\\/person\\\/5ad3e24553a0567993fa8ed4bd0a776c\"},\"headline\":\"Raziye Ozt\u00fcrk: Ocalan DEM\u00ea rexne dike\",\"datePublished\":\"2025-09-23T15:18:09+00:00\",\"mainEntityOfPage\":{\"@id\":\"https:\\\/\\\/darkamazi.info\\\/archives\\\/1049956\"},\"wordCount\":344,\"publisher\":{\"@id\":\"https:\\\/\\\/darkamazi.info\\\/#organization\"},\"image\":{\"@id\":\"https:\\\/\\\/darkamazi.info\\\/archives\\\/1049956#primaryimage\"},\"thumbnailUrl\":\"https:\\\/\\\/darkamazi.info\\\/darka-content\\\/uploads\\\/2025\\\/09\\\/parezera-ocalan.jpg\",\"keywords\":[\"sereke\"],\"articleSection\":[\"Kurdistan\"],\"inLanguage\":\"en-US\"},{\"@type\":\"WebPage\",\"@id\":\"https:\\\/\\\/darkamazi.info\\\/archives\\\/1049956\",\"url\":\"https:\\\/\\\/darkamazi.info\\\/archives\\\/1049956\",\"name\":\"Raziye Ozt\u00fcrk: Ocalan DEM\u00ea rexne dike - Darka Maz\u00ee\",\"isPartOf\":{\"@id\":\"https:\\\/\\\/darkamazi.info\\\/#website\"},\"primaryImageOfPage\":{\"@id\":\"https:\\\/\\\/darkamazi.info\\\/archives\\\/1049956#primaryimage\"},\"image\":{\"@id\":\"https:\\\/\\\/darkamazi.info\\\/archives\\\/1049956#primaryimage\"},\"thumbnailUrl\":\"https:\\\/\\\/darkamazi.info\\\/darka-content\\\/uploads\\\/2025\\\/09\\\/parezera-ocalan.jpg\",\"datePublished\":\"2025-09-23T15:18:09+00:00\",\"breadcrumb\":{\"@id\":\"https:\\\/\\\/darkamazi.info\\\/archives\\\/1049956#breadcrumb\"},\"inLanguage\":\"en-US\",\"potentialAction\":[{\"@type\":\"ReadAction\",\"target\":[\"https:\\\/\\\/darkamazi.info\\\/archives\\\/1049956\"]}]},{\"@type\":\"ImageObject\",\"inLanguage\":\"en-US\",\"@id\":\"https:\\\/\\\/darkamazi.info\\\/archives\\\/1049956#primaryimage\",\"url\":\"https:\\\/\\\/darkamazi.info\\\/darka-content\\\/uploads\\\/2025\\\/09\\\/parezera-ocalan.jpg\",\"contentUrl\":\"https:\\\/\\\/darkamazi.info\\\/darka-content\\\/uploads\\\/2025\\\/09\\\/parezera-ocalan.jpg\",\"width\":900,\"height\":497,\"caption\":\"Raziye Ozt\u00fcrk: Ocalan DEM\u00ea rexne dike\"},{\"@type\":\"BreadcrumbList\",\"@id\":\"https:\\\/\\\/darkamazi.info\\\/archives\\\/1049956#breadcrumb\",\"itemListElement\":[{\"@type\":\"ListItem\",\"position\":1,\"name\":\"Home\",\"item\":\"https:\\\/\\\/darkamazi.info\\\/\"},{\"@type\":\"ListItem\",\"position\":2,\"name\":\"Raziye Ozt\u00fcrk: Ocalan DEM\u00ea rexne dike\"}]},{\"@type\":\"WebSite\",\"@id\":\"https:\\\/\\\/darkamazi.info\\\/#website\",\"url\":\"https:\\\/\\\/darkamazi.info\\\/\",\"name\":\"Darka Maz\u00ee\",\"description\":\"P\u00eageha Zanyariy\u00ean Nebih\u00eest\u00ee\",\"publisher\":{\"@id\":\"https:\\\/\\\/darkamazi.info\\\/#organization\"},\"potentialAction\":[{\"@type\":\"SearchAction\",\"target\":{\"@type\":\"EntryPoint\",\"urlTemplate\":\"https:\\\/\\\/darkamazi.info\\\/?s={search_term_string}\"},\"query-input\":{\"@type\":\"PropertyValueSpecification\",\"valueRequired\":true,\"valueName\":\"search_term_string\"}}],\"inLanguage\":\"en-US\"},{\"@type\":\"Organization\",\"@id\":\"https:\\\/\\\/darkamazi.info\\\/#organization\",\"name\":\"Darka Maz\u00ee\",\"url\":\"https:\\\/\\\/darkamazi.info\\\/\",\"logo\":{\"@type\":\"ImageObject\",\"inLanguage\":\"en-US\",\"@id\":\"https:\\\/\\\/darkamazi.info\\\/#\\\/schema\\\/logo\\\/image\\\/\",\"url\":\"https:\\\/\\\/darkamazi.info\\\/darka-content\\\/uploads\\\/2017\\\/12\\\/darka-mazi-logo.png\",\"contentUrl\":\"https:\\\/\\\/darkamazi.info\\\/darka-content\\\/uploads\\\/2017\\\/12\\\/darka-mazi-logo.png\",\"width\":151,\"height\":75,\"caption\":\"Darka Maz\u00ee\"},\"image\":{\"@id\":\"https:\\\/\\\/darkamazi.info\\\/#\\\/schema\\\/logo\\\/image\\\/\"},\"sameAs\":[\"https:\\\/\\\/www.facebook.com\\\/DarMaziKurmanci\",\"https:\\\/\\\/x.com\\\/DarkaMaziLatini\",\"https:\\\/\\\/www.instagram.com\\\/darkamazi.kurmanci\\\/\",\"https:\\\/\\\/www.youtube.com\\\/channel\\\/UCa5HkTdmI8U1qCUFuTw8B2g\"]},{\"@type\":\"Person\",\"@id\":\"https:\\\/\\\/darkamazi.info\\\/#\\\/schema\\\/person\\\/5ad3e24553a0567993fa8ed4bd0a776c\",\"name\":\"darka mazi\",\"sameAs\":[\"https:\\\/\\\/darkamazi.info\\\/\"],\"url\":\"https:\\\/\\\/darkamazi.info\\\/archives\\\/author\\\/kurdi\"}]}<\/script>\n<!-- \/ Yoast SEO plugin. -->","seo_head_json":{"title":"Raziye Ozt\u00fcrk: Ocalan DEM\u00ea rexne dike - Darka Maz\u00ee","robots":{"index":"index","follow":"follow","max-snippet":"max-snippet:-1","max-image-preview":"max-image-preview:large","max-video-preview":"max-video-preview:-1"},"canonical":"https:\/\/darkamazi.info\/archives\/1049956","og_locale":"en_US","og_type":"article","og_title":"Raziye Ozt\u00fcrk: Ocalan DEM\u00ea rexne dike - Darka Maz\u00ee","og_description":"R\u00eaber\u00ea PKK\u00ea Abdullah Ocalan Partiya DEM rexne kir ji ber ku \u201cbi nepejirandina p\u00eavajoya bi nav\u00ea \u201cTirkiyeya B\u00ea Teror\u00eezm\u00ea\u201d re, ew li pey qezenca kesane ye.\u201d Par\u00eazer\u00ean ji Of\u00eesa Hiq\u00fbq\u00ea ya Asrin, ku n\u00fbnertiya Abdullah Ocalan dikin, roja Du\u015fem\u00ea, 15\u00ea \u00celona 2025an, cara yekem pi\u015ft\u00ee \u015fe\u015f salan serdana Girava \u00cemraliy\u00ea kirin. Par\u00eazera Ocalan, Raziye Ozt\u00fcrk, [&hellip;]","og_url":"https:\/\/darkamazi.info\/archives\/1049956","og_site_name":"Darka Maz\u00ee","article_publisher":"https:\/\/www.facebook.com\/DarMaziKurmanci","article_published_time":"2025-09-23T15:18:09+00:00","og_image":[{"width":900,"height":497,"url":"https:\/\/darkamazi.info\/file\/2025\/09\/parezera-ocalan.jpg","type":"image\/jpeg"}],"author":"darka mazi","twitter_card":"summary_large_image","twitter_creator":"@DarkaMaziLatini","twitter_site":"@DarkaMaziLatini","twitter_misc":{"Written by":"darka mazi","Est. reading time":"2 minutes"},"schema":{"@context":"https:\/\/schema.org","@graph":[{"@type":"Article","@id":"https:\/\/darkamazi.info\/archives\/1049956#article","isPartOf":{"@id":"https:\/\/darkamazi.info\/archives\/1049956"},"author":{"name":"darka mazi","@id":"https:\/\/darkamazi.info\/#\/schema\/person\/5ad3e24553a0567993fa8ed4bd0a776c"},"headline":"Raziye Ozt\u00fcrk: Ocalan DEM\u00ea rexne dike","datePublished":"2025-09-23T15:18:09+00:00","mainEntityOfPage":{"@id":"https:\/\/darkamazi.info\/archives\/1049956"},"wordCount":344,"publisher":{"@id":"https:\/\/darkamazi.info\/#organization"},"image":{"@id":"https:\/\/darkamazi.info\/archives\/1049956#primaryimage"},"thumbnailUrl":"https:\/\/darkamazi.info\/file\/2025\/09\/parezera-ocalan.jpg","keywords":["sereke"],"articleSection":["Kurdistan"],"inLanguage":"en-US"},{"@type":"WebPage","@id":"https:\/\/darkamazi.info\/archives\/1049956","url":"https:\/\/darkamazi.info\/archives\/1049956","name":"Raziye Ozt\u00fcrk: Ocalan DEM\u00ea rexne dike - Darka Maz\u00ee","isPartOf":{"@id":"https:\/\/darkamazi.info\/#website"},"primaryImageOfPage":{"@id":"https:\/\/darkamazi.info\/archives\/1049956#primaryimage"},"image":{"@id":"https:\/\/darkamazi.info\/archives\/1049956#primaryimage"},"thumbnailUrl":"https:\/\/darkamazi.info\/file\/2025\/09\/parezera-ocalan.jpg","datePublished":"2025-09-23T15:18:09+00:00","breadcrumb":{"@id":"https:\/\/darkamazi.info\/archives\/1049956#breadcrumb"},"inLanguage":"en-US","potentialAction":[{"@type":"ReadAction","target":["https:\/\/darkamazi.info\/archives\/1049956"]}]},{"@type":"ImageObject","inLanguage":"en-US","@id":"https:\/\/darkamazi.info\/archives\/1049956#primaryimage","url":"https:\/\/darkamazi.info\/file\/2025\/09\/parezera-ocalan.jpg","contentUrl":"https:\/\/darkamazi.info\/file\/2025\/09\/parezera-ocalan.jpg","width":900,"height":497,"caption":"Raziye Ozt\u00fcrk: Ocalan DEM\u00ea rexne dike"},{"@type":"BreadcrumbList","@id":"https:\/\/darkamazi.info\/archives\/1049956#breadcrumb","itemListElement":[{"@type":"ListItem","position":1,"name":"Home","item":"https:\/\/darkamazi.info\/"},{"@type":"ListItem","position":2,"name":"Raziye Ozt\u00fcrk: Ocalan DEM\u00ea rexne dike"}]},{"@type":"WebSite","@id":"https:\/\/darkamazi.info\/#website","url":"https:\/\/darkamazi.info\/","name":"Darka Maz\u00ee","description":"P\u00eageha Zanyariy\u00ean Nebih\u00eest\u00ee","publisher":{"@id":"https:\/\/darkamazi.info\/#organization"},"potentialAction":[{"@type":"SearchAction","target":{"@type":"EntryPoint","urlTemplate":"https:\/\/darkamazi.info\/?s={search_term_string}"},"query-input":{"@type":"PropertyValueSpecification","valueRequired":true,"valueName":"search_term_string"}}],"inLanguage":"en-US"},{"@type":"Organization","@id":"https:\/\/darkamazi.info\/#organization","name":"Darka Maz\u00ee","url":"https:\/\/darkamazi.info\/","logo":{"@type":"ImageObject","inLanguage":"en-US","@id":"https:\/\/darkamazi.info\/#\/schema\/logo\/image\/","url":"https:\/\/darkamazi.info\/file\/2017\/12\/darka-mazi-logo.png","contentUrl":"https:\/\/darkamazi.info\/file\/2017\/12\/darka-mazi-logo.png","width":151,"height":75,"caption":"Darka Maz\u00ee"},"image":{"@id":"https:\/\/darkamazi.info\/#\/schema\/logo\/image\/"},"sameAs":["https:\/\/www.facebook.com\/DarMaziKurmanci","https:\/\/x.com\/DarkaMaziLatini","https:\/\/www.instagram.com\/darkamazi.kurmanci\/","https:\/\/www.youtube.com\/channel\/UCa5HkTdmI8U1qCUFuTw8B2g"]},{"@type":"Person","@id":"https:\/\/darkamazi.info\/#\/schema\/person\/5ad3e24553a0567993fa8ed4bd0a776c","name":"darka mazi","sameAs":["https:\/\/darkamazi.info\/"],"url":"https:\/\/darkamazi.info\/archives\/author\/kurdi"}]}},"_links":{"self":[{"href":"https:\/\/darkamazi.info\/funavuv\/wp\/v2\/posts\/1049956","targetHints":{"allow":["GET"]}}],"collection":[{"href":"https:\/\/darkamazi.info\/funavuv\/wp\/v2\/posts"}],"about":[{"href":"https:\/\/darkamazi.info\/funavuv\/wp\/v2\/types\/post"}],"author":[{"embeddable":true,"href":"https:\/\/darkamazi.info\/funavuv\/wp\/v2\/users\/2"}],"replies":[{"embeddable":true,"href":"https:\/\/darkamazi.info\/funavuv\/wp\/v2\/comments?post=1049956"}],"version-history":[{"count":0,"href":"https:\/\/darkamazi.info\/funavuv\/wp\/v2\/posts\/1049956\/revisions"}],"wp:featuredmedia":[{"embeddable":true,"href":"https:\/\/darkamazi.info\/funavuv\/wp\/v2\/media\/1049957"}],"wp:attachment":[{"href":"https:\/\/darkamazi.info\/funavuv\/wp\/v2\/media?parent=1049956"}],"wp:term":[{"taxonomy":"category","embeddable":true,"href":"https:\/\/darkamazi.info\/funavuv\/wp\/v2\/categories?post=1049956"},{"taxonomy":"post_tag","embeddable":true,"href":"https:\/\/darkamazi.info\/funavuv\/wp\/v2\/tags?post=1049956"}],"curies":[{"name":"wp","href":"https:\/\/api.w.org\/{rel}","templated":true}]}}