{"id":1049979,"date":"2025-09-25T13:30:43","date_gmt":"2025-09-25T10:30:43","guid":{"rendered":"https:\/\/darkamazi.info\/?p=1049979"},"modified":"2025-09-25T13:30:43","modified_gmt":"2025-09-25T10:30:43","slug":"ismail-beskici-referendum-pir-giring-bu-u-pewist-bu-ku-were-lidarxistin","status":"publish","type":"post","link":"https:\/\/darkamazi.info\/archives\/1049979","title":{"rendered":"\u00cesma\u00eel Be\u015fki\u00e7\u00ee: Referend\u00fbm pir gir\u00eeng b\u00fb \u00fb p\u00eaw\u00eest b\u00fb ku were lidarxistin"},"content":{"rendered":"<h3 style=\"text-align: justify\"><span style=\"font-family: 'arial black', sans-serif\">\u00cesma\u00eel Be\u015fki\u00e7\u00ee dost\u00ea gel\u00ea Kurd di y\u00eak ji nirxandin\u00ean xwe y\u00ean debar\u00ea Referand\u00fbma serxweb\u00fbna Kurdistan\u00ea de dib\u00eaje: \u201cReferend\u00fbm pir gir\u00eeng b\u00fb \u00fb p\u00eaw\u00eest b\u00fb ku were lidarxistin, Kurd dikarin her gav v\u00ea encam\u00ea \u00eespat bikin\u201d<\/span><\/h3>\n<h3 style=\"text-align: justify\"><span style=\"font-family: arial, helvetica, sans-serif\">\u00cesma\u00eel Be\u015fki\u00e7\u00ee di v\u00ea nirxandina xwe de ku li 18 \u00c7irya Pa\u015f\u00een ya sala 2021\u00ea kirb\u00fb wisa dib\u00eaje:<\/span><\/h3>\n<h3 style=\"text-align: justify\"><span style=\"font-family: 'arial black', sans-serif;color: #8c0707\">Referend\u00fbm pir gir\u00eeng b\u00fb \u00fb p\u00eaw\u00eest b\u00fb ku were lidarxistin.<\/span><\/h3>\n<h3 style=\"text-align: justify\"><span style=\"font-family: arial, helvetica, sans-serif\">Serok Barzani di 7\u00ea Hez\u00eerana 2017an de daxuyaniyek da ku referand\u00fbm d\u00ea di 25\u00ea \u00celon\u00ea de were lidarxistin. Pi\u015ft\u00ee v\u00ea yek\u00ea, welat\u00ean Rojavay\u00ee \u00fb Dewlet\u00ean Yekb\u00fby\u00ee y\u00ean Amer\u00eekay\u00ea li pey hev daxuyaniy\u00ean dubare dan \u00fb gotin ku ne dema referand\u00fbm\u00ea ye.<\/span><\/h3>\n<h3 style=\"text-align: justify\"><span style=\"font-family: arial, helvetica, sans-serif\">Wan got, &#8216;Niha hewcedar\u00ee bi referand\u00fbm\u00ea tune.&#8217; Bi ya min, ji bo Kurdan gir\u00eeng b\u00fb ku referand\u00fbmek li dar bixin, tev\u00ee dijberiya \u00ceran, Tirkiye, Dewlet\u00ean Yekb\u00fby\u00ee y\u00ean Amer\u00eekay\u00ea \u00fb dewlet\u00ean Ewrop\u00ee.<\/span><\/h3>\n<h3 style=\"text-align: justify\"><span style=\"font-family: arial, helvetica, sans-serif\">Deng\u00ea &#8216;Er\u00ea&#8217; y\u00ea ji sed\u00ee 92 di 25\u00ea \u00celon\u00ea de \u00eeradeya gel\u00ea Kurd n\u00ee\u015fan dide. Kurd dikarin her gav v\u00ea encam\u00ea \u00eespat bikin. Ev ji bo Kurdan kiryarek e. Referand\u00fbm diviyab\u00fb were lidarxistin \u00fb ew hate lidarxistin.&#8221;<\/span><\/h3>\n","protected":false},"excerpt":{"rendered":"<p>\u00cesma\u00eel Be\u015fki\u00e7\u00ee dost\u00ea gel\u00ea Kurd di y\u00eak ji nirxandin\u00ean xwe y\u00ean debar\u00ea Referand\u00fbma serxweb\u00fbna Kurdistan\u00ea de dib\u00eaje: \u201cReferend\u00fbm pir gir\u00eeng b\u00fb \u00fb p\u00eaw\u00eest b\u00fb ku were lidarxistin, Kurd dikarin her gav v\u00ea encam\u00ea \u00eespat bikin\u201d \u00cesma\u00eel Be\u015fki\u00e7\u00ee di v\u00ea nirxandina xwe de ku li 18 \u00c7irya Pa\u015f\u00een ya sala 2021\u00ea kirb\u00fb wisa dib\u00eaje: Referend\u00fbm pir [&hellip;]<\/p>\n","protected":false},"author":2,"featured_media":1049980,"comment_status":"closed","ping_status":"closed","sticky":false,"template":"","format":"standard","meta":{"footnotes":""},"categories":[29],"tags":[37],"class_list":["post-1049979","post","type-post","status-publish","format-standard","has-post-thumbnail","hentry","category-kurdistan","tag-sereke"],"blocksy_meta":[],"seo_head":"<!-- This site is optimized with the Yoast SEO plugin v27.5 - https:\/\/yoast.com\/product\/yoast-seo-wordpress\/ -->\n<title>\u00cesma\u00eel Be\u015fki\u00e7\u00ee: Referend\u00fbm pir gir\u00eeng b\u00fb \u00fb p\u00eaw\u00eest b\u00fb ku were lidarxistin - Darka Maz\u00ee<\/title>\n<meta name=\"robots\" content=\"index, follow, max-snippet:-1, max-image-preview:large, max-video-preview:-1\" \/>\n<link rel=\"canonical\" href=\"https:\/\/darkamazi.info\/archives\/1049979\" \/>\n<meta property=\"og:locale\" content=\"en_US\" \/>\n<meta property=\"og:type\" content=\"article\" \/>\n<meta property=\"og:title\" content=\"\u00cesma\u00eel Be\u015fki\u00e7\u00ee: Referend\u00fbm pir gir\u00eeng b\u00fb \u00fb p\u00eaw\u00eest b\u00fb ku were lidarxistin - Darka Maz\u00ee\" \/>\n<meta property=\"og:description\" content=\"\u00cesma\u00eel Be\u015fki\u00e7\u00ee dost\u00ea gel\u00ea Kurd di y\u00eak ji nirxandin\u00ean xwe y\u00ean debar\u00ea Referand\u00fbma serxweb\u00fbna Kurdistan\u00ea de dib\u00eaje: \u201cReferend\u00fbm pir gir\u00eeng b\u00fb \u00fb p\u00eaw\u00eest b\u00fb ku were lidarxistin, Kurd dikarin her gav v\u00ea encam\u00ea \u00eespat bikin\u201d \u00cesma\u00eel Be\u015fki\u00e7\u00ee di v\u00ea nirxandina xwe de ku li 18 \u00c7irya Pa\u015f\u00een ya sala 2021\u00ea kirb\u00fb wisa dib\u00eaje: Referend\u00fbm pir [&hellip;]\" \/>\n<meta property=\"og:url\" content=\"https:\/\/darkamazi.info\/archives\/1049979\" \/>\n<meta property=\"og:site_name\" content=\"Darka Maz\u00ee\" \/>\n<meta property=\"article:publisher\" content=\"https:\/\/www.facebook.com\/DarMaziKurmanci\" \/>\n<meta property=\"article:published_time\" content=\"2025-09-25T10:30:43+00:00\" \/>\n<meta property=\"og:image\" content=\"https:\/\/darkamazi.info\/file\/2025\/09\/Ismal-besikci-info-web.jpg\" \/>\n\t<meta property=\"og:image:width\" content=\"900\" \/>\n\t<meta property=\"og:image:height\" content=\"500\" \/>\n\t<meta property=\"og:image:type\" content=\"image\/jpeg\" \/>\n<meta name=\"author\" content=\"darka mazi\" \/>\n<meta name=\"twitter:card\" content=\"summary_large_image\" \/>\n<meta name=\"twitter:creator\" content=\"@DarkaMaziLatini\" \/>\n<meta name=\"twitter:site\" content=\"@DarkaMaziLatini\" \/>\n<meta name=\"twitter:label1\" content=\"Written by\" \/>\n\t<meta name=\"twitter:data1\" content=\"darka mazi\" \/>\n\t<meta name=\"twitter:label2\" content=\"Est. reading time\" \/>\n\t<meta name=\"twitter:data2\" content=\"1 minute\" \/>\n<script type=\"application\/ld+json\" class=\"seo-schema-graph\">{\"@context\":\"https:\\\/\\\/schema.org\",\"@graph\":[{\"@type\":\"Article\",\"@id\":\"https:\\\/\\\/darkamazi.info\\\/archives\\\/1049979#article\",\"isPartOf\":{\"@id\":\"https:\\\/\\\/darkamazi.info\\\/archives\\\/1049979\"},\"author\":{\"name\":\"darka mazi\",\"@id\":\"https:\\\/\\\/darkamazi.info\\\/#\\\/schema\\\/person\\\/5ad3e24553a0567993fa8ed4bd0a776c\"},\"headline\":\"\u00cesma\u00eel Be\u015fki\u00e7\u00ee: Referend\u00fbm pir gir\u00eeng b\u00fb \u00fb p\u00eaw\u00eest b\u00fb ku were lidarxistin\",\"datePublished\":\"2025-09-25T10:30:43+00:00\",\"mainEntityOfPage\":{\"@id\":\"https:\\\/\\\/darkamazi.info\\\/archives\\\/1049979\"},\"wordCount\":217,\"publisher\":{\"@id\":\"https:\\\/\\\/darkamazi.info\\\/#organization\"},\"image\":{\"@id\":\"https:\\\/\\\/darkamazi.info\\\/archives\\\/1049979#primaryimage\"},\"thumbnailUrl\":\"https:\\\/\\\/darkamazi.info\\\/darka-content\\\/uploads\\\/2025\\\/09\\\/Ismal-besikci-info-web.jpg\",\"keywords\":[\"sereke\"],\"articleSection\":[\"Kurdistan\"],\"inLanguage\":\"en-US\"},{\"@type\":\"WebPage\",\"@id\":\"https:\\\/\\\/darkamazi.info\\\/archives\\\/1049979\",\"url\":\"https:\\\/\\\/darkamazi.info\\\/archives\\\/1049979\",\"name\":\"\u00cesma\u00eel Be\u015fki\u00e7\u00ee: Referend\u00fbm pir gir\u00eeng b\u00fb \u00fb p\u00eaw\u00eest b\u00fb ku were lidarxistin - Darka Maz\u00ee\",\"isPartOf\":{\"@id\":\"https:\\\/\\\/darkamazi.info\\\/#website\"},\"primaryImageOfPage\":{\"@id\":\"https:\\\/\\\/darkamazi.info\\\/archives\\\/1049979#primaryimage\"},\"image\":{\"@id\":\"https:\\\/\\\/darkamazi.info\\\/archives\\\/1049979#primaryimage\"},\"thumbnailUrl\":\"https:\\\/\\\/darkamazi.info\\\/darka-content\\\/uploads\\\/2025\\\/09\\\/Ismal-besikci-info-web.jpg\",\"datePublished\":\"2025-09-25T10:30:43+00:00\",\"breadcrumb\":{\"@id\":\"https:\\\/\\\/darkamazi.info\\\/archives\\\/1049979#breadcrumb\"},\"inLanguage\":\"en-US\",\"potentialAction\":[{\"@type\":\"ReadAction\",\"target\":[\"https:\\\/\\\/darkamazi.info\\\/archives\\\/1049979\"]}]},{\"@type\":\"ImageObject\",\"inLanguage\":\"en-US\",\"@id\":\"https:\\\/\\\/darkamazi.info\\\/archives\\\/1049979#primaryimage\",\"url\":\"https:\\\/\\\/darkamazi.info\\\/darka-content\\\/uploads\\\/2025\\\/09\\\/Ismal-besikci-info-web.jpg\",\"contentUrl\":\"https:\\\/\\\/darkamazi.info\\\/darka-content\\\/uploads\\\/2025\\\/09\\\/Ismal-besikci-info-web.jpg\",\"width\":900,\"height\":500,\"caption\":\"Ismal-besikci-info-web\"},{\"@type\":\"BreadcrumbList\",\"@id\":\"https:\\\/\\\/darkamazi.info\\\/archives\\\/1049979#breadcrumb\",\"itemListElement\":[{\"@type\":\"ListItem\",\"position\":1,\"name\":\"Home\",\"item\":\"https:\\\/\\\/darkamazi.info\\\/\"},{\"@type\":\"ListItem\",\"position\":2,\"name\":\"\u00cesma\u00eel Be\u015fki\u00e7\u00ee: Referend\u00fbm pir gir\u00eeng b\u00fb \u00fb p\u00eaw\u00eest b\u00fb ku were lidarxistin\"}]},{\"@type\":\"WebSite\",\"@id\":\"https:\\\/\\\/darkamazi.info\\\/#website\",\"url\":\"https:\\\/\\\/darkamazi.info\\\/\",\"name\":\"Darka Maz\u00ee\",\"description\":\"P\u00eageha Zanyariy\u00ean Nebih\u00eest\u00ee\",\"publisher\":{\"@id\":\"https:\\\/\\\/darkamazi.info\\\/#organization\"},\"potentialAction\":[{\"@type\":\"SearchAction\",\"target\":{\"@type\":\"EntryPoint\",\"urlTemplate\":\"https:\\\/\\\/darkamazi.info\\\/?s={search_term_string}\"},\"query-input\":{\"@type\":\"PropertyValueSpecification\",\"valueRequired\":true,\"valueName\":\"search_term_string\"}}],\"inLanguage\":\"en-US\"},{\"@type\":\"Organization\",\"@id\":\"https:\\\/\\\/darkamazi.info\\\/#organization\",\"name\":\"Darka Maz\u00ee\",\"url\":\"https:\\\/\\\/darkamazi.info\\\/\",\"logo\":{\"@type\":\"ImageObject\",\"inLanguage\":\"en-US\",\"@id\":\"https:\\\/\\\/darkamazi.info\\\/#\\\/schema\\\/logo\\\/image\\\/\",\"url\":\"https:\\\/\\\/darkamazi.info\\\/darka-content\\\/uploads\\\/2017\\\/12\\\/darka-mazi-logo.png\",\"contentUrl\":\"https:\\\/\\\/darkamazi.info\\\/darka-content\\\/uploads\\\/2017\\\/12\\\/darka-mazi-logo.png\",\"width\":151,\"height\":75,\"caption\":\"Darka Maz\u00ee\"},\"image\":{\"@id\":\"https:\\\/\\\/darkamazi.info\\\/#\\\/schema\\\/logo\\\/image\\\/\"},\"sameAs\":[\"https:\\\/\\\/www.facebook.com\\\/DarMaziKurmanci\",\"https:\\\/\\\/x.com\\\/DarkaMaziLatini\",\"https:\\\/\\\/www.instagram.com\\\/darkamazi.kurmanci\\\/\",\"https:\\\/\\\/www.youtube.com\\\/channel\\\/UCa5HkTdmI8U1qCUFuTw8B2g\"]},{\"@type\":\"Person\",\"@id\":\"https:\\\/\\\/darkamazi.info\\\/#\\\/schema\\\/person\\\/5ad3e24553a0567993fa8ed4bd0a776c\",\"name\":\"darka mazi\",\"sameAs\":[\"https:\\\/\\\/darkamazi.info\\\/\"],\"url\":\"https:\\\/\\\/darkamazi.info\\\/archives\\\/author\\\/kurdi\"}]}<\/script>\n<!-- \/ Yoast SEO plugin. -->","seo_head_json":{"title":"\u00cesma\u00eel Be\u015fki\u00e7\u00ee: Referend\u00fbm pir gir\u00eeng b\u00fb \u00fb p\u00eaw\u00eest b\u00fb ku were lidarxistin - Darka Maz\u00ee","robots":{"index":"index","follow":"follow","max-snippet":"max-snippet:-1","max-image-preview":"max-image-preview:large","max-video-preview":"max-video-preview:-1"},"canonical":"https:\/\/darkamazi.info\/archives\/1049979","og_locale":"en_US","og_type":"article","og_title":"\u00cesma\u00eel Be\u015fki\u00e7\u00ee: Referend\u00fbm pir gir\u00eeng b\u00fb \u00fb p\u00eaw\u00eest b\u00fb ku were lidarxistin - Darka Maz\u00ee","og_description":"\u00cesma\u00eel Be\u015fki\u00e7\u00ee dost\u00ea gel\u00ea Kurd di y\u00eak ji nirxandin\u00ean xwe y\u00ean debar\u00ea Referand\u00fbma serxweb\u00fbna Kurdistan\u00ea de dib\u00eaje: \u201cReferend\u00fbm pir gir\u00eeng b\u00fb \u00fb p\u00eaw\u00eest b\u00fb ku were lidarxistin, Kurd dikarin her gav v\u00ea encam\u00ea \u00eespat bikin\u201d \u00cesma\u00eel Be\u015fki\u00e7\u00ee di v\u00ea nirxandina xwe de ku li 18 \u00c7irya Pa\u015f\u00een ya sala 2021\u00ea kirb\u00fb wisa dib\u00eaje: Referend\u00fbm pir [&hellip;]","og_url":"https:\/\/darkamazi.info\/archives\/1049979","og_site_name":"Darka Maz\u00ee","article_publisher":"https:\/\/www.facebook.com\/DarMaziKurmanci","article_published_time":"2025-09-25T10:30:43+00:00","og_image":[{"width":900,"height":500,"url":"https:\/\/darkamazi.info\/file\/2025\/09\/Ismal-besikci-info-web.jpg","type":"image\/jpeg"}],"author":"darka mazi","twitter_card":"summary_large_image","twitter_creator":"@DarkaMaziLatini","twitter_site":"@DarkaMaziLatini","twitter_misc":{"Written by":"darka mazi","Est. reading time":"1 minute"},"schema":{"@context":"https:\/\/schema.org","@graph":[{"@type":"Article","@id":"https:\/\/darkamazi.info\/archives\/1049979#article","isPartOf":{"@id":"https:\/\/darkamazi.info\/archives\/1049979"},"author":{"name":"darka mazi","@id":"https:\/\/darkamazi.info\/#\/schema\/person\/5ad3e24553a0567993fa8ed4bd0a776c"},"headline":"\u00cesma\u00eel Be\u015fki\u00e7\u00ee: Referend\u00fbm pir gir\u00eeng b\u00fb \u00fb p\u00eaw\u00eest b\u00fb ku were lidarxistin","datePublished":"2025-09-25T10:30:43+00:00","mainEntityOfPage":{"@id":"https:\/\/darkamazi.info\/archives\/1049979"},"wordCount":217,"publisher":{"@id":"https:\/\/darkamazi.info\/#organization"},"image":{"@id":"https:\/\/darkamazi.info\/archives\/1049979#primaryimage"},"thumbnailUrl":"https:\/\/darkamazi.info\/file\/2025\/09\/Ismal-besikci-info-web.jpg","keywords":["sereke"],"articleSection":["Kurdistan"],"inLanguage":"en-US"},{"@type":"WebPage","@id":"https:\/\/darkamazi.info\/archives\/1049979","url":"https:\/\/darkamazi.info\/archives\/1049979","name":"\u00cesma\u00eel Be\u015fki\u00e7\u00ee: Referend\u00fbm pir gir\u00eeng b\u00fb \u00fb p\u00eaw\u00eest b\u00fb ku were lidarxistin - Darka Maz\u00ee","isPartOf":{"@id":"https:\/\/darkamazi.info\/#website"},"primaryImageOfPage":{"@id":"https:\/\/darkamazi.info\/archives\/1049979#primaryimage"},"image":{"@id":"https:\/\/darkamazi.info\/archives\/1049979#primaryimage"},"thumbnailUrl":"https:\/\/darkamazi.info\/file\/2025\/09\/Ismal-besikci-info-web.jpg","datePublished":"2025-09-25T10:30:43+00:00","breadcrumb":{"@id":"https:\/\/darkamazi.info\/archives\/1049979#breadcrumb"},"inLanguage":"en-US","potentialAction":[{"@type":"ReadAction","target":["https:\/\/darkamazi.info\/archives\/1049979"]}]},{"@type":"ImageObject","inLanguage":"en-US","@id":"https:\/\/darkamazi.info\/archives\/1049979#primaryimage","url":"https:\/\/darkamazi.info\/file\/2025\/09\/Ismal-besikci-info-web.jpg","contentUrl":"https:\/\/darkamazi.info\/file\/2025\/09\/Ismal-besikci-info-web.jpg","width":900,"height":500,"caption":"Ismal-besikci-info-web"},{"@type":"BreadcrumbList","@id":"https:\/\/darkamazi.info\/archives\/1049979#breadcrumb","itemListElement":[{"@type":"ListItem","position":1,"name":"Home","item":"https:\/\/darkamazi.info\/"},{"@type":"ListItem","position":2,"name":"\u00cesma\u00eel Be\u015fki\u00e7\u00ee: Referend\u00fbm pir gir\u00eeng b\u00fb \u00fb p\u00eaw\u00eest b\u00fb ku were lidarxistin"}]},{"@type":"WebSite","@id":"https:\/\/darkamazi.info\/#website","url":"https:\/\/darkamazi.info\/","name":"Darka Maz\u00ee","description":"P\u00eageha Zanyariy\u00ean Nebih\u00eest\u00ee","publisher":{"@id":"https:\/\/darkamazi.info\/#organization"},"potentialAction":[{"@type":"SearchAction","target":{"@type":"EntryPoint","urlTemplate":"https:\/\/darkamazi.info\/?s={search_term_string}"},"query-input":{"@type":"PropertyValueSpecification","valueRequired":true,"valueName":"search_term_string"}}],"inLanguage":"en-US"},{"@type":"Organization","@id":"https:\/\/darkamazi.info\/#organization","name":"Darka Maz\u00ee","url":"https:\/\/darkamazi.info\/","logo":{"@type":"ImageObject","inLanguage":"en-US","@id":"https:\/\/darkamazi.info\/#\/schema\/logo\/image\/","url":"https:\/\/darkamazi.info\/file\/2017\/12\/darka-mazi-logo.png","contentUrl":"https:\/\/darkamazi.info\/file\/2017\/12\/darka-mazi-logo.png","width":151,"height":75,"caption":"Darka Maz\u00ee"},"image":{"@id":"https:\/\/darkamazi.info\/#\/schema\/logo\/image\/"},"sameAs":["https:\/\/www.facebook.com\/DarMaziKurmanci","https:\/\/x.com\/DarkaMaziLatini","https:\/\/www.instagram.com\/darkamazi.kurmanci\/","https:\/\/www.youtube.com\/channel\/UCa5HkTdmI8U1qCUFuTw8B2g"]},{"@type":"Person","@id":"https:\/\/darkamazi.info\/#\/schema\/person\/5ad3e24553a0567993fa8ed4bd0a776c","name":"darka mazi","sameAs":["https:\/\/darkamazi.info\/"],"url":"https:\/\/darkamazi.info\/archives\/author\/kurdi"}]}},"_links":{"self":[{"href":"https:\/\/darkamazi.info\/funavuv\/wp\/v2\/posts\/1049979","targetHints":{"allow":["GET"]}}],"collection":[{"href":"https:\/\/darkamazi.info\/funavuv\/wp\/v2\/posts"}],"about":[{"href":"https:\/\/darkamazi.info\/funavuv\/wp\/v2\/types\/post"}],"author":[{"embeddable":true,"href":"https:\/\/darkamazi.info\/funavuv\/wp\/v2\/users\/2"}],"replies":[{"embeddable":true,"href":"https:\/\/darkamazi.info\/funavuv\/wp\/v2\/comments?post=1049979"}],"version-history":[{"count":0,"href":"https:\/\/darkamazi.info\/funavuv\/wp\/v2\/posts\/1049979\/revisions"}],"wp:featuredmedia":[{"embeddable":true,"href":"https:\/\/darkamazi.info\/funavuv\/wp\/v2\/media\/1049980"}],"wp:attachment":[{"href":"https:\/\/darkamazi.info\/funavuv\/wp\/v2\/media?parent=1049979"}],"wp:term":[{"taxonomy":"category","embeddable":true,"href":"https:\/\/darkamazi.info\/funavuv\/wp\/v2\/categories?post=1049979"},{"taxonomy":"post_tag","embeddable":true,"href":"https:\/\/darkamazi.info\/funavuv\/wp\/v2\/tags?post=1049979"}],"curies":[{"name":"wp","href":"https:\/\/api.w.org\/{rel}","templated":true}]}}