{"id":1049988,"date":"2025-09-27T10:56:49","date_gmt":"2025-09-27T07:56:49","guid":{"rendered":"https:\/\/darkamazi.info\/?p=1049988"},"modified":"2025-09-27T10:56:49","modified_gmt":"2025-09-27T07:56:49","slug":"hinardekirina-petrola-kurdistane-dest-pe-kir","status":"publish","type":"post","link":"https:\/\/darkamazi.info\/archives\/1049988","title":{"rendered":"Hinardekirina petrola Kurdistan\u00ea dest p\u00ea kir"},"content":{"rendered":"<h3 style=\"text-align: justify\"><span style=\"font-family: 'arial black', sans-serif\">Pi\u015ft\u00ee 2 sal \u00fb 7 meh hate rawestandin, \u00eero 27.09.2025\u00ea demjim\u00ear 06:00\u00ea ser\u00ea sibeh\u00ea hinardekirina petrola Kurdistan\u00ea bi r\u00eaya \u015f\u00eerketa SOMO ve ji bo bendera Ceyhan a Tirkiy\u00ea destp\u00eakir.<\/span><\/h3>\n<h3 style=\"text-align: justify\">Hinardekirina petrol\u00ea pi\u015ft\u00ee peymana s\u00eaal\u00ee ya di navbera Hik\u00fbmeta Her\u00eama Kurdistan\u00ea \u00fb Hik\u00fbmeta Federal a Iraq\u00ea \u00fb \u015f\u00eerket\u00ean petrol\u00ea de destp\u00eakir.<\/h3>\n<h3 style=\"text-align: justify\">Ber\u00ee naha j\u00ee hik\u00fbmeta Iraq\u00ea ragehandib\u00fb, ku peyman li gel \u015f\u00eerket\u00ean kiryar\u00ean petrola Kurdistan\u00ea hatiye p\u00eakan\u00een.<\/h3>\n<h3 style=\"text-align: justify\">Di demek\u00ee ku pirsgir\u00eak\u00ean di navbera R\u00fbsya \u00fb Ewropay\u00ea li ser enerjiy\u00ea, bendewar\u00ee hene ku petrola Kurdistan\u00ea tevgerek\u00ee di bazara petrola c\u00eehan\u00ea de \u00e7\u00eabike \u00fb pi\u015ft\u00ee n\u00fb\u00e7eya hinardekirina petrola Kurdistan\u00ea, nirx\u00ea petrol\u00ea hinek giran b\u00fb.<\/h3>\n","protected":false},"excerpt":{"rendered":"<p>Pi\u015ft\u00ee 2 sal \u00fb 7 meh hate rawestandin, \u00eero 27.09.2025\u00ea demjim\u00ear 06:00\u00ea ser\u00ea sibeh\u00ea hinardekirina petrola Kurdistan\u00ea bi r\u00eaya \u015f\u00eerketa SOMO ve ji bo bendera Ceyhan a Tirkiy\u00ea destp\u00eakir. Hinardekirina petrol\u00ea pi\u015ft\u00ee peymana s\u00eaal\u00ee ya di navbera Hik\u00fbmeta Her\u00eama Kurdistan\u00ea \u00fb Hik\u00fbmeta Federal a Iraq\u00ea \u00fb \u015f\u00eerket\u00ean petrol\u00ea de destp\u00eakir. Ber\u00ee naha j\u00ee hik\u00fbmeta Iraq\u00ea [&hellip;]<\/p>\n","protected":false},"author":2,"featured_media":1049989,"comment_status":"closed","ping_status":"closed","sticky":false,"template":"","format":"standard","meta":{"footnotes":""},"categories":[29],"tags":[37],"class_list":["post-1049988","post","type-post","status-publish","format-standard","has-post-thumbnail","hentry","category-kurdistan","tag-sereke"],"blocksy_meta":[],"seo_head":"<!-- This site is optimized with the Yoast SEO plugin v27.5 - https:\/\/yoast.com\/product\/yoast-seo-wordpress\/ -->\n<title>Hinardekirina petrola Kurdistan\u00ea dest p\u00ea kir - Darka Maz\u00ee<\/title>\n<meta name=\"robots\" content=\"index, follow, max-snippet:-1, max-image-preview:large, max-video-preview:-1\" \/>\n<link rel=\"canonical\" href=\"https:\/\/darkamazi.info\/archives\/1049988\" \/>\n<meta property=\"og:locale\" content=\"en_US\" \/>\n<meta property=\"og:type\" content=\"article\" \/>\n<meta property=\"og:title\" content=\"Hinardekirina petrola Kurdistan\u00ea dest p\u00ea kir - Darka Maz\u00ee\" \/>\n<meta property=\"og:description\" content=\"Pi\u015ft\u00ee 2 sal \u00fb 7 meh hate rawestandin, \u00eero 27.09.2025\u00ea demjim\u00ear 06:00\u00ea ser\u00ea sibeh\u00ea hinardekirina petrola Kurdistan\u00ea bi r\u00eaya \u015f\u00eerketa SOMO ve ji bo bendera Ceyhan a Tirkiy\u00ea destp\u00eakir. Hinardekirina petrol\u00ea pi\u015ft\u00ee peymana s\u00eaal\u00ee ya di navbera Hik\u00fbmeta Her\u00eama Kurdistan\u00ea \u00fb Hik\u00fbmeta Federal a Iraq\u00ea \u00fb \u015f\u00eerket\u00ean petrol\u00ea de destp\u00eakir. Ber\u00ee naha j\u00ee hik\u00fbmeta Iraq\u00ea [&hellip;]\" \/>\n<meta property=\"og:url\" content=\"https:\/\/darkamazi.info\/archives\/1049988\" \/>\n<meta property=\"og:site_name\" content=\"Darka Maz\u00ee\" \/>\n<meta property=\"article:publisher\" content=\"https:\/\/www.facebook.com\/DarMaziKurmanci\" \/>\n<meta property=\"article:published_time\" content=\"2025-09-27T07:56:49+00:00\" \/>\n<meta property=\"og:image\" content=\"https:\/\/darkamazi.info\/file\/2025\/09\/petrola-kurdistane.jpg\" \/>\n\t<meta property=\"og:image:width\" content=\"900\" \/>\n\t<meta property=\"og:image:height\" content=\"497\" \/>\n\t<meta property=\"og:image:type\" content=\"image\/jpeg\" \/>\n<meta name=\"author\" content=\"darka mazi\" \/>\n<meta name=\"twitter:card\" content=\"summary_large_image\" \/>\n<meta name=\"twitter:creator\" content=\"@DarkaMaziLatini\" \/>\n<meta name=\"twitter:site\" content=\"@DarkaMaziLatini\" \/>\n<meta name=\"twitter:label1\" content=\"Written by\" \/>\n\t<meta name=\"twitter:data1\" content=\"darka mazi\" \/>\n\t<meta name=\"twitter:label2\" content=\"Est. reading time\" \/>\n\t<meta name=\"twitter:data2\" content=\"1 minute\" \/>\n<script type=\"application\/ld+json\" class=\"seo-schema-graph\">{\"@context\":\"https:\\\/\\\/schema.org\",\"@graph\":[{\"@type\":\"Article\",\"@id\":\"https:\\\/\\\/darkamazi.info\\\/archives\\\/1049988#article\",\"isPartOf\":{\"@id\":\"https:\\\/\\\/darkamazi.info\\\/archives\\\/1049988\"},\"author\":{\"name\":\"darka mazi\",\"@id\":\"https:\\\/\\\/darkamazi.info\\\/#\\\/schema\\\/person\\\/5ad3e24553a0567993fa8ed4bd0a776c\"},\"headline\":\"Hinardekirina petrola Kurdistan\u00ea dest p\u00ea kir\",\"datePublished\":\"2025-09-27T07:56:49+00:00\",\"mainEntityOfPage\":{\"@id\":\"https:\\\/\\\/darkamazi.info\\\/archives\\\/1049988\"},\"wordCount\":120,\"publisher\":{\"@id\":\"https:\\\/\\\/darkamazi.info\\\/#organization\"},\"image\":{\"@id\":\"https:\\\/\\\/darkamazi.info\\\/archives\\\/1049988#primaryimage\"},\"thumbnailUrl\":\"https:\\\/\\\/darkamazi.info\\\/darka-content\\\/uploads\\\/2025\\\/09\\\/petrola-kurdistane.jpg\",\"keywords\":[\"sereke\"],\"articleSection\":[\"Kurdistan\"],\"inLanguage\":\"en-US\"},{\"@type\":\"WebPage\",\"@id\":\"https:\\\/\\\/darkamazi.info\\\/archives\\\/1049988\",\"url\":\"https:\\\/\\\/darkamazi.info\\\/archives\\\/1049988\",\"name\":\"Hinardekirina petrola Kurdistan\u00ea dest p\u00ea kir - Darka Maz\u00ee\",\"isPartOf\":{\"@id\":\"https:\\\/\\\/darkamazi.info\\\/#website\"},\"primaryImageOfPage\":{\"@id\":\"https:\\\/\\\/darkamazi.info\\\/archives\\\/1049988#primaryimage\"},\"image\":{\"@id\":\"https:\\\/\\\/darkamazi.info\\\/archives\\\/1049988#primaryimage\"},\"thumbnailUrl\":\"https:\\\/\\\/darkamazi.info\\\/darka-content\\\/uploads\\\/2025\\\/09\\\/petrola-kurdistane.jpg\",\"datePublished\":\"2025-09-27T07:56:49+00:00\",\"breadcrumb\":{\"@id\":\"https:\\\/\\\/darkamazi.info\\\/archives\\\/1049988#breadcrumb\"},\"inLanguage\":\"en-US\",\"potentialAction\":[{\"@type\":\"ReadAction\",\"target\":[\"https:\\\/\\\/darkamazi.info\\\/archives\\\/1049988\"]}]},{\"@type\":\"ImageObject\",\"inLanguage\":\"en-US\",\"@id\":\"https:\\\/\\\/darkamazi.info\\\/archives\\\/1049988#primaryimage\",\"url\":\"https:\\\/\\\/darkamazi.info\\\/darka-content\\\/uploads\\\/2025\\\/09\\\/petrola-kurdistane.jpg\",\"contentUrl\":\"https:\\\/\\\/darkamazi.info\\\/darka-content\\\/uploads\\\/2025\\\/09\\\/petrola-kurdistane.jpg\",\"width\":900,\"height\":497,\"caption\":\"Hinardekirina petrola Kurdistan\u00ea dest p\u00ea kir\"},{\"@type\":\"BreadcrumbList\",\"@id\":\"https:\\\/\\\/darkamazi.info\\\/archives\\\/1049988#breadcrumb\",\"itemListElement\":[{\"@type\":\"ListItem\",\"position\":1,\"name\":\"Home\",\"item\":\"https:\\\/\\\/darkamazi.info\\\/\"},{\"@type\":\"ListItem\",\"position\":2,\"name\":\"Hinardekirina petrola Kurdistan\u00ea dest p\u00ea kir\"}]},{\"@type\":\"WebSite\",\"@id\":\"https:\\\/\\\/darkamazi.info\\\/#website\",\"url\":\"https:\\\/\\\/darkamazi.info\\\/\",\"name\":\"Darka Maz\u00ee\",\"description\":\"P\u00eageha Zanyariy\u00ean Nebih\u00eest\u00ee\",\"publisher\":{\"@id\":\"https:\\\/\\\/darkamazi.info\\\/#organization\"},\"potentialAction\":[{\"@type\":\"SearchAction\",\"target\":{\"@type\":\"EntryPoint\",\"urlTemplate\":\"https:\\\/\\\/darkamazi.info\\\/?s={search_term_string}\"},\"query-input\":{\"@type\":\"PropertyValueSpecification\",\"valueRequired\":true,\"valueName\":\"search_term_string\"}}],\"inLanguage\":\"en-US\"},{\"@type\":\"Organization\",\"@id\":\"https:\\\/\\\/darkamazi.info\\\/#organization\",\"name\":\"Darka Maz\u00ee\",\"url\":\"https:\\\/\\\/darkamazi.info\\\/\",\"logo\":{\"@type\":\"ImageObject\",\"inLanguage\":\"en-US\",\"@id\":\"https:\\\/\\\/darkamazi.info\\\/#\\\/schema\\\/logo\\\/image\\\/\",\"url\":\"https:\\\/\\\/darkamazi.info\\\/darka-content\\\/uploads\\\/2017\\\/12\\\/darka-mazi-logo.png\",\"contentUrl\":\"https:\\\/\\\/darkamazi.info\\\/darka-content\\\/uploads\\\/2017\\\/12\\\/darka-mazi-logo.png\",\"width\":151,\"height\":75,\"caption\":\"Darka Maz\u00ee\"},\"image\":{\"@id\":\"https:\\\/\\\/darkamazi.info\\\/#\\\/schema\\\/logo\\\/image\\\/\"},\"sameAs\":[\"https:\\\/\\\/www.facebook.com\\\/DarMaziKurmanci\",\"https:\\\/\\\/x.com\\\/DarkaMaziLatini\",\"https:\\\/\\\/www.instagram.com\\\/darkamazi.kurmanci\\\/\",\"https:\\\/\\\/www.youtube.com\\\/channel\\\/UCa5HkTdmI8U1qCUFuTw8B2g\"]},{\"@type\":\"Person\",\"@id\":\"https:\\\/\\\/darkamazi.info\\\/#\\\/schema\\\/person\\\/5ad3e24553a0567993fa8ed4bd0a776c\",\"name\":\"darka mazi\",\"sameAs\":[\"https:\\\/\\\/darkamazi.info\\\/\"],\"url\":\"https:\\\/\\\/darkamazi.info\\\/archives\\\/author\\\/kurdi\"}]}<\/script>\n<!-- \/ Yoast SEO plugin. -->","seo_head_json":{"title":"Hinardekirina petrola Kurdistan\u00ea dest p\u00ea kir - Darka Maz\u00ee","robots":{"index":"index","follow":"follow","max-snippet":"max-snippet:-1","max-image-preview":"max-image-preview:large","max-video-preview":"max-video-preview:-1"},"canonical":"https:\/\/darkamazi.info\/archives\/1049988","og_locale":"en_US","og_type":"article","og_title":"Hinardekirina petrola Kurdistan\u00ea dest p\u00ea kir - Darka Maz\u00ee","og_description":"Pi\u015ft\u00ee 2 sal \u00fb 7 meh hate rawestandin, \u00eero 27.09.2025\u00ea demjim\u00ear 06:00\u00ea ser\u00ea sibeh\u00ea hinardekirina petrola Kurdistan\u00ea bi r\u00eaya \u015f\u00eerketa SOMO ve ji bo bendera Ceyhan a Tirkiy\u00ea destp\u00eakir. Hinardekirina petrol\u00ea pi\u015ft\u00ee peymana s\u00eaal\u00ee ya di navbera Hik\u00fbmeta Her\u00eama Kurdistan\u00ea \u00fb Hik\u00fbmeta Federal a Iraq\u00ea \u00fb \u015f\u00eerket\u00ean petrol\u00ea de destp\u00eakir. Ber\u00ee naha j\u00ee hik\u00fbmeta Iraq\u00ea [&hellip;]","og_url":"https:\/\/darkamazi.info\/archives\/1049988","og_site_name":"Darka Maz\u00ee","article_publisher":"https:\/\/www.facebook.com\/DarMaziKurmanci","article_published_time":"2025-09-27T07:56:49+00:00","og_image":[{"width":900,"height":497,"url":"https:\/\/darkamazi.info\/file\/2025\/09\/petrola-kurdistane.jpg","type":"image\/jpeg"}],"author":"darka mazi","twitter_card":"summary_large_image","twitter_creator":"@DarkaMaziLatini","twitter_site":"@DarkaMaziLatini","twitter_misc":{"Written by":"darka mazi","Est. reading time":"1 minute"},"schema":{"@context":"https:\/\/schema.org","@graph":[{"@type":"Article","@id":"https:\/\/darkamazi.info\/archives\/1049988#article","isPartOf":{"@id":"https:\/\/darkamazi.info\/archives\/1049988"},"author":{"name":"darka mazi","@id":"https:\/\/darkamazi.info\/#\/schema\/person\/5ad3e24553a0567993fa8ed4bd0a776c"},"headline":"Hinardekirina petrola Kurdistan\u00ea dest p\u00ea kir","datePublished":"2025-09-27T07:56:49+00:00","mainEntityOfPage":{"@id":"https:\/\/darkamazi.info\/archives\/1049988"},"wordCount":120,"publisher":{"@id":"https:\/\/darkamazi.info\/#organization"},"image":{"@id":"https:\/\/darkamazi.info\/archives\/1049988#primaryimage"},"thumbnailUrl":"https:\/\/darkamazi.info\/file\/2025\/09\/petrola-kurdistane.jpg","keywords":["sereke"],"articleSection":["Kurdistan"],"inLanguage":"en-US"},{"@type":"WebPage","@id":"https:\/\/darkamazi.info\/archives\/1049988","url":"https:\/\/darkamazi.info\/archives\/1049988","name":"Hinardekirina petrola Kurdistan\u00ea dest p\u00ea kir - Darka Maz\u00ee","isPartOf":{"@id":"https:\/\/darkamazi.info\/#website"},"primaryImageOfPage":{"@id":"https:\/\/darkamazi.info\/archives\/1049988#primaryimage"},"image":{"@id":"https:\/\/darkamazi.info\/archives\/1049988#primaryimage"},"thumbnailUrl":"https:\/\/darkamazi.info\/file\/2025\/09\/petrola-kurdistane.jpg","datePublished":"2025-09-27T07:56:49+00:00","breadcrumb":{"@id":"https:\/\/darkamazi.info\/archives\/1049988#breadcrumb"},"inLanguage":"en-US","potentialAction":[{"@type":"ReadAction","target":["https:\/\/darkamazi.info\/archives\/1049988"]}]},{"@type":"ImageObject","inLanguage":"en-US","@id":"https:\/\/darkamazi.info\/archives\/1049988#primaryimage","url":"https:\/\/darkamazi.info\/file\/2025\/09\/petrola-kurdistane.jpg","contentUrl":"https:\/\/darkamazi.info\/file\/2025\/09\/petrola-kurdistane.jpg","width":900,"height":497,"caption":"Hinardekirina petrola Kurdistan\u00ea dest p\u00ea kir"},{"@type":"BreadcrumbList","@id":"https:\/\/darkamazi.info\/archives\/1049988#breadcrumb","itemListElement":[{"@type":"ListItem","position":1,"name":"Home","item":"https:\/\/darkamazi.info\/"},{"@type":"ListItem","position":2,"name":"Hinardekirina petrola Kurdistan\u00ea dest p\u00ea kir"}]},{"@type":"WebSite","@id":"https:\/\/darkamazi.info\/#website","url":"https:\/\/darkamazi.info\/","name":"Darka Maz\u00ee","description":"P\u00eageha Zanyariy\u00ean Nebih\u00eest\u00ee","publisher":{"@id":"https:\/\/darkamazi.info\/#organization"},"potentialAction":[{"@type":"SearchAction","target":{"@type":"EntryPoint","urlTemplate":"https:\/\/darkamazi.info\/?s={search_term_string}"},"query-input":{"@type":"PropertyValueSpecification","valueRequired":true,"valueName":"search_term_string"}}],"inLanguage":"en-US"},{"@type":"Organization","@id":"https:\/\/darkamazi.info\/#organization","name":"Darka Maz\u00ee","url":"https:\/\/darkamazi.info\/","logo":{"@type":"ImageObject","inLanguage":"en-US","@id":"https:\/\/darkamazi.info\/#\/schema\/logo\/image\/","url":"https:\/\/darkamazi.info\/file\/2017\/12\/darka-mazi-logo.png","contentUrl":"https:\/\/darkamazi.info\/file\/2017\/12\/darka-mazi-logo.png","width":151,"height":75,"caption":"Darka Maz\u00ee"},"image":{"@id":"https:\/\/darkamazi.info\/#\/schema\/logo\/image\/"},"sameAs":["https:\/\/www.facebook.com\/DarMaziKurmanci","https:\/\/x.com\/DarkaMaziLatini","https:\/\/www.instagram.com\/darkamazi.kurmanci\/","https:\/\/www.youtube.com\/channel\/UCa5HkTdmI8U1qCUFuTw8B2g"]},{"@type":"Person","@id":"https:\/\/darkamazi.info\/#\/schema\/person\/5ad3e24553a0567993fa8ed4bd0a776c","name":"darka mazi","sameAs":["https:\/\/darkamazi.info\/"],"url":"https:\/\/darkamazi.info\/archives\/author\/kurdi"}]}},"_links":{"self":[{"href":"https:\/\/darkamazi.info\/funavuv\/wp\/v2\/posts\/1049988","targetHints":{"allow":["GET"]}}],"collection":[{"href":"https:\/\/darkamazi.info\/funavuv\/wp\/v2\/posts"}],"about":[{"href":"https:\/\/darkamazi.info\/funavuv\/wp\/v2\/types\/post"}],"author":[{"embeddable":true,"href":"https:\/\/darkamazi.info\/funavuv\/wp\/v2\/users\/2"}],"replies":[{"embeddable":true,"href":"https:\/\/darkamazi.info\/funavuv\/wp\/v2\/comments?post=1049988"}],"version-history":[{"count":0,"href":"https:\/\/darkamazi.info\/funavuv\/wp\/v2\/posts\/1049988\/revisions"}],"wp:featuredmedia":[{"embeddable":true,"href":"https:\/\/darkamazi.info\/funavuv\/wp\/v2\/media\/1049989"}],"wp:attachment":[{"href":"https:\/\/darkamazi.info\/funavuv\/wp\/v2\/media?parent=1049988"}],"wp:term":[{"taxonomy":"category","embeddable":true,"href":"https:\/\/darkamazi.info\/funavuv\/wp\/v2\/categories?post=1049988"},{"taxonomy":"post_tag","embeddable":true,"href":"https:\/\/darkamazi.info\/funavuv\/wp\/v2\/tags?post=1049988"}],"curies":[{"name":"wp","href":"https:\/\/api.w.org\/{rel}","templated":true}]}}