{"id":1049994,"date":"2025-09-27T17:27:09","date_gmt":"2025-09-27T14:27:09","guid":{"rendered":"https:\/\/darkamazi.info\/?p=1049994"},"modified":"2025-09-27T17:27:09","modified_gmt":"2025-09-27T14:27:09","slug":"ji-ber-nivisa-kurdi-ya-li-ser-formeye-ceza-li-amedspore-hat-birin","status":"publish","type":"post","link":"https:\/\/darkamazi.info\/archives\/1049994","title":{"rendered":"Ji ber niv\u00eesa kurd\u00ee ya li ser formey\u00ea, ceza li Amedspor\u00ea hat bir\u00een"},"content":{"rendered":"<h3 style=\"text-align: justify\"><span style=\"font-family: 'arial black', sans-serif\">Federasyona Futbol\u00ea ya Tirkiyey\u00ea (TFF), bi hinceta ku li ser formey\u00ean l\u00eestikvanan niv\u00ees\u00ean Kurd\u00ee heb\u00fbn, yaneya Amedspor\u00ea bi 110 hezar l\u00eerey\u00ea Tirk\u00ee siza kir. Partiya Wekhev\u00ee \u00fb Demokrasiy\u00ea ya Gelan (DEM Part\u00ee) li hember\u00ee v\u00ea biryar\u00ea bertekeke tund n\u00ee\u015fan da \u00fb ew weke biryareke &#8220;\u015ferm\u00ea&#8221; bi nav kir.<\/span><\/h3>\n<h3 style=\"text-align: justify\">Amedspor\u00ea, di d\u00eeroka Tirkiyey\u00ea de cara yekem, ji bo sponseriya li ser s\u00eenga formey\u00ean xwe bi kompanyayeke Amed\u00ee re li hev kirib\u00fb \u00fb li bin logoya kompanyay\u00ea bi Kurd\u00ee &#8220;Koma Me Bona We&#8221; niv\u00eesandib\u00fb. Yane bi van formeyan derketib\u00fb p\u00ea\u015fbirka li hember\u00ee Sakaryaspor\u00ea. L\u00ea TFFy\u00ea bi hinceta ku &#8220;pabend\u00ee r\u00eanimay\u00ean cil\u00fbberg\u00ean werzi\u015f\u00ee neb\u00fbye&#8221;, ev cezay\u00ea pereyan li kl\u00fbb\u00ea bir\u00ee.<\/h3>\n<h3 style=\"text-align: justify\">Serok\u00ea Amedspor\u00ea bertek n\u00ee\u015fan\u00ee biryar\u00ea da \u00fb ragihand, s\u00eawirana forme \u00fb niv\u00eesa li ser w\u00ea, ber\u00ea hem ji aliy\u00ea Wezareta Bazirganiy\u00ea ya Tirkiyey\u00ea ve hatiye er\u00eakirin, hem j\u00ee Federasyon\u00ea bi xwe ev yek qeb\u00fbl kiriye.<\/h3>\n<h3 style=\"text-align: justify\">DEM Part\u00ee: Ev n\u00eaz\u00eekat\u00ee dibe sedema \u00eari\u015f\u00ean n\u00eejadperest<\/h3>\n<h3 style=\"text-align: justify\">Li aliy\u00ea din, Hevserok\u00ean Gi\u015ft\u00ee y\u00ean DEM Partiy\u00ea Tuncer Bakirhan \u00fb Tulay Hat\u00eemogullari bi daxuyaniyeke hevbe\u015f rexney\u00ean tund li TFFy\u00ea girtin. Hevserokan diyar kirin ku ev biryar n\u00ee\u015fana tahamulnekirina ziman\u00ea Kurd\u00ee ye \u00fb gotin: &#8220;Li Parlamentoy\u00ea Kurd\u00ee qeb\u00fbl nakin, di futbol\u00ea de siza didin. Ev n\u00eaz\u00eekat\u00ee dibe sedema \u00eari\u015f\u00ean n\u00eejadperest.&#8221;<\/h3>\n<h3 style=\"text-align: justify\">Bakirhan \u00fb Hat\u00eemogullari bang li federasyon\u00ea kirin ku &#8220;gavek\u00ea z\u00fbtir dev ji v\u00ea biryara \u015ferm\u00ea berdin&#8221; \u00fb l\u00eabor\u00een\u00ea bixwazin \u00fb wiha gotin: &#8220;Em bi tu away\u00ee v\u00ea neheq\u00ee \u00fb sitem\u00ea qeb\u00fbl nakin.&#8221;<\/h3>\n","protected":false},"excerpt":{"rendered":"<p>Federasyona Futbol\u00ea ya Tirkiyey\u00ea (TFF), bi hinceta ku li ser formey\u00ean l\u00eestikvanan niv\u00ees\u00ean Kurd\u00ee heb\u00fbn, yaneya Amedspor\u00ea bi 110 hezar l\u00eerey\u00ea Tirk\u00ee siza kir. Partiya Wekhev\u00ee \u00fb Demokrasiy\u00ea ya Gelan (DEM Part\u00ee) li hember\u00ee v\u00ea biryar\u00ea bertekeke tund n\u00ee\u015fan da \u00fb ew weke biryareke &#8220;\u015ferm\u00ea&#8221; bi nav kir. Amedspor\u00ea, di d\u00eeroka Tirkiyey\u00ea de cara yekem, [&hellip;]<\/p>\n","protected":false},"author":2,"featured_media":1049995,"comment_status":"closed","ping_status":"closed","sticky":false,"template":"","format":"standard","meta":{"footnotes":""},"categories":[29],"tags":[37],"class_list":["post-1049994","post","type-post","status-publish","format-standard","has-post-thumbnail","hentry","category-kurdistan","tag-sereke"],"blocksy_meta":[],"seo_head":"<!-- This site is optimized with the Yoast SEO plugin v27.5 - https:\/\/yoast.com\/product\/yoast-seo-wordpress\/ -->\n<title>Ji ber niv\u00eesa kurd\u00ee ya li ser formey\u00ea, ceza li Amedspor\u00ea hat bir\u00een - Darka Maz\u00ee<\/title>\n<meta name=\"robots\" content=\"index, follow, max-snippet:-1, max-image-preview:large, max-video-preview:-1\" \/>\n<link rel=\"canonical\" href=\"https:\/\/darkamazi.info\/archives\/1049994\" \/>\n<meta property=\"og:locale\" content=\"en_US\" \/>\n<meta property=\"og:type\" content=\"article\" \/>\n<meta property=\"og:title\" content=\"Ji ber niv\u00eesa kurd\u00ee ya li ser formey\u00ea, ceza li Amedspor\u00ea hat bir\u00een - Darka Maz\u00ee\" \/>\n<meta property=\"og:description\" content=\"Federasyona Futbol\u00ea ya Tirkiyey\u00ea (TFF), bi hinceta ku li ser formey\u00ean l\u00eestikvanan niv\u00ees\u00ean Kurd\u00ee heb\u00fbn, yaneya Amedspor\u00ea bi 110 hezar l\u00eerey\u00ea Tirk\u00ee siza kir. Partiya Wekhev\u00ee \u00fb Demokrasiy\u00ea ya Gelan (DEM Part\u00ee) li hember\u00ee v\u00ea biryar\u00ea bertekeke tund n\u00ee\u015fan da \u00fb ew weke biryareke &#8220;\u015ferm\u00ea&#8221; bi nav kir. Amedspor\u00ea, di d\u00eeroka Tirkiyey\u00ea de cara yekem, [&hellip;]\" \/>\n<meta property=\"og:url\" content=\"https:\/\/darkamazi.info\/archives\/1049994\" \/>\n<meta property=\"og:site_name\" content=\"Darka Maz\u00ee\" \/>\n<meta property=\"article:publisher\" content=\"https:\/\/www.facebook.com\/DarMaziKurmanci\" \/>\n<meta property=\"article:published_time\" content=\"2025-09-27T14:27:09+00:00\" \/>\n<meta property=\"og:image\" content=\"https:\/\/darkamazi.info\/file\/2025\/09\/amedspor-nivisa-kurdi.jpg\" \/>\n\t<meta property=\"og:image:width\" content=\"900\" \/>\n\t<meta property=\"og:image:height\" content=\"497\" \/>\n\t<meta property=\"og:image:type\" content=\"image\/jpeg\" \/>\n<meta name=\"author\" content=\"darka mazi\" \/>\n<meta name=\"twitter:card\" content=\"summary_large_image\" \/>\n<meta name=\"twitter:creator\" content=\"@DarkaMaziLatini\" \/>\n<meta name=\"twitter:site\" content=\"@DarkaMaziLatini\" \/>\n<meta name=\"twitter:label1\" content=\"Written by\" \/>\n\t<meta name=\"twitter:data1\" content=\"darka mazi\" \/>\n\t<meta name=\"twitter:label2\" content=\"Est. reading time\" \/>\n\t<meta name=\"twitter:data2\" content=\"2 minutes\" \/>\n<script type=\"application\/ld+json\" class=\"seo-schema-graph\">{\"@context\":\"https:\\\/\\\/schema.org\",\"@graph\":[{\"@type\":\"Article\",\"@id\":\"https:\\\/\\\/darkamazi.info\\\/archives\\\/1049994#article\",\"isPartOf\":{\"@id\":\"https:\\\/\\\/darkamazi.info\\\/archives\\\/1049994\"},\"author\":{\"name\":\"darka mazi\",\"@id\":\"https:\\\/\\\/darkamazi.info\\\/#\\\/schema\\\/person\\\/5ad3e24553a0567993fa8ed4bd0a776c\"},\"headline\":\"Ji ber niv\u00eesa kurd\u00ee ya li ser formey\u00ea, ceza li Amedspor\u00ea hat bir\u00een\",\"datePublished\":\"2025-09-27T14:27:09+00:00\",\"mainEntityOfPage\":{\"@id\":\"https:\\\/\\\/darkamazi.info\\\/archives\\\/1049994\"},\"wordCount\":278,\"publisher\":{\"@id\":\"https:\\\/\\\/darkamazi.info\\\/#organization\"},\"image\":{\"@id\":\"https:\\\/\\\/darkamazi.info\\\/archives\\\/1049994#primaryimage\"},\"thumbnailUrl\":\"https:\\\/\\\/darkamazi.info\\\/darka-content\\\/uploads\\\/2025\\\/09\\\/amedspor-nivisa-kurdi.jpg\",\"keywords\":[\"sereke\"],\"articleSection\":[\"Kurdistan\"],\"inLanguage\":\"en-US\"},{\"@type\":\"WebPage\",\"@id\":\"https:\\\/\\\/darkamazi.info\\\/archives\\\/1049994\",\"url\":\"https:\\\/\\\/darkamazi.info\\\/archives\\\/1049994\",\"name\":\"Ji ber niv\u00eesa kurd\u00ee ya li ser formey\u00ea, ceza li Amedspor\u00ea hat bir\u00een - Darka Maz\u00ee\",\"isPartOf\":{\"@id\":\"https:\\\/\\\/darkamazi.info\\\/#website\"},\"primaryImageOfPage\":{\"@id\":\"https:\\\/\\\/darkamazi.info\\\/archives\\\/1049994#primaryimage\"},\"image\":{\"@id\":\"https:\\\/\\\/darkamazi.info\\\/archives\\\/1049994#primaryimage\"},\"thumbnailUrl\":\"https:\\\/\\\/darkamazi.info\\\/darka-content\\\/uploads\\\/2025\\\/09\\\/amedspor-nivisa-kurdi.jpg\",\"datePublished\":\"2025-09-27T14:27:09+00:00\",\"breadcrumb\":{\"@id\":\"https:\\\/\\\/darkamazi.info\\\/archives\\\/1049994#breadcrumb\"},\"inLanguage\":\"en-US\",\"potentialAction\":[{\"@type\":\"ReadAction\",\"target\":[\"https:\\\/\\\/darkamazi.info\\\/archives\\\/1049994\"]}]},{\"@type\":\"ImageObject\",\"inLanguage\":\"en-US\",\"@id\":\"https:\\\/\\\/darkamazi.info\\\/archives\\\/1049994#primaryimage\",\"url\":\"https:\\\/\\\/darkamazi.info\\\/darka-content\\\/uploads\\\/2025\\\/09\\\/amedspor-nivisa-kurdi.jpg\",\"contentUrl\":\"https:\\\/\\\/darkamazi.info\\\/darka-content\\\/uploads\\\/2025\\\/09\\\/amedspor-nivisa-kurdi.jpg\",\"width\":900,\"height\":497,\"caption\":\"Ji ber niv\u00eesa kurd\u00ee ya li ser formey\u00ea, ceza li Amedspor\u00ea hat bir\u00een\"},{\"@type\":\"BreadcrumbList\",\"@id\":\"https:\\\/\\\/darkamazi.info\\\/archives\\\/1049994#breadcrumb\",\"itemListElement\":[{\"@type\":\"ListItem\",\"position\":1,\"name\":\"Home\",\"item\":\"https:\\\/\\\/darkamazi.info\\\/\"},{\"@type\":\"ListItem\",\"position\":2,\"name\":\"Ji ber niv\u00eesa kurd\u00ee ya li ser formey\u00ea, ceza li Amedspor\u00ea hat bir\u00een\"}]},{\"@type\":\"WebSite\",\"@id\":\"https:\\\/\\\/darkamazi.info\\\/#website\",\"url\":\"https:\\\/\\\/darkamazi.info\\\/\",\"name\":\"Darka Maz\u00ee\",\"description\":\"P\u00eageha Zanyariy\u00ean Nebih\u00eest\u00ee\",\"publisher\":{\"@id\":\"https:\\\/\\\/darkamazi.info\\\/#organization\"},\"potentialAction\":[{\"@type\":\"SearchAction\",\"target\":{\"@type\":\"EntryPoint\",\"urlTemplate\":\"https:\\\/\\\/darkamazi.info\\\/?s={search_term_string}\"},\"query-input\":{\"@type\":\"PropertyValueSpecification\",\"valueRequired\":true,\"valueName\":\"search_term_string\"}}],\"inLanguage\":\"en-US\"},{\"@type\":\"Organization\",\"@id\":\"https:\\\/\\\/darkamazi.info\\\/#organization\",\"name\":\"Darka Maz\u00ee\",\"url\":\"https:\\\/\\\/darkamazi.info\\\/\",\"logo\":{\"@type\":\"ImageObject\",\"inLanguage\":\"en-US\",\"@id\":\"https:\\\/\\\/darkamazi.info\\\/#\\\/schema\\\/logo\\\/image\\\/\",\"url\":\"https:\\\/\\\/darkamazi.info\\\/darka-content\\\/uploads\\\/2017\\\/12\\\/darka-mazi-logo.png\",\"contentUrl\":\"https:\\\/\\\/darkamazi.info\\\/darka-content\\\/uploads\\\/2017\\\/12\\\/darka-mazi-logo.png\",\"width\":151,\"height\":75,\"caption\":\"Darka Maz\u00ee\"},\"image\":{\"@id\":\"https:\\\/\\\/darkamazi.info\\\/#\\\/schema\\\/logo\\\/image\\\/\"},\"sameAs\":[\"https:\\\/\\\/www.facebook.com\\\/DarMaziKurmanci\",\"https:\\\/\\\/x.com\\\/DarkaMaziLatini\",\"https:\\\/\\\/www.instagram.com\\\/darkamazi.kurmanci\\\/\",\"https:\\\/\\\/www.youtube.com\\\/channel\\\/UCa5HkTdmI8U1qCUFuTw8B2g\"]},{\"@type\":\"Person\",\"@id\":\"https:\\\/\\\/darkamazi.info\\\/#\\\/schema\\\/person\\\/5ad3e24553a0567993fa8ed4bd0a776c\",\"name\":\"darka mazi\",\"sameAs\":[\"https:\\\/\\\/darkamazi.info\\\/\"],\"url\":\"https:\\\/\\\/darkamazi.info\\\/archives\\\/author\\\/kurdi\"}]}<\/script>\n<!-- \/ Yoast SEO plugin. -->","seo_head_json":{"title":"Ji ber niv\u00eesa kurd\u00ee ya li ser formey\u00ea, ceza li Amedspor\u00ea hat bir\u00een - Darka Maz\u00ee","robots":{"index":"index","follow":"follow","max-snippet":"max-snippet:-1","max-image-preview":"max-image-preview:large","max-video-preview":"max-video-preview:-1"},"canonical":"https:\/\/darkamazi.info\/archives\/1049994","og_locale":"en_US","og_type":"article","og_title":"Ji ber niv\u00eesa kurd\u00ee ya li ser formey\u00ea, ceza li Amedspor\u00ea hat bir\u00een - Darka Maz\u00ee","og_description":"Federasyona Futbol\u00ea ya Tirkiyey\u00ea (TFF), bi hinceta ku li ser formey\u00ean l\u00eestikvanan niv\u00ees\u00ean Kurd\u00ee heb\u00fbn, yaneya Amedspor\u00ea bi 110 hezar l\u00eerey\u00ea Tirk\u00ee siza kir. Partiya Wekhev\u00ee \u00fb Demokrasiy\u00ea ya Gelan (DEM Part\u00ee) li hember\u00ee v\u00ea biryar\u00ea bertekeke tund n\u00ee\u015fan da \u00fb ew weke biryareke &#8220;\u015ferm\u00ea&#8221; bi nav kir. Amedspor\u00ea, di d\u00eeroka Tirkiyey\u00ea de cara yekem, [&hellip;]","og_url":"https:\/\/darkamazi.info\/archives\/1049994","og_site_name":"Darka Maz\u00ee","article_publisher":"https:\/\/www.facebook.com\/DarMaziKurmanci","article_published_time":"2025-09-27T14:27:09+00:00","og_image":[{"width":900,"height":497,"url":"https:\/\/darkamazi.info\/file\/2025\/09\/amedspor-nivisa-kurdi.jpg","type":"image\/jpeg"}],"author":"darka mazi","twitter_card":"summary_large_image","twitter_creator":"@DarkaMaziLatini","twitter_site":"@DarkaMaziLatini","twitter_misc":{"Written by":"darka mazi","Est. reading time":"2 minutes"},"schema":{"@context":"https:\/\/schema.org","@graph":[{"@type":"Article","@id":"https:\/\/darkamazi.info\/archives\/1049994#article","isPartOf":{"@id":"https:\/\/darkamazi.info\/archives\/1049994"},"author":{"name":"darka mazi","@id":"https:\/\/darkamazi.info\/#\/schema\/person\/5ad3e24553a0567993fa8ed4bd0a776c"},"headline":"Ji ber niv\u00eesa kurd\u00ee ya li ser formey\u00ea, ceza li Amedspor\u00ea hat bir\u00een","datePublished":"2025-09-27T14:27:09+00:00","mainEntityOfPage":{"@id":"https:\/\/darkamazi.info\/archives\/1049994"},"wordCount":278,"publisher":{"@id":"https:\/\/darkamazi.info\/#organization"},"image":{"@id":"https:\/\/darkamazi.info\/archives\/1049994#primaryimage"},"thumbnailUrl":"https:\/\/darkamazi.info\/file\/2025\/09\/amedspor-nivisa-kurdi.jpg","keywords":["sereke"],"articleSection":["Kurdistan"],"inLanguage":"en-US"},{"@type":"WebPage","@id":"https:\/\/darkamazi.info\/archives\/1049994","url":"https:\/\/darkamazi.info\/archives\/1049994","name":"Ji ber niv\u00eesa kurd\u00ee ya li ser formey\u00ea, ceza li Amedspor\u00ea hat bir\u00een - Darka Maz\u00ee","isPartOf":{"@id":"https:\/\/darkamazi.info\/#website"},"primaryImageOfPage":{"@id":"https:\/\/darkamazi.info\/archives\/1049994#primaryimage"},"image":{"@id":"https:\/\/darkamazi.info\/archives\/1049994#primaryimage"},"thumbnailUrl":"https:\/\/darkamazi.info\/file\/2025\/09\/amedspor-nivisa-kurdi.jpg","datePublished":"2025-09-27T14:27:09+00:00","breadcrumb":{"@id":"https:\/\/darkamazi.info\/archives\/1049994#breadcrumb"},"inLanguage":"en-US","potentialAction":[{"@type":"ReadAction","target":["https:\/\/darkamazi.info\/archives\/1049994"]}]},{"@type":"ImageObject","inLanguage":"en-US","@id":"https:\/\/darkamazi.info\/archives\/1049994#primaryimage","url":"https:\/\/darkamazi.info\/file\/2025\/09\/amedspor-nivisa-kurdi.jpg","contentUrl":"https:\/\/darkamazi.info\/file\/2025\/09\/amedspor-nivisa-kurdi.jpg","width":900,"height":497,"caption":"Ji ber niv\u00eesa kurd\u00ee ya li ser formey\u00ea, ceza li Amedspor\u00ea hat bir\u00een"},{"@type":"BreadcrumbList","@id":"https:\/\/darkamazi.info\/archives\/1049994#breadcrumb","itemListElement":[{"@type":"ListItem","position":1,"name":"Home","item":"https:\/\/darkamazi.info\/"},{"@type":"ListItem","position":2,"name":"Ji ber niv\u00eesa kurd\u00ee ya li ser formey\u00ea, ceza li Amedspor\u00ea hat bir\u00een"}]},{"@type":"WebSite","@id":"https:\/\/darkamazi.info\/#website","url":"https:\/\/darkamazi.info\/","name":"Darka Maz\u00ee","description":"P\u00eageha Zanyariy\u00ean Nebih\u00eest\u00ee","publisher":{"@id":"https:\/\/darkamazi.info\/#organization"},"potentialAction":[{"@type":"SearchAction","target":{"@type":"EntryPoint","urlTemplate":"https:\/\/darkamazi.info\/?s={search_term_string}"},"query-input":{"@type":"PropertyValueSpecification","valueRequired":true,"valueName":"search_term_string"}}],"inLanguage":"en-US"},{"@type":"Organization","@id":"https:\/\/darkamazi.info\/#organization","name":"Darka Maz\u00ee","url":"https:\/\/darkamazi.info\/","logo":{"@type":"ImageObject","inLanguage":"en-US","@id":"https:\/\/darkamazi.info\/#\/schema\/logo\/image\/","url":"https:\/\/darkamazi.info\/file\/2017\/12\/darka-mazi-logo.png","contentUrl":"https:\/\/darkamazi.info\/file\/2017\/12\/darka-mazi-logo.png","width":151,"height":75,"caption":"Darka Maz\u00ee"},"image":{"@id":"https:\/\/darkamazi.info\/#\/schema\/logo\/image\/"},"sameAs":["https:\/\/www.facebook.com\/DarMaziKurmanci","https:\/\/x.com\/DarkaMaziLatini","https:\/\/www.instagram.com\/darkamazi.kurmanci\/","https:\/\/www.youtube.com\/channel\/UCa5HkTdmI8U1qCUFuTw8B2g"]},{"@type":"Person","@id":"https:\/\/darkamazi.info\/#\/schema\/person\/5ad3e24553a0567993fa8ed4bd0a776c","name":"darka mazi","sameAs":["https:\/\/darkamazi.info\/"],"url":"https:\/\/darkamazi.info\/archives\/author\/kurdi"}]}},"_links":{"self":[{"href":"https:\/\/darkamazi.info\/funavuv\/wp\/v2\/posts\/1049994","targetHints":{"allow":["GET"]}}],"collection":[{"href":"https:\/\/darkamazi.info\/funavuv\/wp\/v2\/posts"}],"about":[{"href":"https:\/\/darkamazi.info\/funavuv\/wp\/v2\/types\/post"}],"author":[{"embeddable":true,"href":"https:\/\/darkamazi.info\/funavuv\/wp\/v2\/users\/2"}],"replies":[{"embeddable":true,"href":"https:\/\/darkamazi.info\/funavuv\/wp\/v2\/comments?post=1049994"}],"version-history":[{"count":0,"href":"https:\/\/darkamazi.info\/funavuv\/wp\/v2\/posts\/1049994\/revisions"}],"wp:featuredmedia":[{"embeddable":true,"href":"https:\/\/darkamazi.info\/funavuv\/wp\/v2\/media\/1049995"}],"wp:attachment":[{"href":"https:\/\/darkamazi.info\/funavuv\/wp\/v2\/media?parent=1049994"}],"wp:term":[{"taxonomy":"category","embeddable":true,"href":"https:\/\/darkamazi.info\/funavuv\/wp\/v2\/categories?post=1049994"},{"taxonomy":"post_tag","embeddable":true,"href":"https:\/\/darkamazi.info\/funavuv\/wp\/v2\/tags?post=1049994"}],"curies":[{"name":"wp","href":"https:\/\/api.w.org\/{rel}","templated":true}]}}