{"id":1050007,"date":"2025-09-28T12:19:32","date_gmt":"2025-09-28T09:19:32","guid":{"rendered":"https:\/\/darkamazi.info\/?p=1050007"},"modified":"2025-09-28T12:19:32","modified_gmt":"2025-09-28T09:19:32","slug":"mustafa-ozcelik-ez-sifaya-xere-ji-mamoste-ismail-besikci-re-dixwazim","status":"publish","type":"post","link":"https:\/\/darkamazi.info\/archives\/1050007","title":{"rendered":"Mustafa Oz\u00e7el\u00eek: Ez \u015eifaya X\u00ear\u00ea Ji Mamoste \u00cesma\u00eel Be\u015f\u00eek\u00e7\u00ee R\u00ea Dixwazim"},"content":{"rendered":"<h3 style=\"text-align: justify\"><span style=\"font-family: 'arial black', sans-serif\">Serok\u00ea Gi\u015ft\u00ee y\u00ea Partiya Welatpar\u00eaz\u00ean Kurdistan\u00ea (PWK),\u00a0Mustafa Oz\u00e7el\u00eek, ji ber nexwe\u015fketina mamostey\u00ea civaknas Dr. \u00cesma\u00eel Be\u015f\u00eek\u00e7\u00ee, peyameke derbasb\u00fbn\u00ea belav kir \u00fb \u015fifaya x\u00ear\u00ea j\u00ea re xwest.<\/span><\/h3>\n<h3 style=\"text-align: justify\">Daxuyaniya Mustafa Oz\u00e7el\u00eek wiha ye:Ez \u015eifaya X\u00ear\u00ea Ji Mamoste \u00cesma\u00eel Be\u015f\u00eek\u00e7\u00ee R\u00ea DixwazimDost\u00ea milet\u00ea Kurd, mamostey\u00ea me y\u00ea h\u00eaja, Dr. \u00cesma\u00eel Be\u015f\u00eek\u00e7\u00ee \u00eero li Amed\u00ea di dema n\u00ee\u015fandana belgef\u00eelma &#8216;Bizim \u00cesma\u00eel\/\u00cesma\u00eel\u00ea Me&#8217; a li ser jiyana w\u00ee de diaxiv\u00ee \u00fb ji ni\u015fka ve nexwe\u015f ket.<\/h3>\n<h3 style=\"text-align: justify\">Mamoste Be\u015f\u00eek\u00e7\u00ee ji aliy\u00ea t\u00eem\u00ean tenduristiy\u00ea ve rakirin Nexwe\u015fxaneya Fakulteya Tip\u00ea ya Zan\u00eengeha D\u00eecley\u00ea.<\/h3>\n<h3 style=\"text-align: justify\">Mamoste Be\u015f\u00eek\u00e7\u00ee nuha li nexwe\u015fxaneya Amed\u00ea, di be\u015fa nexwe\u015f\u00eey\u00ean giran de di bin kontrole de ye.<\/h3>\n<h3 style=\"text-align: justify\">Ez \u015f\u00eefaya x\u00ear\u00ea ji dost \u00fb xemxur\u00ea maf \u00fb azad\u00ee \u00fb doza milet\u00ea Kurd Mamoste \u00cesma\u00eel Be\u015f\u00eek\u00e7\u00ee re dixwazim. H\u00eav\u00ee dikim ku mamostey\u00ea me y\u00ea h\u00eaja d\u00ea biserxwe ve were, d\u00ea ba\u015f bibe.<\/h3>\n<h3 style=\"text-align: justify\">Mustafa Oz\u00e7el\u00eek<\/h3>\n<h3 style=\"text-align: justify\">Part\u00eeya Welatpar\u00eaz\u00ean Kurdistan\u00ea (PWK)\u00a0<\/h3>\n","protected":false},"excerpt":{"rendered":"<p>Serok\u00ea Gi\u015ft\u00ee y\u00ea Partiya Welatpar\u00eaz\u00ean Kurdistan\u00ea (PWK),\u00a0Mustafa Oz\u00e7el\u00eek, ji ber nexwe\u015fketina mamostey\u00ea civaknas Dr. \u00cesma\u00eel Be\u015f\u00eek\u00e7\u00ee, peyameke derbasb\u00fbn\u00ea belav kir \u00fb \u015fifaya x\u00ear\u00ea j\u00ea re xwest. Daxuyaniya Mustafa Oz\u00e7el\u00eek wiha ye:Ez \u015eifaya X\u00ear\u00ea Ji Mamoste \u00cesma\u00eel Be\u015f\u00eek\u00e7\u00ee R\u00ea DixwazimDost\u00ea milet\u00ea Kurd, mamostey\u00ea me y\u00ea h\u00eaja, Dr. \u00cesma\u00eel Be\u015f\u00eek\u00e7\u00ee \u00eero li Amed\u00ea di dema n\u00ee\u015fandana belgef\u00eelma [&hellip;]<\/p>\n","protected":false},"author":2,"featured_media":1050008,"comment_status":"closed","ping_status":"closed","sticky":false,"template":"","format":"standard","meta":{"footnotes":""},"categories":[29],"tags":[37],"class_list":["post-1050007","post","type-post","status-publish","format-standard","has-post-thumbnail","hentry","category-kurdistan","tag-sereke"],"blocksy_meta":[],"seo_head":"<!-- This site is optimized with the Yoast SEO plugin v27.5 - https:\/\/yoast.com\/product\/yoast-seo-wordpress\/ -->\n<title>Mustafa Oz\u00e7el\u00eek: Ez \u015eifaya X\u00ear\u00ea Ji Mamoste \u00cesma\u00eel Be\u015f\u00eek\u00e7\u00ee R\u00ea Dixwazim - Darka Maz\u00ee<\/title>\n<meta name=\"robots\" content=\"index, follow, max-snippet:-1, max-image-preview:large, max-video-preview:-1\" \/>\n<link rel=\"canonical\" href=\"https:\/\/darkamazi.info\/archives\/1050007\" \/>\n<meta property=\"og:locale\" content=\"en_US\" \/>\n<meta property=\"og:type\" content=\"article\" \/>\n<meta property=\"og:title\" content=\"Mustafa Oz\u00e7el\u00eek: Ez \u015eifaya X\u00ear\u00ea Ji Mamoste \u00cesma\u00eel Be\u015f\u00eek\u00e7\u00ee R\u00ea Dixwazim - Darka Maz\u00ee\" \/>\n<meta property=\"og:description\" content=\"Serok\u00ea Gi\u015ft\u00ee y\u00ea Partiya Welatpar\u00eaz\u00ean Kurdistan\u00ea (PWK),\u00a0Mustafa Oz\u00e7el\u00eek, ji ber nexwe\u015fketina mamostey\u00ea civaknas Dr. \u00cesma\u00eel Be\u015f\u00eek\u00e7\u00ee, peyameke derbasb\u00fbn\u00ea belav kir \u00fb \u015fifaya x\u00ear\u00ea j\u00ea re xwest. Daxuyaniya Mustafa Oz\u00e7el\u00eek wiha ye:Ez \u015eifaya X\u00ear\u00ea Ji Mamoste \u00cesma\u00eel Be\u015f\u00eek\u00e7\u00ee R\u00ea DixwazimDost\u00ea milet\u00ea Kurd, mamostey\u00ea me y\u00ea h\u00eaja, Dr. \u00cesma\u00eel Be\u015f\u00eek\u00e7\u00ee \u00eero li Amed\u00ea di dema n\u00ee\u015fandana belgef\u00eelma [&hellip;]\" \/>\n<meta property=\"og:url\" content=\"https:\/\/darkamazi.info\/archives\/1050007\" \/>\n<meta property=\"og:site_name\" content=\"Darka Maz\u00ee\" \/>\n<meta property=\"article:publisher\" content=\"https:\/\/www.facebook.com\/DarMaziKurmanci\" \/>\n<meta property=\"article:published_time\" content=\"2025-09-28T09:19:32+00:00\" \/>\n<meta property=\"og:image\" content=\"https:\/\/darkamazi.info\/file\/2025\/09\/pwk.jpg\" \/>\n\t<meta property=\"og:image:width\" content=\"900\" \/>\n\t<meta property=\"og:image:height\" content=\"497\" \/>\n\t<meta property=\"og:image:type\" content=\"image\/jpeg\" \/>\n<meta name=\"author\" content=\"darka mazi\" \/>\n<meta name=\"twitter:card\" content=\"summary_large_image\" \/>\n<meta name=\"twitter:creator\" content=\"@DarkaMaziLatini\" \/>\n<meta name=\"twitter:site\" content=\"@DarkaMaziLatini\" \/>\n<meta name=\"twitter:label1\" content=\"Written by\" \/>\n\t<meta name=\"twitter:data1\" content=\"darka mazi\" \/>\n\t<meta name=\"twitter:label2\" content=\"Est. reading time\" \/>\n\t<meta name=\"twitter:data2\" content=\"1 minute\" \/>\n<script type=\"application\/ld+json\" class=\"seo-schema-graph\">{\"@context\":\"https:\\\/\\\/schema.org\",\"@graph\":[{\"@type\":\"Article\",\"@id\":\"https:\\\/\\\/darkamazi.info\\\/archives\\\/1050007#article\",\"isPartOf\":{\"@id\":\"https:\\\/\\\/darkamazi.info\\\/archives\\\/1050007\"},\"author\":{\"name\":\"darka mazi\",\"@id\":\"https:\\\/\\\/darkamazi.info\\\/#\\\/schema\\\/person\\\/5ad3e24553a0567993fa8ed4bd0a776c\"},\"headline\":\"Mustafa Oz\u00e7el\u00eek: Ez \u015eifaya X\u00ear\u00ea Ji Mamoste \u00cesma\u00eel Be\u015f\u00eek\u00e7\u00ee R\u00ea Dixwazim\",\"datePublished\":\"2025-09-28T09:19:32+00:00\",\"mainEntityOfPage\":{\"@id\":\"https:\\\/\\\/darkamazi.info\\\/archives\\\/1050007\"},\"wordCount\":198,\"publisher\":{\"@id\":\"https:\\\/\\\/darkamazi.info\\\/#organization\"},\"image\":{\"@id\":\"https:\\\/\\\/darkamazi.info\\\/archives\\\/1050007#primaryimage\"},\"thumbnailUrl\":\"https:\\\/\\\/darkamazi.info\\\/darka-content\\\/uploads\\\/2025\\\/09\\\/pwk.jpg\",\"keywords\":[\"sereke\"],\"articleSection\":[\"Kurdistan\"],\"inLanguage\":\"en-US\"},{\"@type\":\"WebPage\",\"@id\":\"https:\\\/\\\/darkamazi.info\\\/archives\\\/1050007\",\"url\":\"https:\\\/\\\/darkamazi.info\\\/archives\\\/1050007\",\"name\":\"Mustafa Oz\u00e7el\u00eek: Ez \u015eifaya X\u00ear\u00ea Ji Mamoste \u00cesma\u00eel Be\u015f\u00eek\u00e7\u00ee R\u00ea Dixwazim - Darka Maz\u00ee\",\"isPartOf\":{\"@id\":\"https:\\\/\\\/darkamazi.info\\\/#website\"},\"primaryImageOfPage\":{\"@id\":\"https:\\\/\\\/darkamazi.info\\\/archives\\\/1050007#primaryimage\"},\"image\":{\"@id\":\"https:\\\/\\\/darkamazi.info\\\/archives\\\/1050007#primaryimage\"},\"thumbnailUrl\":\"https:\\\/\\\/darkamazi.info\\\/darka-content\\\/uploads\\\/2025\\\/09\\\/pwk.jpg\",\"datePublished\":\"2025-09-28T09:19:32+00:00\",\"breadcrumb\":{\"@id\":\"https:\\\/\\\/darkamazi.info\\\/archives\\\/1050007#breadcrumb\"},\"inLanguage\":\"en-US\",\"potentialAction\":[{\"@type\":\"ReadAction\",\"target\":[\"https:\\\/\\\/darkamazi.info\\\/archives\\\/1050007\"]}]},{\"@type\":\"ImageObject\",\"inLanguage\":\"en-US\",\"@id\":\"https:\\\/\\\/darkamazi.info\\\/archives\\\/1050007#primaryimage\",\"url\":\"https:\\\/\\\/darkamazi.info\\\/darka-content\\\/uploads\\\/2025\\\/09\\\/pwk.jpg\",\"contentUrl\":\"https:\\\/\\\/darkamazi.info\\\/darka-content\\\/uploads\\\/2025\\\/09\\\/pwk.jpg\",\"width\":900,\"height\":497,\"caption\":\"Mustafa Oz\u00e7el\u00eek: Ez \u015eifaya X\u00ear\u00ea Ji Mamoste \u00cesma\u00eel Be\u015f\u00eek\u00e7\u00ee R\u00ea Dixwazim\"},{\"@type\":\"BreadcrumbList\",\"@id\":\"https:\\\/\\\/darkamazi.info\\\/archives\\\/1050007#breadcrumb\",\"itemListElement\":[{\"@type\":\"ListItem\",\"position\":1,\"name\":\"Home\",\"item\":\"https:\\\/\\\/darkamazi.info\\\/\"},{\"@type\":\"ListItem\",\"position\":2,\"name\":\"Mustafa Oz\u00e7el\u00eek: Ez \u015eifaya X\u00ear\u00ea Ji Mamoste \u00cesma\u00eel Be\u015f\u00eek\u00e7\u00ee R\u00ea Dixwazim\"}]},{\"@type\":\"WebSite\",\"@id\":\"https:\\\/\\\/darkamazi.info\\\/#website\",\"url\":\"https:\\\/\\\/darkamazi.info\\\/\",\"name\":\"Darka Maz\u00ee\",\"description\":\"P\u00eageha Zanyariy\u00ean Nebih\u00eest\u00ee\",\"publisher\":{\"@id\":\"https:\\\/\\\/darkamazi.info\\\/#organization\"},\"potentialAction\":[{\"@type\":\"SearchAction\",\"target\":{\"@type\":\"EntryPoint\",\"urlTemplate\":\"https:\\\/\\\/darkamazi.info\\\/?s={search_term_string}\"},\"query-input\":{\"@type\":\"PropertyValueSpecification\",\"valueRequired\":true,\"valueName\":\"search_term_string\"}}],\"inLanguage\":\"en-US\"},{\"@type\":\"Organization\",\"@id\":\"https:\\\/\\\/darkamazi.info\\\/#organization\",\"name\":\"Darka Maz\u00ee\",\"url\":\"https:\\\/\\\/darkamazi.info\\\/\",\"logo\":{\"@type\":\"ImageObject\",\"inLanguage\":\"en-US\",\"@id\":\"https:\\\/\\\/darkamazi.info\\\/#\\\/schema\\\/logo\\\/image\\\/\",\"url\":\"https:\\\/\\\/darkamazi.info\\\/darka-content\\\/uploads\\\/2017\\\/12\\\/darka-mazi-logo.png\",\"contentUrl\":\"https:\\\/\\\/darkamazi.info\\\/darka-content\\\/uploads\\\/2017\\\/12\\\/darka-mazi-logo.png\",\"width\":151,\"height\":75,\"caption\":\"Darka Maz\u00ee\"},\"image\":{\"@id\":\"https:\\\/\\\/darkamazi.info\\\/#\\\/schema\\\/logo\\\/image\\\/\"},\"sameAs\":[\"https:\\\/\\\/www.facebook.com\\\/DarMaziKurmanci\",\"https:\\\/\\\/x.com\\\/DarkaMaziLatini\",\"https:\\\/\\\/www.instagram.com\\\/darkamazi.kurmanci\\\/\",\"https:\\\/\\\/www.youtube.com\\\/channel\\\/UCa5HkTdmI8U1qCUFuTw8B2g\"]},{\"@type\":\"Person\",\"@id\":\"https:\\\/\\\/darkamazi.info\\\/#\\\/schema\\\/person\\\/5ad3e24553a0567993fa8ed4bd0a776c\",\"name\":\"darka mazi\",\"sameAs\":[\"https:\\\/\\\/darkamazi.info\\\/\"],\"url\":\"https:\\\/\\\/darkamazi.info\\\/archives\\\/author\\\/kurdi\"}]}<\/script>\n<!-- \/ Yoast SEO plugin. -->","seo_head_json":{"title":"Mustafa Oz\u00e7el\u00eek: Ez \u015eifaya X\u00ear\u00ea Ji Mamoste \u00cesma\u00eel Be\u015f\u00eek\u00e7\u00ee R\u00ea Dixwazim - Darka Maz\u00ee","robots":{"index":"index","follow":"follow","max-snippet":"max-snippet:-1","max-image-preview":"max-image-preview:large","max-video-preview":"max-video-preview:-1"},"canonical":"https:\/\/darkamazi.info\/archives\/1050007","og_locale":"en_US","og_type":"article","og_title":"Mustafa Oz\u00e7el\u00eek: Ez \u015eifaya X\u00ear\u00ea Ji Mamoste \u00cesma\u00eel Be\u015f\u00eek\u00e7\u00ee R\u00ea Dixwazim - Darka Maz\u00ee","og_description":"Serok\u00ea Gi\u015ft\u00ee y\u00ea Partiya Welatpar\u00eaz\u00ean Kurdistan\u00ea (PWK),\u00a0Mustafa Oz\u00e7el\u00eek, ji ber nexwe\u015fketina mamostey\u00ea civaknas Dr. \u00cesma\u00eel Be\u015f\u00eek\u00e7\u00ee, peyameke derbasb\u00fbn\u00ea belav kir \u00fb \u015fifaya x\u00ear\u00ea j\u00ea re xwest. Daxuyaniya Mustafa Oz\u00e7el\u00eek wiha ye:Ez \u015eifaya X\u00ear\u00ea Ji Mamoste \u00cesma\u00eel Be\u015f\u00eek\u00e7\u00ee R\u00ea DixwazimDost\u00ea milet\u00ea Kurd, mamostey\u00ea me y\u00ea h\u00eaja, Dr. \u00cesma\u00eel Be\u015f\u00eek\u00e7\u00ee \u00eero li Amed\u00ea di dema n\u00ee\u015fandana belgef\u00eelma [&hellip;]","og_url":"https:\/\/darkamazi.info\/archives\/1050007","og_site_name":"Darka Maz\u00ee","article_publisher":"https:\/\/www.facebook.com\/DarMaziKurmanci","article_published_time":"2025-09-28T09:19:32+00:00","og_image":[{"width":900,"height":497,"url":"https:\/\/darkamazi.info\/file\/2025\/09\/pwk.jpg","type":"image\/jpeg"}],"author":"darka mazi","twitter_card":"summary_large_image","twitter_creator":"@DarkaMaziLatini","twitter_site":"@DarkaMaziLatini","twitter_misc":{"Written by":"darka mazi","Est. reading time":"1 minute"},"schema":{"@context":"https:\/\/schema.org","@graph":[{"@type":"Article","@id":"https:\/\/darkamazi.info\/archives\/1050007#article","isPartOf":{"@id":"https:\/\/darkamazi.info\/archives\/1050007"},"author":{"name":"darka mazi","@id":"https:\/\/darkamazi.info\/#\/schema\/person\/5ad3e24553a0567993fa8ed4bd0a776c"},"headline":"Mustafa Oz\u00e7el\u00eek: Ez \u015eifaya X\u00ear\u00ea Ji Mamoste \u00cesma\u00eel Be\u015f\u00eek\u00e7\u00ee R\u00ea Dixwazim","datePublished":"2025-09-28T09:19:32+00:00","mainEntityOfPage":{"@id":"https:\/\/darkamazi.info\/archives\/1050007"},"wordCount":198,"publisher":{"@id":"https:\/\/darkamazi.info\/#organization"},"image":{"@id":"https:\/\/darkamazi.info\/archives\/1050007#primaryimage"},"thumbnailUrl":"https:\/\/darkamazi.info\/file\/2025\/09\/pwk.jpg","keywords":["sereke"],"articleSection":["Kurdistan"],"inLanguage":"en-US"},{"@type":"WebPage","@id":"https:\/\/darkamazi.info\/archives\/1050007","url":"https:\/\/darkamazi.info\/archives\/1050007","name":"Mustafa Oz\u00e7el\u00eek: Ez \u015eifaya X\u00ear\u00ea Ji Mamoste \u00cesma\u00eel Be\u015f\u00eek\u00e7\u00ee R\u00ea Dixwazim - Darka Maz\u00ee","isPartOf":{"@id":"https:\/\/darkamazi.info\/#website"},"primaryImageOfPage":{"@id":"https:\/\/darkamazi.info\/archives\/1050007#primaryimage"},"image":{"@id":"https:\/\/darkamazi.info\/archives\/1050007#primaryimage"},"thumbnailUrl":"https:\/\/darkamazi.info\/file\/2025\/09\/pwk.jpg","datePublished":"2025-09-28T09:19:32+00:00","breadcrumb":{"@id":"https:\/\/darkamazi.info\/archives\/1050007#breadcrumb"},"inLanguage":"en-US","potentialAction":[{"@type":"ReadAction","target":["https:\/\/darkamazi.info\/archives\/1050007"]}]},{"@type":"ImageObject","inLanguage":"en-US","@id":"https:\/\/darkamazi.info\/archives\/1050007#primaryimage","url":"https:\/\/darkamazi.info\/file\/2025\/09\/pwk.jpg","contentUrl":"https:\/\/darkamazi.info\/file\/2025\/09\/pwk.jpg","width":900,"height":497,"caption":"Mustafa Oz\u00e7el\u00eek: Ez \u015eifaya X\u00ear\u00ea Ji Mamoste \u00cesma\u00eel Be\u015f\u00eek\u00e7\u00ee R\u00ea Dixwazim"},{"@type":"BreadcrumbList","@id":"https:\/\/darkamazi.info\/archives\/1050007#breadcrumb","itemListElement":[{"@type":"ListItem","position":1,"name":"Home","item":"https:\/\/darkamazi.info\/"},{"@type":"ListItem","position":2,"name":"Mustafa Oz\u00e7el\u00eek: Ez \u015eifaya X\u00ear\u00ea Ji Mamoste \u00cesma\u00eel Be\u015f\u00eek\u00e7\u00ee R\u00ea Dixwazim"}]},{"@type":"WebSite","@id":"https:\/\/darkamazi.info\/#website","url":"https:\/\/darkamazi.info\/","name":"Darka Maz\u00ee","description":"P\u00eageha Zanyariy\u00ean Nebih\u00eest\u00ee","publisher":{"@id":"https:\/\/darkamazi.info\/#organization"},"potentialAction":[{"@type":"SearchAction","target":{"@type":"EntryPoint","urlTemplate":"https:\/\/darkamazi.info\/?s={search_term_string}"},"query-input":{"@type":"PropertyValueSpecification","valueRequired":true,"valueName":"search_term_string"}}],"inLanguage":"en-US"},{"@type":"Organization","@id":"https:\/\/darkamazi.info\/#organization","name":"Darka Maz\u00ee","url":"https:\/\/darkamazi.info\/","logo":{"@type":"ImageObject","inLanguage":"en-US","@id":"https:\/\/darkamazi.info\/#\/schema\/logo\/image\/","url":"https:\/\/darkamazi.info\/file\/2017\/12\/darka-mazi-logo.png","contentUrl":"https:\/\/darkamazi.info\/file\/2017\/12\/darka-mazi-logo.png","width":151,"height":75,"caption":"Darka Maz\u00ee"},"image":{"@id":"https:\/\/darkamazi.info\/#\/schema\/logo\/image\/"},"sameAs":["https:\/\/www.facebook.com\/DarMaziKurmanci","https:\/\/x.com\/DarkaMaziLatini","https:\/\/www.instagram.com\/darkamazi.kurmanci\/","https:\/\/www.youtube.com\/channel\/UCa5HkTdmI8U1qCUFuTw8B2g"]},{"@type":"Person","@id":"https:\/\/darkamazi.info\/#\/schema\/person\/5ad3e24553a0567993fa8ed4bd0a776c","name":"darka mazi","sameAs":["https:\/\/darkamazi.info\/"],"url":"https:\/\/darkamazi.info\/archives\/author\/kurdi"}]}},"_links":{"self":[{"href":"https:\/\/darkamazi.info\/funavuv\/wp\/v2\/posts\/1050007","targetHints":{"allow":["GET"]}}],"collection":[{"href":"https:\/\/darkamazi.info\/funavuv\/wp\/v2\/posts"}],"about":[{"href":"https:\/\/darkamazi.info\/funavuv\/wp\/v2\/types\/post"}],"author":[{"embeddable":true,"href":"https:\/\/darkamazi.info\/funavuv\/wp\/v2\/users\/2"}],"replies":[{"embeddable":true,"href":"https:\/\/darkamazi.info\/funavuv\/wp\/v2\/comments?post=1050007"}],"version-history":[{"count":0,"href":"https:\/\/darkamazi.info\/funavuv\/wp\/v2\/posts\/1050007\/revisions"}],"wp:featuredmedia":[{"embeddable":true,"href":"https:\/\/darkamazi.info\/funavuv\/wp\/v2\/media\/1050008"}],"wp:attachment":[{"href":"https:\/\/darkamazi.info\/funavuv\/wp\/v2\/media?parent=1050007"}],"wp:term":[{"taxonomy":"category","embeddable":true,"href":"https:\/\/darkamazi.info\/funavuv\/wp\/v2\/categories?post=1050007"},{"taxonomy":"post_tag","embeddable":true,"href":"https:\/\/darkamazi.info\/funavuv\/wp\/v2\/tags?post=1050007"}],"curies":[{"name":"wp","href":"https:\/\/api.w.org\/{rel}","templated":true}]}}