{"id":1050016,"date":"2025-09-29T10:53:13","date_gmt":"2025-09-29T07:53:13","guid":{"rendered":"https:\/\/darkamazi.info\/?p=1050016"},"modified":"2025-09-29T10:53:13","modified_gmt":"2025-09-29T07:53:13","slug":"mekteba-siyasi-ya-pdke-bi-serokatiya-serok-barzani-dicive","status":"publish","type":"post","link":"https:\/\/darkamazi.info\/archives\/1050016","title":{"rendered":"Mekteba Siyas\u00ee ya PDK\u00ea bi serokatiya Serok Barzan\u00ee dicive"},"content":{"rendered":"<h3 style=\"text-align: justify\"><span style=\"font-family: 'arial black', sans-serif\">Mekteba Siyas\u00ee ya Partiya Demokrat a Kurdistan\u00ea (PDK) \u00eero li P\u00eermam\u00ea bi serokatiya Serok Barzan\u00ee dicive \u00fb dan\u00fbstandinan li ser hin mijar\u00ean gir\u00eeng dike.<\/span><\/h3>\n<h3 style=\"text-align: justify\">Biryare \u00eero 29.09.2025\u00ea Pol\u00eetburoya PDK\u00ea bi serokatiya Serok Barzan\u00ee bicive \u00fb hat zan\u00een di civ\u00eena Pol\u00eetburoya PDK\u00ea de, rew\u015fa siyas\u00ee ya Iraq, Her\u00eama Kurdistan\u00ea \u00fb dever\u00ea, pirsa hilbijartin\u00ean b\u00ean \u00ean Parlamentoya Iraq\u00ea Iraq\u00ea \u00fb dan\u00fbstandin\u00ean Hewl\u00ear \u00fb Bexday\u00ea d\u00ea di v\u00ea civ\u00een\u00ea de b\u00ean n\u00eeqa\u015fkirin.<\/h3>\n<h3 style=\"text-align: justify\">Herwaha di v\u00ea civ\u00een\u00ea de d\u00ea p\u00eangav\u00ean dawiy\u00ea y\u00ean avakirina kab\u00eeneya dehem a Hik\u00fbmeta Her\u00eama Kurdistan\u00ea b\u00ean n\u00eeqa\u015fkirin \u00fb t\u00ea pay\u00een ku, biryara dawiy\u00ea li ser encam\u00ean dan\u00fbstandin\u00ean di navbera \u015fand\u00ean dan\u00fbstandinan \u00ean Partiya Demokrat a Kurdistan\u00ea \u00fb Yek\u00eetiya Ni\u015ftiman\u00ee ya Kurdistan\u00ea de b\u00ea day\u00een. Pi\u015ft\u00ee v\u00ea civ\u00een\u00ea j\u00ee, av\u00eatina p\u00eangav\u00ean qan\u00fbn\u00ee \u00fb siyas\u00ee ji bo civ\u00eena Perlemantoy\u00ea \u00fb avakirina hik\u00fbmet\u00ea d\u00ea b\u00ea destp\u00eakirin.<\/h3>\n","protected":false},"excerpt":{"rendered":"<p>Mekteba Siyas\u00ee ya Partiya Demokrat a Kurdistan\u00ea (PDK) \u00eero li P\u00eermam\u00ea bi serokatiya Serok Barzan\u00ee dicive \u00fb dan\u00fbstandinan li ser hin mijar\u00ean gir\u00eeng dike. Biryare \u00eero 29.09.2025\u00ea Pol\u00eetburoya PDK\u00ea bi serokatiya Serok Barzan\u00ee bicive \u00fb hat zan\u00een di civ\u00eena Pol\u00eetburoya PDK\u00ea de, rew\u015fa siyas\u00ee ya Iraq, Her\u00eama Kurdistan\u00ea \u00fb dever\u00ea, pirsa hilbijartin\u00ean b\u00ean \u00ean Parlamentoya [&hellip;]<\/p>\n","protected":false},"author":2,"featured_media":1050017,"comment_status":"closed","ping_status":"closed","sticky":false,"template":"","format":"standard","meta":{"footnotes":""},"categories":[29],"tags":[37],"class_list":["post-1050016","post","type-post","status-publish","format-standard","has-post-thumbnail","hentry","category-kurdistan","tag-sereke"],"blocksy_meta":[],"seo_head":"<!-- This site is optimized with the Yoast SEO plugin v27.5 - https:\/\/yoast.com\/product\/yoast-seo-wordpress\/ -->\n<title>Mekteba Siyas\u00ee ya PDK\u00ea bi serokatiya Serok Barzan\u00ee dicive - Darka Maz\u00ee<\/title>\n<meta name=\"robots\" content=\"index, follow, max-snippet:-1, max-image-preview:large, max-video-preview:-1\" \/>\n<link rel=\"canonical\" href=\"https:\/\/darkamazi.info\/archives\/1050016\" \/>\n<meta property=\"og:locale\" content=\"en_US\" \/>\n<meta property=\"og:type\" content=\"article\" \/>\n<meta property=\"og:title\" content=\"Mekteba Siyas\u00ee ya PDK\u00ea bi serokatiya Serok Barzan\u00ee dicive - Darka Maz\u00ee\" \/>\n<meta property=\"og:description\" content=\"Mekteba Siyas\u00ee ya Partiya Demokrat a Kurdistan\u00ea (PDK) \u00eero li P\u00eermam\u00ea bi serokatiya Serok Barzan\u00ee dicive \u00fb dan\u00fbstandinan li ser hin mijar\u00ean gir\u00eeng dike. Biryare \u00eero 29.09.2025\u00ea Pol\u00eetburoya PDK\u00ea bi serokatiya Serok Barzan\u00ee bicive \u00fb hat zan\u00een di civ\u00eena Pol\u00eetburoya PDK\u00ea de, rew\u015fa siyas\u00ee ya Iraq, Her\u00eama Kurdistan\u00ea \u00fb dever\u00ea, pirsa hilbijartin\u00ean b\u00ean \u00ean Parlamentoya [&hellip;]\" \/>\n<meta property=\"og:url\" content=\"https:\/\/darkamazi.info\/archives\/1050016\" \/>\n<meta property=\"og:site_name\" content=\"Darka Maz\u00ee\" \/>\n<meta property=\"article:publisher\" content=\"https:\/\/www.facebook.com\/DarMaziKurmanci\" \/>\n<meta property=\"article:published_time\" content=\"2025-09-29T07:53:13+00:00\" \/>\n<meta property=\"og:image\" content=\"https:\/\/darkamazi.info\/file\/2025\/09\/pdk-barzani-.jpg\" \/>\n\t<meta property=\"og:image:width\" content=\"900\" \/>\n\t<meta property=\"og:image:height\" content=\"497\" \/>\n\t<meta property=\"og:image:type\" content=\"image\/jpeg\" \/>\n<meta name=\"author\" content=\"darka mazi\" \/>\n<meta name=\"twitter:card\" content=\"summary_large_image\" \/>\n<meta name=\"twitter:creator\" content=\"@DarkaMaziLatini\" \/>\n<meta name=\"twitter:site\" content=\"@DarkaMaziLatini\" \/>\n<meta name=\"twitter:label1\" content=\"Written by\" \/>\n\t<meta name=\"twitter:data1\" content=\"darka mazi\" \/>\n\t<meta name=\"twitter:label2\" content=\"Est. reading time\" \/>\n\t<meta name=\"twitter:data2\" content=\"1 minute\" \/>\n<script type=\"application\/ld+json\" class=\"seo-schema-graph\">{\"@context\":\"https:\\\/\\\/schema.org\",\"@graph\":[{\"@type\":\"Article\",\"@id\":\"https:\\\/\\\/darkamazi.info\\\/archives\\\/1050016#article\",\"isPartOf\":{\"@id\":\"https:\\\/\\\/darkamazi.info\\\/archives\\\/1050016\"},\"author\":{\"name\":\"darka mazi\",\"@id\":\"https:\\\/\\\/darkamazi.info\\\/#\\\/schema\\\/person\\\/5ad3e24553a0567993fa8ed4bd0a776c\"},\"headline\":\"Mekteba Siyas\u00ee ya PDK\u00ea bi serokatiya Serok Barzan\u00ee dicive\",\"datePublished\":\"2025-09-29T07:53:13+00:00\",\"mainEntityOfPage\":{\"@id\":\"https:\\\/\\\/darkamazi.info\\\/archives\\\/1050016\"},\"wordCount\":179,\"publisher\":{\"@id\":\"https:\\\/\\\/darkamazi.info\\\/#organization\"},\"image\":{\"@id\":\"https:\\\/\\\/darkamazi.info\\\/archives\\\/1050016#primaryimage\"},\"thumbnailUrl\":\"https:\\\/\\\/darkamazi.info\\\/darka-content\\\/uploads\\\/2025\\\/09\\\/pdk-barzani-.jpg\",\"keywords\":[\"sereke\"],\"articleSection\":[\"Kurdistan\"],\"inLanguage\":\"en-US\"},{\"@type\":\"WebPage\",\"@id\":\"https:\\\/\\\/darkamazi.info\\\/archives\\\/1050016\",\"url\":\"https:\\\/\\\/darkamazi.info\\\/archives\\\/1050016\",\"name\":\"Mekteba Siyas\u00ee ya PDK\u00ea bi serokatiya Serok Barzan\u00ee dicive - Darka Maz\u00ee\",\"isPartOf\":{\"@id\":\"https:\\\/\\\/darkamazi.info\\\/#website\"},\"primaryImageOfPage\":{\"@id\":\"https:\\\/\\\/darkamazi.info\\\/archives\\\/1050016#primaryimage\"},\"image\":{\"@id\":\"https:\\\/\\\/darkamazi.info\\\/archives\\\/1050016#primaryimage\"},\"thumbnailUrl\":\"https:\\\/\\\/darkamazi.info\\\/darka-content\\\/uploads\\\/2025\\\/09\\\/pdk-barzani-.jpg\",\"datePublished\":\"2025-09-29T07:53:13+00:00\",\"breadcrumb\":{\"@id\":\"https:\\\/\\\/darkamazi.info\\\/archives\\\/1050016#breadcrumb\"},\"inLanguage\":\"en-US\",\"potentialAction\":[{\"@type\":\"ReadAction\",\"target\":[\"https:\\\/\\\/darkamazi.info\\\/archives\\\/1050016\"]}]},{\"@type\":\"ImageObject\",\"inLanguage\":\"en-US\",\"@id\":\"https:\\\/\\\/darkamazi.info\\\/archives\\\/1050016#primaryimage\",\"url\":\"https:\\\/\\\/darkamazi.info\\\/darka-content\\\/uploads\\\/2025\\\/09\\\/pdk-barzani-.jpg\",\"contentUrl\":\"https:\\\/\\\/darkamazi.info\\\/darka-content\\\/uploads\\\/2025\\\/09\\\/pdk-barzani-.jpg\",\"width\":900,\"height\":497,\"caption\":\"Mekteba Siyas\u00ee ya PDK\u00ea bi serokatiya Serok Barzan\u00ee dicive\"},{\"@type\":\"BreadcrumbList\",\"@id\":\"https:\\\/\\\/darkamazi.info\\\/archives\\\/1050016#breadcrumb\",\"itemListElement\":[{\"@type\":\"ListItem\",\"position\":1,\"name\":\"Home\",\"item\":\"https:\\\/\\\/darkamazi.info\\\/\"},{\"@type\":\"ListItem\",\"position\":2,\"name\":\"Mekteba Siyas\u00ee ya PDK\u00ea bi serokatiya Serok Barzan\u00ee dicive\"}]},{\"@type\":\"WebSite\",\"@id\":\"https:\\\/\\\/darkamazi.info\\\/#website\",\"url\":\"https:\\\/\\\/darkamazi.info\\\/\",\"name\":\"Darka Maz\u00ee\",\"description\":\"P\u00eageha Zanyariy\u00ean Nebih\u00eest\u00ee\",\"publisher\":{\"@id\":\"https:\\\/\\\/darkamazi.info\\\/#organization\"},\"potentialAction\":[{\"@type\":\"SearchAction\",\"target\":{\"@type\":\"EntryPoint\",\"urlTemplate\":\"https:\\\/\\\/darkamazi.info\\\/?s={search_term_string}\"},\"query-input\":{\"@type\":\"PropertyValueSpecification\",\"valueRequired\":true,\"valueName\":\"search_term_string\"}}],\"inLanguage\":\"en-US\"},{\"@type\":\"Organization\",\"@id\":\"https:\\\/\\\/darkamazi.info\\\/#organization\",\"name\":\"Darka Maz\u00ee\",\"url\":\"https:\\\/\\\/darkamazi.info\\\/\",\"logo\":{\"@type\":\"ImageObject\",\"inLanguage\":\"en-US\",\"@id\":\"https:\\\/\\\/darkamazi.info\\\/#\\\/schema\\\/logo\\\/image\\\/\",\"url\":\"https:\\\/\\\/darkamazi.info\\\/darka-content\\\/uploads\\\/2017\\\/12\\\/darka-mazi-logo.png\",\"contentUrl\":\"https:\\\/\\\/darkamazi.info\\\/darka-content\\\/uploads\\\/2017\\\/12\\\/darka-mazi-logo.png\",\"width\":151,\"height\":75,\"caption\":\"Darka Maz\u00ee\"},\"image\":{\"@id\":\"https:\\\/\\\/darkamazi.info\\\/#\\\/schema\\\/logo\\\/image\\\/\"},\"sameAs\":[\"https:\\\/\\\/www.facebook.com\\\/DarMaziKurmanci\",\"https:\\\/\\\/x.com\\\/DarkaMaziLatini\",\"https:\\\/\\\/www.instagram.com\\\/darkamazi.kurmanci\\\/\",\"https:\\\/\\\/www.youtube.com\\\/channel\\\/UCa5HkTdmI8U1qCUFuTw8B2g\"]},{\"@type\":\"Person\",\"@id\":\"https:\\\/\\\/darkamazi.info\\\/#\\\/schema\\\/person\\\/5ad3e24553a0567993fa8ed4bd0a776c\",\"name\":\"darka mazi\",\"sameAs\":[\"https:\\\/\\\/darkamazi.info\\\/\"],\"url\":\"https:\\\/\\\/darkamazi.info\\\/archives\\\/author\\\/kurdi\"}]}<\/script>\n<!-- \/ Yoast SEO plugin. -->","seo_head_json":{"title":"Mekteba Siyas\u00ee ya PDK\u00ea bi serokatiya Serok Barzan\u00ee dicive - Darka Maz\u00ee","robots":{"index":"index","follow":"follow","max-snippet":"max-snippet:-1","max-image-preview":"max-image-preview:large","max-video-preview":"max-video-preview:-1"},"canonical":"https:\/\/darkamazi.info\/archives\/1050016","og_locale":"en_US","og_type":"article","og_title":"Mekteba Siyas\u00ee ya PDK\u00ea bi serokatiya Serok Barzan\u00ee dicive - Darka Maz\u00ee","og_description":"Mekteba Siyas\u00ee ya Partiya Demokrat a Kurdistan\u00ea (PDK) \u00eero li P\u00eermam\u00ea bi serokatiya Serok Barzan\u00ee dicive \u00fb dan\u00fbstandinan li ser hin mijar\u00ean gir\u00eeng dike. Biryare \u00eero 29.09.2025\u00ea Pol\u00eetburoya PDK\u00ea bi serokatiya Serok Barzan\u00ee bicive \u00fb hat zan\u00een di civ\u00eena Pol\u00eetburoya PDK\u00ea de, rew\u015fa siyas\u00ee ya Iraq, Her\u00eama Kurdistan\u00ea \u00fb dever\u00ea, pirsa hilbijartin\u00ean b\u00ean \u00ean Parlamentoya [&hellip;]","og_url":"https:\/\/darkamazi.info\/archives\/1050016","og_site_name":"Darka Maz\u00ee","article_publisher":"https:\/\/www.facebook.com\/DarMaziKurmanci","article_published_time":"2025-09-29T07:53:13+00:00","og_image":[{"width":900,"height":497,"url":"https:\/\/darkamazi.info\/file\/2025\/09\/pdk-barzani-.jpg","type":"image\/jpeg"}],"author":"darka mazi","twitter_card":"summary_large_image","twitter_creator":"@DarkaMaziLatini","twitter_site":"@DarkaMaziLatini","twitter_misc":{"Written by":"darka mazi","Est. reading time":"1 minute"},"schema":{"@context":"https:\/\/schema.org","@graph":[{"@type":"Article","@id":"https:\/\/darkamazi.info\/archives\/1050016#article","isPartOf":{"@id":"https:\/\/darkamazi.info\/archives\/1050016"},"author":{"name":"darka mazi","@id":"https:\/\/darkamazi.info\/#\/schema\/person\/5ad3e24553a0567993fa8ed4bd0a776c"},"headline":"Mekteba Siyas\u00ee ya PDK\u00ea bi serokatiya Serok Barzan\u00ee dicive","datePublished":"2025-09-29T07:53:13+00:00","mainEntityOfPage":{"@id":"https:\/\/darkamazi.info\/archives\/1050016"},"wordCount":179,"publisher":{"@id":"https:\/\/darkamazi.info\/#organization"},"image":{"@id":"https:\/\/darkamazi.info\/archives\/1050016#primaryimage"},"thumbnailUrl":"https:\/\/darkamazi.info\/file\/2025\/09\/pdk-barzani-.jpg","keywords":["sereke"],"articleSection":["Kurdistan"],"inLanguage":"en-US"},{"@type":"WebPage","@id":"https:\/\/darkamazi.info\/archives\/1050016","url":"https:\/\/darkamazi.info\/archives\/1050016","name":"Mekteba Siyas\u00ee ya PDK\u00ea bi serokatiya Serok Barzan\u00ee dicive - Darka Maz\u00ee","isPartOf":{"@id":"https:\/\/darkamazi.info\/#website"},"primaryImageOfPage":{"@id":"https:\/\/darkamazi.info\/archives\/1050016#primaryimage"},"image":{"@id":"https:\/\/darkamazi.info\/archives\/1050016#primaryimage"},"thumbnailUrl":"https:\/\/darkamazi.info\/file\/2025\/09\/pdk-barzani-.jpg","datePublished":"2025-09-29T07:53:13+00:00","breadcrumb":{"@id":"https:\/\/darkamazi.info\/archives\/1050016#breadcrumb"},"inLanguage":"en-US","potentialAction":[{"@type":"ReadAction","target":["https:\/\/darkamazi.info\/archives\/1050016"]}]},{"@type":"ImageObject","inLanguage":"en-US","@id":"https:\/\/darkamazi.info\/archives\/1050016#primaryimage","url":"https:\/\/darkamazi.info\/file\/2025\/09\/pdk-barzani-.jpg","contentUrl":"https:\/\/darkamazi.info\/file\/2025\/09\/pdk-barzani-.jpg","width":900,"height":497,"caption":"Mekteba Siyas\u00ee ya PDK\u00ea bi serokatiya Serok Barzan\u00ee dicive"},{"@type":"BreadcrumbList","@id":"https:\/\/darkamazi.info\/archives\/1050016#breadcrumb","itemListElement":[{"@type":"ListItem","position":1,"name":"Home","item":"https:\/\/darkamazi.info\/"},{"@type":"ListItem","position":2,"name":"Mekteba Siyas\u00ee ya PDK\u00ea bi serokatiya Serok Barzan\u00ee dicive"}]},{"@type":"WebSite","@id":"https:\/\/darkamazi.info\/#website","url":"https:\/\/darkamazi.info\/","name":"Darka Maz\u00ee","description":"P\u00eageha Zanyariy\u00ean Nebih\u00eest\u00ee","publisher":{"@id":"https:\/\/darkamazi.info\/#organization"},"potentialAction":[{"@type":"SearchAction","target":{"@type":"EntryPoint","urlTemplate":"https:\/\/darkamazi.info\/?s={search_term_string}"},"query-input":{"@type":"PropertyValueSpecification","valueRequired":true,"valueName":"search_term_string"}}],"inLanguage":"en-US"},{"@type":"Organization","@id":"https:\/\/darkamazi.info\/#organization","name":"Darka Maz\u00ee","url":"https:\/\/darkamazi.info\/","logo":{"@type":"ImageObject","inLanguage":"en-US","@id":"https:\/\/darkamazi.info\/#\/schema\/logo\/image\/","url":"https:\/\/darkamazi.info\/file\/2017\/12\/darka-mazi-logo.png","contentUrl":"https:\/\/darkamazi.info\/file\/2017\/12\/darka-mazi-logo.png","width":151,"height":75,"caption":"Darka Maz\u00ee"},"image":{"@id":"https:\/\/darkamazi.info\/#\/schema\/logo\/image\/"},"sameAs":["https:\/\/www.facebook.com\/DarMaziKurmanci","https:\/\/x.com\/DarkaMaziLatini","https:\/\/www.instagram.com\/darkamazi.kurmanci\/","https:\/\/www.youtube.com\/channel\/UCa5HkTdmI8U1qCUFuTw8B2g"]},{"@type":"Person","@id":"https:\/\/darkamazi.info\/#\/schema\/person\/5ad3e24553a0567993fa8ed4bd0a776c","name":"darka mazi","sameAs":["https:\/\/darkamazi.info\/"],"url":"https:\/\/darkamazi.info\/archives\/author\/kurdi"}]}},"_links":{"self":[{"href":"https:\/\/darkamazi.info\/funavuv\/wp\/v2\/posts\/1050016","targetHints":{"allow":["GET"]}}],"collection":[{"href":"https:\/\/darkamazi.info\/funavuv\/wp\/v2\/posts"}],"about":[{"href":"https:\/\/darkamazi.info\/funavuv\/wp\/v2\/types\/post"}],"author":[{"embeddable":true,"href":"https:\/\/darkamazi.info\/funavuv\/wp\/v2\/users\/2"}],"replies":[{"embeddable":true,"href":"https:\/\/darkamazi.info\/funavuv\/wp\/v2\/comments?post=1050016"}],"version-history":[{"count":0,"href":"https:\/\/darkamazi.info\/funavuv\/wp\/v2\/posts\/1050016\/revisions"}],"wp:featuredmedia":[{"embeddable":true,"href":"https:\/\/darkamazi.info\/funavuv\/wp\/v2\/media\/1050017"}],"wp:attachment":[{"href":"https:\/\/darkamazi.info\/funavuv\/wp\/v2\/media?parent=1050016"}],"wp:term":[{"taxonomy":"category","embeddable":true,"href":"https:\/\/darkamazi.info\/funavuv\/wp\/v2\/categories?post=1050016"},{"taxonomy":"post_tag","embeddable":true,"href":"https:\/\/darkamazi.info\/funavuv\/wp\/v2\/tags?post=1050016"}],"curies":[{"name":"wp","href":"https:\/\/api.w.org\/{rel}","templated":true}]}}