{"id":1050019,"date":"2025-09-29T13:51:40","date_gmt":"2025-09-29T10:51:40","guid":{"rendered":"https:\/\/darkamazi.info\/?p=1050019"},"modified":"2025-09-29T13:51:40","modified_gmt":"2025-09-29T10:51:40","slug":"pdk-s-qedexekirina-xwendina-kurdi-li-efrine-binpekirina-mafen-candi-u-neteweyi-ye","status":"publish","type":"post","link":"https:\/\/darkamazi.info\/archives\/1050019","title":{"rendered":"PDK-S: Qedexekirina xwendina Kurd\u00ee li Efr\u00een\u00ea binp\u00eakirina maf\u00ean \u00e7and\u00ee \u00fb netewey\u00ee ye"},"content":{"rendered":"<h3 style=\"text-align: justify\"><span style=\"font-family: 'arial black', sans-serif\">Kom\u00eeteya Navend\u00ee ya Partiya Demokrata Kurd li S\u00fbriy\u00ea (PDK-S) di ragihandinek\u00ea de biryara Hik\u00fbmeta S\u00fbriy\u00ea ya qedexekirina xwendina ziman\u00ea Kurd\u00ee li Efr\u00een\u00ea \u00fb dever\u00ean din \u00ean Kurdistan\u00ee y\u00ean Rojavay\u00ea Kurdistan\u00ea \u015fermezar kir. Tekez j\u00ee kir ku, biryara Hik\u00fbmeta \u015eera ji bo pi\u015ftguhxistina xwendina Kurd\u00ee berevaj\u00ee dir\u00fb\u015fm\u00ean \u015fore\u015fa S\u00fbriy\u00ea ya ji bo azad\u00ee \u00fb wekheviy\u00ea ye.<\/span><\/h3>\n<h3 style=\"text-align: justify\"><span style=\"font-family: 'arial black', sans-serif\">Ev j\u00ee peyama Partiya Demokrata Kurd li S\u00fbriy\u00ea (PDK-S) ye:<\/span><\/h3>\n<h3 style=\"text-align: justify\">Daxwuyan\u00ee derbar\u00ea qedexekirina xwendina ziman\u00ea kurd\u00ee li Efr\u00een\u00ea, Ser\u00eakan\u00eeya \u00fb Gir\u00ea Sp\u00ee.<\/h3>\n<h3 style=\"text-align: justify\">Ev biryar ji aliy\u00ea R\u00eaveberiya Demk\u00ee ya bi serokatiya Ehmed El-\u015eerih bi sekinandina xwendina bi ziman\u00ea kurd\u00ee li Efr\u00een\u00ea \u00fb hem\u00fb dever\u00ean kurd\u00ee ku p\u00ea\u015fve\u00e7\u00fbneke metirs\u00eedare \u00fb n\u00ee\u015faneke neba\u015f e\u00a0 li ser p\u00ea\u015feroja maf\u00ean gel\u00ea kurd li S\u00fbriy\u00ea, herwiha binp\u00eakirina li der heq\u00ea maf\u00ea kultur\u00ee \u00fb netewey\u00ee ku hat\u00eeye pesendkirin ji yasaya netewey\u00ee.<\/h3>\n<h3 style=\"text-align: justify\">Ziman\u00ea kurd\u00ee ne ten\u00ea ji bo f\u00earb\u00fbn\u00ea ya l\u00ea ew cewhera nasname \u00fb st\u00fbneke bingeh\u00een ne ji st\u00fbn\u00ean heb\u00fbna netew\u00ee ya gel\u00ea Kurd li S\u00fbriy\u00ea, \u00fb tunekirina v\u00ea maf\u00ea d\u00ea n\u00ee\u015fana tunekirina heb\u00fbna kurdan \u00fb rola w\u00ea ya d\u00eerok\u00ee di avakirina S\u00fbr\u00eey\u00ea.<\/h3>\n<h3 style=\"text-align: justify\">Ev maf\u00ean her\u00ee k\u00eam ku derbas kirina ziman\u00ea kurd\u00ee di nav r\u00eabaz\u00ean xwendin\u00ea \u00fb h\u00eenkirina w\u00ea di dibistanan de \u00fb, peymangeh \u00fb zan\u00eengeh\u00ean y\u00ean taybet, ji ber tekezkirina nirx\u00ean p\u00eakvej\u00eeyan\u00ea \u00fb \u00eetirafa hevbe\u015f \u00fb dest\u00fbra S\u00fbriy\u00ea w\u00ea tekez\u00ee dike. Pa\u015fve\u00e7\u00fbna ji van destkeft\u00ean \u00eero, t\u00ea xwendin wek\u00ee peyamek d\u00fbrxistin \u00fb tunekirina \u00fb t\u00eak birine avakirina dewleteke demokrat\u00eek, piral\u00ee \u00fb federal.<\/h3>\n<h3 style=\"text-align: justify\">Ji v\u00ea yek\u00ea El-Part\u00ee pirseke gir\u00eeng ji desthilata El-\u015eerih dike?<\/h3>\n<h3 style=\"text-align: justify\">Eger maf\u00ea her\u00ee k\u00eam a kultur\u00ee ya gel\u00ea Kurd were tunekirin, \u00e7ewa e li ser \u00eet\u00eerafa bi maf\u00ean siyas\u00ee \u00fb dest\u00fbr\u00ee di p\u00ea\u015feroja S\u00fbriy\u00ea de?<\/h3>\n<h3 style=\"text-align: justify\">\u00c7ewa dest\u00fbreke ku wekhev\u00eeya ava bike \u00fb heman dem\u00ea d\u00fbrxistina yek ji ziman\u00ean ni\u015ftiman\u00ee ji dibistan\u00ean w\u00ea.<\/h3>\n<h3 style=\"text-align: justify\">Em weke El-Part\u00ee tekez dikin ku danp\u00eadana bi ziman\u00ea kurd\u00ee wek zimanek\u00ee ferm\u00ee li k\u00ealeka ziman\u00ea Ereb\u00ee li her\u00eam\u00ean kurd\u00ee \u00fb bic\u00eehan\u00eena w\u00ea di nava r\u00eabaz\u00ean ni\u015ftiman\u00ee ku n\u00ee\u015fan rasteq\u00eene ji bo her projeyeke ni\u015ftiman\u00ee S\u00fbr\u00ee, Em daxwaz dikin ku ev biryar were vegerandin \u00fb \u00e7espandina ziman\u00ea kurd\u00ee li dibistanan, ku dibe gaveke yekem di avakirina baweriya \u00fb n\u00ee\u015faneke ku div\u00ea S\u00fbriy\u00ea p\u00ea\u015feroj welatek\u00ee demokrat\u00eek \u00fb federal ku hem\u00fb welat\u00eey\u00ean xwe li ser bingeha azadiya, edalet \u00fb r\u00fbmet\u00ea bic\u00eeh bike.<\/h3>\n<h3 style=\"text-align: justify\"><span style=\"font-family: 'arial black', sans-serif\">Kom\u00eeta navend\u00ee ya Part\u00eeya Demokrata kurd li S\u00fbriy\u00ea (El-Part\u00ee)\u00a0<\/span><\/h3>\n<h3 style=\"text-align: justify\"><span style=\"font-family: 'arial black', sans-serif\">29 \/9 \/ 2025\u202a<\/span><\/h3>\n","protected":false},"excerpt":{"rendered":"<p>Kom\u00eeteya Navend\u00ee ya Partiya Demokrata Kurd li S\u00fbriy\u00ea (PDK-S) di ragihandinek\u00ea de biryara Hik\u00fbmeta S\u00fbriy\u00ea ya qedexekirina xwendina ziman\u00ea Kurd\u00ee li Efr\u00een\u00ea \u00fb dever\u00ean din \u00ean Kurdistan\u00ee y\u00ean Rojavay\u00ea Kurdistan\u00ea \u015fermezar kir. Tekez j\u00ee kir ku, biryara Hik\u00fbmeta \u015eera ji bo pi\u015ftguhxistina xwendina Kurd\u00ee berevaj\u00ee dir\u00fb\u015fm\u00ean \u015fore\u015fa S\u00fbriy\u00ea ya ji bo azad\u00ee \u00fb wekheviy\u00ea ye. [&hellip;]<\/p>\n","protected":false},"author":2,"featured_media":1050020,"comment_status":"closed","ping_status":"closed","sticky":false,"template":"","format":"standard","meta":{"footnotes":""},"categories":[29],"tags":[37],"class_list":["post-1050019","post","type-post","status-publish","format-standard","has-post-thumbnail","hentry","category-kurdistan","tag-sereke"],"blocksy_meta":[],"seo_head":"<!-- This site is optimized with the Yoast SEO plugin v27.5 - https:\/\/yoast.com\/product\/yoast-seo-wordpress\/ -->\n<title>PDK-S: Qedexekirina xwendina Kurd\u00ee li Efr\u00een\u00ea binp\u00eakirina maf\u00ean \u00e7and\u00ee \u00fb netewey\u00ee ye - Darka Maz\u00ee<\/title>\n<meta name=\"robots\" content=\"index, follow, max-snippet:-1, max-image-preview:large, max-video-preview:-1\" \/>\n<link rel=\"canonical\" href=\"https:\/\/darkamazi.info\/archives\/1050019\" \/>\n<meta property=\"og:locale\" content=\"en_US\" \/>\n<meta property=\"og:type\" content=\"article\" \/>\n<meta property=\"og:title\" content=\"PDK-S: Qedexekirina xwendina Kurd\u00ee li Efr\u00een\u00ea binp\u00eakirina maf\u00ean \u00e7and\u00ee \u00fb netewey\u00ee ye - Darka Maz\u00ee\" \/>\n<meta property=\"og:description\" content=\"Kom\u00eeteya Navend\u00ee ya Partiya Demokrata Kurd li S\u00fbriy\u00ea (PDK-S) di ragihandinek\u00ea de biryara Hik\u00fbmeta S\u00fbriy\u00ea ya qedexekirina xwendina ziman\u00ea Kurd\u00ee li Efr\u00een\u00ea \u00fb dever\u00ean din \u00ean Kurdistan\u00ee y\u00ean Rojavay\u00ea Kurdistan\u00ea \u015fermezar kir. Tekez j\u00ee kir ku, biryara Hik\u00fbmeta \u015eera ji bo pi\u015ftguhxistina xwendina Kurd\u00ee berevaj\u00ee dir\u00fb\u015fm\u00ean \u015fore\u015fa S\u00fbriy\u00ea ya ji bo azad\u00ee \u00fb wekheviy\u00ea ye. [&hellip;]\" \/>\n<meta property=\"og:url\" content=\"https:\/\/darkamazi.info\/archives\/1050019\" \/>\n<meta property=\"og:site_name\" content=\"Darka Maz\u00ee\" \/>\n<meta property=\"article:publisher\" content=\"https:\/\/www.facebook.com\/DarMaziKurmanci\" \/>\n<meta property=\"article:published_time\" content=\"2025-09-29T10:51:40+00:00\" \/>\n<meta property=\"og:image\" content=\"https:\/\/darkamazi.info\/file\/2025\/09\/pdks.jpg\" \/>\n\t<meta property=\"og:image:width\" content=\"900\" \/>\n\t<meta property=\"og:image:height\" content=\"500\" \/>\n\t<meta property=\"og:image:type\" content=\"image\/jpeg\" \/>\n<meta name=\"author\" content=\"darka mazi\" \/>\n<meta name=\"twitter:card\" content=\"summary_large_image\" \/>\n<meta name=\"twitter:creator\" content=\"@DarkaMaziLatini\" \/>\n<meta name=\"twitter:site\" content=\"@DarkaMaziLatini\" \/>\n<meta name=\"twitter:label1\" content=\"Written by\" \/>\n\t<meta name=\"twitter:data1\" content=\"darka mazi\" \/>\n\t<meta name=\"twitter:label2\" content=\"Est. reading time\" \/>\n\t<meta name=\"twitter:data2\" content=\"2 minutes\" \/>\n<script type=\"application\/ld+json\" class=\"seo-schema-graph\">{\"@context\":\"https:\\\/\\\/schema.org\",\"@graph\":[{\"@type\":\"Article\",\"@id\":\"https:\\\/\\\/darkamazi.info\\\/archives\\\/1050019#article\",\"isPartOf\":{\"@id\":\"https:\\\/\\\/darkamazi.info\\\/archives\\\/1050019\"},\"author\":{\"name\":\"darka mazi\",\"@id\":\"https:\\\/\\\/darkamazi.info\\\/#\\\/schema\\\/person\\\/5ad3e24553a0567993fa8ed4bd0a776c\"},\"headline\":\"PDK-S: Qedexekirina xwendina Kurd\u00ee li Efr\u00een\u00ea binp\u00eakirina maf\u00ean \u00e7and\u00ee \u00fb netewey\u00ee ye\",\"datePublished\":\"2025-09-29T10:51:40+00:00\",\"mainEntityOfPage\":{\"@id\":\"https:\\\/\\\/darkamazi.info\\\/archives\\\/1050019\"},\"wordCount\":463,\"publisher\":{\"@id\":\"https:\\\/\\\/darkamazi.info\\\/#organization\"},\"image\":{\"@id\":\"https:\\\/\\\/darkamazi.info\\\/archives\\\/1050019#primaryimage\"},\"thumbnailUrl\":\"https:\\\/\\\/darkamazi.info\\\/darka-content\\\/uploads\\\/2025\\\/09\\\/pdks.jpg\",\"keywords\":[\"sereke\"],\"articleSection\":[\"Kurdistan\"],\"inLanguage\":\"en-US\"},{\"@type\":\"WebPage\",\"@id\":\"https:\\\/\\\/darkamazi.info\\\/archives\\\/1050019\",\"url\":\"https:\\\/\\\/darkamazi.info\\\/archives\\\/1050019\",\"name\":\"PDK-S: Qedexekirina xwendina Kurd\u00ee li Efr\u00een\u00ea binp\u00eakirina maf\u00ean \u00e7and\u00ee \u00fb netewey\u00ee ye - Darka Maz\u00ee\",\"isPartOf\":{\"@id\":\"https:\\\/\\\/darkamazi.info\\\/#website\"},\"primaryImageOfPage\":{\"@id\":\"https:\\\/\\\/darkamazi.info\\\/archives\\\/1050019#primaryimage\"},\"image\":{\"@id\":\"https:\\\/\\\/darkamazi.info\\\/archives\\\/1050019#primaryimage\"},\"thumbnailUrl\":\"https:\\\/\\\/darkamazi.info\\\/darka-content\\\/uploads\\\/2025\\\/09\\\/pdks.jpg\",\"datePublished\":\"2025-09-29T10:51:40+00:00\",\"breadcrumb\":{\"@id\":\"https:\\\/\\\/darkamazi.info\\\/archives\\\/1050019#breadcrumb\"},\"inLanguage\":\"en-US\",\"potentialAction\":[{\"@type\":\"ReadAction\",\"target\":[\"https:\\\/\\\/darkamazi.info\\\/archives\\\/1050019\"]}]},{\"@type\":\"ImageObject\",\"inLanguage\":\"en-US\",\"@id\":\"https:\\\/\\\/darkamazi.info\\\/archives\\\/1050019#primaryimage\",\"url\":\"https:\\\/\\\/darkamazi.info\\\/darka-content\\\/uploads\\\/2025\\\/09\\\/pdks.jpg\",\"contentUrl\":\"https:\\\/\\\/darkamazi.info\\\/darka-content\\\/uploads\\\/2025\\\/09\\\/pdks.jpg\",\"width\":900,\"height\":500,\"caption\":\"PDK-S: Qedexekirina xwendina Kurd\u00ee li Efr\u00een\u00ea binp\u00eakirina maf\u00ean \u00e7and\u00ee \u00fb netewey\u00ee ye\"},{\"@type\":\"BreadcrumbList\",\"@id\":\"https:\\\/\\\/darkamazi.info\\\/archives\\\/1050019#breadcrumb\",\"itemListElement\":[{\"@type\":\"ListItem\",\"position\":1,\"name\":\"Home\",\"item\":\"https:\\\/\\\/darkamazi.info\\\/\"},{\"@type\":\"ListItem\",\"position\":2,\"name\":\"PDK-S: Qedexekirina xwendina Kurd\u00ee li Efr\u00een\u00ea binp\u00eakirina maf\u00ean \u00e7and\u00ee \u00fb netewey\u00ee ye\"}]},{\"@type\":\"WebSite\",\"@id\":\"https:\\\/\\\/darkamazi.info\\\/#website\",\"url\":\"https:\\\/\\\/darkamazi.info\\\/\",\"name\":\"Darka Maz\u00ee\",\"description\":\"P\u00eageha Zanyariy\u00ean Nebih\u00eest\u00ee\",\"publisher\":{\"@id\":\"https:\\\/\\\/darkamazi.info\\\/#organization\"},\"potentialAction\":[{\"@type\":\"SearchAction\",\"target\":{\"@type\":\"EntryPoint\",\"urlTemplate\":\"https:\\\/\\\/darkamazi.info\\\/?s={search_term_string}\"},\"query-input\":{\"@type\":\"PropertyValueSpecification\",\"valueRequired\":true,\"valueName\":\"search_term_string\"}}],\"inLanguage\":\"en-US\"},{\"@type\":\"Organization\",\"@id\":\"https:\\\/\\\/darkamazi.info\\\/#organization\",\"name\":\"Darka Maz\u00ee\",\"url\":\"https:\\\/\\\/darkamazi.info\\\/\",\"logo\":{\"@type\":\"ImageObject\",\"inLanguage\":\"en-US\",\"@id\":\"https:\\\/\\\/darkamazi.info\\\/#\\\/schema\\\/logo\\\/image\\\/\",\"url\":\"https:\\\/\\\/darkamazi.info\\\/darka-content\\\/uploads\\\/2017\\\/12\\\/darka-mazi-logo.png\",\"contentUrl\":\"https:\\\/\\\/darkamazi.info\\\/darka-content\\\/uploads\\\/2017\\\/12\\\/darka-mazi-logo.png\",\"width\":151,\"height\":75,\"caption\":\"Darka Maz\u00ee\"},\"image\":{\"@id\":\"https:\\\/\\\/darkamazi.info\\\/#\\\/schema\\\/logo\\\/image\\\/\"},\"sameAs\":[\"https:\\\/\\\/www.facebook.com\\\/DarMaziKurmanci\",\"https:\\\/\\\/x.com\\\/DarkaMaziLatini\",\"https:\\\/\\\/www.instagram.com\\\/darkamazi.kurmanci\\\/\",\"https:\\\/\\\/www.youtube.com\\\/channel\\\/UCa5HkTdmI8U1qCUFuTw8B2g\"]},{\"@type\":\"Person\",\"@id\":\"https:\\\/\\\/darkamazi.info\\\/#\\\/schema\\\/person\\\/5ad3e24553a0567993fa8ed4bd0a776c\",\"name\":\"darka mazi\",\"sameAs\":[\"https:\\\/\\\/darkamazi.info\\\/\"],\"url\":\"https:\\\/\\\/darkamazi.info\\\/archives\\\/author\\\/kurdi\"}]}<\/script>\n<!-- \/ Yoast SEO plugin. -->","seo_head_json":{"title":"PDK-S: Qedexekirina xwendina Kurd\u00ee li Efr\u00een\u00ea binp\u00eakirina maf\u00ean \u00e7and\u00ee \u00fb netewey\u00ee ye - Darka Maz\u00ee","robots":{"index":"index","follow":"follow","max-snippet":"max-snippet:-1","max-image-preview":"max-image-preview:large","max-video-preview":"max-video-preview:-1"},"canonical":"https:\/\/darkamazi.info\/archives\/1050019","og_locale":"en_US","og_type":"article","og_title":"PDK-S: Qedexekirina xwendina Kurd\u00ee li Efr\u00een\u00ea binp\u00eakirina maf\u00ean \u00e7and\u00ee \u00fb netewey\u00ee ye - Darka Maz\u00ee","og_description":"Kom\u00eeteya Navend\u00ee ya Partiya Demokrata Kurd li S\u00fbriy\u00ea (PDK-S) di ragihandinek\u00ea de biryara Hik\u00fbmeta S\u00fbriy\u00ea ya qedexekirina xwendina ziman\u00ea Kurd\u00ee li Efr\u00een\u00ea \u00fb dever\u00ean din \u00ean Kurdistan\u00ee y\u00ean Rojavay\u00ea Kurdistan\u00ea \u015fermezar kir. Tekez j\u00ee kir ku, biryara Hik\u00fbmeta \u015eera ji bo pi\u015ftguhxistina xwendina Kurd\u00ee berevaj\u00ee dir\u00fb\u015fm\u00ean \u015fore\u015fa S\u00fbriy\u00ea ya ji bo azad\u00ee \u00fb wekheviy\u00ea ye. [&hellip;]","og_url":"https:\/\/darkamazi.info\/archives\/1050019","og_site_name":"Darka Maz\u00ee","article_publisher":"https:\/\/www.facebook.com\/DarMaziKurmanci","article_published_time":"2025-09-29T10:51:40+00:00","og_image":[{"width":900,"height":500,"url":"https:\/\/darkamazi.info\/file\/2025\/09\/pdks.jpg","type":"image\/jpeg"}],"author":"darka mazi","twitter_card":"summary_large_image","twitter_creator":"@DarkaMaziLatini","twitter_site":"@DarkaMaziLatini","twitter_misc":{"Written by":"darka mazi","Est. reading time":"2 minutes"},"schema":{"@context":"https:\/\/schema.org","@graph":[{"@type":"Article","@id":"https:\/\/darkamazi.info\/archives\/1050019#article","isPartOf":{"@id":"https:\/\/darkamazi.info\/archives\/1050019"},"author":{"name":"darka mazi","@id":"https:\/\/darkamazi.info\/#\/schema\/person\/5ad3e24553a0567993fa8ed4bd0a776c"},"headline":"PDK-S: Qedexekirina xwendina Kurd\u00ee li Efr\u00een\u00ea binp\u00eakirina maf\u00ean \u00e7and\u00ee \u00fb netewey\u00ee ye","datePublished":"2025-09-29T10:51:40+00:00","mainEntityOfPage":{"@id":"https:\/\/darkamazi.info\/archives\/1050019"},"wordCount":463,"publisher":{"@id":"https:\/\/darkamazi.info\/#organization"},"image":{"@id":"https:\/\/darkamazi.info\/archives\/1050019#primaryimage"},"thumbnailUrl":"https:\/\/darkamazi.info\/file\/2025\/09\/pdks.jpg","keywords":["sereke"],"articleSection":["Kurdistan"],"inLanguage":"en-US"},{"@type":"WebPage","@id":"https:\/\/darkamazi.info\/archives\/1050019","url":"https:\/\/darkamazi.info\/archives\/1050019","name":"PDK-S: Qedexekirina xwendina Kurd\u00ee li Efr\u00een\u00ea binp\u00eakirina maf\u00ean \u00e7and\u00ee \u00fb netewey\u00ee ye - Darka Maz\u00ee","isPartOf":{"@id":"https:\/\/darkamazi.info\/#website"},"primaryImageOfPage":{"@id":"https:\/\/darkamazi.info\/archives\/1050019#primaryimage"},"image":{"@id":"https:\/\/darkamazi.info\/archives\/1050019#primaryimage"},"thumbnailUrl":"https:\/\/darkamazi.info\/file\/2025\/09\/pdks.jpg","datePublished":"2025-09-29T10:51:40+00:00","breadcrumb":{"@id":"https:\/\/darkamazi.info\/archives\/1050019#breadcrumb"},"inLanguage":"en-US","potentialAction":[{"@type":"ReadAction","target":["https:\/\/darkamazi.info\/archives\/1050019"]}]},{"@type":"ImageObject","inLanguage":"en-US","@id":"https:\/\/darkamazi.info\/archives\/1050019#primaryimage","url":"https:\/\/darkamazi.info\/file\/2025\/09\/pdks.jpg","contentUrl":"https:\/\/darkamazi.info\/file\/2025\/09\/pdks.jpg","width":900,"height":500,"caption":"PDK-S: Qedexekirina xwendina Kurd\u00ee li Efr\u00een\u00ea binp\u00eakirina maf\u00ean \u00e7and\u00ee \u00fb netewey\u00ee ye"},{"@type":"BreadcrumbList","@id":"https:\/\/darkamazi.info\/archives\/1050019#breadcrumb","itemListElement":[{"@type":"ListItem","position":1,"name":"Home","item":"https:\/\/darkamazi.info\/"},{"@type":"ListItem","position":2,"name":"PDK-S: Qedexekirina xwendina Kurd\u00ee li Efr\u00een\u00ea binp\u00eakirina maf\u00ean \u00e7and\u00ee \u00fb netewey\u00ee ye"}]},{"@type":"WebSite","@id":"https:\/\/darkamazi.info\/#website","url":"https:\/\/darkamazi.info\/","name":"Darka Maz\u00ee","description":"P\u00eageha Zanyariy\u00ean Nebih\u00eest\u00ee","publisher":{"@id":"https:\/\/darkamazi.info\/#organization"},"potentialAction":[{"@type":"SearchAction","target":{"@type":"EntryPoint","urlTemplate":"https:\/\/darkamazi.info\/?s={search_term_string}"},"query-input":{"@type":"PropertyValueSpecification","valueRequired":true,"valueName":"search_term_string"}}],"inLanguage":"en-US"},{"@type":"Organization","@id":"https:\/\/darkamazi.info\/#organization","name":"Darka Maz\u00ee","url":"https:\/\/darkamazi.info\/","logo":{"@type":"ImageObject","inLanguage":"en-US","@id":"https:\/\/darkamazi.info\/#\/schema\/logo\/image\/","url":"https:\/\/darkamazi.info\/file\/2017\/12\/darka-mazi-logo.png","contentUrl":"https:\/\/darkamazi.info\/file\/2017\/12\/darka-mazi-logo.png","width":151,"height":75,"caption":"Darka Maz\u00ee"},"image":{"@id":"https:\/\/darkamazi.info\/#\/schema\/logo\/image\/"},"sameAs":["https:\/\/www.facebook.com\/DarMaziKurmanci","https:\/\/x.com\/DarkaMaziLatini","https:\/\/www.instagram.com\/darkamazi.kurmanci\/","https:\/\/www.youtube.com\/channel\/UCa5HkTdmI8U1qCUFuTw8B2g"]},{"@type":"Person","@id":"https:\/\/darkamazi.info\/#\/schema\/person\/5ad3e24553a0567993fa8ed4bd0a776c","name":"darka mazi","sameAs":["https:\/\/darkamazi.info\/"],"url":"https:\/\/darkamazi.info\/archives\/author\/kurdi"}]}},"_links":{"self":[{"href":"https:\/\/darkamazi.info\/funavuv\/wp\/v2\/posts\/1050019","targetHints":{"allow":["GET"]}}],"collection":[{"href":"https:\/\/darkamazi.info\/funavuv\/wp\/v2\/posts"}],"about":[{"href":"https:\/\/darkamazi.info\/funavuv\/wp\/v2\/types\/post"}],"author":[{"embeddable":true,"href":"https:\/\/darkamazi.info\/funavuv\/wp\/v2\/users\/2"}],"replies":[{"embeddable":true,"href":"https:\/\/darkamazi.info\/funavuv\/wp\/v2\/comments?post=1050019"}],"version-history":[{"count":0,"href":"https:\/\/darkamazi.info\/funavuv\/wp\/v2\/posts\/1050019\/revisions"}],"wp:featuredmedia":[{"embeddable":true,"href":"https:\/\/darkamazi.info\/funavuv\/wp\/v2\/media\/1050020"}],"wp:attachment":[{"href":"https:\/\/darkamazi.info\/funavuv\/wp\/v2\/media?parent=1050019"}],"wp:term":[{"taxonomy":"category","embeddable":true,"href":"https:\/\/darkamazi.info\/funavuv\/wp\/v2\/categories?post=1050019"},{"taxonomy":"post_tag","embeddable":true,"href":"https:\/\/darkamazi.info\/funavuv\/wp\/v2\/tags?post=1050019"}],"curies":[{"name":"wp","href":"https:\/\/api.w.org\/{rel}","templated":true}]}}