{"id":1050022,"date":"2025-09-29T17:50:12","date_gmt":"2025-09-29T14:50:12","guid":{"rendered":"https:\/\/darkamazi.info\/?p=1050022"},"modified":"2025-09-29T17:50:12","modified_gmt":"2025-09-29T14:50:12","slug":"pkke-mirina-van-gerilayan-ji-sala-2019e-ve-vesartibu","status":"publish","type":"post","link":"https:\/\/darkamazi.info\/archives\/1050022","title":{"rendered":"PKK\u00ea mirina van G\u00ear\u00eelayan ji sala 2019\u00ea ve ve\u015fartib\u00fb"},"content":{"rendered":"<h3 style=\"text-align: justify\"><span style=\"font-family: 'arial black', sans-serif\">Nasnamey\u00ean 6 ciwan\u00ean din y\u00ean Kurdan a\u015fkere b\u00fb ku ji sala 2019\u00ea ve ketine ber \u00ear\u00ee\u015f\u00ean dewleta Tirk \u00fb r\u00eaxistina PKK\u00ea mirina wan ve\u015fart\u00ee hi\u015ftib\u00fb.<\/span><\/h3>\n<h3 style=\"text-align: justify\"><span style=\"font-family: arial, helvetica, sans-serif\">HPG\u00ea bask\u00ea le\u015fker\u00ee y\u00ea PKK\u00ea \u00eero 29 \u00celona 2025, nasnamey\u00ean 6 \u00e7ekdar\u00ean xwe a\u015fkere kirine ku li sala 2019\u00ea li her\u00eam\u00ean Zap, Ava\u015f\u00een \u00fb Qend\u00eel\u00ea\u00a0 ber\u00ea wan daye mirin\u00ea \u00fb heya roja me ya \u00eero mirina wan ve\u015fart\u00ee hi\u015fitb\u00fb.<\/span><\/h3>\n<h3 style=\"text-align: justify\"><span style=\"font-family: 'arial black', sans-serif;color: #8c0808\">Nav\u00ean wan wisaye:<\/span><\/h3>\n<h3 style=\"text-align: justify\"><span style=\"font-family: arial, helvetica, sans-serif\">Rojb\u00een Mugdat ji Colem\u00earg\u00ea.<\/span><\/h3>\n<h3 style=\"text-align: justify\"><span style=\"font-family: arial, helvetica, sans-serif\">Cel\u00eele Dawud ji Amed\u00ea.<\/span><\/h3>\n<h3 style=\"text-align: justify\"><span style=\"font-family: arial, helvetica, sans-serif\">\u00cesra \u00cebrah\u00eem ji Meletiy\u00ea.<\/span><\/h3>\n<h3 style=\"text-align: justify\"><span style=\"font-family: arial, helvetica, sans-serif\">Ez\u00eez Se\u00eed ji Man\u00eesay\u00ea.<\/span><\/h3>\n<h3 style=\"text-align: justify\"><span style=\"font-family: arial, helvetica, sans-serif\">Ferhad \u00cesma&#8217;\u00eel ji Colem\u00earg\u00ea.<\/span><\/h3>\n<h3 style=\"text-align: justify\"><span style=\"font-family: arial, helvetica, sans-serif\">Ridwan Mihemed ji Amed\u00ea.<\/span><\/h3>\n<h3 style=\"text-align: justify\"><span style=\"font-family: arial, helvetica, sans-serif\">PKK\u00ea di pesn\u00ea tevan de gotiye ew mil\u00eetan\u00ean me y\u00ean Apoy\u00ee b\u00fbn, xwe feday\u00ea Apo kirin!.<\/span><\/h3>\n<h3 style=\"text-align: justify\"><span style=\"font-family: arial, helvetica, sans-serif\">PKKe her roj w\u00eaney\u00ean kom\u00ean ke\u00e7 \u00fb ciwan\u00ean Kurdan di medyaya xwe de parvedike, ciwan\u00ean ku di sal \u00fb meh\u00ean ber\u00ea de dayne ku\u015ftin \u00fb mirina wan heya roja me ya \u00eero ve\u015fart\u00ee hi\u015ft\u00ee, li gor\u00ee agahiy\u00ean dest\u00ea me, h\u00eajan bi hezaran ciwan ma ne ku nasnameya wan ve\u015fart\u00ee maye \u00fb PKK\u00ea mirina wan \u00eef\u015fa nekir\u00ee ye.<\/span><\/h3>\n","protected":false},"excerpt":{"rendered":"<p>Nasnamey\u00ean 6 ciwan\u00ean din y\u00ean Kurdan a\u015fkere b\u00fb ku ji sala 2019\u00ea ve ketine ber \u00ear\u00ee\u015f\u00ean dewleta Tirk \u00fb r\u00eaxistina PKK\u00ea mirina wan ve\u015fart\u00ee hi\u015ftib\u00fb. HPG\u00ea bask\u00ea le\u015fker\u00ee y\u00ea PKK\u00ea \u00eero 29 \u00celona 2025, nasnamey\u00ean 6 \u00e7ekdar\u00ean xwe a\u015fkere kirine ku li sala 2019\u00ea li her\u00eam\u00ean Zap, Ava\u015f\u00een \u00fb Qend\u00eel\u00ea\u00a0 ber\u00ea wan daye mirin\u00ea \u00fb [&hellip;]<\/p>\n","protected":false},"author":2,"featured_media":1050023,"comment_status":"closed","ping_status":"closed","sticky":false,"template":"","format":"standard","meta":{"footnotes":""},"categories":[29],"tags":[37],"class_list":["post-1050022","post","type-post","status-publish","format-standard","has-post-thumbnail","hentry","category-kurdistan","tag-sereke"],"blocksy_meta":[],"seo_head":"<!-- This site is optimized with the Yoast SEO plugin v27.5 - https:\/\/yoast.com\/product\/yoast-seo-wordpress\/ -->\n<title>PKK\u00ea mirina van G\u00ear\u00eelayan ji sala 2019\u00ea ve ve\u015fartib\u00fb - Darka Maz\u00ee<\/title>\n<meta name=\"robots\" content=\"index, follow, max-snippet:-1, max-image-preview:large, max-video-preview:-1\" \/>\n<link rel=\"canonical\" href=\"https:\/\/darkamazi.info\/archives\/1050022\" \/>\n<meta property=\"og:locale\" content=\"en_US\" \/>\n<meta property=\"og:type\" content=\"article\" \/>\n<meta property=\"og:title\" content=\"PKK\u00ea mirina van G\u00ear\u00eelayan ji sala 2019\u00ea ve ve\u015fartib\u00fb - Darka Maz\u00ee\" \/>\n<meta property=\"og:description\" content=\"Nasnamey\u00ean 6 ciwan\u00ean din y\u00ean Kurdan a\u015fkere b\u00fb ku ji sala 2019\u00ea ve ketine ber \u00ear\u00ee\u015f\u00ean dewleta Tirk \u00fb r\u00eaxistina PKK\u00ea mirina wan ve\u015fart\u00ee hi\u015ftib\u00fb. HPG\u00ea bask\u00ea le\u015fker\u00ee y\u00ea PKK\u00ea \u00eero 29 \u00celona 2025, nasnamey\u00ean 6 \u00e7ekdar\u00ean xwe a\u015fkere kirine ku li sala 2019\u00ea li her\u00eam\u00ean Zap, Ava\u015f\u00een \u00fb Qend\u00eel\u00ea\u00a0 ber\u00ea wan daye mirin\u00ea \u00fb [&hellip;]\" \/>\n<meta property=\"og:url\" content=\"https:\/\/darkamazi.info\/archives\/1050022\" \/>\n<meta property=\"og:site_name\" content=\"Darka Maz\u00ee\" \/>\n<meta property=\"article:publisher\" content=\"https:\/\/www.facebook.com\/DarMaziKurmanci\" \/>\n<meta property=\"article:published_time\" content=\"2025-09-29T14:50:12+00:00\" \/>\n<meta property=\"og:image\" content=\"https:\/\/darkamazi.info\/file\/2025\/09\/PKK-6-gerila-jin-ciwan-kurd-Info.jpg\" \/>\n\t<meta property=\"og:image:width\" content=\"900\" \/>\n\t<meta property=\"og:image:height\" content=\"500\" \/>\n\t<meta property=\"og:image:type\" content=\"image\/jpeg\" \/>\n<meta name=\"author\" content=\"darka mazi\" \/>\n<meta name=\"twitter:card\" content=\"summary_large_image\" \/>\n<meta name=\"twitter:creator\" content=\"@DarkaMaziLatini\" \/>\n<meta name=\"twitter:site\" content=\"@DarkaMaziLatini\" \/>\n<meta name=\"twitter:label1\" content=\"Written by\" \/>\n\t<meta name=\"twitter:data1\" content=\"darka mazi\" \/>\n\t<meta name=\"twitter:label2\" content=\"Est. reading time\" \/>\n\t<meta name=\"twitter:data2\" content=\"1 minute\" \/>\n<script type=\"application\/ld+json\" class=\"seo-schema-graph\">{\"@context\":\"https:\\\/\\\/schema.org\",\"@graph\":[{\"@type\":\"Article\",\"@id\":\"https:\\\/\\\/darkamazi.info\\\/archives\\\/1050022#article\",\"isPartOf\":{\"@id\":\"https:\\\/\\\/darkamazi.info\\\/archives\\\/1050022\"},\"author\":{\"name\":\"darka mazi\",\"@id\":\"https:\\\/\\\/darkamazi.info\\\/#\\\/schema\\\/person\\\/5ad3e24553a0567993fa8ed4bd0a776c\"},\"headline\":\"PKK\u00ea mirina van G\u00ear\u00eelayan ji sala 2019\u00ea ve ve\u015fartib\u00fb\",\"datePublished\":\"2025-09-29T14:50:12+00:00\",\"mainEntityOfPage\":{\"@id\":\"https:\\\/\\\/darkamazi.info\\\/archives\\\/1050022\"},\"wordCount\":207,\"publisher\":{\"@id\":\"https:\\\/\\\/darkamazi.info\\\/#organization\"},\"image\":{\"@id\":\"https:\\\/\\\/darkamazi.info\\\/archives\\\/1050022#primaryimage\"},\"thumbnailUrl\":\"https:\\\/\\\/darkamazi.info\\\/darka-content\\\/uploads\\\/2025\\\/09\\\/PKK-6-gerila-jin-ciwan-kurd-Info.jpg\",\"keywords\":[\"sereke\"],\"articleSection\":[\"Kurdistan\"],\"inLanguage\":\"en-US\"},{\"@type\":\"WebPage\",\"@id\":\"https:\\\/\\\/darkamazi.info\\\/archives\\\/1050022\",\"url\":\"https:\\\/\\\/darkamazi.info\\\/archives\\\/1050022\",\"name\":\"PKK\u00ea mirina van G\u00ear\u00eelayan ji sala 2019\u00ea ve ve\u015fartib\u00fb - Darka Maz\u00ee\",\"isPartOf\":{\"@id\":\"https:\\\/\\\/darkamazi.info\\\/#website\"},\"primaryImageOfPage\":{\"@id\":\"https:\\\/\\\/darkamazi.info\\\/archives\\\/1050022#primaryimage\"},\"image\":{\"@id\":\"https:\\\/\\\/darkamazi.info\\\/archives\\\/1050022#primaryimage\"},\"thumbnailUrl\":\"https:\\\/\\\/darkamazi.info\\\/darka-content\\\/uploads\\\/2025\\\/09\\\/PKK-6-gerila-jin-ciwan-kurd-Info.jpg\",\"datePublished\":\"2025-09-29T14:50:12+00:00\",\"breadcrumb\":{\"@id\":\"https:\\\/\\\/darkamazi.info\\\/archives\\\/1050022#breadcrumb\"},\"inLanguage\":\"en-US\",\"potentialAction\":[{\"@type\":\"ReadAction\",\"target\":[\"https:\\\/\\\/darkamazi.info\\\/archives\\\/1050022\"]}]},{\"@type\":\"ImageObject\",\"inLanguage\":\"en-US\",\"@id\":\"https:\\\/\\\/darkamazi.info\\\/archives\\\/1050022#primaryimage\",\"url\":\"https:\\\/\\\/darkamazi.info\\\/darka-content\\\/uploads\\\/2025\\\/09\\\/PKK-6-gerila-jin-ciwan-kurd-Info.jpg\",\"contentUrl\":\"https:\\\/\\\/darkamazi.info\\\/darka-content\\\/uploads\\\/2025\\\/09\\\/PKK-6-gerila-jin-ciwan-kurd-Info.jpg\",\"width\":900,\"height\":500,\"caption\":\"PKK-6-gerila-jin-ciwan-kurd-Info\"},{\"@type\":\"BreadcrumbList\",\"@id\":\"https:\\\/\\\/darkamazi.info\\\/archives\\\/1050022#breadcrumb\",\"itemListElement\":[{\"@type\":\"ListItem\",\"position\":1,\"name\":\"Home\",\"item\":\"https:\\\/\\\/darkamazi.info\\\/\"},{\"@type\":\"ListItem\",\"position\":2,\"name\":\"PKK\u00ea mirina van G\u00ear\u00eelayan ji sala 2019\u00ea ve ve\u015fartib\u00fb\"}]},{\"@type\":\"WebSite\",\"@id\":\"https:\\\/\\\/darkamazi.info\\\/#website\",\"url\":\"https:\\\/\\\/darkamazi.info\\\/\",\"name\":\"Darka Maz\u00ee\",\"description\":\"P\u00eageha Zanyariy\u00ean Nebih\u00eest\u00ee\",\"publisher\":{\"@id\":\"https:\\\/\\\/darkamazi.info\\\/#organization\"},\"potentialAction\":[{\"@type\":\"SearchAction\",\"target\":{\"@type\":\"EntryPoint\",\"urlTemplate\":\"https:\\\/\\\/darkamazi.info\\\/?s={search_term_string}\"},\"query-input\":{\"@type\":\"PropertyValueSpecification\",\"valueRequired\":true,\"valueName\":\"search_term_string\"}}],\"inLanguage\":\"en-US\"},{\"@type\":\"Organization\",\"@id\":\"https:\\\/\\\/darkamazi.info\\\/#organization\",\"name\":\"Darka Maz\u00ee\",\"url\":\"https:\\\/\\\/darkamazi.info\\\/\",\"logo\":{\"@type\":\"ImageObject\",\"inLanguage\":\"en-US\",\"@id\":\"https:\\\/\\\/darkamazi.info\\\/#\\\/schema\\\/logo\\\/image\\\/\",\"url\":\"https:\\\/\\\/darkamazi.info\\\/darka-content\\\/uploads\\\/2017\\\/12\\\/darka-mazi-logo.png\",\"contentUrl\":\"https:\\\/\\\/darkamazi.info\\\/darka-content\\\/uploads\\\/2017\\\/12\\\/darka-mazi-logo.png\",\"width\":151,\"height\":75,\"caption\":\"Darka Maz\u00ee\"},\"image\":{\"@id\":\"https:\\\/\\\/darkamazi.info\\\/#\\\/schema\\\/logo\\\/image\\\/\"},\"sameAs\":[\"https:\\\/\\\/www.facebook.com\\\/DarMaziKurmanci\",\"https:\\\/\\\/x.com\\\/DarkaMaziLatini\",\"https:\\\/\\\/www.instagram.com\\\/darkamazi.kurmanci\\\/\",\"https:\\\/\\\/www.youtube.com\\\/channel\\\/UCa5HkTdmI8U1qCUFuTw8B2g\"]},{\"@type\":\"Person\",\"@id\":\"https:\\\/\\\/darkamazi.info\\\/#\\\/schema\\\/person\\\/5ad3e24553a0567993fa8ed4bd0a776c\",\"name\":\"darka mazi\",\"sameAs\":[\"https:\\\/\\\/darkamazi.info\\\/\"],\"url\":\"https:\\\/\\\/darkamazi.info\\\/archives\\\/author\\\/kurdi\"}]}<\/script>\n<!-- \/ Yoast SEO plugin. -->","seo_head_json":{"title":"PKK\u00ea mirina van G\u00ear\u00eelayan ji sala 2019\u00ea ve ve\u015fartib\u00fb - Darka Maz\u00ee","robots":{"index":"index","follow":"follow","max-snippet":"max-snippet:-1","max-image-preview":"max-image-preview:large","max-video-preview":"max-video-preview:-1"},"canonical":"https:\/\/darkamazi.info\/archives\/1050022","og_locale":"en_US","og_type":"article","og_title":"PKK\u00ea mirina van G\u00ear\u00eelayan ji sala 2019\u00ea ve ve\u015fartib\u00fb - Darka Maz\u00ee","og_description":"Nasnamey\u00ean 6 ciwan\u00ean din y\u00ean Kurdan a\u015fkere b\u00fb ku ji sala 2019\u00ea ve ketine ber \u00ear\u00ee\u015f\u00ean dewleta Tirk \u00fb r\u00eaxistina PKK\u00ea mirina wan ve\u015fart\u00ee hi\u015ftib\u00fb. HPG\u00ea bask\u00ea le\u015fker\u00ee y\u00ea PKK\u00ea \u00eero 29 \u00celona 2025, nasnamey\u00ean 6 \u00e7ekdar\u00ean xwe a\u015fkere kirine ku li sala 2019\u00ea li her\u00eam\u00ean Zap, Ava\u015f\u00een \u00fb Qend\u00eel\u00ea\u00a0 ber\u00ea wan daye mirin\u00ea \u00fb [&hellip;]","og_url":"https:\/\/darkamazi.info\/archives\/1050022","og_site_name":"Darka Maz\u00ee","article_publisher":"https:\/\/www.facebook.com\/DarMaziKurmanci","article_published_time":"2025-09-29T14:50:12+00:00","og_image":[{"width":900,"height":500,"url":"https:\/\/darkamazi.info\/file\/2025\/09\/PKK-6-gerila-jin-ciwan-kurd-Info.jpg","type":"image\/jpeg"}],"author":"darka mazi","twitter_card":"summary_large_image","twitter_creator":"@DarkaMaziLatini","twitter_site":"@DarkaMaziLatini","twitter_misc":{"Written by":"darka mazi","Est. reading time":"1 minute"},"schema":{"@context":"https:\/\/schema.org","@graph":[{"@type":"Article","@id":"https:\/\/darkamazi.info\/archives\/1050022#article","isPartOf":{"@id":"https:\/\/darkamazi.info\/archives\/1050022"},"author":{"name":"darka mazi","@id":"https:\/\/darkamazi.info\/#\/schema\/person\/5ad3e24553a0567993fa8ed4bd0a776c"},"headline":"PKK\u00ea mirina van G\u00ear\u00eelayan ji sala 2019\u00ea ve ve\u015fartib\u00fb","datePublished":"2025-09-29T14:50:12+00:00","mainEntityOfPage":{"@id":"https:\/\/darkamazi.info\/archives\/1050022"},"wordCount":207,"publisher":{"@id":"https:\/\/darkamazi.info\/#organization"},"image":{"@id":"https:\/\/darkamazi.info\/archives\/1050022#primaryimage"},"thumbnailUrl":"https:\/\/darkamazi.info\/file\/2025\/09\/PKK-6-gerila-jin-ciwan-kurd-Info.jpg","keywords":["sereke"],"articleSection":["Kurdistan"],"inLanguage":"en-US"},{"@type":"WebPage","@id":"https:\/\/darkamazi.info\/archives\/1050022","url":"https:\/\/darkamazi.info\/archives\/1050022","name":"PKK\u00ea mirina van G\u00ear\u00eelayan ji sala 2019\u00ea ve ve\u015fartib\u00fb - Darka Maz\u00ee","isPartOf":{"@id":"https:\/\/darkamazi.info\/#website"},"primaryImageOfPage":{"@id":"https:\/\/darkamazi.info\/archives\/1050022#primaryimage"},"image":{"@id":"https:\/\/darkamazi.info\/archives\/1050022#primaryimage"},"thumbnailUrl":"https:\/\/darkamazi.info\/file\/2025\/09\/PKK-6-gerila-jin-ciwan-kurd-Info.jpg","datePublished":"2025-09-29T14:50:12+00:00","breadcrumb":{"@id":"https:\/\/darkamazi.info\/archives\/1050022#breadcrumb"},"inLanguage":"en-US","potentialAction":[{"@type":"ReadAction","target":["https:\/\/darkamazi.info\/archives\/1050022"]}]},{"@type":"ImageObject","inLanguage":"en-US","@id":"https:\/\/darkamazi.info\/archives\/1050022#primaryimage","url":"https:\/\/darkamazi.info\/file\/2025\/09\/PKK-6-gerila-jin-ciwan-kurd-Info.jpg","contentUrl":"https:\/\/darkamazi.info\/file\/2025\/09\/PKK-6-gerila-jin-ciwan-kurd-Info.jpg","width":900,"height":500,"caption":"PKK-6-gerila-jin-ciwan-kurd-Info"},{"@type":"BreadcrumbList","@id":"https:\/\/darkamazi.info\/archives\/1050022#breadcrumb","itemListElement":[{"@type":"ListItem","position":1,"name":"Home","item":"https:\/\/darkamazi.info\/"},{"@type":"ListItem","position":2,"name":"PKK\u00ea mirina van G\u00ear\u00eelayan ji sala 2019\u00ea ve ve\u015fartib\u00fb"}]},{"@type":"WebSite","@id":"https:\/\/darkamazi.info\/#website","url":"https:\/\/darkamazi.info\/","name":"Darka Maz\u00ee","description":"P\u00eageha Zanyariy\u00ean Nebih\u00eest\u00ee","publisher":{"@id":"https:\/\/darkamazi.info\/#organization"},"potentialAction":[{"@type":"SearchAction","target":{"@type":"EntryPoint","urlTemplate":"https:\/\/darkamazi.info\/?s={search_term_string}"},"query-input":{"@type":"PropertyValueSpecification","valueRequired":true,"valueName":"search_term_string"}}],"inLanguage":"en-US"},{"@type":"Organization","@id":"https:\/\/darkamazi.info\/#organization","name":"Darka Maz\u00ee","url":"https:\/\/darkamazi.info\/","logo":{"@type":"ImageObject","inLanguage":"en-US","@id":"https:\/\/darkamazi.info\/#\/schema\/logo\/image\/","url":"https:\/\/darkamazi.info\/file\/2017\/12\/darka-mazi-logo.png","contentUrl":"https:\/\/darkamazi.info\/file\/2017\/12\/darka-mazi-logo.png","width":151,"height":75,"caption":"Darka Maz\u00ee"},"image":{"@id":"https:\/\/darkamazi.info\/#\/schema\/logo\/image\/"},"sameAs":["https:\/\/www.facebook.com\/DarMaziKurmanci","https:\/\/x.com\/DarkaMaziLatini","https:\/\/www.instagram.com\/darkamazi.kurmanci\/","https:\/\/www.youtube.com\/channel\/UCa5HkTdmI8U1qCUFuTw8B2g"]},{"@type":"Person","@id":"https:\/\/darkamazi.info\/#\/schema\/person\/5ad3e24553a0567993fa8ed4bd0a776c","name":"darka mazi","sameAs":["https:\/\/darkamazi.info\/"],"url":"https:\/\/darkamazi.info\/archives\/author\/kurdi"}]}},"_links":{"self":[{"href":"https:\/\/darkamazi.info\/funavuv\/wp\/v2\/posts\/1050022","targetHints":{"allow":["GET"]}}],"collection":[{"href":"https:\/\/darkamazi.info\/funavuv\/wp\/v2\/posts"}],"about":[{"href":"https:\/\/darkamazi.info\/funavuv\/wp\/v2\/types\/post"}],"author":[{"embeddable":true,"href":"https:\/\/darkamazi.info\/funavuv\/wp\/v2\/users\/2"}],"replies":[{"embeddable":true,"href":"https:\/\/darkamazi.info\/funavuv\/wp\/v2\/comments?post=1050022"}],"version-history":[{"count":0,"href":"https:\/\/darkamazi.info\/funavuv\/wp\/v2\/posts\/1050022\/revisions"}],"wp:featuredmedia":[{"embeddable":true,"href":"https:\/\/darkamazi.info\/funavuv\/wp\/v2\/media\/1050023"}],"wp:attachment":[{"href":"https:\/\/darkamazi.info\/funavuv\/wp\/v2\/media?parent=1050022"}],"wp:term":[{"taxonomy":"category","embeddable":true,"href":"https:\/\/darkamazi.info\/funavuv\/wp\/v2\/categories?post=1050022"},{"taxonomy":"post_tag","embeddable":true,"href":"https:\/\/darkamazi.info\/funavuv\/wp\/v2\/tags?post=1050022"}],"curies":[{"name":"wp","href":"https:\/\/api.w.org\/{rel}","templated":true}]}}