{"id":1050028,"date":"2025-09-29T19:40:24","date_gmt":"2025-09-29T16:40:24","guid":{"rendered":"https:\/\/darkamazi.info\/?p=1050028"},"modified":"2025-09-29T19:40:24","modified_gmt":"2025-09-29T16:40:24","slug":"capemeniya-pkke-disa-nuceyen-derew-belav-kir-idia-kir-ku-diware-sinor-e-ji-aliye-iraqe-ve-hatiye-cekirin-dibeje-pdk-cedike","status":"publish","type":"post","link":"https:\/\/darkamazi.info\/archives\/1050028","title":{"rendered":"\u00c7apemen\u00eeya PKK\u00ea d\u00eesa n\u00fb\u00e7ey\u00ean derew belav kir: \u00eedia kir ku d\u00eewar\u00ea s\u00eenor \u00ea ji aliy\u00ea Iraq\u00ea ve hatiye \u00e7\u00eakirin dib\u00eaje &#8220;PDK \u00e7\u00eadike\u201d"},"content":{"rendered":"<h3 style=\"text-align: justify\"><span style=\"font-family: 'arial black', sans-serif\">Di van roj\u00ean daw\u00ee de, di \u00e7apemen\u00eeya de n\u00fb\u00e7e hene ku d\u00eewarek\u00ee beton\u00ee li ser s\u00eenor\u00ea di navbera Her\u00eama Kurdistan\u00ea \u00fb Rojavay\u00ea Kurdistan\u00ea de t\u00ea \u00e7\u00eakirin. Pirsa ku k\u00ea d\u00eewar ava kiriye, di medyay\u00ea de b\u00fbye mijara n\u00eeqa\u015f\u00ea. Hat h\u00eenb\u00fbn ku d\u00eewar ji aliy\u00ea Iraq\u00ea ve, ku hevkar\u00ea PKK\u00ea y\u00ea 12 salan e, hatiye \u00e7\u00eakirin.<\/span><\/h3>\n<h3 style=\"text-align: justify\"><span style=\"font-family: 'arial black', sans-serif;color: #8c0808\"><strong>\u00c7apemen\u00eeya PKK\u00ea: PDK d\u00eewar ava dike<\/strong><\/span><\/h3>\n<h3 style=\"text-align: justify\"><span style=\"font-family: arial, helvetica, sans-serif\">Dezgeh\u00ean ragihandina PKK\u00ea \u00fb kom\u00eeteya ser bi w\u00ea ya Rojava \u00eedia kirin ku Hik\u00fbmeta Her\u00eama Kurdistan\u00ea d\u00eewar\u00ea navbera Ba\u015f\u00fbr\u00ea Kurdistan\u00ea \u00fb Rojava de ava dike. Medyaya PKK\u00ea ragihand ku Hik\u00fbmeta Her\u00eama Kurdistan\u00ea dest bi avakirina d\u00eewarek\u00ee beton\u00ee y\u00ea 3 metre bilind \u00fb 75 sant\u00eemetre st\u00fbr li ser s\u00eenor\u00ea Rojava kiriye. Di n\u00fb\u00e7eyan de PKKe bi e\u015fkerey\u00ee PDK \u00a0hedef girtin \u00fb \u00eedia kirin ku ew ji bo &#8220;pi\u015ftgiriya gef\u00ean Ehmet el\u015eara&#8221; t\u00ea \u00e7\u00eakirin.<\/span><\/h3>\n<h3 style=\"text-align: justify\"><span style=\"font-family: arial, helvetica, sans-serif\">L\u00eabel\u00ea, derewa PKK\u00ea z\u00fb e\u015fkere b\u00fb. Ji ber ku d\u00eewar ji sala 2022 an vir ve bi agahdariya PKK\u00ea \u00fb h\u00eaz\u00ean w\u00ea y\u00ean her\u00eam\u00ee hatiye \u00e7\u00eakirin. Medyaya PKK\u00ea her wiha ragihand ku &#8220;Deriy\u00ea S\u00eenor \u00ea S\u00eamalkay\u00ea ji aliy\u00ea PDK\u00ea ve hatiye girtin.&#8221; L\u00eabel\u00ea, ev der, ku wek\u00ee deriy\u00ea S\u00eamalka-P\u00ea\u015fxab\u00fbr t\u00ea zan\u00een, ji bo siv\u00eelan \u00fb al\u00eekariyan vekir\u00eeye.<\/span><\/h3>\n<h3 style=\"text-align: justify\"><span style=\"font-family: 'arial black', sans-serif;color: #8c0808\"><strong>Fermandariya Pasvan\u00ean S\u00eenor \u00ean Iraq\u00ea: Em d\u00eewaran ava dikin<\/strong><\/span><\/h3>\n<h3 style=\"text-align: justify\"><span style=\"font-family: arial, helvetica, sans-serif\">Fermandariya Pasvan\u00ean S\u00eenor \u00ean Iraq\u00ea ragihand ku kar\u00ea ku behsa w\u00ee t\u00ea kirin bi tevah\u00ee di bin \u00e7avd\u00eariya hik\u00fbmeta Iraq\u00ea de hatiye kirin. Fermandariy\u00ea diyar kir ku plan hem\u00fb xet\u00ean s\u00eenor, tev\u00ee s\u00eago\u015feya Iraq-Tirkiye-S\u00fbriy\u00ea j\u00ee digire nav xwe.<\/span><\/h3>\n<h3 style=\"text-align: justify\"><span style=\"font-family: arial, helvetica, sans-serif\">Berdevk\u00ea \u00c7apemeniya Fermandariya Pasvan\u00ean S\u00eenor \u00ean Iraq\u00ea, General Heyder Kerh\u00ee, di axaftina xwe de ji ajansa n\u00fb\u00e7eyan a RUDAW re got, &#8220;Avakirina d\u00eewar\u00ea beton\u00ee li ser s\u00eenor\u00ea Rojava-S\u00fbriy\u00ea di bin \u00e7avd\u00eariya Fermandariya Pasvan\u00ean S\u00eenor \u00ean Iraq\u00ea de t\u00ea \u00e7\u00eakirin.&#8221;<\/span><\/h3>\n<h3 style=\"text-align: justify\"><span style=\"font-family: 'arial black', sans-serif;color: #8c0808\"><strong>Mil\u00ees\u00ean gir\u00eaday\u00ee PKK\u00ea ev du sal in y\u00ean li ser d\u00eewar dixebitin dipar\u00eazin<\/strong><\/span><\/h3>\n<h3 style=\"text-align: justify\"><span style=\"font-family: arial, helvetica, sans-serif\">Daxuyaniya Berdevk\u00ea Fermandariya Pasvan\u00ean S\u00eenor \u00ean Iraq\u00ea Kerh\u00ee n\u00fb\u00e7eya PKK\u00ea red kir. L\u00eabel\u00ea, li pi\u015ft d\u00eewaran rastiyek din heb\u00fb. PKKe \u00fb r\u00eaveberiya Rojava li ser be\u015fa \u015eengal\u00ea ya d\u00eewar bi hik\u00fbmeta Iraq\u00ea re li hev kirib\u00fbn \u00fb b\u00eadeng man. Niha, pi\u015ft\u00ee ku derbas\u00ee s\u00eenor\u00ea Her\u00eama Kurdistan\u00ea b\u00fbn, xwe weke xe\u015f\u00eem ku ji b\u00fbyer\u00ea b\u00eaxeber in n\u00ee\u015fan didin.<\/span><\/h3>\n<h3 style=\"text-align: justify\"><span style=\"font-family: arial, helvetica, sans-serif\">Dewleta Iraq\u00ea di N\u00eesana 2022 an de dest bi avakirina d\u00eewarek\u00ee li her\u00eama di navbera Rojava \u00fb \u015eingal\u00ea de kir. Her \u00e7end medyaya PKK\u00ea w\u00ea dem\u00ea \u00e7end caran li ser v\u00ea mijar\u00ea n\u00fb\u00e7e \u00e7\u00eakir j\u00ee, pa\u015f\u00ea di navbera kom\u00eeteya t\u00eakiliy\u00ean derve ya PKK\u00ea li Bexday\u00ea \u00fb \u00eest\u00eexbarata Iraq\u00ea de r\u00eakeftinek hat kirin. Li gor\u00ee r\u00eakeftin\u00ea, PKKe \u00fb r\u00eaxistin\u00ean p\u00ea re gir\u00eaday\u00ee w\u00ea d\u00ea destwerdan\u00ea li avakirina d\u00eewar\u00ea li ser xeta Tel Efer-\u015eengal\u00ea ji aliy\u00ea Iraq\u00ea ve nekin. PKK\u00ea heta bi wergirtina parek ji peyman\u00ean loj\u00eest\u00eek\u00ee \u00fb xorek\u00ee y\u00ean ji bo t\u00eema ku li ser d\u00eewar dixebit\u00ee li her\u00eam\u00ea, ji aliy\u00ea daray\u00ee kojmek\u00ee mezin pere wergirt.<\/span><\/h3>\n<h3 style=\"text-align: justify\"><span style=\"font-family: arial, helvetica, sans-serif\">Her wiha, mil\u00ees\u00ean YB\u015e \u00ean ser bi PKK\u00ea, di bin s\u00eewana He\u015fd\u00ee \u015eeb\u00ee de, ev du sal in d\u00eewar\u00ea li \u015eingal\u00ea dipar\u00eazin. Her \u00e7end \u00e7apemen\u00eeya PKK\u00ea du sal in li \u015eingal\u00ea li dever\u00ean di bin kontrola PKKe \u00fb YPG\u00ea de ava dikir, l\u00ea b\u00eadeng man \u00fb ev mijar ji raya gi\u015ft\u00ee ve\u015fartin. L\u00eabel\u00ea, pi\u015ft\u00ee ku d\u00eewar\u00ea \u015eingal\u00ea qediya, \u00e7apemen\u00eeya ser bi PKK\u00ea ve d\u00eesa n\u00fb\u00e7ey\u00ean derew\u00een \u00ean ku PDK \u00fb Hik\u00fbmeta Her\u00eama Kurdistan\u00ea hedef digirin, we\u015fandin.<\/span><\/h3>\n<h3 style=\"text-align: justify\"><span style=\"font-family: arial, helvetica, sans-serif\">\u00c7apemen\u00eeya PKK\u00ea d\u00eewar\u00ean ku ji h\u00eala Iraq\u00ea ve hatine \u00e7\u00eakirin wek\u00ee ku ji h\u00eala PDK\u00ea ve hatine \u00e7\u00eakirin n\u00ee\u015fan dide \u00fb bi v\u00ee \u015f\u00eawaz\u00ee dixwaze dijminatiya xwe ya li dij\u00ee PDK\u00ea bidom\u00eenin.<\/span><\/h3>\n","protected":false},"excerpt":{"rendered":"<p>Di van roj\u00ean daw\u00ee de, di \u00e7apemen\u00eeya de n\u00fb\u00e7e hene ku d\u00eewarek\u00ee beton\u00ee li ser s\u00eenor\u00ea di navbera Her\u00eama Kurdistan\u00ea \u00fb Rojavay\u00ea Kurdistan\u00ea de t\u00ea \u00e7\u00eakirin. Pirsa ku k\u00ea d\u00eewar ava kiriye, di medyay\u00ea de b\u00fbye mijara n\u00eeqa\u015f\u00ea. Hat h\u00eenb\u00fbn ku d\u00eewar ji aliy\u00ea Iraq\u00ea ve, ku hevkar\u00ea PKK\u00ea y\u00ea 12 salan e, hatiye \u00e7\u00eakirin. [&hellip;]<\/p>\n","protected":false},"author":2,"featured_media":1050029,"comment_status":"closed","ping_status":"closed","sticky":false,"template":"","format":"standard","meta":{"footnotes":""},"categories":[29],"tags":[37],"class_list":["post-1050028","post","type-post","status-publish","format-standard","has-post-thumbnail","hentry","category-kurdistan","tag-sereke"],"blocksy_meta":[],"seo_head":"<!-- This site is optimized with the Yoast SEO plugin v27.5 - https:\/\/yoast.com\/product\/yoast-seo-wordpress\/ -->\n<title>\u00c7apemen\u00eeya PKK\u00ea d\u00eesa n\u00fb\u00e7ey\u00ean derew belav kir: \u00eedia kir ku d\u00eewar\u00ea s\u00eenor \u00ea ji aliy\u00ea Iraq\u00ea ve hatiye \u00e7\u00eakirin dib\u00eaje &quot;PDK \u00e7\u00eadike\u201d - Darka Maz\u00ee<\/title>\n<meta name=\"robots\" content=\"index, follow, max-snippet:-1, max-image-preview:large, max-video-preview:-1\" \/>\n<link rel=\"canonical\" href=\"https:\/\/darkamazi.info\/archives\/1050028\" \/>\n<meta property=\"og:locale\" content=\"en_US\" \/>\n<meta property=\"og:type\" content=\"article\" \/>\n<meta property=\"og:title\" content=\"\u00c7apemen\u00eeya PKK\u00ea d\u00eesa n\u00fb\u00e7ey\u00ean derew belav kir: \u00eedia kir ku d\u00eewar\u00ea s\u00eenor \u00ea ji aliy\u00ea Iraq\u00ea ve hatiye \u00e7\u00eakirin dib\u00eaje &quot;PDK \u00e7\u00eadike\u201d - Darka Maz\u00ee\" \/>\n<meta property=\"og:description\" content=\"Di van roj\u00ean daw\u00ee de, di \u00e7apemen\u00eeya de n\u00fb\u00e7e hene ku d\u00eewarek\u00ee beton\u00ee li ser s\u00eenor\u00ea di navbera Her\u00eama Kurdistan\u00ea \u00fb Rojavay\u00ea Kurdistan\u00ea de t\u00ea \u00e7\u00eakirin. Pirsa ku k\u00ea d\u00eewar ava kiriye, di medyay\u00ea de b\u00fbye mijara n\u00eeqa\u015f\u00ea. Hat h\u00eenb\u00fbn ku d\u00eewar ji aliy\u00ea Iraq\u00ea ve, ku hevkar\u00ea PKK\u00ea y\u00ea 12 salan e, hatiye \u00e7\u00eakirin. [&hellip;]\" \/>\n<meta property=\"og:url\" content=\"https:\/\/darkamazi.info\/archives\/1050028\" \/>\n<meta property=\"og:site_name\" content=\"Darka Maz\u00ee\" \/>\n<meta property=\"article:publisher\" content=\"https:\/\/www.facebook.com\/DarMaziKurmanci\" \/>\n<meta property=\"article:published_time\" content=\"2025-09-29T16:40:24+00:00\" \/>\n<meta property=\"og:image\" content=\"https:\/\/darkamazi.info\/file\/2025\/09\/diwar-pkk-pdk-rojava-info.jpg\" \/>\n\t<meta property=\"og:image:width\" content=\"900\" \/>\n\t<meta property=\"og:image:height\" content=\"500\" \/>\n\t<meta property=\"og:image:type\" content=\"image\/jpeg\" \/>\n<meta name=\"author\" content=\"darka mazi\" \/>\n<meta name=\"twitter:card\" content=\"summary_large_image\" \/>\n<meta name=\"twitter:creator\" content=\"@DarkaMaziLatini\" \/>\n<meta name=\"twitter:site\" content=\"@DarkaMaziLatini\" \/>\n<meta name=\"twitter:label1\" content=\"Written by\" \/>\n\t<meta name=\"twitter:data1\" content=\"darka mazi\" \/>\n\t<meta name=\"twitter:label2\" content=\"Est. reading time\" \/>\n\t<meta name=\"twitter:data2\" content=\"3 minutes\" \/>\n<script type=\"application\/ld+json\" class=\"seo-schema-graph\">{\"@context\":\"https:\\\/\\\/schema.org\",\"@graph\":[{\"@type\":\"Article\",\"@id\":\"https:\\\/\\\/darkamazi.info\\\/archives\\\/1050028#article\",\"isPartOf\":{\"@id\":\"https:\\\/\\\/darkamazi.info\\\/archives\\\/1050028\"},\"author\":{\"name\":\"darka mazi\",\"@id\":\"https:\\\/\\\/darkamazi.info\\\/#\\\/schema\\\/person\\\/5ad3e24553a0567993fa8ed4bd0a776c\"},\"headline\":\"\u00c7apemen\u00eeya PKK\u00ea d\u00eesa n\u00fb\u00e7ey\u00ean derew belav kir: \u00eedia kir ku d\u00eewar\u00ea s\u00eenor \u00ea ji aliy\u00ea Iraq\u00ea ve hatiye \u00e7\u00eakirin dib\u00eaje &#8220;PDK \u00e7\u00eadike\u201d\",\"datePublished\":\"2025-09-29T16:40:24+00:00\",\"mainEntityOfPage\":{\"@id\":\"https:\\\/\\\/darkamazi.info\\\/archives\\\/1050028\"},\"wordCount\":710,\"publisher\":{\"@id\":\"https:\\\/\\\/darkamazi.info\\\/#organization\"},\"image\":{\"@id\":\"https:\\\/\\\/darkamazi.info\\\/archives\\\/1050028#primaryimage\"},\"thumbnailUrl\":\"https:\\\/\\\/darkamazi.info\\\/darka-content\\\/uploads\\\/2025\\\/09\\\/diwar-pkk-pdk-rojava-info.jpg\",\"keywords\":[\"sereke\"],\"articleSection\":[\"Kurdistan\"],\"inLanguage\":\"en-US\"},{\"@type\":\"WebPage\",\"@id\":\"https:\\\/\\\/darkamazi.info\\\/archives\\\/1050028\",\"url\":\"https:\\\/\\\/darkamazi.info\\\/archives\\\/1050028\",\"name\":\"\u00c7apemen\u00eeya PKK\u00ea d\u00eesa n\u00fb\u00e7ey\u00ean derew belav kir: \u00eedia kir ku d\u00eewar\u00ea s\u00eenor \u00ea ji aliy\u00ea Iraq\u00ea ve hatiye \u00e7\u00eakirin dib\u00eaje \\\"PDK \u00e7\u00eadike\u201d - Darka Maz\u00ee\",\"isPartOf\":{\"@id\":\"https:\\\/\\\/darkamazi.info\\\/#website\"},\"primaryImageOfPage\":{\"@id\":\"https:\\\/\\\/darkamazi.info\\\/archives\\\/1050028#primaryimage\"},\"image\":{\"@id\":\"https:\\\/\\\/darkamazi.info\\\/archives\\\/1050028#primaryimage\"},\"thumbnailUrl\":\"https:\\\/\\\/darkamazi.info\\\/darka-content\\\/uploads\\\/2025\\\/09\\\/diwar-pkk-pdk-rojava-info.jpg\",\"datePublished\":\"2025-09-29T16:40:24+00:00\",\"breadcrumb\":{\"@id\":\"https:\\\/\\\/darkamazi.info\\\/archives\\\/1050028#breadcrumb\"},\"inLanguage\":\"en-US\",\"potentialAction\":[{\"@type\":\"ReadAction\",\"target\":[\"https:\\\/\\\/darkamazi.info\\\/archives\\\/1050028\"]}]},{\"@type\":\"ImageObject\",\"inLanguage\":\"en-US\",\"@id\":\"https:\\\/\\\/darkamazi.info\\\/archives\\\/1050028#primaryimage\",\"url\":\"https:\\\/\\\/darkamazi.info\\\/darka-content\\\/uploads\\\/2025\\\/09\\\/diwar-pkk-pdk-rojava-info.jpg\",\"contentUrl\":\"https:\\\/\\\/darkamazi.info\\\/darka-content\\\/uploads\\\/2025\\\/09\\\/diwar-pkk-pdk-rojava-info.jpg\",\"width\":900,\"height\":500,\"caption\":\"d\u00eewar-pkk-pdk-rojava-info\"},{\"@type\":\"BreadcrumbList\",\"@id\":\"https:\\\/\\\/darkamazi.info\\\/archives\\\/1050028#breadcrumb\",\"itemListElement\":[{\"@type\":\"ListItem\",\"position\":1,\"name\":\"Home\",\"item\":\"https:\\\/\\\/darkamazi.info\\\/\"},{\"@type\":\"ListItem\",\"position\":2,\"name\":\"\u00c7apemen\u00eeya PKK\u00ea d\u00eesa n\u00fb\u00e7ey\u00ean derew belav kir: \u00eedia kir ku d\u00eewar\u00ea s\u00eenor \u00ea ji aliy\u00ea Iraq\u00ea ve hatiye \u00e7\u00eakirin dib\u00eaje &#8220;PDK \u00e7\u00eadike\u201d\"}]},{\"@type\":\"WebSite\",\"@id\":\"https:\\\/\\\/darkamazi.info\\\/#website\",\"url\":\"https:\\\/\\\/darkamazi.info\\\/\",\"name\":\"Darka Maz\u00ee\",\"description\":\"P\u00eageha Zanyariy\u00ean Nebih\u00eest\u00ee\",\"publisher\":{\"@id\":\"https:\\\/\\\/darkamazi.info\\\/#organization\"},\"potentialAction\":[{\"@type\":\"SearchAction\",\"target\":{\"@type\":\"EntryPoint\",\"urlTemplate\":\"https:\\\/\\\/darkamazi.info\\\/?s={search_term_string}\"},\"query-input\":{\"@type\":\"PropertyValueSpecification\",\"valueRequired\":true,\"valueName\":\"search_term_string\"}}],\"inLanguage\":\"en-US\"},{\"@type\":\"Organization\",\"@id\":\"https:\\\/\\\/darkamazi.info\\\/#organization\",\"name\":\"Darka Maz\u00ee\",\"url\":\"https:\\\/\\\/darkamazi.info\\\/\",\"logo\":{\"@type\":\"ImageObject\",\"inLanguage\":\"en-US\",\"@id\":\"https:\\\/\\\/darkamazi.info\\\/#\\\/schema\\\/logo\\\/image\\\/\",\"url\":\"https:\\\/\\\/darkamazi.info\\\/darka-content\\\/uploads\\\/2017\\\/12\\\/darka-mazi-logo.png\",\"contentUrl\":\"https:\\\/\\\/darkamazi.info\\\/darka-content\\\/uploads\\\/2017\\\/12\\\/darka-mazi-logo.png\",\"width\":151,\"height\":75,\"caption\":\"Darka Maz\u00ee\"},\"image\":{\"@id\":\"https:\\\/\\\/darkamazi.info\\\/#\\\/schema\\\/logo\\\/image\\\/\"},\"sameAs\":[\"https:\\\/\\\/www.facebook.com\\\/DarMaziKurmanci\",\"https:\\\/\\\/x.com\\\/DarkaMaziLatini\",\"https:\\\/\\\/www.instagram.com\\\/darkamazi.kurmanci\\\/\",\"https:\\\/\\\/www.youtube.com\\\/channel\\\/UCa5HkTdmI8U1qCUFuTw8B2g\"]},{\"@type\":\"Person\",\"@id\":\"https:\\\/\\\/darkamazi.info\\\/#\\\/schema\\\/person\\\/5ad3e24553a0567993fa8ed4bd0a776c\",\"name\":\"darka mazi\",\"sameAs\":[\"https:\\\/\\\/darkamazi.info\\\/\"],\"url\":\"https:\\\/\\\/darkamazi.info\\\/archives\\\/author\\\/kurdi\"}]}<\/script>\n<!-- \/ Yoast SEO plugin. -->","seo_head_json":{"title":"\u00c7apemen\u00eeya PKK\u00ea d\u00eesa n\u00fb\u00e7ey\u00ean derew belav kir: \u00eedia kir ku d\u00eewar\u00ea s\u00eenor \u00ea ji aliy\u00ea Iraq\u00ea ve hatiye \u00e7\u00eakirin dib\u00eaje \"PDK \u00e7\u00eadike\u201d - Darka Maz\u00ee","robots":{"index":"index","follow":"follow","max-snippet":"max-snippet:-1","max-image-preview":"max-image-preview:large","max-video-preview":"max-video-preview:-1"},"canonical":"https:\/\/darkamazi.info\/archives\/1050028","og_locale":"en_US","og_type":"article","og_title":"\u00c7apemen\u00eeya PKK\u00ea d\u00eesa n\u00fb\u00e7ey\u00ean derew belav kir: \u00eedia kir ku d\u00eewar\u00ea s\u00eenor \u00ea ji aliy\u00ea Iraq\u00ea ve hatiye \u00e7\u00eakirin dib\u00eaje \"PDK \u00e7\u00eadike\u201d - Darka Maz\u00ee","og_description":"Di van roj\u00ean daw\u00ee de, di \u00e7apemen\u00eeya de n\u00fb\u00e7e hene ku d\u00eewarek\u00ee beton\u00ee li ser s\u00eenor\u00ea di navbera Her\u00eama Kurdistan\u00ea \u00fb Rojavay\u00ea Kurdistan\u00ea de t\u00ea \u00e7\u00eakirin. Pirsa ku k\u00ea d\u00eewar ava kiriye, di medyay\u00ea de b\u00fbye mijara n\u00eeqa\u015f\u00ea. Hat h\u00eenb\u00fbn ku d\u00eewar ji aliy\u00ea Iraq\u00ea ve, ku hevkar\u00ea PKK\u00ea y\u00ea 12 salan e, hatiye \u00e7\u00eakirin. [&hellip;]","og_url":"https:\/\/darkamazi.info\/archives\/1050028","og_site_name":"Darka Maz\u00ee","article_publisher":"https:\/\/www.facebook.com\/DarMaziKurmanci","article_published_time":"2025-09-29T16:40:24+00:00","og_image":[{"width":900,"height":500,"url":"https:\/\/darkamazi.info\/file\/2025\/09\/diwar-pkk-pdk-rojava-info.jpg","type":"image\/jpeg"}],"author":"darka mazi","twitter_card":"summary_large_image","twitter_creator":"@DarkaMaziLatini","twitter_site":"@DarkaMaziLatini","twitter_misc":{"Written by":"darka mazi","Est. reading time":"3 minutes"},"schema":{"@context":"https:\/\/schema.org","@graph":[{"@type":"Article","@id":"https:\/\/darkamazi.info\/archives\/1050028#article","isPartOf":{"@id":"https:\/\/darkamazi.info\/archives\/1050028"},"author":{"name":"darka mazi","@id":"https:\/\/darkamazi.info\/#\/schema\/person\/5ad3e24553a0567993fa8ed4bd0a776c"},"headline":"\u00c7apemen\u00eeya PKK\u00ea d\u00eesa n\u00fb\u00e7ey\u00ean derew belav kir: \u00eedia kir ku d\u00eewar\u00ea s\u00eenor \u00ea ji aliy\u00ea Iraq\u00ea ve hatiye \u00e7\u00eakirin dib\u00eaje &#8220;PDK \u00e7\u00eadike\u201d","datePublished":"2025-09-29T16:40:24+00:00","mainEntityOfPage":{"@id":"https:\/\/darkamazi.info\/archives\/1050028"},"wordCount":710,"publisher":{"@id":"https:\/\/darkamazi.info\/#organization"},"image":{"@id":"https:\/\/darkamazi.info\/archives\/1050028#primaryimage"},"thumbnailUrl":"https:\/\/darkamazi.info\/file\/2025\/09\/diwar-pkk-pdk-rojava-info.jpg","keywords":["sereke"],"articleSection":["Kurdistan"],"inLanguage":"en-US"},{"@type":"WebPage","@id":"https:\/\/darkamazi.info\/archives\/1050028","url":"https:\/\/darkamazi.info\/archives\/1050028","name":"\u00c7apemen\u00eeya PKK\u00ea d\u00eesa n\u00fb\u00e7ey\u00ean derew belav kir: \u00eedia kir ku d\u00eewar\u00ea s\u00eenor \u00ea ji aliy\u00ea Iraq\u00ea ve hatiye \u00e7\u00eakirin dib\u00eaje \"PDK \u00e7\u00eadike\u201d - Darka Maz\u00ee","isPartOf":{"@id":"https:\/\/darkamazi.info\/#website"},"primaryImageOfPage":{"@id":"https:\/\/darkamazi.info\/archives\/1050028#primaryimage"},"image":{"@id":"https:\/\/darkamazi.info\/archives\/1050028#primaryimage"},"thumbnailUrl":"https:\/\/darkamazi.info\/file\/2025\/09\/diwar-pkk-pdk-rojava-info.jpg","datePublished":"2025-09-29T16:40:24+00:00","breadcrumb":{"@id":"https:\/\/darkamazi.info\/archives\/1050028#breadcrumb"},"inLanguage":"en-US","potentialAction":[{"@type":"ReadAction","target":["https:\/\/darkamazi.info\/archives\/1050028"]}]},{"@type":"ImageObject","inLanguage":"en-US","@id":"https:\/\/darkamazi.info\/archives\/1050028#primaryimage","url":"https:\/\/darkamazi.info\/file\/2025\/09\/diwar-pkk-pdk-rojava-info.jpg","contentUrl":"https:\/\/darkamazi.info\/file\/2025\/09\/diwar-pkk-pdk-rojava-info.jpg","width":900,"height":500,"caption":"d\u00eewar-pkk-pdk-rojava-info"},{"@type":"BreadcrumbList","@id":"https:\/\/darkamazi.info\/archives\/1050028#breadcrumb","itemListElement":[{"@type":"ListItem","position":1,"name":"Home","item":"https:\/\/darkamazi.info\/"},{"@type":"ListItem","position":2,"name":"\u00c7apemen\u00eeya PKK\u00ea d\u00eesa n\u00fb\u00e7ey\u00ean derew belav kir: \u00eedia kir ku d\u00eewar\u00ea s\u00eenor \u00ea ji aliy\u00ea Iraq\u00ea ve hatiye \u00e7\u00eakirin dib\u00eaje &#8220;PDK \u00e7\u00eadike\u201d"}]},{"@type":"WebSite","@id":"https:\/\/darkamazi.info\/#website","url":"https:\/\/darkamazi.info\/","name":"Darka Maz\u00ee","description":"P\u00eageha Zanyariy\u00ean Nebih\u00eest\u00ee","publisher":{"@id":"https:\/\/darkamazi.info\/#organization"},"potentialAction":[{"@type":"SearchAction","target":{"@type":"EntryPoint","urlTemplate":"https:\/\/darkamazi.info\/?s={search_term_string}"},"query-input":{"@type":"PropertyValueSpecification","valueRequired":true,"valueName":"search_term_string"}}],"inLanguage":"en-US"},{"@type":"Organization","@id":"https:\/\/darkamazi.info\/#organization","name":"Darka Maz\u00ee","url":"https:\/\/darkamazi.info\/","logo":{"@type":"ImageObject","inLanguage":"en-US","@id":"https:\/\/darkamazi.info\/#\/schema\/logo\/image\/","url":"https:\/\/darkamazi.info\/file\/2017\/12\/darka-mazi-logo.png","contentUrl":"https:\/\/darkamazi.info\/file\/2017\/12\/darka-mazi-logo.png","width":151,"height":75,"caption":"Darka Maz\u00ee"},"image":{"@id":"https:\/\/darkamazi.info\/#\/schema\/logo\/image\/"},"sameAs":["https:\/\/www.facebook.com\/DarMaziKurmanci","https:\/\/x.com\/DarkaMaziLatini","https:\/\/www.instagram.com\/darkamazi.kurmanci\/","https:\/\/www.youtube.com\/channel\/UCa5HkTdmI8U1qCUFuTw8B2g"]},{"@type":"Person","@id":"https:\/\/darkamazi.info\/#\/schema\/person\/5ad3e24553a0567993fa8ed4bd0a776c","name":"darka mazi","sameAs":["https:\/\/darkamazi.info\/"],"url":"https:\/\/darkamazi.info\/archives\/author\/kurdi"}]}},"_links":{"self":[{"href":"https:\/\/darkamazi.info\/funavuv\/wp\/v2\/posts\/1050028","targetHints":{"allow":["GET"]}}],"collection":[{"href":"https:\/\/darkamazi.info\/funavuv\/wp\/v2\/posts"}],"about":[{"href":"https:\/\/darkamazi.info\/funavuv\/wp\/v2\/types\/post"}],"author":[{"embeddable":true,"href":"https:\/\/darkamazi.info\/funavuv\/wp\/v2\/users\/2"}],"replies":[{"embeddable":true,"href":"https:\/\/darkamazi.info\/funavuv\/wp\/v2\/comments?post=1050028"}],"version-history":[{"count":0,"href":"https:\/\/darkamazi.info\/funavuv\/wp\/v2\/posts\/1050028\/revisions"}],"wp:featuredmedia":[{"embeddable":true,"href":"https:\/\/darkamazi.info\/funavuv\/wp\/v2\/media\/1050029"}],"wp:attachment":[{"href":"https:\/\/darkamazi.info\/funavuv\/wp\/v2\/media?parent=1050028"}],"wp:term":[{"taxonomy":"category","embeddable":true,"href":"https:\/\/darkamazi.info\/funavuv\/wp\/v2\/categories?post=1050028"},{"taxonomy":"post_tag","embeddable":true,"href":"https:\/\/darkamazi.info\/funavuv\/wp\/v2\/tags?post=1050028"}],"curies":[{"name":"wp","href":"https:\/\/api.w.org\/{rel}","templated":true}]}}