{"id":1050031,"date":"2025-09-30T09:05:56","date_gmt":"2025-09-30T06:05:56","guid":{"rendered":"https:\/\/darkamazi.info\/?p=1050031"},"modified":"2025-09-30T09:08:31","modified_gmt":"2025-09-30T06:08:31","slug":"koalisyon-baregehen-xwe-yen-li-hisicaye-biheztir-dike","status":"publish","type":"post","link":"https:\/\/darkamazi.info\/archives\/1050031","title":{"rendered":"Hevpeymaniya Navnetewey\u00ee baregeh\u00ean xwe y\u00ean li Rojavay\u00ea Kurdistan\u00ea bih\u00eaztir dike"},"content":{"rendered":"<h3 style=\"text-align: justify\"><span style=\"font-family: 'arial black', sans-serif\">Hevpeymaniya Navnetewey\u00ee ya li Dij\u00ee DAI\u015e\u00ea (Koal\u00eesyon) 25 kamyon\u00ean din \u00ean le\u015fker\u00ee \u015fandin Rojavay\u00ea Kurdistan\u00ea.<\/span><\/h3>\n<h3 style=\"text-align: justify\"><span style=\"font-family: arial, helvetica, sans-serif\">Koal\u00eesyon sewqiyata xwe ya le\u015fker\u00ee \u00fb loj\u00eest\u00eek\u00ee ya ji bo baregeh\u00ean xwe y\u00ean li Rojavay\u00ea Kurdistan\u00ea didom\u00eene.<\/span><\/h3>\n<h3 style=\"text-align: justify\"><span style=\"font-family: arial, helvetica, sans-serif\">Li gor\u00ee \u00e7avkaniyek\u00ea ji R\u00eaveberiya Xwesera Rojavay\u00ea Kurdistan\u00ea karwaneke n\u00fb ya Hevpeymaniy\u00ea ku ji 25 kamyon\u00ean tij\u00ee kel\u00fbpel\u00ean le\u015fker\u00ee \u00fb loj\u00eest\u00eek\u00ee p\u00eak dihat, ji Her\u00eama Kurdistan\u00ea bi r\u00eaya Deriy\u00ea S\u00eenor\u00ee y\u00ea Wel\u00eed derbas b\u00fb.<\/span><\/h3>\n<h3 style=\"text-align: justify\"><span style=\"font-family: arial, helvetica, sans-serif\">Heman \u00e7avkaniy\u00ea diyar kir ku armanca v\u00ea sewqiyat\u00ea bih\u00eazkirina baregeh\u00ean Koal\u00eesyon\u00ea y\u00ean li bakur \u00fb rojhilat\u00ea S\u00fbriyey\u00ea ye \u00fb ew karwan gihi\u015ftiye Baregeha Qesrik\u00ea ya li bakur\u00ea His\u00ee\u00e7ay\u00ea.<\/span><\/h3>\n<h3 style=\"text-align: justify\"><span style=\"font-family: arial, helvetica, sans-serif\">Ev di demek\u00ea de ye ku roja 28\u00ea v\u00ea meh\u00ea j\u00ee, karwaneke din a mezin a Koal\u00eesyon\u00ea ku ji 35 kamyonan p\u00eak dihat, bi heman r\u00eay\u00ea derbas\u00ee Rojavay\u00ea Kurdistan\u00ea b\u00fbb\u00fb.<\/span><\/h3>\n","protected":false},"excerpt":{"rendered":"<p>Hevpeymaniya Navnetewey\u00ee ya li Dij\u00ee DAI\u015e\u00ea (Koal\u00eesyon) 25 kamyon\u00ean din \u00ean le\u015fker\u00ee \u015fandin Rojavay\u00ea Kurdistan\u00ea. Koal\u00eesyon sewqiyata xwe ya le\u015fker\u00ee \u00fb loj\u00eest\u00eek\u00ee ya ji bo baregeh\u00ean xwe y\u00ean li Rojavay\u00ea Kurdistan\u00ea didom\u00eene. Li gor\u00ee \u00e7avkaniyek\u00ea ji R\u00eaveberiya Xwesera Rojavay\u00ea Kurdistan\u00ea karwaneke n\u00fb ya Hevpeymaniy\u00ea ku ji 25 kamyon\u00ean tij\u00ee kel\u00fbpel\u00ean le\u015fker\u00ee \u00fb loj\u00eest\u00eek\u00ee p\u00eak dihat, [&hellip;]<\/p>\n","protected":false},"author":2,"featured_media":1050032,"comment_status":"closed","ping_status":"closed","sticky":false,"template":"","format":"standard","meta":{"footnotes":""},"categories":[29],"tags":[37],"class_list":["post-1050031","post","type-post","status-publish","format-standard","has-post-thumbnail","hentry","category-kurdistan","tag-sereke"],"blocksy_meta":[],"seo_head":"<!-- This site is optimized with the Yoast SEO plugin v27.5 - https:\/\/yoast.com\/product\/yoast-seo-wordpress\/ -->\n<title>Hevpeymaniya Navnetewey\u00ee baregeh\u00ean xwe y\u00ean li Rojavay\u00ea Kurdistan\u00ea bih\u00eaztir dike - Darka Maz\u00ee<\/title>\n<meta name=\"robots\" content=\"index, follow, max-snippet:-1, max-image-preview:large, max-video-preview:-1\" \/>\n<link rel=\"canonical\" href=\"https:\/\/darkamazi.info\/archives\/1050031\" \/>\n<meta property=\"og:locale\" content=\"en_US\" \/>\n<meta property=\"og:type\" content=\"article\" \/>\n<meta property=\"og:title\" content=\"Hevpeymaniya Navnetewey\u00ee baregeh\u00ean xwe y\u00ean li Rojavay\u00ea Kurdistan\u00ea bih\u00eaztir dike - Darka Maz\u00ee\" \/>\n<meta property=\"og:description\" content=\"Hevpeymaniya Navnetewey\u00ee ya li Dij\u00ee DAI\u015e\u00ea (Koal\u00eesyon) 25 kamyon\u00ean din \u00ean le\u015fker\u00ee \u015fandin Rojavay\u00ea Kurdistan\u00ea. Koal\u00eesyon sewqiyata xwe ya le\u015fker\u00ee \u00fb loj\u00eest\u00eek\u00ee ya ji bo baregeh\u00ean xwe y\u00ean li Rojavay\u00ea Kurdistan\u00ea didom\u00eene. Li gor\u00ee \u00e7avkaniyek\u00ea ji R\u00eaveberiya Xwesera Rojavay\u00ea Kurdistan\u00ea karwaneke n\u00fb ya Hevpeymaniy\u00ea ku ji 25 kamyon\u00ean tij\u00ee kel\u00fbpel\u00ean le\u015fker\u00ee \u00fb loj\u00eest\u00eek\u00ee p\u00eak dihat, [&hellip;]\" \/>\n<meta property=\"og:url\" content=\"https:\/\/darkamazi.info\/archives\/1050031\" \/>\n<meta property=\"og:site_name\" content=\"Darka Maz\u00ee\" \/>\n<meta property=\"article:publisher\" content=\"https:\/\/www.facebook.com\/DarMaziKurmanci\" \/>\n<meta property=\"article:published_time\" content=\"2025-09-30T06:05:56+00:00\" \/>\n<meta property=\"article:modified_time\" content=\"2025-09-30T06:08:31+00:00\" \/>\n<meta property=\"og:image\" content=\"https:\/\/darkamazi.info\/file\/2025\/09\/Hevpeymaniya-Navneteweyi.jpg\" \/>\n\t<meta property=\"og:image:width\" content=\"900\" \/>\n\t<meta property=\"og:image:height\" content=\"500\" \/>\n\t<meta property=\"og:image:type\" content=\"image\/jpeg\" \/>\n<meta name=\"author\" content=\"darka mazi\" \/>\n<meta name=\"twitter:card\" content=\"summary_large_image\" \/>\n<meta name=\"twitter:creator\" content=\"@DarkaMaziLatini\" \/>\n<meta name=\"twitter:site\" content=\"@DarkaMaziLatini\" \/>\n<meta name=\"twitter:label1\" content=\"Written by\" \/>\n\t<meta name=\"twitter:data1\" content=\"darka mazi\" \/>\n\t<meta name=\"twitter:label2\" content=\"Est. reading time\" \/>\n\t<meta name=\"twitter:data2\" content=\"1 minute\" \/>\n<script type=\"application\/ld+json\" class=\"seo-schema-graph\">{\"@context\":\"https:\\\/\\\/schema.org\",\"@graph\":[{\"@type\":\"Article\",\"@id\":\"https:\\\/\\\/darkamazi.info\\\/archives\\\/1050031#article\",\"isPartOf\":{\"@id\":\"https:\\\/\\\/darkamazi.info\\\/archives\\\/1050031\"},\"author\":{\"name\":\"darka mazi\",\"@id\":\"https:\\\/\\\/darkamazi.info\\\/#\\\/schema\\\/person\\\/5ad3e24553a0567993fa8ed4bd0a776c\"},\"headline\":\"Hevpeymaniya Navnetewey\u00ee baregeh\u00ean xwe y\u00ean li Rojavay\u00ea Kurdistan\u00ea bih\u00eaztir dike\",\"datePublished\":\"2025-09-30T06:05:56+00:00\",\"dateModified\":\"2025-09-30T06:08:31+00:00\",\"mainEntityOfPage\":{\"@id\":\"https:\\\/\\\/darkamazi.info\\\/archives\\\/1050031\"},\"wordCount\":162,\"publisher\":{\"@id\":\"https:\\\/\\\/darkamazi.info\\\/#organization\"},\"image\":{\"@id\":\"https:\\\/\\\/darkamazi.info\\\/archives\\\/1050031#primaryimage\"},\"thumbnailUrl\":\"https:\\\/\\\/darkamazi.info\\\/darka-content\\\/uploads\\\/2025\\\/09\\\/Hevpeymaniya-Navneteweyi.jpg\",\"keywords\":[\"sereke\"],\"articleSection\":[\"Kurdistan\"],\"inLanguage\":\"en-US\"},{\"@type\":\"WebPage\",\"@id\":\"https:\\\/\\\/darkamazi.info\\\/archives\\\/1050031\",\"url\":\"https:\\\/\\\/darkamazi.info\\\/archives\\\/1050031\",\"name\":\"Hevpeymaniya Navnetewey\u00ee baregeh\u00ean xwe y\u00ean li Rojavay\u00ea Kurdistan\u00ea bih\u00eaztir dike - Darka Maz\u00ee\",\"isPartOf\":{\"@id\":\"https:\\\/\\\/darkamazi.info\\\/#website\"},\"primaryImageOfPage\":{\"@id\":\"https:\\\/\\\/darkamazi.info\\\/archives\\\/1050031#primaryimage\"},\"image\":{\"@id\":\"https:\\\/\\\/darkamazi.info\\\/archives\\\/1050031#primaryimage\"},\"thumbnailUrl\":\"https:\\\/\\\/darkamazi.info\\\/darka-content\\\/uploads\\\/2025\\\/09\\\/Hevpeymaniya-Navneteweyi.jpg\",\"datePublished\":\"2025-09-30T06:05:56+00:00\",\"dateModified\":\"2025-09-30T06:08:31+00:00\",\"breadcrumb\":{\"@id\":\"https:\\\/\\\/darkamazi.info\\\/archives\\\/1050031#breadcrumb\"},\"inLanguage\":\"en-US\",\"potentialAction\":[{\"@type\":\"ReadAction\",\"target\":[\"https:\\\/\\\/darkamazi.info\\\/archives\\\/1050031\"]}]},{\"@type\":\"ImageObject\",\"inLanguage\":\"en-US\",\"@id\":\"https:\\\/\\\/darkamazi.info\\\/archives\\\/1050031#primaryimage\",\"url\":\"https:\\\/\\\/darkamazi.info\\\/darka-content\\\/uploads\\\/2025\\\/09\\\/Hevpeymaniya-Navneteweyi.jpg\",\"contentUrl\":\"https:\\\/\\\/darkamazi.info\\\/darka-content\\\/uploads\\\/2025\\\/09\\\/Hevpeymaniya-Navneteweyi.jpg\",\"width\":900,\"height\":500,\"caption\":\"Hevpeymaniya Navnetewey\u00ee\"},{\"@type\":\"BreadcrumbList\",\"@id\":\"https:\\\/\\\/darkamazi.info\\\/archives\\\/1050031#breadcrumb\",\"itemListElement\":[{\"@type\":\"ListItem\",\"position\":1,\"name\":\"Home\",\"item\":\"https:\\\/\\\/darkamazi.info\\\/\"},{\"@type\":\"ListItem\",\"position\":2,\"name\":\"Hevpeymaniya Navnetewey\u00ee baregeh\u00ean xwe y\u00ean li Rojavay\u00ea Kurdistan\u00ea bih\u00eaztir dike\"}]},{\"@type\":\"WebSite\",\"@id\":\"https:\\\/\\\/darkamazi.info\\\/#website\",\"url\":\"https:\\\/\\\/darkamazi.info\\\/\",\"name\":\"Darka Maz\u00ee\",\"description\":\"P\u00eageha Zanyariy\u00ean Nebih\u00eest\u00ee\",\"publisher\":{\"@id\":\"https:\\\/\\\/darkamazi.info\\\/#organization\"},\"potentialAction\":[{\"@type\":\"SearchAction\",\"target\":{\"@type\":\"EntryPoint\",\"urlTemplate\":\"https:\\\/\\\/darkamazi.info\\\/?s={search_term_string}\"},\"query-input\":{\"@type\":\"PropertyValueSpecification\",\"valueRequired\":true,\"valueName\":\"search_term_string\"}}],\"inLanguage\":\"en-US\"},{\"@type\":\"Organization\",\"@id\":\"https:\\\/\\\/darkamazi.info\\\/#organization\",\"name\":\"Darka Maz\u00ee\",\"url\":\"https:\\\/\\\/darkamazi.info\\\/\",\"logo\":{\"@type\":\"ImageObject\",\"inLanguage\":\"en-US\",\"@id\":\"https:\\\/\\\/darkamazi.info\\\/#\\\/schema\\\/logo\\\/image\\\/\",\"url\":\"https:\\\/\\\/darkamazi.info\\\/darka-content\\\/uploads\\\/2017\\\/12\\\/darka-mazi-logo.png\",\"contentUrl\":\"https:\\\/\\\/darkamazi.info\\\/darka-content\\\/uploads\\\/2017\\\/12\\\/darka-mazi-logo.png\",\"width\":151,\"height\":75,\"caption\":\"Darka Maz\u00ee\"},\"image\":{\"@id\":\"https:\\\/\\\/darkamazi.info\\\/#\\\/schema\\\/logo\\\/image\\\/\"},\"sameAs\":[\"https:\\\/\\\/www.facebook.com\\\/DarMaziKurmanci\",\"https:\\\/\\\/x.com\\\/DarkaMaziLatini\",\"https:\\\/\\\/www.instagram.com\\\/darkamazi.kurmanci\\\/\",\"https:\\\/\\\/www.youtube.com\\\/channel\\\/UCa5HkTdmI8U1qCUFuTw8B2g\"]},{\"@type\":\"Person\",\"@id\":\"https:\\\/\\\/darkamazi.info\\\/#\\\/schema\\\/person\\\/5ad3e24553a0567993fa8ed4bd0a776c\",\"name\":\"darka mazi\",\"sameAs\":[\"https:\\\/\\\/darkamazi.info\\\/\"],\"url\":\"https:\\\/\\\/darkamazi.info\\\/archives\\\/author\\\/kurdi\"}]}<\/script>\n<!-- \/ Yoast SEO plugin. -->","seo_head_json":{"title":"Hevpeymaniya Navnetewey\u00ee baregeh\u00ean xwe y\u00ean li Rojavay\u00ea Kurdistan\u00ea bih\u00eaztir dike - Darka Maz\u00ee","robots":{"index":"index","follow":"follow","max-snippet":"max-snippet:-1","max-image-preview":"max-image-preview:large","max-video-preview":"max-video-preview:-1"},"canonical":"https:\/\/darkamazi.info\/archives\/1050031","og_locale":"en_US","og_type":"article","og_title":"Hevpeymaniya Navnetewey\u00ee baregeh\u00ean xwe y\u00ean li Rojavay\u00ea Kurdistan\u00ea bih\u00eaztir dike - Darka Maz\u00ee","og_description":"Hevpeymaniya Navnetewey\u00ee ya li Dij\u00ee DAI\u015e\u00ea (Koal\u00eesyon) 25 kamyon\u00ean din \u00ean le\u015fker\u00ee \u015fandin Rojavay\u00ea Kurdistan\u00ea. Koal\u00eesyon sewqiyata xwe ya le\u015fker\u00ee \u00fb loj\u00eest\u00eek\u00ee ya ji bo baregeh\u00ean xwe y\u00ean li Rojavay\u00ea Kurdistan\u00ea didom\u00eene. Li gor\u00ee \u00e7avkaniyek\u00ea ji R\u00eaveberiya Xwesera Rojavay\u00ea Kurdistan\u00ea karwaneke n\u00fb ya Hevpeymaniy\u00ea ku ji 25 kamyon\u00ean tij\u00ee kel\u00fbpel\u00ean le\u015fker\u00ee \u00fb loj\u00eest\u00eek\u00ee p\u00eak dihat, [&hellip;]","og_url":"https:\/\/darkamazi.info\/archives\/1050031","og_site_name":"Darka Maz\u00ee","article_publisher":"https:\/\/www.facebook.com\/DarMaziKurmanci","article_published_time":"2025-09-30T06:05:56+00:00","article_modified_time":"2025-09-30T06:08:31+00:00","og_image":[{"width":900,"height":500,"url":"https:\/\/darkamazi.info\/file\/2025\/09\/Hevpeymaniya-Navneteweyi.jpg","type":"image\/jpeg"}],"author":"darka mazi","twitter_card":"summary_large_image","twitter_creator":"@DarkaMaziLatini","twitter_site":"@DarkaMaziLatini","twitter_misc":{"Written by":"darka mazi","Est. reading time":"1 minute"},"schema":{"@context":"https:\/\/schema.org","@graph":[{"@type":"Article","@id":"https:\/\/darkamazi.info\/archives\/1050031#article","isPartOf":{"@id":"https:\/\/darkamazi.info\/archives\/1050031"},"author":{"name":"darka mazi","@id":"https:\/\/darkamazi.info\/#\/schema\/person\/5ad3e24553a0567993fa8ed4bd0a776c"},"headline":"Hevpeymaniya Navnetewey\u00ee baregeh\u00ean xwe y\u00ean li Rojavay\u00ea Kurdistan\u00ea bih\u00eaztir dike","datePublished":"2025-09-30T06:05:56+00:00","dateModified":"2025-09-30T06:08:31+00:00","mainEntityOfPage":{"@id":"https:\/\/darkamazi.info\/archives\/1050031"},"wordCount":162,"publisher":{"@id":"https:\/\/darkamazi.info\/#organization"},"image":{"@id":"https:\/\/darkamazi.info\/archives\/1050031#primaryimage"},"thumbnailUrl":"https:\/\/darkamazi.info\/file\/2025\/09\/Hevpeymaniya-Navneteweyi.jpg","keywords":["sereke"],"articleSection":["Kurdistan"],"inLanguage":"en-US"},{"@type":"WebPage","@id":"https:\/\/darkamazi.info\/archives\/1050031","url":"https:\/\/darkamazi.info\/archives\/1050031","name":"Hevpeymaniya Navnetewey\u00ee baregeh\u00ean xwe y\u00ean li Rojavay\u00ea Kurdistan\u00ea bih\u00eaztir dike - Darka Maz\u00ee","isPartOf":{"@id":"https:\/\/darkamazi.info\/#website"},"primaryImageOfPage":{"@id":"https:\/\/darkamazi.info\/archives\/1050031#primaryimage"},"image":{"@id":"https:\/\/darkamazi.info\/archives\/1050031#primaryimage"},"thumbnailUrl":"https:\/\/darkamazi.info\/file\/2025\/09\/Hevpeymaniya-Navneteweyi.jpg","datePublished":"2025-09-30T06:05:56+00:00","dateModified":"2025-09-30T06:08:31+00:00","breadcrumb":{"@id":"https:\/\/darkamazi.info\/archives\/1050031#breadcrumb"},"inLanguage":"en-US","potentialAction":[{"@type":"ReadAction","target":["https:\/\/darkamazi.info\/archives\/1050031"]}]},{"@type":"ImageObject","inLanguage":"en-US","@id":"https:\/\/darkamazi.info\/archives\/1050031#primaryimage","url":"https:\/\/darkamazi.info\/file\/2025\/09\/Hevpeymaniya-Navneteweyi.jpg","contentUrl":"https:\/\/darkamazi.info\/file\/2025\/09\/Hevpeymaniya-Navneteweyi.jpg","width":900,"height":500,"caption":"Hevpeymaniya Navnetewey\u00ee"},{"@type":"BreadcrumbList","@id":"https:\/\/darkamazi.info\/archives\/1050031#breadcrumb","itemListElement":[{"@type":"ListItem","position":1,"name":"Home","item":"https:\/\/darkamazi.info\/"},{"@type":"ListItem","position":2,"name":"Hevpeymaniya Navnetewey\u00ee baregeh\u00ean xwe y\u00ean li Rojavay\u00ea Kurdistan\u00ea bih\u00eaztir dike"}]},{"@type":"WebSite","@id":"https:\/\/darkamazi.info\/#website","url":"https:\/\/darkamazi.info\/","name":"Darka Maz\u00ee","description":"P\u00eageha Zanyariy\u00ean Nebih\u00eest\u00ee","publisher":{"@id":"https:\/\/darkamazi.info\/#organization"},"potentialAction":[{"@type":"SearchAction","target":{"@type":"EntryPoint","urlTemplate":"https:\/\/darkamazi.info\/?s={search_term_string}"},"query-input":{"@type":"PropertyValueSpecification","valueRequired":true,"valueName":"search_term_string"}}],"inLanguage":"en-US"},{"@type":"Organization","@id":"https:\/\/darkamazi.info\/#organization","name":"Darka Maz\u00ee","url":"https:\/\/darkamazi.info\/","logo":{"@type":"ImageObject","inLanguage":"en-US","@id":"https:\/\/darkamazi.info\/#\/schema\/logo\/image\/","url":"https:\/\/darkamazi.info\/file\/2017\/12\/darka-mazi-logo.png","contentUrl":"https:\/\/darkamazi.info\/file\/2017\/12\/darka-mazi-logo.png","width":151,"height":75,"caption":"Darka Maz\u00ee"},"image":{"@id":"https:\/\/darkamazi.info\/#\/schema\/logo\/image\/"},"sameAs":["https:\/\/www.facebook.com\/DarMaziKurmanci","https:\/\/x.com\/DarkaMaziLatini","https:\/\/www.instagram.com\/darkamazi.kurmanci\/","https:\/\/www.youtube.com\/channel\/UCa5HkTdmI8U1qCUFuTw8B2g"]},{"@type":"Person","@id":"https:\/\/darkamazi.info\/#\/schema\/person\/5ad3e24553a0567993fa8ed4bd0a776c","name":"darka mazi","sameAs":["https:\/\/darkamazi.info\/"],"url":"https:\/\/darkamazi.info\/archives\/author\/kurdi"}]}},"_links":{"self":[{"href":"https:\/\/darkamazi.info\/funavuv\/wp\/v2\/posts\/1050031","targetHints":{"allow":["GET"]}}],"collection":[{"href":"https:\/\/darkamazi.info\/funavuv\/wp\/v2\/posts"}],"about":[{"href":"https:\/\/darkamazi.info\/funavuv\/wp\/v2\/types\/post"}],"author":[{"embeddable":true,"href":"https:\/\/darkamazi.info\/funavuv\/wp\/v2\/users\/2"}],"replies":[{"embeddable":true,"href":"https:\/\/darkamazi.info\/funavuv\/wp\/v2\/comments?post=1050031"}],"version-history":[{"count":0,"href":"https:\/\/darkamazi.info\/funavuv\/wp\/v2\/posts\/1050031\/revisions"}],"wp:featuredmedia":[{"embeddable":true,"href":"https:\/\/darkamazi.info\/funavuv\/wp\/v2\/media\/1050032"}],"wp:attachment":[{"href":"https:\/\/darkamazi.info\/funavuv\/wp\/v2\/media?parent=1050031"}],"wp:term":[{"taxonomy":"category","embeddable":true,"href":"https:\/\/darkamazi.info\/funavuv\/wp\/v2\/categories?post=1050031"},{"taxonomy":"post_tag","embeddable":true,"href":"https:\/\/darkamazi.info\/funavuv\/wp\/v2\/tags?post=1050031"}],"curies":[{"name":"wp","href":"https:\/\/api.w.org\/{rel}","templated":true}]}}