{"id":1050053,"date":"2025-10-01T13:49:54","date_gmt":"2025-10-01T10:49:54","guid":{"rendered":"https:\/\/darkamazi.info\/?p=1050053"},"modified":"2025-10-01T13:49:54","modified_gmt":"2025-10-01T10:49:54","slug":"karasu-ocalan-fermana-bahceli-bi-cih-ani","status":"publish","type":"post","link":"https:\/\/darkamazi.info\/archives\/1050053","title":{"rendered":"Karasu: Ocalan fermana bah\u00e7el\u00ee bi c\u00eeh an\u00ee"},"content":{"rendered":"<h3 style=\"text-align: justify\"><span style=\"font-family: 'arial black', sans-serif\">R\u00eavebr\u00ea PKK\u00ea Mistefa Karasu derbar\u00ea p\u00eavajoya a\u015ftiy\u00ea ya ku Tirkiye nav\u00ea Tirkiyeya b\u00ea teror l\u00ea dike ragihand ku ti\u015fta ku Bah\u00e7el\u00ee got\u00ee Ocalan bi c\u00eeh kir, l\u00ea bi v\u00ea n\u00eaz\u00eekat\u00eeya ku niha Tirkiye dike, \u00e7i p\u00ea\u015fketin \u00e7\u00eanabe.<\/span><\/h3>\n<h3 style=\"text-align: justify\"><span style=\"font-family: arial, helvetica, sans-serif\">Mustafa Karasu ji Medya Haber\u00ea re axiv\u00ee \u00fb r\u00fbdan\u00ean daw\u00ee y\u00ean derbar\u00ea p\u00eavajoya \u00e7areseriy\u00ea, nirxandin kirin.<\/span><\/h3>\n<h3 style=\"text-align: justify\"><span style=\"font-family: arial, helvetica, sans-serif\">Karasu hevd\u00eetina par\u00eazeran a bi Abdullah Ocalan re wek\u00ee ti\u015ftek\u00ee &#8220;normal&#8221; bi nav kir \u00fb got ku div\u00ea wek\u00ee biryareke siyas\u00ee ney\u00ea d\u00eetin,l\u00ea ji ber ku di p\u00eavajoyeke wiha de p\u00eak hatiye div\u00ea gir\u00eeng b\u00ea d\u00eetin.<\/span><\/h3>\n<h3 style=\"text-align: justify\"><span style=\"font-family: arial, helvetica, sans-serif\">Karasu daxuyaniy\u00ean Serok\u00ea MHPy\u00ea Devlet Bah\u00e7el\u00ee bi b\u00eer xistin \u00fb got: &#8220;Devlet Bah\u00e7el\u00ee got, &#8216;Bila r\u00eaxistin\u00ea fesix bike; b\u00ea li mecl\u00ees\u00ea biaxive&#8217;. Ocalan fermana fesixkirina PKK\u00ea da, xwest, t\u00eako\u015f\u00eena \u00e7ekdar\u00ee b\u00ea rawestandin, me j\u00ee ferman\u00ean Ocalan bi cih an\u00een&#8221;.<\/span><\/h3>\n<h3 style=\"text-align: justify\"><span style=\"font-family: arial, helvetica, sans-serif\">Her wiha Got: &#8220;Gotin\u00ean Devlet Bah\u00e7el\u00ee nehatin bicihan\u00een. Div\u00ea b\u00ean bi cih an\u00een. \u00c7awa ku me bi cih an\u00een, div\u00ea Devlet Bah\u00e7el\u00ee j\u00ee, hikumeta AKP-MHP\u00ea j\u00ee bi cih b\u00eene, daxwaz\u00ean Apo p\u00eak werin, bibe xwed\u00ee derfet\u00ean azad \u00ean xebat\u00ea&#8221;.<\/span><\/h3>\n<h3 style=\"text-align: justify\"><span style=\"font-family: arial, helvetica, sans-serif\">Karasu got: &#8220;Heta niha ev yek p\u00eak nehat. Ocalan bersiv da daxuyaniya Bah\u00e7el\u00ee \u00fb berpirsiyariya xwe bi cih an\u00ee&#8221;.<\/span><\/h3>\n<h3 style=\"text-align: justify\"><span style=\"font-family: arial, helvetica, sans-serif\">Ocalan li 27 Sibata \u00eesal li ser daxwaza Dewlet Bah\u00e7el\u00ee banga fesixkirin\u00ea li PKK\u00ea kirb\u00fb \u00fb ji r\u00eaxistIn\u00ea re go mod\u00eala we nema \u00e7ekan deynin.<\/span><\/h3>\n<h3 style=\"text-align: justify\"><span style=\"font-family: arial, helvetica, sans-serif\">Ocalan ev bang b\u00eay ku ti garantiyek bo Kurdan li Bakur\u00ea Kurdistan\u00ea ji boy Tirkiy\u00ea kir \u00fb h\u00eajan j\u00ee Tirkiyey\u00ea ti gav\u00ean pirakt\u00eek di mijara a\u015ftiya civak\u00ee \u00fb \u00e7areser\u00eeya doza Kurd\u00ee de li w\u00ea per\u00e7eya welat ne av\u00eatiye.<\/span><\/h3>\n","protected":false},"excerpt":{"rendered":"<p>R\u00eavebr\u00ea PKK\u00ea Mistefa Karasu derbar\u00ea p\u00eavajoya a\u015ftiy\u00ea ya ku Tirkiye nav\u00ea Tirkiyeya b\u00ea teror l\u00ea dike ragihand ku ti\u015fta ku Bah\u00e7el\u00ee got\u00ee Ocalan bi c\u00eeh kir, l\u00ea bi v\u00ea n\u00eaz\u00eekat\u00eeya ku niha Tirkiye dike, \u00e7i p\u00ea\u015fketin \u00e7\u00eanabe. Mustafa Karasu ji Medya Haber\u00ea re axiv\u00ee \u00fb r\u00fbdan\u00ean daw\u00ee y\u00ean derbar\u00ea p\u00eavajoya \u00e7areseriy\u00ea, nirxandin kirin. Karasu hevd\u00eetina [&hellip;]<\/p>\n","protected":false},"author":2,"featured_media":1050054,"comment_status":"closed","ping_status":"closed","sticky":false,"template":"","format":"standard","meta":{"footnotes":""},"categories":[29],"tags":[37],"class_list":["post-1050053","post","type-post","status-publish","format-standard","has-post-thumbnail","hentry","category-kurdistan","tag-sereke"],"blocksy_meta":[],"seo_head":"<!-- This site is optimized with the Yoast SEO plugin v27.5 - https:\/\/yoast.com\/product\/yoast-seo-wordpress\/ -->\n<title>Karasu: Ocalan fermana bah\u00e7el\u00ee bi c\u00eeh an\u00ee - Darka Maz\u00ee<\/title>\n<meta name=\"robots\" content=\"index, follow, max-snippet:-1, max-image-preview:large, max-video-preview:-1\" \/>\n<link rel=\"canonical\" href=\"https:\/\/darkamazi.info\/archives\/1050053\" \/>\n<meta property=\"og:locale\" content=\"en_US\" \/>\n<meta property=\"og:type\" content=\"article\" \/>\n<meta property=\"og:title\" content=\"Karasu: Ocalan fermana bah\u00e7el\u00ee bi c\u00eeh an\u00ee - Darka Maz\u00ee\" \/>\n<meta property=\"og:description\" content=\"R\u00eavebr\u00ea PKK\u00ea Mistefa Karasu derbar\u00ea p\u00eavajoya a\u015ftiy\u00ea ya ku Tirkiye nav\u00ea Tirkiyeya b\u00ea teror l\u00ea dike ragihand ku ti\u015fta ku Bah\u00e7el\u00ee got\u00ee Ocalan bi c\u00eeh kir, l\u00ea bi v\u00ea n\u00eaz\u00eekat\u00eeya ku niha Tirkiye dike, \u00e7i p\u00ea\u015fketin \u00e7\u00eanabe. Mustafa Karasu ji Medya Haber\u00ea re axiv\u00ee \u00fb r\u00fbdan\u00ean daw\u00ee y\u00ean derbar\u00ea p\u00eavajoya \u00e7areseriy\u00ea, nirxandin kirin. Karasu hevd\u00eetina [&hellip;]\" \/>\n<meta property=\"og:url\" content=\"https:\/\/darkamazi.info\/archives\/1050053\" \/>\n<meta property=\"og:site_name\" content=\"Darka Maz\u00ee\" \/>\n<meta property=\"article:publisher\" content=\"https:\/\/www.facebook.com\/DarMaziKurmanci\" \/>\n<meta property=\"article:published_time\" content=\"2025-10-01T10:49:54+00:00\" \/>\n<meta property=\"og:image\" content=\"https:\/\/darkamazi.info\/file\/2025\/10\/Karasu-ocalan-bahceli-info.jpg\" \/>\n\t<meta property=\"og:image:width\" content=\"900\" \/>\n\t<meta property=\"og:image:height\" content=\"500\" \/>\n\t<meta property=\"og:image:type\" content=\"image\/jpeg\" \/>\n<meta name=\"author\" content=\"darka mazi\" \/>\n<meta name=\"twitter:card\" content=\"summary_large_image\" \/>\n<meta name=\"twitter:creator\" content=\"@DarkaMaziLatini\" \/>\n<meta name=\"twitter:site\" content=\"@DarkaMaziLatini\" \/>\n<meta name=\"twitter:label1\" content=\"Written by\" \/>\n\t<meta name=\"twitter:data1\" content=\"darka mazi\" \/>\n\t<meta name=\"twitter:label2\" content=\"Est. reading time\" \/>\n\t<meta name=\"twitter:data2\" content=\"2 minutes\" \/>\n<script type=\"application\/ld+json\" class=\"seo-schema-graph\">{\"@context\":\"https:\\\/\\\/schema.org\",\"@graph\":[{\"@type\":\"Article\",\"@id\":\"https:\\\/\\\/darkamazi.info\\\/archives\\\/1050053#article\",\"isPartOf\":{\"@id\":\"https:\\\/\\\/darkamazi.info\\\/archives\\\/1050053\"},\"author\":{\"name\":\"darka mazi\",\"@id\":\"https:\\\/\\\/darkamazi.info\\\/#\\\/schema\\\/person\\\/5ad3e24553a0567993fa8ed4bd0a776c\"},\"headline\":\"Karasu: Ocalan fermana bah\u00e7el\u00ee bi c\u00eeh an\u00ee\",\"datePublished\":\"2025-10-01T10:49:54+00:00\",\"mainEntityOfPage\":{\"@id\":\"https:\\\/\\\/darkamazi.info\\\/archives\\\/1050053\"},\"wordCount\":307,\"publisher\":{\"@id\":\"https:\\\/\\\/darkamazi.info\\\/#organization\"},\"image\":{\"@id\":\"https:\\\/\\\/darkamazi.info\\\/archives\\\/1050053#primaryimage\"},\"thumbnailUrl\":\"https:\\\/\\\/darkamazi.info\\\/darka-content\\\/uploads\\\/2025\\\/10\\\/Karasu-ocalan-bahceli-info.jpg\",\"keywords\":[\"sereke\"],\"articleSection\":[\"Kurdistan\"],\"inLanguage\":\"en-US\"},{\"@type\":\"WebPage\",\"@id\":\"https:\\\/\\\/darkamazi.info\\\/archives\\\/1050053\",\"url\":\"https:\\\/\\\/darkamazi.info\\\/archives\\\/1050053\",\"name\":\"Karasu: Ocalan fermana bah\u00e7el\u00ee bi c\u00eeh an\u00ee - Darka Maz\u00ee\",\"isPartOf\":{\"@id\":\"https:\\\/\\\/darkamazi.info\\\/#website\"},\"primaryImageOfPage\":{\"@id\":\"https:\\\/\\\/darkamazi.info\\\/archives\\\/1050053#primaryimage\"},\"image\":{\"@id\":\"https:\\\/\\\/darkamazi.info\\\/archives\\\/1050053#primaryimage\"},\"thumbnailUrl\":\"https:\\\/\\\/darkamazi.info\\\/darka-content\\\/uploads\\\/2025\\\/10\\\/Karasu-ocalan-bahceli-info.jpg\",\"datePublished\":\"2025-10-01T10:49:54+00:00\",\"breadcrumb\":{\"@id\":\"https:\\\/\\\/darkamazi.info\\\/archives\\\/1050053#breadcrumb\"},\"inLanguage\":\"en-US\",\"potentialAction\":[{\"@type\":\"ReadAction\",\"target\":[\"https:\\\/\\\/darkamazi.info\\\/archives\\\/1050053\"]}]},{\"@type\":\"ImageObject\",\"inLanguage\":\"en-US\",\"@id\":\"https:\\\/\\\/darkamazi.info\\\/archives\\\/1050053#primaryimage\",\"url\":\"https:\\\/\\\/darkamazi.info\\\/darka-content\\\/uploads\\\/2025\\\/10\\\/Karasu-ocalan-bahceli-info.jpg\",\"contentUrl\":\"https:\\\/\\\/darkamazi.info\\\/darka-content\\\/uploads\\\/2025\\\/10\\\/Karasu-ocalan-bahceli-info.jpg\",\"width\":900,\"height\":500,\"caption\":\"Karasu-ocalan-bahceli-net\"},{\"@type\":\"BreadcrumbList\",\"@id\":\"https:\\\/\\\/darkamazi.info\\\/archives\\\/1050053#breadcrumb\",\"itemListElement\":[{\"@type\":\"ListItem\",\"position\":1,\"name\":\"Home\",\"item\":\"https:\\\/\\\/darkamazi.info\\\/\"},{\"@type\":\"ListItem\",\"position\":2,\"name\":\"Karasu: Ocalan fermana bah\u00e7el\u00ee bi c\u00eeh an\u00ee\"}]},{\"@type\":\"WebSite\",\"@id\":\"https:\\\/\\\/darkamazi.info\\\/#website\",\"url\":\"https:\\\/\\\/darkamazi.info\\\/\",\"name\":\"Darka Maz\u00ee\",\"description\":\"P\u00eageha Zanyariy\u00ean Nebih\u00eest\u00ee\",\"publisher\":{\"@id\":\"https:\\\/\\\/darkamazi.info\\\/#organization\"},\"potentialAction\":[{\"@type\":\"SearchAction\",\"target\":{\"@type\":\"EntryPoint\",\"urlTemplate\":\"https:\\\/\\\/darkamazi.info\\\/?s={search_term_string}\"},\"query-input\":{\"@type\":\"PropertyValueSpecification\",\"valueRequired\":true,\"valueName\":\"search_term_string\"}}],\"inLanguage\":\"en-US\"},{\"@type\":\"Organization\",\"@id\":\"https:\\\/\\\/darkamazi.info\\\/#organization\",\"name\":\"Darka Maz\u00ee\",\"url\":\"https:\\\/\\\/darkamazi.info\\\/\",\"logo\":{\"@type\":\"ImageObject\",\"inLanguage\":\"en-US\",\"@id\":\"https:\\\/\\\/darkamazi.info\\\/#\\\/schema\\\/logo\\\/image\\\/\",\"url\":\"https:\\\/\\\/darkamazi.info\\\/darka-content\\\/uploads\\\/2017\\\/12\\\/darka-mazi-logo.png\",\"contentUrl\":\"https:\\\/\\\/darkamazi.info\\\/darka-content\\\/uploads\\\/2017\\\/12\\\/darka-mazi-logo.png\",\"width\":151,\"height\":75,\"caption\":\"Darka Maz\u00ee\"},\"image\":{\"@id\":\"https:\\\/\\\/darkamazi.info\\\/#\\\/schema\\\/logo\\\/image\\\/\"},\"sameAs\":[\"https:\\\/\\\/www.facebook.com\\\/DarMaziKurmanci\",\"https:\\\/\\\/x.com\\\/DarkaMaziLatini\",\"https:\\\/\\\/www.instagram.com\\\/darkamazi.kurmanci\\\/\",\"https:\\\/\\\/www.youtube.com\\\/channel\\\/UCa5HkTdmI8U1qCUFuTw8B2g\"]},{\"@type\":\"Person\",\"@id\":\"https:\\\/\\\/darkamazi.info\\\/#\\\/schema\\\/person\\\/5ad3e24553a0567993fa8ed4bd0a776c\",\"name\":\"darka mazi\",\"sameAs\":[\"https:\\\/\\\/darkamazi.info\\\/\"],\"url\":\"https:\\\/\\\/darkamazi.info\\\/archives\\\/author\\\/kurdi\"}]}<\/script>\n<!-- \/ Yoast SEO plugin. -->","seo_head_json":{"title":"Karasu: Ocalan fermana bah\u00e7el\u00ee bi c\u00eeh an\u00ee - Darka Maz\u00ee","robots":{"index":"index","follow":"follow","max-snippet":"max-snippet:-1","max-image-preview":"max-image-preview:large","max-video-preview":"max-video-preview:-1"},"canonical":"https:\/\/darkamazi.info\/archives\/1050053","og_locale":"en_US","og_type":"article","og_title":"Karasu: Ocalan fermana bah\u00e7el\u00ee bi c\u00eeh an\u00ee - Darka Maz\u00ee","og_description":"R\u00eavebr\u00ea PKK\u00ea Mistefa Karasu derbar\u00ea p\u00eavajoya a\u015ftiy\u00ea ya ku Tirkiye nav\u00ea Tirkiyeya b\u00ea teror l\u00ea dike ragihand ku ti\u015fta ku Bah\u00e7el\u00ee got\u00ee Ocalan bi c\u00eeh kir, l\u00ea bi v\u00ea n\u00eaz\u00eekat\u00eeya ku niha Tirkiye dike, \u00e7i p\u00ea\u015fketin \u00e7\u00eanabe. Mustafa Karasu ji Medya Haber\u00ea re axiv\u00ee \u00fb r\u00fbdan\u00ean daw\u00ee y\u00ean derbar\u00ea p\u00eavajoya \u00e7areseriy\u00ea, nirxandin kirin. Karasu hevd\u00eetina [&hellip;]","og_url":"https:\/\/darkamazi.info\/archives\/1050053","og_site_name":"Darka Maz\u00ee","article_publisher":"https:\/\/www.facebook.com\/DarMaziKurmanci","article_published_time":"2025-10-01T10:49:54+00:00","og_image":[{"width":900,"height":500,"url":"https:\/\/darkamazi.info\/file\/2025\/10\/Karasu-ocalan-bahceli-info.jpg","type":"image\/jpeg"}],"author":"darka mazi","twitter_card":"summary_large_image","twitter_creator":"@DarkaMaziLatini","twitter_site":"@DarkaMaziLatini","twitter_misc":{"Written by":"darka mazi","Est. reading time":"2 minutes"},"schema":{"@context":"https:\/\/schema.org","@graph":[{"@type":"Article","@id":"https:\/\/darkamazi.info\/archives\/1050053#article","isPartOf":{"@id":"https:\/\/darkamazi.info\/archives\/1050053"},"author":{"name":"darka mazi","@id":"https:\/\/darkamazi.info\/#\/schema\/person\/5ad3e24553a0567993fa8ed4bd0a776c"},"headline":"Karasu: Ocalan fermana bah\u00e7el\u00ee bi c\u00eeh an\u00ee","datePublished":"2025-10-01T10:49:54+00:00","mainEntityOfPage":{"@id":"https:\/\/darkamazi.info\/archives\/1050053"},"wordCount":307,"publisher":{"@id":"https:\/\/darkamazi.info\/#organization"},"image":{"@id":"https:\/\/darkamazi.info\/archives\/1050053#primaryimage"},"thumbnailUrl":"https:\/\/darkamazi.info\/file\/2025\/10\/Karasu-ocalan-bahceli-info.jpg","keywords":["sereke"],"articleSection":["Kurdistan"],"inLanguage":"en-US"},{"@type":"WebPage","@id":"https:\/\/darkamazi.info\/archives\/1050053","url":"https:\/\/darkamazi.info\/archives\/1050053","name":"Karasu: Ocalan fermana bah\u00e7el\u00ee bi c\u00eeh an\u00ee - Darka Maz\u00ee","isPartOf":{"@id":"https:\/\/darkamazi.info\/#website"},"primaryImageOfPage":{"@id":"https:\/\/darkamazi.info\/archives\/1050053#primaryimage"},"image":{"@id":"https:\/\/darkamazi.info\/archives\/1050053#primaryimage"},"thumbnailUrl":"https:\/\/darkamazi.info\/file\/2025\/10\/Karasu-ocalan-bahceli-info.jpg","datePublished":"2025-10-01T10:49:54+00:00","breadcrumb":{"@id":"https:\/\/darkamazi.info\/archives\/1050053#breadcrumb"},"inLanguage":"en-US","potentialAction":[{"@type":"ReadAction","target":["https:\/\/darkamazi.info\/archives\/1050053"]}]},{"@type":"ImageObject","inLanguage":"en-US","@id":"https:\/\/darkamazi.info\/archives\/1050053#primaryimage","url":"https:\/\/darkamazi.info\/file\/2025\/10\/Karasu-ocalan-bahceli-info.jpg","contentUrl":"https:\/\/darkamazi.info\/file\/2025\/10\/Karasu-ocalan-bahceli-info.jpg","width":900,"height":500,"caption":"Karasu-ocalan-bahceli-net"},{"@type":"BreadcrumbList","@id":"https:\/\/darkamazi.info\/archives\/1050053#breadcrumb","itemListElement":[{"@type":"ListItem","position":1,"name":"Home","item":"https:\/\/darkamazi.info\/"},{"@type":"ListItem","position":2,"name":"Karasu: Ocalan fermana bah\u00e7el\u00ee bi c\u00eeh an\u00ee"}]},{"@type":"WebSite","@id":"https:\/\/darkamazi.info\/#website","url":"https:\/\/darkamazi.info\/","name":"Darka Maz\u00ee","description":"P\u00eageha Zanyariy\u00ean Nebih\u00eest\u00ee","publisher":{"@id":"https:\/\/darkamazi.info\/#organization"},"potentialAction":[{"@type":"SearchAction","target":{"@type":"EntryPoint","urlTemplate":"https:\/\/darkamazi.info\/?s={search_term_string}"},"query-input":{"@type":"PropertyValueSpecification","valueRequired":true,"valueName":"search_term_string"}}],"inLanguage":"en-US"},{"@type":"Organization","@id":"https:\/\/darkamazi.info\/#organization","name":"Darka Maz\u00ee","url":"https:\/\/darkamazi.info\/","logo":{"@type":"ImageObject","inLanguage":"en-US","@id":"https:\/\/darkamazi.info\/#\/schema\/logo\/image\/","url":"https:\/\/darkamazi.info\/file\/2017\/12\/darka-mazi-logo.png","contentUrl":"https:\/\/darkamazi.info\/file\/2017\/12\/darka-mazi-logo.png","width":151,"height":75,"caption":"Darka Maz\u00ee"},"image":{"@id":"https:\/\/darkamazi.info\/#\/schema\/logo\/image\/"},"sameAs":["https:\/\/www.facebook.com\/DarMaziKurmanci","https:\/\/x.com\/DarkaMaziLatini","https:\/\/www.instagram.com\/darkamazi.kurmanci\/","https:\/\/www.youtube.com\/channel\/UCa5HkTdmI8U1qCUFuTw8B2g"]},{"@type":"Person","@id":"https:\/\/darkamazi.info\/#\/schema\/person\/5ad3e24553a0567993fa8ed4bd0a776c","name":"darka mazi","sameAs":["https:\/\/darkamazi.info\/"],"url":"https:\/\/darkamazi.info\/archives\/author\/kurdi"}]}},"_links":{"self":[{"href":"https:\/\/darkamazi.info\/funavuv\/wp\/v2\/posts\/1050053","targetHints":{"allow":["GET"]}}],"collection":[{"href":"https:\/\/darkamazi.info\/funavuv\/wp\/v2\/posts"}],"about":[{"href":"https:\/\/darkamazi.info\/funavuv\/wp\/v2\/types\/post"}],"author":[{"embeddable":true,"href":"https:\/\/darkamazi.info\/funavuv\/wp\/v2\/users\/2"}],"replies":[{"embeddable":true,"href":"https:\/\/darkamazi.info\/funavuv\/wp\/v2\/comments?post=1050053"}],"version-history":[{"count":0,"href":"https:\/\/darkamazi.info\/funavuv\/wp\/v2\/posts\/1050053\/revisions"}],"wp:featuredmedia":[{"embeddable":true,"href":"https:\/\/darkamazi.info\/funavuv\/wp\/v2\/media\/1050054"}],"wp:attachment":[{"href":"https:\/\/darkamazi.info\/funavuv\/wp\/v2\/media?parent=1050053"}],"wp:term":[{"taxonomy":"category","embeddable":true,"href":"https:\/\/darkamazi.info\/funavuv\/wp\/v2\/categories?post=1050053"},{"taxonomy":"post_tag","embeddable":true,"href":"https:\/\/darkamazi.info\/funavuv\/wp\/v2\/tags?post=1050053"}],"curies":[{"name":"wp","href":"https:\/\/api.w.org\/{rel}","templated":true}]}}