{"id":1050066,"date":"2025-10-01T18:08:06","date_gmt":"2025-10-01T15:08:06","guid":{"rendered":"https:\/\/darkamazi.info\/?p=1050066"},"modified":"2025-10-01T18:08:06","modified_gmt":"2025-10-01T15:08:06","slug":"kurtulmus-heta-ku-pkk-u-saxen-we-cekan-nedeynin-em-reforma-qanuni-nakin","status":"publish","type":"post","link":"https:\/\/darkamazi.info\/archives\/1050066","title":{"rendered":"Kurtulmu\u015f: Heta ku PKK \u00fb \u015fax\u00ean w\u00ea \u00e7ekan nedeynin, em reforma qan\u00fbn\u00ee nakin"},"content":{"rendered":"<h3 style=\"text-align: justify\"><span style=\"font-family: 'arial black', sans-serif\">Serok\u00ea Parlementoya Tirkiyey\u00ea tek\u00eed kir, &#8220;Heta ku PKK \u00fb \u015fax\u00ean w\u00ea \u00e7ekan nedeynin, em reforma qan\u00fbn\u00ee nakin.\u201d Tekez j\u00ee kir, \u201cJi bil\u00ee ziman\u00ea Tirk\u00ee, em d\u00ea ti zimanek\u00ee din wek\u00ee ziman\u00ea ferm\u00ee qeb\u00fbl nekin.\u201d<\/span><\/h3>\n<h3 style=\"text-align: justify\">Serok\u00ea Parlamentoya Tirkiyey\u00ea Numan Kurtulmu\u015f li ser p\u00eavajoya n\u00fb ya a\u015ftiy\u00ea axiv\u00ee \u00fb ragihand, \u201cQonaxa qan\u00fbn\u00ee ya p\u00eavajoya a\u015ftiy\u00ea w\u00ea dem\u00ea dest p\u00ea dike ku, Partiya Karker\u00ean Kurdistan\u00ea (PKK) bi hem\u00ee p\u00eakhatey\u00ean w\u00ea ve, tev\u00ee y\u00ean ku li S\u00fbriyey\u00ea ne j\u00ee, \u00e7ek\u00ean xwe deynin. Di d\u00fb re em d\u00ea hin reform\u00ean qan\u00fbn\u00ee y\u00ean taybet\u00ee y\u00ean p\u00eavajoy\u00ea bidin destp\u00eakirin.\u201d<\/h3>\n<h3 style=\"text-align: justify\">Kurtulmu\u015f amaje j\u00ee da, \u201cPi\u015ft\u00ee ku PKK bi tevah\u00ee hilwe\u015fiya, em d\u00ea r\u00eakxistina qan\u00fbn\u00ee ji bo wan endaman bikin \u00ean ku dest\u00ean wan di nav tawanan de n\u00eenin. L\u00ea rew\u015fa kes\u00ean ku dest\u00ean wan di nav tawanan de ne, d\u00ea pi\u00e7ek aloztir be.\u201d<\/h3>\n<h3 style=\"text-align: justify\">Navbir\u00ee ron j\u00ee kir, \u201cR\u00eaber\u00ea PKK\u00ea y\u00ea girt\u00ee Abdullah Ocalan bi r\u00eaya \u015fandeke Partiya Wekhev\u00ee \u00fb Demokrasiy\u00ea ya Gelan (DEM) \u00fb par\u00eazer\u00ean xwe n\u00ear\u00een\u00ean xwe p\u00ea\u015fk\u00ea\u015f dike, l\u00ea h\u00een j\u00ee civ\u00eena Kom\u00eesyona Parlementoy\u00ea bi w\u00ee re di bernameya de n\u00eene. Ger ew bikeve nav bernameya j\u00ee, div\u00ea ji h\u00eala piraniya endam\u00ean kom\u00eesyon\u00ea ve b\u00ea pejirandina, hing\u00ea ew dikarin bi Ocalan re bicivin.\u201d<\/h3>\n<h3 style=\"text-align: justify\">Serok\u00ea Parlamentoya Tirkiyey\u00ea tekez j\u00ee kir ku, heta ne mimk\u00fbn e ku li ser qeb\u00fblkirina zimanek\u00ee wek\u00ee ziman\u00ea ferm\u00ee ji bil\u00ee ziman\u00ea Tirk\u00ee n\u00eeqa\u015f b\u00ea kirin \u00fb ew p\u00eavajo ti mijara ferm\u00eekirina zimanek\u00ee din li Tirkiyey\u00ea venagire.<\/h3>\n<h3 style=\"text-align: justify\">Werz\u00ea n\u00fb y\u00ea danana qan\u00fbnan \u00ea Parlementoya Tirkiyey\u00ea \u00eero (\u00c7ar\u015fem, 1\u00ea Cotmeha 2025\u00ea) pi\u015ft\u00ee derbazb\u00fbna du mehan ji b\u00eahnvedana w\u00ea dest p\u00ea dike. Herwesa p\u00eavajoya a\u015ftiy\u00ea li w\u00ee welat\u00ee j\u00ee \u00eero salek derbaz kir.<\/h3>\n","protected":false},"excerpt":{"rendered":"<p>Serok\u00ea Parlementoya Tirkiyey\u00ea tek\u00eed kir, &#8220;Heta ku PKK \u00fb \u015fax\u00ean w\u00ea \u00e7ekan nedeynin, em reforma qan\u00fbn\u00ee nakin.\u201d Tekez j\u00ee kir, \u201cJi bil\u00ee ziman\u00ea Tirk\u00ee, em d\u00ea ti zimanek\u00ee din wek\u00ee ziman\u00ea ferm\u00ee qeb\u00fbl nekin.\u201d Serok\u00ea Parlamentoya Tirkiyey\u00ea Numan Kurtulmu\u015f li ser p\u00eavajoya n\u00fb ya a\u015ftiy\u00ea axiv\u00ee \u00fb ragihand, \u201cQonaxa qan\u00fbn\u00ee ya p\u00eavajoya a\u015ftiy\u00ea w\u00ea dem\u00ea [&hellip;]<\/p>\n","protected":false},"author":2,"featured_media":1050067,"comment_status":"closed","ping_status":"closed","sticky":false,"template":"","format":"standard","meta":{"footnotes":""},"categories":[29],"tags":[37],"class_list":["post-1050066","post","type-post","status-publish","format-standard","has-post-thumbnail","hentry","category-kurdistan","tag-sereke"],"blocksy_meta":[],"seo_head":"<!-- This site is optimized with the Yoast SEO plugin v27.5 - https:\/\/yoast.com\/product\/yoast-seo-wordpress\/ -->\n<title>Kurtulmu\u015f: Heta ku PKK \u00fb \u015fax\u00ean w\u00ea \u00e7ekan nedeynin, em reforma qan\u00fbn\u00ee nakin - Darka Maz\u00ee<\/title>\n<meta name=\"robots\" content=\"index, follow, max-snippet:-1, max-image-preview:large, max-video-preview:-1\" \/>\n<link rel=\"canonical\" href=\"https:\/\/darkamazi.info\/archives\/1050066\" \/>\n<meta property=\"og:locale\" content=\"en_US\" \/>\n<meta property=\"og:type\" content=\"article\" \/>\n<meta property=\"og:title\" content=\"Kurtulmu\u015f: Heta ku PKK \u00fb \u015fax\u00ean w\u00ea \u00e7ekan nedeynin, em reforma qan\u00fbn\u00ee nakin - Darka Maz\u00ee\" \/>\n<meta property=\"og:description\" content=\"Serok\u00ea Parlementoya Tirkiyey\u00ea tek\u00eed kir, &#8220;Heta ku PKK \u00fb \u015fax\u00ean w\u00ea \u00e7ekan nedeynin, em reforma qan\u00fbn\u00ee nakin.\u201d Tekez j\u00ee kir, \u201cJi bil\u00ee ziman\u00ea Tirk\u00ee, em d\u00ea ti zimanek\u00ee din wek\u00ee ziman\u00ea ferm\u00ee qeb\u00fbl nekin.\u201d Serok\u00ea Parlamentoya Tirkiyey\u00ea Numan Kurtulmu\u015f li ser p\u00eavajoya n\u00fb ya a\u015ftiy\u00ea axiv\u00ee \u00fb ragihand, \u201cQonaxa qan\u00fbn\u00ee ya p\u00eavajoya a\u015ftiy\u00ea w\u00ea dem\u00ea [&hellip;]\" \/>\n<meta property=\"og:url\" content=\"https:\/\/darkamazi.info\/archives\/1050066\" \/>\n<meta property=\"og:site_name\" content=\"Darka Maz\u00ee\" \/>\n<meta property=\"article:publisher\" content=\"https:\/\/www.facebook.com\/DarMaziKurmanci\" \/>\n<meta property=\"article:published_time\" content=\"2025-10-01T15:08:06+00:00\" \/>\n<meta property=\"og:image\" content=\"https:\/\/darkamazi.info\/file\/2025\/10\/Numan-Kurtulmus-1.jpg\" \/>\n\t<meta property=\"og:image:width\" content=\"900\" \/>\n\t<meta property=\"og:image:height\" content=\"497\" \/>\n\t<meta property=\"og:image:type\" content=\"image\/jpeg\" \/>\n<meta name=\"author\" content=\"darka mazi\" \/>\n<meta name=\"twitter:card\" content=\"summary_large_image\" \/>\n<meta name=\"twitter:creator\" content=\"@DarkaMaziLatini\" \/>\n<meta name=\"twitter:site\" content=\"@DarkaMaziLatini\" \/>\n<meta name=\"twitter:label1\" content=\"Written by\" \/>\n\t<meta name=\"twitter:data1\" content=\"darka mazi\" \/>\n\t<meta name=\"twitter:label2\" content=\"Est. reading time\" \/>\n\t<meta name=\"twitter:data2\" content=\"2 minutes\" \/>\n<script type=\"application\/ld+json\" class=\"seo-schema-graph\">{\"@context\":\"https:\\\/\\\/schema.org\",\"@graph\":[{\"@type\":\"Article\",\"@id\":\"https:\\\/\\\/darkamazi.info\\\/archives\\\/1050066#article\",\"isPartOf\":{\"@id\":\"https:\\\/\\\/darkamazi.info\\\/archives\\\/1050066\"},\"author\":{\"name\":\"darka mazi\",\"@id\":\"https:\\\/\\\/darkamazi.info\\\/#\\\/schema\\\/person\\\/5ad3e24553a0567993fa8ed4bd0a776c\"},\"headline\":\"Kurtulmu\u015f: Heta ku PKK \u00fb \u015fax\u00ean w\u00ea \u00e7ekan nedeynin, em reforma qan\u00fbn\u00ee nakin\",\"datePublished\":\"2025-10-01T15:08:06+00:00\",\"mainEntityOfPage\":{\"@id\":\"https:\\\/\\\/darkamazi.info\\\/archives\\\/1050066\"},\"wordCount\":332,\"publisher\":{\"@id\":\"https:\\\/\\\/darkamazi.info\\\/#organization\"},\"image\":{\"@id\":\"https:\\\/\\\/darkamazi.info\\\/archives\\\/1050066#primaryimage\"},\"thumbnailUrl\":\"https:\\\/\\\/darkamazi.info\\\/darka-content\\\/uploads\\\/2025\\\/10\\\/Numan-Kurtulmus-1.jpg\",\"keywords\":[\"sereke\"],\"articleSection\":[\"Kurdistan\"],\"inLanguage\":\"en-US\"},{\"@type\":\"WebPage\",\"@id\":\"https:\\\/\\\/darkamazi.info\\\/archives\\\/1050066\",\"url\":\"https:\\\/\\\/darkamazi.info\\\/archives\\\/1050066\",\"name\":\"Kurtulmu\u015f: Heta ku PKK \u00fb \u015fax\u00ean w\u00ea \u00e7ekan nedeynin, em reforma qan\u00fbn\u00ee nakin - Darka Maz\u00ee\",\"isPartOf\":{\"@id\":\"https:\\\/\\\/darkamazi.info\\\/#website\"},\"primaryImageOfPage\":{\"@id\":\"https:\\\/\\\/darkamazi.info\\\/archives\\\/1050066#primaryimage\"},\"image\":{\"@id\":\"https:\\\/\\\/darkamazi.info\\\/archives\\\/1050066#primaryimage\"},\"thumbnailUrl\":\"https:\\\/\\\/darkamazi.info\\\/darka-content\\\/uploads\\\/2025\\\/10\\\/Numan-Kurtulmus-1.jpg\",\"datePublished\":\"2025-10-01T15:08:06+00:00\",\"breadcrumb\":{\"@id\":\"https:\\\/\\\/darkamazi.info\\\/archives\\\/1050066#breadcrumb\"},\"inLanguage\":\"en-US\",\"potentialAction\":[{\"@type\":\"ReadAction\",\"target\":[\"https:\\\/\\\/darkamazi.info\\\/archives\\\/1050066\"]}]},{\"@type\":\"ImageObject\",\"inLanguage\":\"en-US\",\"@id\":\"https:\\\/\\\/darkamazi.info\\\/archives\\\/1050066#primaryimage\",\"url\":\"https:\\\/\\\/darkamazi.info\\\/darka-content\\\/uploads\\\/2025\\\/10\\\/Numan-Kurtulmus-1.jpg\",\"contentUrl\":\"https:\\\/\\\/darkamazi.info\\\/darka-content\\\/uploads\\\/2025\\\/10\\\/Numan-Kurtulmus-1.jpg\",\"width\":900,\"height\":497,\"caption\":\"Kurtulmu\u015f: Heta ku PKK \u00fb \u015fax\u00ean w\u00ea \u00e7ekan nedeynin, em reforma qan\u00fbn\u00ee nakin\"},{\"@type\":\"BreadcrumbList\",\"@id\":\"https:\\\/\\\/darkamazi.info\\\/archives\\\/1050066#breadcrumb\",\"itemListElement\":[{\"@type\":\"ListItem\",\"position\":1,\"name\":\"Home\",\"item\":\"https:\\\/\\\/darkamazi.info\\\/\"},{\"@type\":\"ListItem\",\"position\":2,\"name\":\"Kurtulmu\u015f: Heta ku PKK \u00fb \u015fax\u00ean w\u00ea \u00e7ekan nedeynin, em reforma qan\u00fbn\u00ee nakin\"}]},{\"@type\":\"WebSite\",\"@id\":\"https:\\\/\\\/darkamazi.info\\\/#website\",\"url\":\"https:\\\/\\\/darkamazi.info\\\/\",\"name\":\"Darka Maz\u00ee\",\"description\":\"P\u00eageha Zanyariy\u00ean Nebih\u00eest\u00ee\",\"publisher\":{\"@id\":\"https:\\\/\\\/darkamazi.info\\\/#organization\"},\"potentialAction\":[{\"@type\":\"SearchAction\",\"target\":{\"@type\":\"EntryPoint\",\"urlTemplate\":\"https:\\\/\\\/darkamazi.info\\\/?s={search_term_string}\"},\"query-input\":{\"@type\":\"PropertyValueSpecification\",\"valueRequired\":true,\"valueName\":\"search_term_string\"}}],\"inLanguage\":\"en-US\"},{\"@type\":\"Organization\",\"@id\":\"https:\\\/\\\/darkamazi.info\\\/#organization\",\"name\":\"Darka Maz\u00ee\",\"url\":\"https:\\\/\\\/darkamazi.info\\\/\",\"logo\":{\"@type\":\"ImageObject\",\"inLanguage\":\"en-US\",\"@id\":\"https:\\\/\\\/darkamazi.info\\\/#\\\/schema\\\/logo\\\/image\\\/\",\"url\":\"https:\\\/\\\/darkamazi.info\\\/darka-content\\\/uploads\\\/2017\\\/12\\\/darka-mazi-logo.png\",\"contentUrl\":\"https:\\\/\\\/darkamazi.info\\\/darka-content\\\/uploads\\\/2017\\\/12\\\/darka-mazi-logo.png\",\"width\":151,\"height\":75,\"caption\":\"Darka Maz\u00ee\"},\"image\":{\"@id\":\"https:\\\/\\\/darkamazi.info\\\/#\\\/schema\\\/logo\\\/image\\\/\"},\"sameAs\":[\"https:\\\/\\\/www.facebook.com\\\/DarMaziKurmanci\",\"https:\\\/\\\/x.com\\\/DarkaMaziLatini\",\"https:\\\/\\\/www.instagram.com\\\/darkamazi.kurmanci\\\/\",\"https:\\\/\\\/www.youtube.com\\\/channel\\\/UCa5HkTdmI8U1qCUFuTw8B2g\"]},{\"@type\":\"Person\",\"@id\":\"https:\\\/\\\/darkamazi.info\\\/#\\\/schema\\\/person\\\/5ad3e24553a0567993fa8ed4bd0a776c\",\"name\":\"darka mazi\",\"sameAs\":[\"https:\\\/\\\/darkamazi.info\\\/\"],\"url\":\"https:\\\/\\\/darkamazi.info\\\/archives\\\/author\\\/kurdi\"}]}<\/script>\n<!-- \/ Yoast SEO plugin. -->","seo_head_json":{"title":"Kurtulmu\u015f: Heta ku PKK \u00fb \u015fax\u00ean w\u00ea \u00e7ekan nedeynin, em reforma qan\u00fbn\u00ee nakin - Darka Maz\u00ee","robots":{"index":"index","follow":"follow","max-snippet":"max-snippet:-1","max-image-preview":"max-image-preview:large","max-video-preview":"max-video-preview:-1"},"canonical":"https:\/\/darkamazi.info\/archives\/1050066","og_locale":"en_US","og_type":"article","og_title":"Kurtulmu\u015f: Heta ku PKK \u00fb \u015fax\u00ean w\u00ea \u00e7ekan nedeynin, em reforma qan\u00fbn\u00ee nakin - Darka Maz\u00ee","og_description":"Serok\u00ea Parlementoya Tirkiyey\u00ea tek\u00eed kir, &#8220;Heta ku PKK \u00fb \u015fax\u00ean w\u00ea \u00e7ekan nedeynin, em reforma qan\u00fbn\u00ee nakin.\u201d Tekez j\u00ee kir, \u201cJi bil\u00ee ziman\u00ea Tirk\u00ee, em d\u00ea ti zimanek\u00ee din wek\u00ee ziman\u00ea ferm\u00ee qeb\u00fbl nekin.\u201d Serok\u00ea Parlamentoya Tirkiyey\u00ea Numan Kurtulmu\u015f li ser p\u00eavajoya n\u00fb ya a\u015ftiy\u00ea axiv\u00ee \u00fb ragihand, \u201cQonaxa qan\u00fbn\u00ee ya p\u00eavajoya a\u015ftiy\u00ea w\u00ea dem\u00ea [&hellip;]","og_url":"https:\/\/darkamazi.info\/archives\/1050066","og_site_name":"Darka Maz\u00ee","article_publisher":"https:\/\/www.facebook.com\/DarMaziKurmanci","article_published_time":"2025-10-01T15:08:06+00:00","og_image":[{"width":900,"height":497,"url":"https:\/\/darkamazi.info\/file\/2025\/10\/Numan-Kurtulmus-1.jpg","type":"image\/jpeg"}],"author":"darka mazi","twitter_card":"summary_large_image","twitter_creator":"@DarkaMaziLatini","twitter_site":"@DarkaMaziLatini","twitter_misc":{"Written by":"darka mazi","Est. reading time":"2 minutes"},"schema":{"@context":"https:\/\/schema.org","@graph":[{"@type":"Article","@id":"https:\/\/darkamazi.info\/archives\/1050066#article","isPartOf":{"@id":"https:\/\/darkamazi.info\/archives\/1050066"},"author":{"name":"darka mazi","@id":"https:\/\/darkamazi.info\/#\/schema\/person\/5ad3e24553a0567993fa8ed4bd0a776c"},"headline":"Kurtulmu\u015f: Heta ku PKK \u00fb \u015fax\u00ean w\u00ea \u00e7ekan nedeynin, em reforma qan\u00fbn\u00ee nakin","datePublished":"2025-10-01T15:08:06+00:00","mainEntityOfPage":{"@id":"https:\/\/darkamazi.info\/archives\/1050066"},"wordCount":332,"publisher":{"@id":"https:\/\/darkamazi.info\/#organization"},"image":{"@id":"https:\/\/darkamazi.info\/archives\/1050066#primaryimage"},"thumbnailUrl":"https:\/\/darkamazi.info\/file\/2025\/10\/Numan-Kurtulmus-1.jpg","keywords":["sereke"],"articleSection":["Kurdistan"],"inLanguage":"en-US"},{"@type":"WebPage","@id":"https:\/\/darkamazi.info\/archives\/1050066","url":"https:\/\/darkamazi.info\/archives\/1050066","name":"Kurtulmu\u015f: Heta ku PKK \u00fb \u015fax\u00ean w\u00ea \u00e7ekan nedeynin, em reforma qan\u00fbn\u00ee nakin - Darka Maz\u00ee","isPartOf":{"@id":"https:\/\/darkamazi.info\/#website"},"primaryImageOfPage":{"@id":"https:\/\/darkamazi.info\/archives\/1050066#primaryimage"},"image":{"@id":"https:\/\/darkamazi.info\/archives\/1050066#primaryimage"},"thumbnailUrl":"https:\/\/darkamazi.info\/file\/2025\/10\/Numan-Kurtulmus-1.jpg","datePublished":"2025-10-01T15:08:06+00:00","breadcrumb":{"@id":"https:\/\/darkamazi.info\/archives\/1050066#breadcrumb"},"inLanguage":"en-US","potentialAction":[{"@type":"ReadAction","target":["https:\/\/darkamazi.info\/archives\/1050066"]}]},{"@type":"ImageObject","inLanguage":"en-US","@id":"https:\/\/darkamazi.info\/archives\/1050066#primaryimage","url":"https:\/\/darkamazi.info\/file\/2025\/10\/Numan-Kurtulmus-1.jpg","contentUrl":"https:\/\/darkamazi.info\/file\/2025\/10\/Numan-Kurtulmus-1.jpg","width":900,"height":497,"caption":"Kurtulmu\u015f: Heta ku PKK \u00fb \u015fax\u00ean w\u00ea \u00e7ekan nedeynin, em reforma qan\u00fbn\u00ee nakin"},{"@type":"BreadcrumbList","@id":"https:\/\/darkamazi.info\/archives\/1050066#breadcrumb","itemListElement":[{"@type":"ListItem","position":1,"name":"Home","item":"https:\/\/darkamazi.info\/"},{"@type":"ListItem","position":2,"name":"Kurtulmu\u015f: Heta ku PKK \u00fb \u015fax\u00ean w\u00ea \u00e7ekan nedeynin, em reforma qan\u00fbn\u00ee nakin"}]},{"@type":"WebSite","@id":"https:\/\/darkamazi.info\/#website","url":"https:\/\/darkamazi.info\/","name":"Darka Maz\u00ee","description":"P\u00eageha Zanyariy\u00ean Nebih\u00eest\u00ee","publisher":{"@id":"https:\/\/darkamazi.info\/#organization"},"potentialAction":[{"@type":"SearchAction","target":{"@type":"EntryPoint","urlTemplate":"https:\/\/darkamazi.info\/?s={search_term_string}"},"query-input":{"@type":"PropertyValueSpecification","valueRequired":true,"valueName":"search_term_string"}}],"inLanguage":"en-US"},{"@type":"Organization","@id":"https:\/\/darkamazi.info\/#organization","name":"Darka Maz\u00ee","url":"https:\/\/darkamazi.info\/","logo":{"@type":"ImageObject","inLanguage":"en-US","@id":"https:\/\/darkamazi.info\/#\/schema\/logo\/image\/","url":"https:\/\/darkamazi.info\/file\/2017\/12\/darka-mazi-logo.png","contentUrl":"https:\/\/darkamazi.info\/file\/2017\/12\/darka-mazi-logo.png","width":151,"height":75,"caption":"Darka Maz\u00ee"},"image":{"@id":"https:\/\/darkamazi.info\/#\/schema\/logo\/image\/"},"sameAs":["https:\/\/www.facebook.com\/DarMaziKurmanci","https:\/\/x.com\/DarkaMaziLatini","https:\/\/www.instagram.com\/darkamazi.kurmanci\/","https:\/\/www.youtube.com\/channel\/UCa5HkTdmI8U1qCUFuTw8B2g"]},{"@type":"Person","@id":"https:\/\/darkamazi.info\/#\/schema\/person\/5ad3e24553a0567993fa8ed4bd0a776c","name":"darka mazi","sameAs":["https:\/\/darkamazi.info\/"],"url":"https:\/\/darkamazi.info\/archives\/author\/kurdi"}]}},"_links":{"self":[{"href":"https:\/\/darkamazi.info\/funavuv\/wp\/v2\/posts\/1050066","targetHints":{"allow":["GET"]}}],"collection":[{"href":"https:\/\/darkamazi.info\/funavuv\/wp\/v2\/posts"}],"about":[{"href":"https:\/\/darkamazi.info\/funavuv\/wp\/v2\/types\/post"}],"author":[{"embeddable":true,"href":"https:\/\/darkamazi.info\/funavuv\/wp\/v2\/users\/2"}],"replies":[{"embeddable":true,"href":"https:\/\/darkamazi.info\/funavuv\/wp\/v2\/comments?post=1050066"}],"version-history":[{"count":0,"href":"https:\/\/darkamazi.info\/funavuv\/wp\/v2\/posts\/1050066\/revisions"}],"wp:featuredmedia":[{"embeddable":true,"href":"https:\/\/darkamazi.info\/funavuv\/wp\/v2\/media\/1050067"}],"wp:attachment":[{"href":"https:\/\/darkamazi.info\/funavuv\/wp\/v2\/media?parent=1050066"}],"wp:term":[{"taxonomy":"category","embeddable":true,"href":"https:\/\/darkamazi.info\/funavuv\/wp\/v2\/categories?post=1050066"},{"taxonomy":"post_tag","embeddable":true,"href":"https:\/\/darkamazi.info\/funavuv\/wp\/v2\/tags?post=1050066"}],"curies":[{"name":"wp","href":"https:\/\/api.w.org\/{rel}","templated":true}]}}