{"id":1050073,"date":"2025-10-02T09:38:14","date_gmt":"2025-10-02T06:38:14","guid":{"rendered":"https:\/\/darkamazi.info\/?p=1050073"},"modified":"2025-10-02T09:42:38","modified_gmt":"2025-10-02T06:42:38","slug":"helbestvana-kurd-mizgin-hesko-koca-dawi-kir","status":"publish","type":"post","link":"https:\/\/darkamazi.info\/archives\/1050073","title":{"rendered":"Helbestvana Kurd Mizg\u00een Hesko ko\u00e7a daw\u00ee kir"},"content":{"rendered":"<h3 style=\"text-align: justify\"><span style=\"font-family: 'arial black', sans-serif\">Helbestvana Kurd a naskir\u00ee Mizg\u00een Hesko, ku yek ji deng\u00ean her\u00ee berbi\u00e7av \u00ean helbesta n\u00fbjen a Kurd\u00ee li diyasporay\u00ea b\u00fb, ko\u00e7a dawiy\u00ea kir.\u00a0<\/span><\/h3>\n<h3 style=\"text-align: justify\"><span style=\"font-family: arial, helvetica, sans-serif\">Helbestvan Mizg\u00een\u00ea Hesko ku ev z\u00eadetir\u00ee s\u00ea salan b\u00fb li dij\u00ee nexwe\u015fiya pence\u015f\u00ear\u00ea t\u00eadiko\u015fiya, \u015feva bor\u00ee li bajar\u00ea Bielefeld\u00ea y\u00ea Almanyay\u00ea, ji ber nexwe\u015fiy\u00ea di 52 saliya xwe de, ko\u00e7a dawiy\u00ea kir.\u00a0<\/span><\/h3>\n<h3 style=\"text-align: justify\"><span style=\"font-family: arial, helvetica, sans-serif\">Mizg\u00een Hesko di sala 1973an de li gund\u00ea \u015eilhomiy\u00ea y\u00ea Tirbesipiy\u00ea li Rojavay\u00ea Kurdistan\u00ea ji dayik b\u00fbb\u00fb, ji sala 1992an ve li Almanyay\u00ea dijiya \u00fb dayika s\u00ea zarokan b\u00fb.<\/span><\/h3>\n<h3 style=\"text-align: justify\"><span style=\"font-family: arial, helvetica, sans-serif\">Hesko di nav civata Kurd a li diyasporay\u00ea de helbestvaneke \u00e7alak b\u00fb, bi berdewam\u00ee be\u015fdar\u00ee m\u00eehr\u00eecan \u00fb \u00e7alakiy\u00ean w\u00eajey\u00ee dib\u00fb \u00fb heta dawiya jiyana xwe 14 d\u00eewan p\u00ea\u015fk\u00ea\u015f\u00ee pirt\u00fbkxaneya Kurd\u00ee kirin.<\/span><\/h3>\n<h3 style=\"text-align: justify\"><span style=\"font-family: arial, helvetica, sans-serif\">Ji ber keda w\u00ea ya giranbuha di war\u00ea w\u00eajeya Kurd\u00ee de, Mizg\u00een Hesko di sala 2022an de h\u00eajay\u00ee Xelata Seyday\u00ea T\u00eer\u00eaj hatib\u00fb d\u00eetin. Ko\u00e7a w\u00ea ya daw\u00ee di nav w\u00eajehez \u00fb rew\u015fenb\u00eer\u00ean Kurd de b\u00fb sedema xemg\u00eeniyeke mezin.<\/span><\/h3>\n","protected":false},"excerpt":{"rendered":"<p>Helbestvana Kurd a naskir\u00ee Mizg\u00een Hesko, ku yek ji deng\u00ean her\u00ee berbi\u00e7av \u00ean helbesta n\u00fbjen a Kurd\u00ee li diyasporay\u00ea b\u00fb, ko\u00e7a dawiy\u00ea kir.\u00a0 Helbestvan Mizg\u00een\u00ea Hesko ku ev z\u00eadetir\u00ee s\u00ea salan b\u00fb li dij\u00ee nexwe\u015fiya pence\u015f\u00ear\u00ea t\u00eadiko\u015fiya, \u015feva bor\u00ee li bajar\u00ea Bielefeld\u00ea y\u00ea Almanyay\u00ea, ji ber nexwe\u015fiy\u00ea di 52 saliya xwe de, ko\u00e7a dawiy\u00ea kir.\u00a0 [&hellip;]<\/p>\n","protected":false},"author":2,"featured_media":1050075,"comment_status":"closed","ping_status":"closed","sticky":false,"template":"","format":"standard","meta":{"footnotes":""},"categories":[29],"tags":[37],"class_list":["post-1050073","post","type-post","status-publish","format-standard","has-post-thumbnail","hentry","category-kurdistan","tag-sereke"],"blocksy_meta":[],"seo_head":"<!-- This site is optimized with the Yoast SEO plugin v27.5 - https:\/\/yoast.com\/product\/yoast-seo-wordpress\/ -->\n<title>Helbestvana Kurd Mizg\u00een Hesko ko\u00e7a daw\u00ee kir - Darka Maz\u00ee<\/title>\n<meta name=\"robots\" content=\"index, follow, max-snippet:-1, max-image-preview:large, max-video-preview:-1\" \/>\n<link rel=\"canonical\" href=\"https:\/\/darkamazi.info\/archives\/1050073\" \/>\n<meta property=\"og:locale\" content=\"en_US\" \/>\n<meta property=\"og:type\" content=\"article\" \/>\n<meta property=\"og:title\" content=\"Helbestvana Kurd Mizg\u00een Hesko ko\u00e7a daw\u00ee kir - Darka Maz\u00ee\" \/>\n<meta property=\"og:description\" content=\"Helbestvana Kurd a naskir\u00ee Mizg\u00een Hesko, ku yek ji deng\u00ean her\u00ee berbi\u00e7av \u00ean helbesta n\u00fbjen a Kurd\u00ee li diyasporay\u00ea b\u00fb, ko\u00e7a dawiy\u00ea kir.\u00a0 Helbestvan Mizg\u00een\u00ea Hesko ku ev z\u00eadetir\u00ee s\u00ea salan b\u00fb li dij\u00ee nexwe\u015fiya pence\u015f\u00ear\u00ea t\u00eadiko\u015fiya, \u015feva bor\u00ee li bajar\u00ea Bielefeld\u00ea y\u00ea Almanyay\u00ea, ji ber nexwe\u015fiy\u00ea di 52 saliya xwe de, ko\u00e7a dawiy\u00ea kir.\u00a0 [&hellip;]\" \/>\n<meta property=\"og:url\" content=\"https:\/\/darkamazi.info\/archives\/1050073\" \/>\n<meta property=\"og:site_name\" content=\"Darka Maz\u00ee\" \/>\n<meta property=\"article:publisher\" content=\"https:\/\/www.facebook.com\/DarMaziKurmanci\" \/>\n<meta property=\"article:published_time\" content=\"2025-10-02T06:38:14+00:00\" \/>\n<meta property=\"article:modified_time\" content=\"2025-10-02T06:42:38+00:00\" \/>\n<meta property=\"og:image\" content=\"https:\/\/darkamazi.info\/file\/2025\/10\/Mizgin-Hesko-info.jpg\" \/>\n\t<meta property=\"og:image:width\" content=\"900\" \/>\n\t<meta property=\"og:image:height\" content=\"500\" \/>\n\t<meta property=\"og:image:type\" content=\"image\/jpeg\" \/>\n<meta name=\"author\" content=\"darka mazi\" \/>\n<meta name=\"twitter:card\" content=\"summary_large_image\" \/>\n<meta name=\"twitter:creator\" content=\"@DarkaMaziLatini\" \/>\n<meta name=\"twitter:site\" content=\"@DarkaMaziLatini\" \/>\n<meta name=\"twitter:label1\" content=\"Written by\" \/>\n\t<meta name=\"twitter:data1\" content=\"darka mazi\" \/>\n\t<meta name=\"twitter:label2\" content=\"Est. reading time\" \/>\n\t<meta name=\"twitter:data2\" content=\"1 minute\" \/>\n<script type=\"application\/ld+json\" class=\"seo-schema-graph\">{\"@context\":\"https:\\\/\\\/schema.org\",\"@graph\":[{\"@type\":\"Article\",\"@id\":\"https:\\\/\\\/darkamazi.info\\\/archives\\\/1050073#article\",\"isPartOf\":{\"@id\":\"https:\\\/\\\/darkamazi.info\\\/archives\\\/1050073\"},\"author\":{\"name\":\"darka mazi\",\"@id\":\"https:\\\/\\\/darkamazi.info\\\/#\\\/schema\\\/person\\\/5ad3e24553a0567993fa8ed4bd0a776c\"},\"headline\":\"Helbestvana Kurd Mizg\u00een Hesko ko\u00e7a daw\u00ee kir\",\"datePublished\":\"2025-10-02T06:38:14+00:00\",\"dateModified\":\"2025-10-02T06:42:38+00:00\",\"mainEntityOfPage\":{\"@id\":\"https:\\\/\\\/darkamazi.info\\\/archives\\\/1050073\"},\"wordCount\":191,\"publisher\":{\"@id\":\"https:\\\/\\\/darkamazi.info\\\/#organization\"},\"image\":{\"@id\":\"https:\\\/\\\/darkamazi.info\\\/archives\\\/1050073#primaryimage\"},\"thumbnailUrl\":\"https:\\\/\\\/darkamazi.info\\\/darka-content\\\/uploads\\\/2025\\\/10\\\/Mizgin-Hesko-info.jpg\",\"keywords\":[\"sereke\"],\"articleSection\":[\"Kurdistan\"],\"inLanguage\":\"en-US\"},{\"@type\":\"WebPage\",\"@id\":\"https:\\\/\\\/darkamazi.info\\\/archives\\\/1050073\",\"url\":\"https:\\\/\\\/darkamazi.info\\\/archives\\\/1050073\",\"name\":\"Helbestvana Kurd Mizg\u00een Hesko ko\u00e7a daw\u00ee kir - Darka Maz\u00ee\",\"isPartOf\":{\"@id\":\"https:\\\/\\\/darkamazi.info\\\/#website\"},\"primaryImageOfPage\":{\"@id\":\"https:\\\/\\\/darkamazi.info\\\/archives\\\/1050073#primaryimage\"},\"image\":{\"@id\":\"https:\\\/\\\/darkamazi.info\\\/archives\\\/1050073#primaryimage\"},\"thumbnailUrl\":\"https:\\\/\\\/darkamazi.info\\\/darka-content\\\/uploads\\\/2025\\\/10\\\/Mizgin-Hesko-info.jpg\",\"datePublished\":\"2025-10-02T06:38:14+00:00\",\"dateModified\":\"2025-10-02T06:42:38+00:00\",\"breadcrumb\":{\"@id\":\"https:\\\/\\\/darkamazi.info\\\/archives\\\/1050073#breadcrumb\"},\"inLanguage\":\"en-US\",\"potentialAction\":[{\"@type\":\"ReadAction\",\"target\":[\"https:\\\/\\\/darkamazi.info\\\/archives\\\/1050073\"]}]},{\"@type\":\"ImageObject\",\"inLanguage\":\"en-US\",\"@id\":\"https:\\\/\\\/darkamazi.info\\\/archives\\\/1050073#primaryimage\",\"url\":\"https:\\\/\\\/darkamazi.info\\\/darka-content\\\/uploads\\\/2025\\\/10\\\/Mizgin-Hesko-info.jpg\",\"contentUrl\":\"https:\\\/\\\/darkamazi.info\\\/darka-content\\\/uploads\\\/2025\\\/10\\\/Mizgin-Hesko-info.jpg\",\"width\":900,\"height\":500,\"caption\":\"Mizg\u00een-Hesko---info\"},{\"@type\":\"BreadcrumbList\",\"@id\":\"https:\\\/\\\/darkamazi.info\\\/archives\\\/1050073#breadcrumb\",\"itemListElement\":[{\"@type\":\"ListItem\",\"position\":1,\"name\":\"Home\",\"item\":\"https:\\\/\\\/darkamazi.info\\\/\"},{\"@type\":\"ListItem\",\"position\":2,\"name\":\"Helbestvana Kurd Mizg\u00een Hesko ko\u00e7a daw\u00ee kir\"}]},{\"@type\":\"WebSite\",\"@id\":\"https:\\\/\\\/darkamazi.info\\\/#website\",\"url\":\"https:\\\/\\\/darkamazi.info\\\/\",\"name\":\"Darka Maz\u00ee\",\"description\":\"P\u00eageha Zanyariy\u00ean Nebih\u00eest\u00ee\",\"publisher\":{\"@id\":\"https:\\\/\\\/darkamazi.info\\\/#organization\"},\"potentialAction\":[{\"@type\":\"SearchAction\",\"target\":{\"@type\":\"EntryPoint\",\"urlTemplate\":\"https:\\\/\\\/darkamazi.info\\\/?s={search_term_string}\"},\"query-input\":{\"@type\":\"PropertyValueSpecification\",\"valueRequired\":true,\"valueName\":\"search_term_string\"}}],\"inLanguage\":\"en-US\"},{\"@type\":\"Organization\",\"@id\":\"https:\\\/\\\/darkamazi.info\\\/#organization\",\"name\":\"Darka Maz\u00ee\",\"url\":\"https:\\\/\\\/darkamazi.info\\\/\",\"logo\":{\"@type\":\"ImageObject\",\"inLanguage\":\"en-US\",\"@id\":\"https:\\\/\\\/darkamazi.info\\\/#\\\/schema\\\/logo\\\/image\\\/\",\"url\":\"https:\\\/\\\/darkamazi.info\\\/darka-content\\\/uploads\\\/2017\\\/12\\\/darka-mazi-logo.png\",\"contentUrl\":\"https:\\\/\\\/darkamazi.info\\\/darka-content\\\/uploads\\\/2017\\\/12\\\/darka-mazi-logo.png\",\"width\":151,\"height\":75,\"caption\":\"Darka Maz\u00ee\"},\"image\":{\"@id\":\"https:\\\/\\\/darkamazi.info\\\/#\\\/schema\\\/logo\\\/image\\\/\"},\"sameAs\":[\"https:\\\/\\\/www.facebook.com\\\/DarMaziKurmanci\",\"https:\\\/\\\/x.com\\\/DarkaMaziLatini\",\"https:\\\/\\\/www.instagram.com\\\/darkamazi.kurmanci\\\/\",\"https:\\\/\\\/www.youtube.com\\\/channel\\\/UCa5HkTdmI8U1qCUFuTw8B2g\"]},{\"@type\":\"Person\",\"@id\":\"https:\\\/\\\/darkamazi.info\\\/#\\\/schema\\\/person\\\/5ad3e24553a0567993fa8ed4bd0a776c\",\"name\":\"darka mazi\",\"sameAs\":[\"https:\\\/\\\/darkamazi.info\\\/\"],\"url\":\"https:\\\/\\\/darkamazi.info\\\/archives\\\/author\\\/kurdi\"}]}<\/script>\n<!-- \/ Yoast SEO plugin. -->","seo_head_json":{"title":"Helbestvana Kurd Mizg\u00een Hesko ko\u00e7a daw\u00ee kir - Darka Maz\u00ee","robots":{"index":"index","follow":"follow","max-snippet":"max-snippet:-1","max-image-preview":"max-image-preview:large","max-video-preview":"max-video-preview:-1"},"canonical":"https:\/\/darkamazi.info\/archives\/1050073","og_locale":"en_US","og_type":"article","og_title":"Helbestvana Kurd Mizg\u00een Hesko ko\u00e7a daw\u00ee kir - Darka Maz\u00ee","og_description":"Helbestvana Kurd a naskir\u00ee Mizg\u00een Hesko, ku yek ji deng\u00ean her\u00ee berbi\u00e7av \u00ean helbesta n\u00fbjen a Kurd\u00ee li diyasporay\u00ea b\u00fb, ko\u00e7a dawiy\u00ea kir.\u00a0 Helbestvan Mizg\u00een\u00ea Hesko ku ev z\u00eadetir\u00ee s\u00ea salan b\u00fb li dij\u00ee nexwe\u015fiya pence\u015f\u00ear\u00ea t\u00eadiko\u015fiya, \u015feva bor\u00ee li bajar\u00ea Bielefeld\u00ea y\u00ea Almanyay\u00ea, ji ber nexwe\u015fiy\u00ea di 52 saliya xwe de, ko\u00e7a dawiy\u00ea kir.\u00a0 [&hellip;]","og_url":"https:\/\/darkamazi.info\/archives\/1050073","og_site_name":"Darka Maz\u00ee","article_publisher":"https:\/\/www.facebook.com\/DarMaziKurmanci","article_published_time":"2025-10-02T06:38:14+00:00","article_modified_time":"2025-10-02T06:42:38+00:00","og_image":[{"width":900,"height":500,"url":"https:\/\/darkamazi.info\/file\/2025\/10\/Mizgin-Hesko-info.jpg","type":"image\/jpeg"}],"author":"darka mazi","twitter_card":"summary_large_image","twitter_creator":"@DarkaMaziLatini","twitter_site":"@DarkaMaziLatini","twitter_misc":{"Written by":"darka mazi","Est. reading time":"1 minute"},"schema":{"@context":"https:\/\/schema.org","@graph":[{"@type":"Article","@id":"https:\/\/darkamazi.info\/archives\/1050073#article","isPartOf":{"@id":"https:\/\/darkamazi.info\/archives\/1050073"},"author":{"name":"darka mazi","@id":"https:\/\/darkamazi.info\/#\/schema\/person\/5ad3e24553a0567993fa8ed4bd0a776c"},"headline":"Helbestvana Kurd Mizg\u00een Hesko ko\u00e7a daw\u00ee kir","datePublished":"2025-10-02T06:38:14+00:00","dateModified":"2025-10-02T06:42:38+00:00","mainEntityOfPage":{"@id":"https:\/\/darkamazi.info\/archives\/1050073"},"wordCount":191,"publisher":{"@id":"https:\/\/darkamazi.info\/#organization"},"image":{"@id":"https:\/\/darkamazi.info\/archives\/1050073#primaryimage"},"thumbnailUrl":"https:\/\/darkamazi.info\/file\/2025\/10\/Mizgin-Hesko-info.jpg","keywords":["sereke"],"articleSection":["Kurdistan"],"inLanguage":"en-US"},{"@type":"WebPage","@id":"https:\/\/darkamazi.info\/archives\/1050073","url":"https:\/\/darkamazi.info\/archives\/1050073","name":"Helbestvana Kurd Mizg\u00een Hesko ko\u00e7a daw\u00ee kir - Darka Maz\u00ee","isPartOf":{"@id":"https:\/\/darkamazi.info\/#website"},"primaryImageOfPage":{"@id":"https:\/\/darkamazi.info\/archives\/1050073#primaryimage"},"image":{"@id":"https:\/\/darkamazi.info\/archives\/1050073#primaryimage"},"thumbnailUrl":"https:\/\/darkamazi.info\/file\/2025\/10\/Mizgin-Hesko-info.jpg","datePublished":"2025-10-02T06:38:14+00:00","dateModified":"2025-10-02T06:42:38+00:00","breadcrumb":{"@id":"https:\/\/darkamazi.info\/archives\/1050073#breadcrumb"},"inLanguage":"en-US","potentialAction":[{"@type":"ReadAction","target":["https:\/\/darkamazi.info\/archives\/1050073"]}]},{"@type":"ImageObject","inLanguage":"en-US","@id":"https:\/\/darkamazi.info\/archives\/1050073#primaryimage","url":"https:\/\/darkamazi.info\/file\/2025\/10\/Mizgin-Hesko-info.jpg","contentUrl":"https:\/\/darkamazi.info\/file\/2025\/10\/Mizgin-Hesko-info.jpg","width":900,"height":500,"caption":"Mizg\u00een-Hesko---info"},{"@type":"BreadcrumbList","@id":"https:\/\/darkamazi.info\/archives\/1050073#breadcrumb","itemListElement":[{"@type":"ListItem","position":1,"name":"Home","item":"https:\/\/darkamazi.info\/"},{"@type":"ListItem","position":2,"name":"Helbestvana Kurd Mizg\u00een Hesko ko\u00e7a daw\u00ee kir"}]},{"@type":"WebSite","@id":"https:\/\/darkamazi.info\/#website","url":"https:\/\/darkamazi.info\/","name":"Darka Maz\u00ee","description":"P\u00eageha Zanyariy\u00ean Nebih\u00eest\u00ee","publisher":{"@id":"https:\/\/darkamazi.info\/#organization"},"potentialAction":[{"@type":"SearchAction","target":{"@type":"EntryPoint","urlTemplate":"https:\/\/darkamazi.info\/?s={search_term_string}"},"query-input":{"@type":"PropertyValueSpecification","valueRequired":true,"valueName":"search_term_string"}}],"inLanguage":"en-US"},{"@type":"Organization","@id":"https:\/\/darkamazi.info\/#organization","name":"Darka Maz\u00ee","url":"https:\/\/darkamazi.info\/","logo":{"@type":"ImageObject","inLanguage":"en-US","@id":"https:\/\/darkamazi.info\/#\/schema\/logo\/image\/","url":"https:\/\/darkamazi.info\/file\/2017\/12\/darka-mazi-logo.png","contentUrl":"https:\/\/darkamazi.info\/file\/2017\/12\/darka-mazi-logo.png","width":151,"height":75,"caption":"Darka Maz\u00ee"},"image":{"@id":"https:\/\/darkamazi.info\/#\/schema\/logo\/image\/"},"sameAs":["https:\/\/www.facebook.com\/DarMaziKurmanci","https:\/\/x.com\/DarkaMaziLatini","https:\/\/www.instagram.com\/darkamazi.kurmanci\/","https:\/\/www.youtube.com\/channel\/UCa5HkTdmI8U1qCUFuTw8B2g"]},{"@type":"Person","@id":"https:\/\/darkamazi.info\/#\/schema\/person\/5ad3e24553a0567993fa8ed4bd0a776c","name":"darka mazi","sameAs":["https:\/\/darkamazi.info\/"],"url":"https:\/\/darkamazi.info\/archives\/author\/kurdi"}]}},"_links":{"self":[{"href":"https:\/\/darkamazi.info\/funavuv\/wp\/v2\/posts\/1050073","targetHints":{"allow":["GET"]}}],"collection":[{"href":"https:\/\/darkamazi.info\/funavuv\/wp\/v2\/posts"}],"about":[{"href":"https:\/\/darkamazi.info\/funavuv\/wp\/v2\/types\/post"}],"author":[{"embeddable":true,"href":"https:\/\/darkamazi.info\/funavuv\/wp\/v2\/users\/2"}],"replies":[{"embeddable":true,"href":"https:\/\/darkamazi.info\/funavuv\/wp\/v2\/comments?post=1050073"}],"version-history":[{"count":0,"href":"https:\/\/darkamazi.info\/funavuv\/wp\/v2\/posts\/1050073\/revisions"}],"wp:featuredmedia":[{"embeddable":true,"href":"https:\/\/darkamazi.info\/funavuv\/wp\/v2\/media\/1050075"}],"wp:attachment":[{"href":"https:\/\/darkamazi.info\/funavuv\/wp\/v2\/media?parent=1050073"}],"wp:term":[{"taxonomy":"category","embeddable":true,"href":"https:\/\/darkamazi.info\/funavuv\/wp\/v2\/categories?post=1050073"},{"taxonomy":"post_tag","embeddable":true,"href":"https:\/\/darkamazi.info\/funavuv\/wp\/v2\/tags?post=1050073"}],"curies":[{"name":"wp","href":"https:\/\/api.w.org\/{rel}","templated":true}]}}