{"id":1050077,"date":"2025-10-02T11:55:02","date_gmt":"2025-10-02T08:55:02","guid":{"rendered":"https:\/\/darkamazi.info\/?p=1050077"},"modified":"2025-10-02T11:55:02","modified_gmt":"2025-10-02T08:55:02","slug":"pasdaran-gule-li-kolberan-resandin-rebiware-38-sali-hat-kustin","status":"publish","type":"post","link":"https:\/\/darkamazi.info\/archives\/1050077","title":{"rendered":"Pasdaran gule li kolberan re\u015fandin: R\u00eabiwar\u00ea 38 sal\u00ee hat ku\u015ftin"},"content":{"rendered":"<h3 style=\"text-align: justify\"><span style=\"font-family: 'arial black', sans-serif\">H\u00eaz\u00ean ewlehiy\u00ea y\u00ean \u00ceran\u00ea li her\u00eam\u00ean s\u00eenor\u00ee y\u00ean Baney\u00ea gule li kolberan re\u015fandin \u00fb di encam\u00ea de kolberek\u00ee bi nav\u00ea R\u00eabiwar Mihemedzade can\u00ea xwe ji dest da.<\/span><\/h3>\n<h3 style=\"text-align: justify\"><span style=\"font-family: arial, helvetica, sans-serif\">R\u00eabiwar Mihemedzadey\u00ea 38 sal\u00ee, zewic\u00ee b\u00fb \u00fb bav\u00ea 2 zarokan b\u00fb \u00fb ji gund\u00ea S\u00eep\u00eedar\u00ea y\u00ea bajar\u00ea Baney\u00ea y\u00ea Rojhilat\u00ea Kurdistan\u00ea b\u00fb.<\/span><\/h3>\n<h3 style=\"text-align: justify\"><span style=\"font-family: arial, helvetica, sans-serif\">Kolberek\u00ee ku bi R\u00eabiwar Mihemedzade re b\u00fbye ji r\u00eaxistin\u00ean maf\u00ean mirovan \u00ean Rojhilat\u00ea Kurdistan\u00ea re gotiye ku h\u00eaz\u00ean \u00ceran\u00ea b\u00eay\u00ee hi\u015fyariyeke p\u00ea\u015fwext gule li wan re\u015fandine.<\/span><\/h3>\n<h3 style=\"text-align: justify\"><span style=\"font-family: arial, helvetica, sans-serif\">B\u00fbyer li s\u00eenor\u00ea S\u00fbr K\u00eaw\u00ea y\u00ea Baney\u00ea qewimiye \u00fb term\u00ea R\u00eabiwar Mihemedzade ji bo Nexwe\u015fxaneya Selahed\u00een\u00ea Ey\u00fbbiy\u00ea ya li Baney\u00ea hatiye veguhestin.<\/span><\/h3>\n<h3 style=\"text-align: justify\"><span style=\"font-family: arial, helvetica, sans-serif\">H\u00eaz\u00ean \u00ceran\u00ea 25\u00ea \u00celona 2025an j\u00ee li her\u00eam\u00ean s\u00eenor\u00ee y\u00ean Baney\u00ea gule li hejmarek kolberan re\u015fandib\u00fbn \u00fb di encam\u00ea de kolberek\u00ee bi nav\u00ea Qasim Ez\u00eez\u00ee can\u00ea xwe ji dest dab\u00fb.<\/span><\/h3>\n<h3 style=\"text-align: justify\"><span style=\"font-family: arial, helvetica, sans-serif\">Li gor\u00ee amar\u00ean Kolber News\u00ea, di 6 meh\u00ean ewil \u00ean sala 2025an de her\u00ee k\u00eam 30 kolber li Urmiye, Sine \u00fb Kirma\u015fan\u00ea hatine ku\u015ftin ku 13 ji wan bi guley\u00ean h\u00eaz\u00ean \u00ceran\u00ea b\u00fbne.<\/span><\/h3>\n","protected":false},"excerpt":{"rendered":"<p>H\u00eaz\u00ean ewlehiy\u00ea y\u00ean \u00ceran\u00ea li her\u00eam\u00ean s\u00eenor\u00ee y\u00ean Baney\u00ea gule li kolberan re\u015fandin \u00fb di encam\u00ea de kolberek\u00ee bi nav\u00ea R\u00eabiwar Mihemedzade can\u00ea xwe ji dest da. R\u00eabiwar Mihemedzadey\u00ea 38 sal\u00ee, zewic\u00ee b\u00fb \u00fb bav\u00ea 2 zarokan b\u00fb \u00fb ji gund\u00ea S\u00eep\u00eedar\u00ea y\u00ea bajar\u00ea Baney\u00ea y\u00ea Rojhilat\u00ea Kurdistan\u00ea b\u00fb. Kolberek\u00ee ku bi R\u00eabiwar Mihemedzade re [&hellip;]<\/p>\n","protected":false},"author":2,"featured_media":1050078,"comment_status":"closed","ping_status":"closed","sticky":false,"template":"","format":"standard","meta":{"footnotes":""},"categories":[29],"tags":[37],"class_list":["post-1050077","post","type-post","status-publish","format-standard","has-post-thumbnail","hentry","category-kurdistan","tag-sereke"],"blocksy_meta":[],"seo_head":"<!-- This site is optimized with the Yoast SEO plugin v27.5 - https:\/\/yoast.com\/product\/yoast-seo-wordpress\/ -->\n<title>Pasdaran gule li kolberan re\u015fandin: R\u00eabiwar\u00ea 38 sal\u00ee hat ku\u015ftin - Darka Maz\u00ee<\/title>\n<meta name=\"robots\" content=\"index, follow, max-snippet:-1, max-image-preview:large, max-video-preview:-1\" \/>\n<link rel=\"canonical\" href=\"https:\/\/darkamazi.info\/archives\/1050077\" \/>\n<meta property=\"og:locale\" content=\"en_US\" \/>\n<meta property=\"og:type\" content=\"article\" \/>\n<meta property=\"og:title\" content=\"Pasdaran gule li kolberan re\u015fandin: R\u00eabiwar\u00ea 38 sal\u00ee hat ku\u015ftin - Darka Maz\u00ee\" \/>\n<meta property=\"og:description\" content=\"H\u00eaz\u00ean ewlehiy\u00ea y\u00ean \u00ceran\u00ea li her\u00eam\u00ean s\u00eenor\u00ee y\u00ean Baney\u00ea gule li kolberan re\u015fandin \u00fb di encam\u00ea de kolberek\u00ee bi nav\u00ea R\u00eabiwar Mihemedzade can\u00ea xwe ji dest da. R\u00eabiwar Mihemedzadey\u00ea 38 sal\u00ee, zewic\u00ee b\u00fb \u00fb bav\u00ea 2 zarokan b\u00fb \u00fb ji gund\u00ea S\u00eep\u00eedar\u00ea y\u00ea bajar\u00ea Baney\u00ea y\u00ea Rojhilat\u00ea Kurdistan\u00ea b\u00fb. Kolberek\u00ee ku bi R\u00eabiwar Mihemedzade re [&hellip;]\" \/>\n<meta property=\"og:url\" content=\"https:\/\/darkamazi.info\/archives\/1050077\" \/>\n<meta property=\"og:site_name\" content=\"Darka Maz\u00ee\" \/>\n<meta property=\"article:publisher\" content=\"https:\/\/www.facebook.com\/DarMaziKurmanci\" \/>\n<meta property=\"article:published_time\" content=\"2025-10-02T08:55:02+00:00\" \/>\n<meta property=\"og:image\" content=\"https:\/\/darkamazi.info\/file\/2025\/10\/Kolber-Iran-Kurd-info.jpg\" \/>\n\t<meta property=\"og:image:width\" content=\"900\" \/>\n\t<meta property=\"og:image:height\" content=\"500\" \/>\n\t<meta property=\"og:image:type\" content=\"image\/jpeg\" \/>\n<meta name=\"author\" content=\"darka mazi\" \/>\n<meta name=\"twitter:card\" content=\"summary_large_image\" \/>\n<meta name=\"twitter:creator\" content=\"@DarkaMaziLatini\" \/>\n<meta name=\"twitter:site\" content=\"@DarkaMaziLatini\" \/>\n<meta name=\"twitter:label1\" content=\"Written by\" \/>\n\t<meta name=\"twitter:data1\" content=\"darka mazi\" \/>\n\t<meta name=\"twitter:label2\" content=\"Est. reading time\" \/>\n\t<meta name=\"twitter:data2\" content=\"1 minute\" \/>\n<script type=\"application\/ld+json\" class=\"seo-schema-graph\">{\"@context\":\"https:\\\/\\\/schema.org\",\"@graph\":[{\"@type\":\"Article\",\"@id\":\"https:\\\/\\\/darkamazi.info\\\/archives\\\/1050077#article\",\"isPartOf\":{\"@id\":\"https:\\\/\\\/darkamazi.info\\\/archives\\\/1050077\"},\"author\":{\"name\":\"darka mazi\",\"@id\":\"https:\\\/\\\/darkamazi.info\\\/#\\\/schema\\\/person\\\/5ad3e24553a0567993fa8ed4bd0a776c\"},\"headline\":\"Pasdaran gule li kolberan re\u015fandin: R\u00eabiwar\u00ea 38 sal\u00ee hat ku\u015ftin\",\"datePublished\":\"2025-10-02T08:55:02+00:00\",\"mainEntityOfPage\":{\"@id\":\"https:\\\/\\\/darkamazi.info\\\/archives\\\/1050077\"},\"wordCount\":209,\"publisher\":{\"@id\":\"https:\\\/\\\/darkamazi.info\\\/#organization\"},\"image\":{\"@id\":\"https:\\\/\\\/darkamazi.info\\\/archives\\\/1050077#primaryimage\"},\"thumbnailUrl\":\"https:\\\/\\\/darkamazi.info\\\/darka-content\\\/uploads\\\/2025\\\/10\\\/Kolber-Iran-Kurd-info.jpg\",\"keywords\":[\"sereke\"],\"articleSection\":[\"Kurdistan\"],\"inLanguage\":\"en-US\"},{\"@type\":\"WebPage\",\"@id\":\"https:\\\/\\\/darkamazi.info\\\/archives\\\/1050077\",\"url\":\"https:\\\/\\\/darkamazi.info\\\/archives\\\/1050077\",\"name\":\"Pasdaran gule li kolberan re\u015fandin: R\u00eabiwar\u00ea 38 sal\u00ee hat ku\u015ftin - Darka Maz\u00ee\",\"isPartOf\":{\"@id\":\"https:\\\/\\\/darkamazi.info\\\/#website\"},\"primaryImageOfPage\":{\"@id\":\"https:\\\/\\\/darkamazi.info\\\/archives\\\/1050077#primaryimage\"},\"image\":{\"@id\":\"https:\\\/\\\/darkamazi.info\\\/archives\\\/1050077#primaryimage\"},\"thumbnailUrl\":\"https:\\\/\\\/darkamazi.info\\\/darka-content\\\/uploads\\\/2025\\\/10\\\/Kolber-Iran-Kurd-info.jpg\",\"datePublished\":\"2025-10-02T08:55:02+00:00\",\"breadcrumb\":{\"@id\":\"https:\\\/\\\/darkamazi.info\\\/archives\\\/1050077#breadcrumb\"},\"inLanguage\":\"en-US\",\"potentialAction\":[{\"@type\":\"ReadAction\",\"target\":[\"https:\\\/\\\/darkamazi.info\\\/archives\\\/1050077\"]}]},{\"@type\":\"ImageObject\",\"inLanguage\":\"en-US\",\"@id\":\"https:\\\/\\\/darkamazi.info\\\/archives\\\/1050077#primaryimage\",\"url\":\"https:\\\/\\\/darkamazi.info\\\/darka-content\\\/uploads\\\/2025\\\/10\\\/Kolber-Iran-Kurd-info.jpg\",\"contentUrl\":\"https:\\\/\\\/darkamazi.info\\\/darka-content\\\/uploads\\\/2025\\\/10\\\/Kolber-Iran-Kurd-info.jpg\",\"width\":900,\"height\":500,\"caption\":\"Kolber-Iran-Kurd-net\"},{\"@type\":\"BreadcrumbList\",\"@id\":\"https:\\\/\\\/darkamazi.info\\\/archives\\\/1050077#breadcrumb\",\"itemListElement\":[{\"@type\":\"ListItem\",\"position\":1,\"name\":\"Home\",\"item\":\"https:\\\/\\\/darkamazi.info\\\/\"},{\"@type\":\"ListItem\",\"position\":2,\"name\":\"Pasdaran gule li kolberan re\u015fandin: R\u00eabiwar\u00ea 38 sal\u00ee hat ku\u015ftin\"}]},{\"@type\":\"WebSite\",\"@id\":\"https:\\\/\\\/darkamazi.info\\\/#website\",\"url\":\"https:\\\/\\\/darkamazi.info\\\/\",\"name\":\"Darka Maz\u00ee\",\"description\":\"P\u00eageha Zanyariy\u00ean Nebih\u00eest\u00ee\",\"publisher\":{\"@id\":\"https:\\\/\\\/darkamazi.info\\\/#organization\"},\"potentialAction\":[{\"@type\":\"SearchAction\",\"target\":{\"@type\":\"EntryPoint\",\"urlTemplate\":\"https:\\\/\\\/darkamazi.info\\\/?s={search_term_string}\"},\"query-input\":{\"@type\":\"PropertyValueSpecification\",\"valueRequired\":true,\"valueName\":\"search_term_string\"}}],\"inLanguage\":\"en-US\"},{\"@type\":\"Organization\",\"@id\":\"https:\\\/\\\/darkamazi.info\\\/#organization\",\"name\":\"Darka Maz\u00ee\",\"url\":\"https:\\\/\\\/darkamazi.info\\\/\",\"logo\":{\"@type\":\"ImageObject\",\"inLanguage\":\"en-US\",\"@id\":\"https:\\\/\\\/darkamazi.info\\\/#\\\/schema\\\/logo\\\/image\\\/\",\"url\":\"https:\\\/\\\/darkamazi.info\\\/darka-content\\\/uploads\\\/2017\\\/12\\\/darka-mazi-logo.png\",\"contentUrl\":\"https:\\\/\\\/darkamazi.info\\\/darka-content\\\/uploads\\\/2017\\\/12\\\/darka-mazi-logo.png\",\"width\":151,\"height\":75,\"caption\":\"Darka Maz\u00ee\"},\"image\":{\"@id\":\"https:\\\/\\\/darkamazi.info\\\/#\\\/schema\\\/logo\\\/image\\\/\"},\"sameAs\":[\"https:\\\/\\\/www.facebook.com\\\/DarMaziKurmanci\",\"https:\\\/\\\/x.com\\\/DarkaMaziLatini\",\"https:\\\/\\\/www.instagram.com\\\/darkamazi.kurmanci\\\/\",\"https:\\\/\\\/www.youtube.com\\\/channel\\\/UCa5HkTdmI8U1qCUFuTw8B2g\"]},{\"@type\":\"Person\",\"@id\":\"https:\\\/\\\/darkamazi.info\\\/#\\\/schema\\\/person\\\/5ad3e24553a0567993fa8ed4bd0a776c\",\"name\":\"darka mazi\",\"sameAs\":[\"https:\\\/\\\/darkamazi.info\\\/\"],\"url\":\"https:\\\/\\\/darkamazi.info\\\/archives\\\/author\\\/kurdi\"}]}<\/script>\n<!-- \/ Yoast SEO plugin. -->","seo_head_json":{"title":"Pasdaran gule li kolberan re\u015fandin: R\u00eabiwar\u00ea 38 sal\u00ee hat ku\u015ftin - Darka Maz\u00ee","robots":{"index":"index","follow":"follow","max-snippet":"max-snippet:-1","max-image-preview":"max-image-preview:large","max-video-preview":"max-video-preview:-1"},"canonical":"https:\/\/darkamazi.info\/archives\/1050077","og_locale":"en_US","og_type":"article","og_title":"Pasdaran gule li kolberan re\u015fandin: R\u00eabiwar\u00ea 38 sal\u00ee hat ku\u015ftin - Darka Maz\u00ee","og_description":"H\u00eaz\u00ean ewlehiy\u00ea y\u00ean \u00ceran\u00ea li her\u00eam\u00ean s\u00eenor\u00ee y\u00ean Baney\u00ea gule li kolberan re\u015fandin \u00fb di encam\u00ea de kolberek\u00ee bi nav\u00ea R\u00eabiwar Mihemedzade can\u00ea xwe ji dest da. R\u00eabiwar Mihemedzadey\u00ea 38 sal\u00ee, zewic\u00ee b\u00fb \u00fb bav\u00ea 2 zarokan b\u00fb \u00fb ji gund\u00ea S\u00eep\u00eedar\u00ea y\u00ea bajar\u00ea Baney\u00ea y\u00ea Rojhilat\u00ea Kurdistan\u00ea b\u00fb. Kolberek\u00ee ku bi R\u00eabiwar Mihemedzade re [&hellip;]","og_url":"https:\/\/darkamazi.info\/archives\/1050077","og_site_name":"Darka Maz\u00ee","article_publisher":"https:\/\/www.facebook.com\/DarMaziKurmanci","article_published_time":"2025-10-02T08:55:02+00:00","og_image":[{"width":900,"height":500,"url":"https:\/\/darkamazi.info\/file\/2025\/10\/Kolber-Iran-Kurd-info.jpg","type":"image\/jpeg"}],"author":"darka mazi","twitter_card":"summary_large_image","twitter_creator":"@DarkaMaziLatini","twitter_site":"@DarkaMaziLatini","twitter_misc":{"Written by":"darka mazi","Est. reading time":"1 minute"},"schema":{"@context":"https:\/\/schema.org","@graph":[{"@type":"Article","@id":"https:\/\/darkamazi.info\/archives\/1050077#article","isPartOf":{"@id":"https:\/\/darkamazi.info\/archives\/1050077"},"author":{"name":"darka mazi","@id":"https:\/\/darkamazi.info\/#\/schema\/person\/5ad3e24553a0567993fa8ed4bd0a776c"},"headline":"Pasdaran gule li kolberan re\u015fandin: R\u00eabiwar\u00ea 38 sal\u00ee hat ku\u015ftin","datePublished":"2025-10-02T08:55:02+00:00","mainEntityOfPage":{"@id":"https:\/\/darkamazi.info\/archives\/1050077"},"wordCount":209,"publisher":{"@id":"https:\/\/darkamazi.info\/#organization"},"image":{"@id":"https:\/\/darkamazi.info\/archives\/1050077#primaryimage"},"thumbnailUrl":"https:\/\/darkamazi.info\/file\/2025\/10\/Kolber-Iran-Kurd-info.jpg","keywords":["sereke"],"articleSection":["Kurdistan"],"inLanguage":"en-US"},{"@type":"WebPage","@id":"https:\/\/darkamazi.info\/archives\/1050077","url":"https:\/\/darkamazi.info\/archives\/1050077","name":"Pasdaran gule li kolberan re\u015fandin: R\u00eabiwar\u00ea 38 sal\u00ee hat ku\u015ftin - Darka Maz\u00ee","isPartOf":{"@id":"https:\/\/darkamazi.info\/#website"},"primaryImageOfPage":{"@id":"https:\/\/darkamazi.info\/archives\/1050077#primaryimage"},"image":{"@id":"https:\/\/darkamazi.info\/archives\/1050077#primaryimage"},"thumbnailUrl":"https:\/\/darkamazi.info\/file\/2025\/10\/Kolber-Iran-Kurd-info.jpg","datePublished":"2025-10-02T08:55:02+00:00","breadcrumb":{"@id":"https:\/\/darkamazi.info\/archives\/1050077#breadcrumb"},"inLanguage":"en-US","potentialAction":[{"@type":"ReadAction","target":["https:\/\/darkamazi.info\/archives\/1050077"]}]},{"@type":"ImageObject","inLanguage":"en-US","@id":"https:\/\/darkamazi.info\/archives\/1050077#primaryimage","url":"https:\/\/darkamazi.info\/file\/2025\/10\/Kolber-Iran-Kurd-info.jpg","contentUrl":"https:\/\/darkamazi.info\/file\/2025\/10\/Kolber-Iran-Kurd-info.jpg","width":900,"height":500,"caption":"Kolber-Iran-Kurd-net"},{"@type":"BreadcrumbList","@id":"https:\/\/darkamazi.info\/archives\/1050077#breadcrumb","itemListElement":[{"@type":"ListItem","position":1,"name":"Home","item":"https:\/\/darkamazi.info\/"},{"@type":"ListItem","position":2,"name":"Pasdaran gule li kolberan re\u015fandin: R\u00eabiwar\u00ea 38 sal\u00ee hat ku\u015ftin"}]},{"@type":"WebSite","@id":"https:\/\/darkamazi.info\/#website","url":"https:\/\/darkamazi.info\/","name":"Darka Maz\u00ee","description":"P\u00eageha Zanyariy\u00ean Nebih\u00eest\u00ee","publisher":{"@id":"https:\/\/darkamazi.info\/#organization"},"potentialAction":[{"@type":"SearchAction","target":{"@type":"EntryPoint","urlTemplate":"https:\/\/darkamazi.info\/?s={search_term_string}"},"query-input":{"@type":"PropertyValueSpecification","valueRequired":true,"valueName":"search_term_string"}}],"inLanguage":"en-US"},{"@type":"Organization","@id":"https:\/\/darkamazi.info\/#organization","name":"Darka Maz\u00ee","url":"https:\/\/darkamazi.info\/","logo":{"@type":"ImageObject","inLanguage":"en-US","@id":"https:\/\/darkamazi.info\/#\/schema\/logo\/image\/","url":"https:\/\/darkamazi.info\/file\/2017\/12\/darka-mazi-logo.png","contentUrl":"https:\/\/darkamazi.info\/file\/2017\/12\/darka-mazi-logo.png","width":151,"height":75,"caption":"Darka Maz\u00ee"},"image":{"@id":"https:\/\/darkamazi.info\/#\/schema\/logo\/image\/"},"sameAs":["https:\/\/www.facebook.com\/DarMaziKurmanci","https:\/\/x.com\/DarkaMaziLatini","https:\/\/www.instagram.com\/darkamazi.kurmanci\/","https:\/\/www.youtube.com\/channel\/UCa5HkTdmI8U1qCUFuTw8B2g"]},{"@type":"Person","@id":"https:\/\/darkamazi.info\/#\/schema\/person\/5ad3e24553a0567993fa8ed4bd0a776c","name":"darka mazi","sameAs":["https:\/\/darkamazi.info\/"],"url":"https:\/\/darkamazi.info\/archives\/author\/kurdi"}]}},"_links":{"self":[{"href":"https:\/\/darkamazi.info\/funavuv\/wp\/v2\/posts\/1050077","targetHints":{"allow":["GET"]}}],"collection":[{"href":"https:\/\/darkamazi.info\/funavuv\/wp\/v2\/posts"}],"about":[{"href":"https:\/\/darkamazi.info\/funavuv\/wp\/v2\/types\/post"}],"author":[{"embeddable":true,"href":"https:\/\/darkamazi.info\/funavuv\/wp\/v2\/users\/2"}],"replies":[{"embeddable":true,"href":"https:\/\/darkamazi.info\/funavuv\/wp\/v2\/comments?post=1050077"}],"version-history":[{"count":0,"href":"https:\/\/darkamazi.info\/funavuv\/wp\/v2\/posts\/1050077\/revisions"}],"wp:featuredmedia":[{"embeddable":true,"href":"https:\/\/darkamazi.info\/funavuv\/wp\/v2\/media\/1050078"}],"wp:attachment":[{"href":"https:\/\/darkamazi.info\/funavuv\/wp\/v2\/media?parent=1050077"}],"wp:term":[{"taxonomy":"category","embeddable":true,"href":"https:\/\/darkamazi.info\/funavuv\/wp\/v2\/categories?post=1050077"},{"taxonomy":"post_tag","embeddable":true,"href":"https:\/\/darkamazi.info\/funavuv\/wp\/v2\/tags?post=1050077"}],"curies":[{"name":"wp","href":"https:\/\/api.w.org\/{rel}","templated":true}]}}