{"id":1050081,"date":"2025-10-02T18:21:09","date_gmt":"2025-10-02T15:21:09","guid":{"rendered":"https:\/\/darkamazi.info\/?p=1050081"},"modified":"2025-10-02T18:23:37","modified_gmt":"2025-10-02T15:23:37","slug":"felsefeya-abdulla-ocalan-ye-ku-bi-hezaran-ciwanen-kurdan-dayne-kustin-ci-ye","status":"publish","type":"post","link":"https:\/\/darkamazi.info\/archives\/1050081","title":{"rendered":"Felsefeya Abdulla Ocalan y\u00ea ku bi hezaran Ciwan\u00ean Kurdan dayne ku\u015ftin \u00e7\u00ee ye?"},"content":{"rendered":"<h3 style=\"text-align: justify\"><span style=\"font-family: 'arial black', sans-serif\">Abdulla Ocalan 27 salan ber\u00ea li mekteba navend\u00eeya PKK\u00ea ya li \u015eam\u00ea ji ciwan\u00ean Kurdan re digo: Y\u00ean ku nikarin dijmin\u00ean xwe t\u00eak bibin, div\u00ea ew bimirin, ev Felsefeya min e.<\/span><\/h3>\n<h3 style=\"text-align: justify\"><span style=\"font-family: 'arial black', sans-serif;color: #8c0808\">Y\u00ean ku nikarin dijimn\u00ean xwe t\u00eak bibin, div\u00ea ew bimirin<\/span><\/h3>\n<h3 style=\"text-align: justify\"><span style=\"font-family: arial, helvetica, sans-serif\">Ocalan di axaftina xwe de ku li 24 Gulana 1998\u00ea ji komeke ciwan\u00ean Kurdan re di xuleke perwerdey\u00ea de li \u015eam\u00ea kirb\u00fb, digo: \u201cHer \u00e7end dijimin pir mezin be j\u00ee, dibe ku mirov li dij\u00ee v\u00ee dijimn\u00ee, b\u00ear\u00eaz\u00eekirin \u00fb neheqiya her\u00ee mezin be. Mirov dikare wisa bib\u00eaje, l\u00ea b\u00ea guman, ev ne raya mine. Bi ya min, y\u00ean ku nikarin dijimn\u00ean xwe t\u00eak bibin, div\u00ea bimirin. Ev felsefeya mine\u201d.<\/span><\/h3>\n<h3 style=\"text-align: justify\"><span style=\"font-family: 'arial black', sans-serif;color: #8c0808\">Apo \u00e7ima Felsefeya xwe li ser xwe bi xwe bi c\u00eeh nekir?<\/span><\/h3>\n<h3 style=\"text-align: justify\"><span style=\"font-family: arial, helvetica, sans-serif\">Bi rast\u00ee j\u00ee ev Felsefeya Ocalan e, \u00eero 27 sal li ser va gotin\u00ean Ocalan derbas dibin, \u00eero bi zelal\u00ee ev Felsefeya Ocalan ji boy her Kurdek\u00ee a\u015fkere b\u00fbye, Ocalan ne ten\u00ea dijmin\u00ea xwe t\u00eak nebir, pi\u015ft\u00ee v\u00ea gotina xwe bi salek\u00ea hat girtin \u00fb w\u00ee di yekem berxwedana xwe de got: \u201cDiya min Tirk e ez dixwazim xizmeta Tirkiyey\u00ea bikim\u201d.<\/span><\/h3>\n<h3 style=\"text-align: justify\"><span style=\"font-family: arial, helvetica, sans-serif\">Ocalan bi rast\u00ee j\u00ee xizmeta dijimin kir, 26 salan ji \u00cemraliy\u00ea ev xizmet kir \u00fb ya her\u00ee daw\u00ee tesl\u00eemiyeta tam b\u00fb, pi\u015ft\u00ee ku partiya xwe hilwe\u015fand\u00ee \u00fb j\u00ea re got\u00ee: \u201cMod\u00eala we nema, xwe fesix bikin, \u00e7ekan deynin \u00fb ji Kurdan re j\u00ee got p\u00eaw\u00eest\u00eeya we bi dewlet\u00ea, xweseriy\u00ea \u00fb xwer\u00eavebirin\u00ea n\u00eene, r\u00eabaz \u00fb \u00e7areser\u00ee Neteweya Demokrat\u00eeke, anko kerem bikin di nava Tirkan de asm\u00eele bibin\u201d.<\/span><\/h3>\n<h3 style=\"text-align: justify\"><span style=\"font-family: 'arial black', sans-serif\">Ba\u015fe..<\/span><\/h3>\n<h3 style=\"text-align: justify\"><span style=\"font-family: 'arial black', sans-serif\">Apo \u00e7ima Felsefeya xwe li ser xwe bi xwe bi c\u00eeh nekir?<\/span><\/h3>\n<h3 style=\"text-align: justify\"><span style=\"font-family: 'arial black', sans-serif\">\u00c7ima li ser dijmin serneket?<\/span><\/h3>\n<h3 style=\"text-align: justify\"><span style=\"font-family: 'arial black', sans-serif\">\u00c7ima nikar\u00ee serbikeve?<\/span><\/h3>\n<h3 style=\"text-align: justify\"><span style=\"font-family: 'arial black', sans-serif\">\u00db \u00e7ima ciwan\u00ean Kurdan bi koman di av\u00eatin ber dijmin\u00ea hov \u00fb ber\u00ea wan da mirin\u00ea?<\/span><\/h3>\n<h3 style=\"text-align: justify\"><span style=\"font-family: arial, helvetica, sans-serif\">Ya rast Felsefeya Apo Felsefeya dane ku\u015ftina ciwan\u00ean Kurdan b\u00fb ne Felsefeya dane jiyan kirina wan, ew tesl\u00eem b\u00fb \u00fb di 26 sal\u00ean rab\u00fbr\u00ee de ji \u00cemraliy\u00ea ferman dida \u00fb kom\u00ean ciwan\u00ean Kurdan di av\u00eatin ber dijmin\u00ea hov \u00fb j\u00ea re digo ev dijmin\u00ea weye d\u00ea yela serkevin, w\u00ee pir bi b\u00ea rehm\u00ee ber\u00ea ke\u00e7 \u00fb xort\u00ean Kurdan dida mirin\u00ea. Serketina ku w\u00ee qala w\u00ea dikir, dixwest bi r\u00eeya zarokan dest bixe.<\/span><\/h3>\n","protected":false},"excerpt":{"rendered":"<p>Abdulla Ocalan 27 salan ber\u00ea li mekteba navend\u00eeya PKK\u00ea ya li \u015eam\u00ea ji ciwan\u00ean Kurdan re digo: Y\u00ean ku nikarin dijmin\u00ean xwe t\u00eak bibin, div\u00ea ew bimirin, ev Felsefeya min e. Y\u00ean ku nikarin dijimn\u00ean xwe t\u00eak bibin, div\u00ea ew bimirin Ocalan di axaftina xwe de ku li 24 Gulana 1998\u00ea ji komeke ciwan\u00ean Kurdan [&hellip;]<\/p>\n","protected":false},"author":2,"featured_media":1050082,"comment_status":"closed","ping_status":"closed","sticky":false,"template":"","format":"standard","meta":{"footnotes":""},"categories":[68],"tags":[44,37],"class_list":["post-1050081","post","type-post","status-publish","format-standard","has-post-thumbnail","hentry","category-analiz","tag-ocelan","tag-sereke"],"blocksy_meta":[],"seo_head":"<!-- This site is optimized with the Yoast SEO plugin v27.5 - https:\/\/yoast.com\/product\/yoast-seo-wordpress\/ -->\n<title>Felsefeya Abdulla Ocalan y\u00ea ku bi hezaran Ciwan\u00ean Kurdan dayne ku\u015ftin \u00e7\u00ee ye? - Darka Maz\u00ee<\/title>\n<meta name=\"robots\" content=\"index, follow, max-snippet:-1, max-image-preview:large, max-video-preview:-1\" \/>\n<link rel=\"canonical\" href=\"https:\/\/darkamazi.info\/archives\/1050081\" \/>\n<meta property=\"og:locale\" content=\"en_US\" \/>\n<meta property=\"og:type\" content=\"article\" \/>\n<meta property=\"og:title\" content=\"Felsefeya Abdulla Ocalan y\u00ea ku bi hezaran Ciwan\u00ean Kurdan dayne ku\u015ftin \u00e7\u00ee ye? - Darka Maz\u00ee\" \/>\n<meta property=\"og:description\" content=\"Abdulla Ocalan 27 salan ber\u00ea li mekteba navend\u00eeya PKK\u00ea ya li \u015eam\u00ea ji ciwan\u00ean Kurdan re digo: Y\u00ean ku nikarin dijmin\u00ean xwe t\u00eak bibin, div\u00ea ew bimirin, ev Felsefeya min e. Y\u00ean ku nikarin dijimn\u00ean xwe t\u00eak bibin, div\u00ea ew bimirin Ocalan di axaftina xwe de ku li 24 Gulana 1998\u00ea ji komeke ciwan\u00ean Kurdan [&hellip;]\" \/>\n<meta property=\"og:url\" content=\"https:\/\/darkamazi.info\/archives\/1050081\" \/>\n<meta property=\"og:site_name\" content=\"Darka Maz\u00ee\" \/>\n<meta property=\"article:publisher\" content=\"https:\/\/www.facebook.com\/DarMaziKurmanci\" \/>\n<meta property=\"article:published_time\" content=\"2025-10-02T15:21:09+00:00\" \/>\n<meta property=\"article:modified_time\" content=\"2025-10-02T15:23:37+00:00\" \/>\n<meta property=\"og:image\" content=\"https:\/\/darkamazi.info\/file\/2025\/10\/Felsefa-Ocalan-Info.jpg\" \/>\n\t<meta property=\"og:image:width\" content=\"900\" \/>\n\t<meta property=\"og:image:height\" content=\"500\" \/>\n\t<meta property=\"og:image:type\" content=\"image\/jpeg\" \/>\n<meta name=\"author\" content=\"darka mazi\" \/>\n<meta name=\"twitter:card\" content=\"summary_large_image\" \/>\n<meta name=\"twitter:creator\" content=\"@DarkaMaziLatini\" \/>\n<meta name=\"twitter:site\" content=\"@DarkaMaziLatini\" \/>\n<meta name=\"twitter:label1\" content=\"Written by\" \/>\n\t<meta name=\"twitter:data1\" content=\"darka mazi\" \/>\n\t<meta name=\"twitter:label2\" content=\"Est. reading time\" \/>\n\t<meta name=\"twitter:data2\" content=\"2 minutes\" \/>\n<script type=\"application\/ld+json\" class=\"seo-schema-graph\">{\"@context\":\"https:\\\/\\\/schema.org\",\"@graph\":[{\"@type\":\"Article\",\"@id\":\"https:\\\/\\\/darkamazi.info\\\/archives\\\/1050081#article\",\"isPartOf\":{\"@id\":\"https:\\\/\\\/darkamazi.info\\\/archives\\\/1050081\"},\"author\":{\"name\":\"darka mazi\",\"@id\":\"https:\\\/\\\/darkamazi.info\\\/#\\\/schema\\\/person\\\/5ad3e24553a0567993fa8ed4bd0a776c\"},\"headline\":\"Felsefeya Abdulla Ocalan y\u00ea ku bi hezaran Ciwan\u00ean Kurdan dayne ku\u015ftin \u00e7\u00ee ye?\",\"datePublished\":\"2025-10-02T15:21:09+00:00\",\"dateModified\":\"2025-10-02T15:23:37+00:00\",\"mainEntityOfPage\":{\"@id\":\"https:\\\/\\\/darkamazi.info\\\/archives\\\/1050081\"},\"wordCount\":401,\"publisher\":{\"@id\":\"https:\\\/\\\/darkamazi.info\\\/#organization\"},\"image\":{\"@id\":\"https:\\\/\\\/darkamazi.info\\\/archives\\\/1050081#primaryimage\"},\"thumbnailUrl\":\"https:\\\/\\\/darkamazi.info\\\/darka-content\\\/uploads\\\/2025\\\/10\\\/Felsefa-Ocalan-Info.jpg\",\"keywords\":[\"Ocelan\",\"sereke\"],\"articleSection\":[\"Anal\u00eez\"],\"inLanguage\":\"en-US\"},{\"@type\":\"WebPage\",\"@id\":\"https:\\\/\\\/darkamazi.info\\\/archives\\\/1050081\",\"url\":\"https:\\\/\\\/darkamazi.info\\\/archives\\\/1050081\",\"name\":\"Felsefeya Abdulla Ocalan y\u00ea ku bi hezaran Ciwan\u00ean Kurdan dayne ku\u015ftin \u00e7\u00ee ye? - Darka Maz\u00ee\",\"isPartOf\":{\"@id\":\"https:\\\/\\\/darkamazi.info\\\/#website\"},\"primaryImageOfPage\":{\"@id\":\"https:\\\/\\\/darkamazi.info\\\/archives\\\/1050081#primaryimage\"},\"image\":{\"@id\":\"https:\\\/\\\/darkamazi.info\\\/archives\\\/1050081#primaryimage\"},\"thumbnailUrl\":\"https:\\\/\\\/darkamazi.info\\\/darka-content\\\/uploads\\\/2025\\\/10\\\/Felsefa-Ocalan-Info.jpg\",\"datePublished\":\"2025-10-02T15:21:09+00:00\",\"dateModified\":\"2025-10-02T15:23:37+00:00\",\"breadcrumb\":{\"@id\":\"https:\\\/\\\/darkamazi.info\\\/archives\\\/1050081#breadcrumb\"},\"inLanguage\":\"en-US\",\"potentialAction\":[{\"@type\":\"ReadAction\",\"target\":[\"https:\\\/\\\/darkamazi.info\\\/archives\\\/1050081\"]}]},{\"@type\":\"ImageObject\",\"inLanguage\":\"en-US\",\"@id\":\"https:\\\/\\\/darkamazi.info\\\/archives\\\/1050081#primaryimage\",\"url\":\"https:\\\/\\\/darkamazi.info\\\/darka-content\\\/uploads\\\/2025\\\/10\\\/Felsefa-Ocalan-Info.jpg\",\"contentUrl\":\"https:\\\/\\\/darkamazi.info\\\/darka-content\\\/uploads\\\/2025\\\/10\\\/Felsefa-Ocalan-Info.jpg\",\"width\":900,\"height\":500,\"caption\":\"Felsefa Ocalan-Info\"},{\"@type\":\"BreadcrumbList\",\"@id\":\"https:\\\/\\\/darkamazi.info\\\/archives\\\/1050081#breadcrumb\",\"itemListElement\":[{\"@type\":\"ListItem\",\"position\":1,\"name\":\"Home\",\"item\":\"https:\\\/\\\/darkamazi.info\\\/\"},{\"@type\":\"ListItem\",\"position\":2,\"name\":\"Felsefeya Abdulla Ocalan y\u00ea ku bi hezaran Ciwan\u00ean Kurdan dayne ku\u015ftin \u00e7\u00ee ye?\"}]},{\"@type\":\"WebSite\",\"@id\":\"https:\\\/\\\/darkamazi.info\\\/#website\",\"url\":\"https:\\\/\\\/darkamazi.info\\\/\",\"name\":\"Darka Maz\u00ee\",\"description\":\"P\u00eageha Zanyariy\u00ean Nebih\u00eest\u00ee\",\"publisher\":{\"@id\":\"https:\\\/\\\/darkamazi.info\\\/#organization\"},\"potentialAction\":[{\"@type\":\"SearchAction\",\"target\":{\"@type\":\"EntryPoint\",\"urlTemplate\":\"https:\\\/\\\/darkamazi.info\\\/?s={search_term_string}\"},\"query-input\":{\"@type\":\"PropertyValueSpecification\",\"valueRequired\":true,\"valueName\":\"search_term_string\"}}],\"inLanguage\":\"en-US\"},{\"@type\":\"Organization\",\"@id\":\"https:\\\/\\\/darkamazi.info\\\/#organization\",\"name\":\"Darka Maz\u00ee\",\"url\":\"https:\\\/\\\/darkamazi.info\\\/\",\"logo\":{\"@type\":\"ImageObject\",\"inLanguage\":\"en-US\",\"@id\":\"https:\\\/\\\/darkamazi.info\\\/#\\\/schema\\\/logo\\\/image\\\/\",\"url\":\"https:\\\/\\\/darkamazi.info\\\/darka-content\\\/uploads\\\/2017\\\/12\\\/darka-mazi-logo.png\",\"contentUrl\":\"https:\\\/\\\/darkamazi.info\\\/darka-content\\\/uploads\\\/2017\\\/12\\\/darka-mazi-logo.png\",\"width\":151,\"height\":75,\"caption\":\"Darka Maz\u00ee\"},\"image\":{\"@id\":\"https:\\\/\\\/darkamazi.info\\\/#\\\/schema\\\/logo\\\/image\\\/\"},\"sameAs\":[\"https:\\\/\\\/www.facebook.com\\\/DarMaziKurmanci\",\"https:\\\/\\\/x.com\\\/DarkaMaziLatini\",\"https:\\\/\\\/www.instagram.com\\\/darkamazi.kurmanci\\\/\",\"https:\\\/\\\/www.youtube.com\\\/channel\\\/UCa5HkTdmI8U1qCUFuTw8B2g\"]},{\"@type\":\"Person\",\"@id\":\"https:\\\/\\\/darkamazi.info\\\/#\\\/schema\\\/person\\\/5ad3e24553a0567993fa8ed4bd0a776c\",\"name\":\"darka mazi\",\"sameAs\":[\"https:\\\/\\\/darkamazi.info\\\/\"],\"url\":\"https:\\\/\\\/darkamazi.info\\\/archives\\\/author\\\/kurdi\"}]}<\/script>\n<!-- \/ Yoast SEO plugin. -->","seo_head_json":{"title":"Felsefeya Abdulla Ocalan y\u00ea ku bi hezaran Ciwan\u00ean Kurdan dayne ku\u015ftin \u00e7\u00ee ye? - Darka Maz\u00ee","robots":{"index":"index","follow":"follow","max-snippet":"max-snippet:-1","max-image-preview":"max-image-preview:large","max-video-preview":"max-video-preview:-1"},"canonical":"https:\/\/darkamazi.info\/archives\/1050081","og_locale":"en_US","og_type":"article","og_title":"Felsefeya Abdulla Ocalan y\u00ea ku bi hezaran Ciwan\u00ean Kurdan dayne ku\u015ftin \u00e7\u00ee ye? - Darka Maz\u00ee","og_description":"Abdulla Ocalan 27 salan ber\u00ea li mekteba navend\u00eeya PKK\u00ea ya li \u015eam\u00ea ji ciwan\u00ean Kurdan re digo: Y\u00ean ku nikarin dijmin\u00ean xwe t\u00eak bibin, div\u00ea ew bimirin, ev Felsefeya min e. Y\u00ean ku nikarin dijimn\u00ean xwe t\u00eak bibin, div\u00ea ew bimirin Ocalan di axaftina xwe de ku li 24 Gulana 1998\u00ea ji komeke ciwan\u00ean Kurdan [&hellip;]","og_url":"https:\/\/darkamazi.info\/archives\/1050081","og_site_name":"Darka Maz\u00ee","article_publisher":"https:\/\/www.facebook.com\/DarMaziKurmanci","article_published_time":"2025-10-02T15:21:09+00:00","article_modified_time":"2025-10-02T15:23:37+00:00","og_image":[{"width":900,"height":500,"url":"https:\/\/darkamazi.info\/file\/2025\/10\/Felsefa-Ocalan-Info.jpg","type":"image\/jpeg"}],"author":"darka mazi","twitter_card":"summary_large_image","twitter_creator":"@DarkaMaziLatini","twitter_site":"@DarkaMaziLatini","twitter_misc":{"Written by":"darka mazi","Est. reading time":"2 minutes"},"schema":{"@context":"https:\/\/schema.org","@graph":[{"@type":"Article","@id":"https:\/\/darkamazi.info\/archives\/1050081#article","isPartOf":{"@id":"https:\/\/darkamazi.info\/archives\/1050081"},"author":{"name":"darka mazi","@id":"https:\/\/darkamazi.info\/#\/schema\/person\/5ad3e24553a0567993fa8ed4bd0a776c"},"headline":"Felsefeya Abdulla Ocalan y\u00ea ku bi hezaran Ciwan\u00ean Kurdan dayne ku\u015ftin \u00e7\u00ee ye?","datePublished":"2025-10-02T15:21:09+00:00","dateModified":"2025-10-02T15:23:37+00:00","mainEntityOfPage":{"@id":"https:\/\/darkamazi.info\/archives\/1050081"},"wordCount":401,"publisher":{"@id":"https:\/\/darkamazi.info\/#organization"},"image":{"@id":"https:\/\/darkamazi.info\/archives\/1050081#primaryimage"},"thumbnailUrl":"https:\/\/darkamazi.info\/file\/2025\/10\/Felsefa-Ocalan-Info.jpg","keywords":["Ocelan","sereke"],"articleSection":["Anal\u00eez"],"inLanguage":"en-US"},{"@type":"WebPage","@id":"https:\/\/darkamazi.info\/archives\/1050081","url":"https:\/\/darkamazi.info\/archives\/1050081","name":"Felsefeya Abdulla Ocalan y\u00ea ku bi hezaran Ciwan\u00ean Kurdan dayne ku\u015ftin \u00e7\u00ee ye? - Darka Maz\u00ee","isPartOf":{"@id":"https:\/\/darkamazi.info\/#website"},"primaryImageOfPage":{"@id":"https:\/\/darkamazi.info\/archives\/1050081#primaryimage"},"image":{"@id":"https:\/\/darkamazi.info\/archives\/1050081#primaryimage"},"thumbnailUrl":"https:\/\/darkamazi.info\/file\/2025\/10\/Felsefa-Ocalan-Info.jpg","datePublished":"2025-10-02T15:21:09+00:00","dateModified":"2025-10-02T15:23:37+00:00","breadcrumb":{"@id":"https:\/\/darkamazi.info\/archives\/1050081#breadcrumb"},"inLanguage":"en-US","potentialAction":[{"@type":"ReadAction","target":["https:\/\/darkamazi.info\/archives\/1050081"]}]},{"@type":"ImageObject","inLanguage":"en-US","@id":"https:\/\/darkamazi.info\/archives\/1050081#primaryimage","url":"https:\/\/darkamazi.info\/file\/2025\/10\/Felsefa-Ocalan-Info.jpg","contentUrl":"https:\/\/darkamazi.info\/file\/2025\/10\/Felsefa-Ocalan-Info.jpg","width":900,"height":500,"caption":"Felsefa Ocalan-Info"},{"@type":"BreadcrumbList","@id":"https:\/\/darkamazi.info\/archives\/1050081#breadcrumb","itemListElement":[{"@type":"ListItem","position":1,"name":"Home","item":"https:\/\/darkamazi.info\/"},{"@type":"ListItem","position":2,"name":"Felsefeya Abdulla Ocalan y\u00ea ku bi hezaran Ciwan\u00ean Kurdan dayne ku\u015ftin \u00e7\u00ee ye?"}]},{"@type":"WebSite","@id":"https:\/\/darkamazi.info\/#website","url":"https:\/\/darkamazi.info\/","name":"Darka Maz\u00ee","description":"P\u00eageha Zanyariy\u00ean Nebih\u00eest\u00ee","publisher":{"@id":"https:\/\/darkamazi.info\/#organization"},"potentialAction":[{"@type":"SearchAction","target":{"@type":"EntryPoint","urlTemplate":"https:\/\/darkamazi.info\/?s={search_term_string}"},"query-input":{"@type":"PropertyValueSpecification","valueRequired":true,"valueName":"search_term_string"}}],"inLanguage":"en-US"},{"@type":"Organization","@id":"https:\/\/darkamazi.info\/#organization","name":"Darka Maz\u00ee","url":"https:\/\/darkamazi.info\/","logo":{"@type":"ImageObject","inLanguage":"en-US","@id":"https:\/\/darkamazi.info\/#\/schema\/logo\/image\/","url":"https:\/\/darkamazi.info\/file\/2017\/12\/darka-mazi-logo.png","contentUrl":"https:\/\/darkamazi.info\/file\/2017\/12\/darka-mazi-logo.png","width":151,"height":75,"caption":"Darka Maz\u00ee"},"image":{"@id":"https:\/\/darkamazi.info\/#\/schema\/logo\/image\/"},"sameAs":["https:\/\/www.facebook.com\/DarMaziKurmanci","https:\/\/x.com\/DarkaMaziLatini","https:\/\/www.instagram.com\/darkamazi.kurmanci\/","https:\/\/www.youtube.com\/channel\/UCa5HkTdmI8U1qCUFuTw8B2g"]},{"@type":"Person","@id":"https:\/\/darkamazi.info\/#\/schema\/person\/5ad3e24553a0567993fa8ed4bd0a776c","name":"darka mazi","sameAs":["https:\/\/darkamazi.info\/"],"url":"https:\/\/darkamazi.info\/archives\/author\/kurdi"}]}},"_links":{"self":[{"href":"https:\/\/darkamazi.info\/funavuv\/wp\/v2\/posts\/1050081","targetHints":{"allow":["GET"]}}],"collection":[{"href":"https:\/\/darkamazi.info\/funavuv\/wp\/v2\/posts"}],"about":[{"href":"https:\/\/darkamazi.info\/funavuv\/wp\/v2\/types\/post"}],"author":[{"embeddable":true,"href":"https:\/\/darkamazi.info\/funavuv\/wp\/v2\/users\/2"}],"replies":[{"embeddable":true,"href":"https:\/\/darkamazi.info\/funavuv\/wp\/v2\/comments?post=1050081"}],"version-history":[{"count":0,"href":"https:\/\/darkamazi.info\/funavuv\/wp\/v2\/posts\/1050081\/revisions"}],"wp:featuredmedia":[{"embeddable":true,"href":"https:\/\/darkamazi.info\/funavuv\/wp\/v2\/media\/1050082"}],"wp:attachment":[{"href":"https:\/\/darkamazi.info\/funavuv\/wp\/v2\/media?parent=1050081"}],"wp:term":[{"taxonomy":"category","embeddable":true,"href":"https:\/\/darkamazi.info\/funavuv\/wp\/v2\/categories?post=1050081"},{"taxonomy":"post_tag","embeddable":true,"href":"https:\/\/darkamazi.info\/funavuv\/wp\/v2\/tags?post=1050081"}],"curies":[{"name":"wp","href":"https:\/\/api.w.org\/{rel}","templated":true}]}}