{"id":1050088,"date":"2025-10-04T10:25:48","date_gmt":"2025-10-04T07:25:48","guid":{"rendered":"https:\/\/darkamazi.info\/?p=1050088"},"modified":"2025-10-04T10:25:48","modified_gmt":"2025-10-04T07:25:48","slug":"ocalan-pesketina-pevajoye-bi-pediviyen-siyasi-u-hiquqi-ve-giredayi-ye","status":"publish","type":"post","link":"https:\/\/darkamazi.info\/archives\/1050088","title":{"rendered":"Ocalan: P\u00ea\u015fketina p\u00eavajoy\u00ea bi p\u00eadiviy\u00ean siyas\u00ee \u00fb hiq\u00fbq\u00ee ve gir\u00eaday\u00ee ye"},"content":{"rendered":"<h3 style=\"text-align: justify\"><span style=\"font-family: 'arial black', sans-serif\">\u015eandeya \u00cemraliy\u00ea ya Partiya Wekhev\u00ee \u00fb Demokrasiy\u00ea ya Gelan (DEM Part\u00ee), derbar\u00ea naveroka hevd\u00eetina xwe ya bi R\u00eaber\u00ea PKK\u00ea Abdullah Ocalan re daxuyaniyek da. Di daxuyaniy\u00ea de hat ragihandin ku Ocalan careke din tekez\u00ee li ser gir\u00eadana p\u00eavajoya \u00e7areseriy\u00ea bi p\u00eakan\u00eena p\u00eevan\u00ean siyas\u00ee \u00fb hiq\u00fbq\u00ee kiriye.<\/span><\/h3>\n<h3 style=\"text-align: justify\">Di daxuyaniya ku \u00eero, 4\u00ea Cotmeha 2025an hat we\u015fandin de, hat diyarkirin ku \u015fandey\u00ea roja 3\u00ea Cotmeh\u00ea li Girt\u00eegeha \u00cemraliy\u00ea hevd\u00eetineke ku n\u00eaz\u00eek\u00ee s\u00ea saet \u00fb n\u00eevan dom kir\u00ee, bi Abdullah Ocalan re p\u00eak aniye. Heyet\u00ea da zan\u00een ku &#8220;Bir\u00eaz Ocalan weke her car\u00ea bi moraleke bilind, saxlem \u00fb xwebawer b\u00fb.&#8221;<\/h3>\n<h3 style=\"text-align: justify\">Di daxuyaniy\u00ea de hat gotin, Ocalan bal ki\u015fandiye ser rew\u015fa b\u00eapev\u00e7\u00fbn a salek\u00ea ya di \u00e7ar\u00e7oveya &#8220;P\u00eavajoya A\u015ft\u00ee \u00fb Civaka Demokrat\u00eek&#8221; de \u00fb destn\u00ee\u015fan kiriye ku bi saya v\u00ea p\u00eavajoy\u00ea r\u00ea li ber xeteriy\u00ean mezin hatiye girtin \u00fb keda her kes\u00ea ku di v\u00ea yek\u00ea de rol l\u00eestiye, bi r\u00fbmet e.<\/h3>\n<h3 style=\"text-align: justify\">P\u00ea\u015fniyara &#8220;Demokrasiya Dan\u00fbstandin\u00ea&#8221;<\/h3>\n<h3 style=\"text-align: justify\">Li gor\u00ee daxuyaniy\u00ea, Ocalan p\u00ea\u015fniyara &#8220;demokrasiya dan\u00fbstandin\u00ea&#8221; wek\u00ee modelek \u00e7areseriy\u00ea ya gir\u00eeng bi nav kiriye \u00fb gotiye: &#8220;Yek ji model\u00ean \u00e7areseriy\u00ea y\u00ean gir\u00eeng ku \u015faristaniy\u00ea pi\u015ft\u00ee s\u00ea sedsal\u00ean pev\u00e7\u00fbn\u00ean w\u00earanker \u00fb windahiy\u00ean mezin \u00ean di \u015fer\u00ean c\u00eehan\u00ea de p\u00ea\u015f xistiye, demokrasiya muzakerey\u00ea ye. Div\u00ea r\u00eabaz \u00fb mekan\u00eezmay\u00ean ku bingeha v\u00ea yek\u00ea p\u00eak t\u00eenin, ji bo \u00e7areserkirina gelek pirsgir\u00eak\u00ean Tirkiyey\u00ea y\u00ean navxwey\u00ee \u00fb derve weke esas werin girtin.&#8221;<\/h3>\n<h3 style=\"text-align: justify\">&#8220;P\u00eadiviy\u00ean Hiq\u00fbq\u00ee Div\u00ea Werin P\u00eakan\u00een&#8221;<\/h3>\n<h3 style=\"text-align: justify\">Ocalan amaje bi w\u00ea kir ku ew li ser helwesta xwe ya di daxuyaniya 27\u00ea Sibat\u00ea de disekinin \u00fb wiha gotiye: &#8220;Em li pi\u015ft w\u00ea hevoka xwe ne ku me di daxuyaniya 27\u00ea Sibat\u00ea de an\u00eeb\u00fb ziman \u00fb gotib\u00fb &#8216;p\u00ea\u015fketina p\u00eavajoy\u00ea bi p\u00eadiviy\u00ean siyas\u00ee \u00fb hiq\u00fbq\u00ee ve gir\u00eaday\u00ee ye&#8217;.&#8221; Herwiha tekez kiriye ku di qonaxa hey\u00ee de, destn\u00ee\u015fankirin \u00fb p\u00eakan\u00eena p\u00eadiviy\u00ean hiq\u00fbq\u00ee bi n\u00ear\u00eeneke rast \u00fb gi\u015ftgir, gelek\u00ee gir\u00eeng e.<\/h3>\n<h3 style=\"text-align: justify\">Di dawiya daxuyaniy\u00ea de hat ragihandin, Ocalan diyar kiriye ku div\u00ea sedsala n\u00fb ya Komar\u00ea li ser bingeha hiq\u00fbqa a\u015ft\u00ee \u00fb demokrasiy\u00ea were avakirin.<\/h3>\n","protected":false},"excerpt":{"rendered":"<p>\u015eandeya \u00cemraliy\u00ea ya Partiya Wekhev\u00ee \u00fb Demokrasiy\u00ea ya Gelan (DEM Part\u00ee), derbar\u00ea naveroka hevd\u00eetina xwe ya bi R\u00eaber\u00ea PKK\u00ea Abdullah Ocalan re daxuyaniyek da. Di daxuyaniy\u00ea de hat ragihandin ku Ocalan careke din tekez\u00ee li ser gir\u00eadana p\u00eavajoya \u00e7areseriy\u00ea bi p\u00eakan\u00eena p\u00eevan\u00ean siyas\u00ee \u00fb hiq\u00fbq\u00ee kiriye. Di daxuyaniya ku \u00eero, 4\u00ea Cotmeha 2025an hat we\u015fandin [&hellip;]<\/p>\n","protected":false},"author":2,"featured_media":1050089,"comment_status":"closed","ping_status":"closed","sticky":false,"template":"","format":"standard","meta":{"footnotes":""},"categories":[29],"tags":[37],"class_list":["post-1050088","post","type-post","status-publish","format-standard","has-post-thumbnail","hentry","category-kurdistan","tag-sereke"],"blocksy_meta":[],"seo_head":"<!-- This site is optimized with the Yoast SEO plugin v27.5 - https:\/\/yoast.com\/product\/yoast-seo-wordpress\/ -->\n<title>Ocalan: P\u00ea\u015fketina p\u00eavajoy\u00ea bi p\u00eadiviy\u00ean siyas\u00ee \u00fb hiq\u00fbq\u00ee ve gir\u00eaday\u00ee ye - Darka Maz\u00ee<\/title>\n<meta name=\"robots\" content=\"index, follow, max-snippet:-1, max-image-preview:large, max-video-preview:-1\" \/>\n<link rel=\"canonical\" href=\"https:\/\/darkamazi.info\/archives\/1050088\" \/>\n<meta property=\"og:locale\" content=\"en_US\" \/>\n<meta property=\"og:type\" content=\"article\" \/>\n<meta property=\"og:title\" content=\"Ocalan: P\u00ea\u015fketina p\u00eavajoy\u00ea bi p\u00eadiviy\u00ean siyas\u00ee \u00fb hiq\u00fbq\u00ee ve gir\u00eaday\u00ee ye - Darka Maz\u00ee\" \/>\n<meta property=\"og:description\" content=\"\u015eandeya \u00cemraliy\u00ea ya Partiya Wekhev\u00ee \u00fb Demokrasiy\u00ea ya Gelan (DEM Part\u00ee), derbar\u00ea naveroka hevd\u00eetina xwe ya bi R\u00eaber\u00ea PKK\u00ea Abdullah Ocalan re daxuyaniyek da. Di daxuyaniy\u00ea de hat ragihandin ku Ocalan careke din tekez\u00ee li ser gir\u00eadana p\u00eavajoya \u00e7areseriy\u00ea bi p\u00eakan\u00eena p\u00eevan\u00ean siyas\u00ee \u00fb hiq\u00fbq\u00ee kiriye. Di daxuyaniya ku \u00eero, 4\u00ea Cotmeha 2025an hat we\u015fandin [&hellip;]\" \/>\n<meta property=\"og:url\" content=\"https:\/\/darkamazi.info\/archives\/1050088\" \/>\n<meta property=\"og:site_name\" content=\"Darka Maz\u00ee\" \/>\n<meta property=\"article:publisher\" content=\"https:\/\/www.facebook.com\/DarMaziKurmanci\" \/>\n<meta property=\"article:published_time\" content=\"2025-10-04T07:25:48+00:00\" \/>\n<meta property=\"og:image\" content=\"https:\/\/darkamazi.info\/file\/2025\/10\/Ocalan-Parti-Net.jpg\" \/>\n\t<meta property=\"og:image:width\" content=\"900\" \/>\n\t<meta property=\"og:image:height\" content=\"500\" \/>\n\t<meta property=\"og:image:type\" content=\"image\/jpeg\" \/>\n<meta name=\"author\" content=\"darka mazi\" \/>\n<meta name=\"twitter:card\" content=\"summary_large_image\" \/>\n<meta name=\"twitter:creator\" content=\"@DarkaMaziLatini\" \/>\n<meta name=\"twitter:site\" content=\"@DarkaMaziLatini\" \/>\n<meta name=\"twitter:label1\" content=\"Written by\" \/>\n\t<meta name=\"twitter:data1\" content=\"darka mazi\" \/>\n\t<meta name=\"twitter:label2\" content=\"Est. reading time\" \/>\n\t<meta name=\"twitter:data2\" content=\"2 minutes\" \/>\n<script type=\"application\/ld+json\" class=\"seo-schema-graph\">{\"@context\":\"https:\\\/\\\/schema.org\",\"@graph\":[{\"@type\":\"Article\",\"@id\":\"https:\\\/\\\/darkamazi.info\\\/archives\\\/1050088#article\",\"isPartOf\":{\"@id\":\"https:\\\/\\\/darkamazi.info\\\/archives\\\/1050088\"},\"author\":{\"name\":\"darka mazi\",\"@id\":\"https:\\\/\\\/darkamazi.info\\\/#\\\/schema\\\/person\\\/5ad3e24553a0567993fa8ed4bd0a776c\"},\"headline\":\"Ocalan: P\u00ea\u015fketina p\u00eavajoy\u00ea bi p\u00eadiviy\u00ean siyas\u00ee \u00fb hiq\u00fbq\u00ee ve gir\u00eaday\u00ee ye\",\"datePublished\":\"2025-10-04T07:25:48+00:00\",\"mainEntityOfPage\":{\"@id\":\"https:\\\/\\\/darkamazi.info\\\/archives\\\/1050088\"},\"wordCount\":392,\"publisher\":{\"@id\":\"https:\\\/\\\/darkamazi.info\\\/#organization\"},\"image\":{\"@id\":\"https:\\\/\\\/darkamazi.info\\\/archives\\\/1050088#primaryimage\"},\"thumbnailUrl\":\"https:\\\/\\\/darkamazi.info\\\/darka-content\\\/uploads\\\/2025\\\/10\\\/Ocalan-Parti-Net.jpg\",\"keywords\":[\"sereke\"],\"articleSection\":[\"Kurdistan\"],\"inLanguage\":\"en-US\"},{\"@type\":\"WebPage\",\"@id\":\"https:\\\/\\\/darkamazi.info\\\/archives\\\/1050088\",\"url\":\"https:\\\/\\\/darkamazi.info\\\/archives\\\/1050088\",\"name\":\"Ocalan: P\u00ea\u015fketina p\u00eavajoy\u00ea bi p\u00eadiviy\u00ean siyas\u00ee \u00fb hiq\u00fbq\u00ee ve gir\u00eaday\u00ee ye - Darka Maz\u00ee\",\"isPartOf\":{\"@id\":\"https:\\\/\\\/darkamazi.info\\\/#website\"},\"primaryImageOfPage\":{\"@id\":\"https:\\\/\\\/darkamazi.info\\\/archives\\\/1050088#primaryimage\"},\"image\":{\"@id\":\"https:\\\/\\\/darkamazi.info\\\/archives\\\/1050088#primaryimage\"},\"thumbnailUrl\":\"https:\\\/\\\/darkamazi.info\\\/darka-content\\\/uploads\\\/2025\\\/10\\\/Ocalan-Parti-Net.jpg\",\"datePublished\":\"2025-10-04T07:25:48+00:00\",\"breadcrumb\":{\"@id\":\"https:\\\/\\\/darkamazi.info\\\/archives\\\/1050088#breadcrumb\"},\"inLanguage\":\"en-US\",\"potentialAction\":[{\"@type\":\"ReadAction\",\"target\":[\"https:\\\/\\\/darkamazi.info\\\/archives\\\/1050088\"]}]},{\"@type\":\"ImageObject\",\"inLanguage\":\"en-US\",\"@id\":\"https:\\\/\\\/darkamazi.info\\\/archives\\\/1050088#primaryimage\",\"url\":\"https:\\\/\\\/darkamazi.info\\\/darka-content\\\/uploads\\\/2025\\\/10\\\/Ocalan-Parti-Net.jpg\",\"contentUrl\":\"https:\\\/\\\/darkamazi.info\\\/darka-content\\\/uploads\\\/2025\\\/10\\\/Ocalan-Parti-Net.jpg\",\"width\":900,\"height\":500,\"caption\":\"Ocalan: P\u00ea\u015fketina p\u00eavajoy\u00ea bi p\u00eadiviy\u00ean siyas\u00ee \u00fb hiq\u00fbq\u00ee ve gir\u00eaday\u00ee ye\"},{\"@type\":\"BreadcrumbList\",\"@id\":\"https:\\\/\\\/darkamazi.info\\\/archives\\\/1050088#breadcrumb\",\"itemListElement\":[{\"@type\":\"ListItem\",\"position\":1,\"name\":\"Home\",\"item\":\"https:\\\/\\\/darkamazi.info\\\/\"},{\"@type\":\"ListItem\",\"position\":2,\"name\":\"Ocalan: P\u00ea\u015fketina p\u00eavajoy\u00ea bi p\u00eadiviy\u00ean siyas\u00ee \u00fb hiq\u00fbq\u00ee ve gir\u00eaday\u00ee ye\"}]},{\"@type\":\"WebSite\",\"@id\":\"https:\\\/\\\/darkamazi.info\\\/#website\",\"url\":\"https:\\\/\\\/darkamazi.info\\\/\",\"name\":\"Darka Maz\u00ee\",\"description\":\"P\u00eageha Zanyariy\u00ean Nebih\u00eest\u00ee\",\"publisher\":{\"@id\":\"https:\\\/\\\/darkamazi.info\\\/#organization\"},\"potentialAction\":[{\"@type\":\"SearchAction\",\"target\":{\"@type\":\"EntryPoint\",\"urlTemplate\":\"https:\\\/\\\/darkamazi.info\\\/?s={search_term_string}\"},\"query-input\":{\"@type\":\"PropertyValueSpecification\",\"valueRequired\":true,\"valueName\":\"search_term_string\"}}],\"inLanguage\":\"en-US\"},{\"@type\":\"Organization\",\"@id\":\"https:\\\/\\\/darkamazi.info\\\/#organization\",\"name\":\"Darka Maz\u00ee\",\"url\":\"https:\\\/\\\/darkamazi.info\\\/\",\"logo\":{\"@type\":\"ImageObject\",\"inLanguage\":\"en-US\",\"@id\":\"https:\\\/\\\/darkamazi.info\\\/#\\\/schema\\\/logo\\\/image\\\/\",\"url\":\"https:\\\/\\\/darkamazi.info\\\/darka-content\\\/uploads\\\/2017\\\/12\\\/darka-mazi-logo.png\",\"contentUrl\":\"https:\\\/\\\/darkamazi.info\\\/darka-content\\\/uploads\\\/2017\\\/12\\\/darka-mazi-logo.png\",\"width\":151,\"height\":75,\"caption\":\"Darka Maz\u00ee\"},\"image\":{\"@id\":\"https:\\\/\\\/darkamazi.info\\\/#\\\/schema\\\/logo\\\/image\\\/\"},\"sameAs\":[\"https:\\\/\\\/www.facebook.com\\\/DarMaziKurmanci\",\"https:\\\/\\\/x.com\\\/DarkaMaziLatini\",\"https:\\\/\\\/www.instagram.com\\\/darkamazi.kurmanci\\\/\",\"https:\\\/\\\/www.youtube.com\\\/channel\\\/UCa5HkTdmI8U1qCUFuTw8B2g\"]},{\"@type\":\"Person\",\"@id\":\"https:\\\/\\\/darkamazi.info\\\/#\\\/schema\\\/person\\\/5ad3e24553a0567993fa8ed4bd0a776c\",\"name\":\"darka mazi\",\"sameAs\":[\"https:\\\/\\\/darkamazi.info\\\/\"],\"url\":\"https:\\\/\\\/darkamazi.info\\\/archives\\\/author\\\/kurdi\"}]}<\/script>\n<!-- \/ Yoast SEO plugin. -->","seo_head_json":{"title":"Ocalan: P\u00ea\u015fketina p\u00eavajoy\u00ea bi p\u00eadiviy\u00ean siyas\u00ee \u00fb hiq\u00fbq\u00ee ve gir\u00eaday\u00ee ye - Darka Maz\u00ee","robots":{"index":"index","follow":"follow","max-snippet":"max-snippet:-1","max-image-preview":"max-image-preview:large","max-video-preview":"max-video-preview:-1"},"canonical":"https:\/\/darkamazi.info\/archives\/1050088","og_locale":"en_US","og_type":"article","og_title":"Ocalan: P\u00ea\u015fketina p\u00eavajoy\u00ea bi p\u00eadiviy\u00ean siyas\u00ee \u00fb hiq\u00fbq\u00ee ve gir\u00eaday\u00ee ye - Darka Maz\u00ee","og_description":"\u015eandeya \u00cemraliy\u00ea ya Partiya Wekhev\u00ee \u00fb Demokrasiy\u00ea ya Gelan (DEM Part\u00ee), derbar\u00ea naveroka hevd\u00eetina xwe ya bi R\u00eaber\u00ea PKK\u00ea Abdullah Ocalan re daxuyaniyek da. Di daxuyaniy\u00ea de hat ragihandin ku Ocalan careke din tekez\u00ee li ser gir\u00eadana p\u00eavajoya \u00e7areseriy\u00ea bi p\u00eakan\u00eena p\u00eevan\u00ean siyas\u00ee \u00fb hiq\u00fbq\u00ee kiriye. Di daxuyaniya ku \u00eero, 4\u00ea Cotmeha 2025an hat we\u015fandin [&hellip;]","og_url":"https:\/\/darkamazi.info\/archives\/1050088","og_site_name":"Darka Maz\u00ee","article_publisher":"https:\/\/www.facebook.com\/DarMaziKurmanci","article_published_time":"2025-10-04T07:25:48+00:00","og_image":[{"width":900,"height":500,"url":"https:\/\/darkamazi.info\/file\/2025\/10\/Ocalan-Parti-Net.jpg","type":"image\/jpeg"}],"author":"darka mazi","twitter_card":"summary_large_image","twitter_creator":"@DarkaMaziLatini","twitter_site":"@DarkaMaziLatini","twitter_misc":{"Written by":"darka mazi","Est. reading time":"2 minutes"},"schema":{"@context":"https:\/\/schema.org","@graph":[{"@type":"Article","@id":"https:\/\/darkamazi.info\/archives\/1050088#article","isPartOf":{"@id":"https:\/\/darkamazi.info\/archives\/1050088"},"author":{"name":"darka mazi","@id":"https:\/\/darkamazi.info\/#\/schema\/person\/5ad3e24553a0567993fa8ed4bd0a776c"},"headline":"Ocalan: P\u00ea\u015fketina p\u00eavajoy\u00ea bi p\u00eadiviy\u00ean siyas\u00ee \u00fb hiq\u00fbq\u00ee ve gir\u00eaday\u00ee ye","datePublished":"2025-10-04T07:25:48+00:00","mainEntityOfPage":{"@id":"https:\/\/darkamazi.info\/archives\/1050088"},"wordCount":392,"publisher":{"@id":"https:\/\/darkamazi.info\/#organization"},"image":{"@id":"https:\/\/darkamazi.info\/archives\/1050088#primaryimage"},"thumbnailUrl":"https:\/\/darkamazi.info\/file\/2025\/10\/Ocalan-Parti-Net.jpg","keywords":["sereke"],"articleSection":["Kurdistan"],"inLanguage":"en-US"},{"@type":"WebPage","@id":"https:\/\/darkamazi.info\/archives\/1050088","url":"https:\/\/darkamazi.info\/archives\/1050088","name":"Ocalan: P\u00ea\u015fketina p\u00eavajoy\u00ea bi p\u00eadiviy\u00ean siyas\u00ee \u00fb hiq\u00fbq\u00ee ve gir\u00eaday\u00ee ye - Darka Maz\u00ee","isPartOf":{"@id":"https:\/\/darkamazi.info\/#website"},"primaryImageOfPage":{"@id":"https:\/\/darkamazi.info\/archives\/1050088#primaryimage"},"image":{"@id":"https:\/\/darkamazi.info\/archives\/1050088#primaryimage"},"thumbnailUrl":"https:\/\/darkamazi.info\/file\/2025\/10\/Ocalan-Parti-Net.jpg","datePublished":"2025-10-04T07:25:48+00:00","breadcrumb":{"@id":"https:\/\/darkamazi.info\/archives\/1050088#breadcrumb"},"inLanguage":"en-US","potentialAction":[{"@type":"ReadAction","target":["https:\/\/darkamazi.info\/archives\/1050088"]}]},{"@type":"ImageObject","inLanguage":"en-US","@id":"https:\/\/darkamazi.info\/archives\/1050088#primaryimage","url":"https:\/\/darkamazi.info\/file\/2025\/10\/Ocalan-Parti-Net.jpg","contentUrl":"https:\/\/darkamazi.info\/file\/2025\/10\/Ocalan-Parti-Net.jpg","width":900,"height":500,"caption":"Ocalan: P\u00ea\u015fketina p\u00eavajoy\u00ea bi p\u00eadiviy\u00ean siyas\u00ee \u00fb hiq\u00fbq\u00ee ve gir\u00eaday\u00ee ye"},{"@type":"BreadcrumbList","@id":"https:\/\/darkamazi.info\/archives\/1050088#breadcrumb","itemListElement":[{"@type":"ListItem","position":1,"name":"Home","item":"https:\/\/darkamazi.info\/"},{"@type":"ListItem","position":2,"name":"Ocalan: P\u00ea\u015fketina p\u00eavajoy\u00ea bi p\u00eadiviy\u00ean siyas\u00ee \u00fb hiq\u00fbq\u00ee ve gir\u00eaday\u00ee ye"}]},{"@type":"WebSite","@id":"https:\/\/darkamazi.info\/#website","url":"https:\/\/darkamazi.info\/","name":"Darka Maz\u00ee","description":"P\u00eageha Zanyariy\u00ean Nebih\u00eest\u00ee","publisher":{"@id":"https:\/\/darkamazi.info\/#organization"},"potentialAction":[{"@type":"SearchAction","target":{"@type":"EntryPoint","urlTemplate":"https:\/\/darkamazi.info\/?s={search_term_string}"},"query-input":{"@type":"PropertyValueSpecification","valueRequired":true,"valueName":"search_term_string"}}],"inLanguage":"en-US"},{"@type":"Organization","@id":"https:\/\/darkamazi.info\/#organization","name":"Darka Maz\u00ee","url":"https:\/\/darkamazi.info\/","logo":{"@type":"ImageObject","inLanguage":"en-US","@id":"https:\/\/darkamazi.info\/#\/schema\/logo\/image\/","url":"https:\/\/darkamazi.info\/file\/2017\/12\/darka-mazi-logo.png","contentUrl":"https:\/\/darkamazi.info\/file\/2017\/12\/darka-mazi-logo.png","width":151,"height":75,"caption":"Darka Maz\u00ee"},"image":{"@id":"https:\/\/darkamazi.info\/#\/schema\/logo\/image\/"},"sameAs":["https:\/\/www.facebook.com\/DarMaziKurmanci","https:\/\/x.com\/DarkaMaziLatini","https:\/\/www.instagram.com\/darkamazi.kurmanci\/","https:\/\/www.youtube.com\/channel\/UCa5HkTdmI8U1qCUFuTw8B2g"]},{"@type":"Person","@id":"https:\/\/darkamazi.info\/#\/schema\/person\/5ad3e24553a0567993fa8ed4bd0a776c","name":"darka mazi","sameAs":["https:\/\/darkamazi.info\/"],"url":"https:\/\/darkamazi.info\/archives\/author\/kurdi"}]}},"_links":{"self":[{"href":"https:\/\/darkamazi.info\/funavuv\/wp\/v2\/posts\/1050088","targetHints":{"allow":["GET"]}}],"collection":[{"href":"https:\/\/darkamazi.info\/funavuv\/wp\/v2\/posts"}],"about":[{"href":"https:\/\/darkamazi.info\/funavuv\/wp\/v2\/types\/post"}],"author":[{"embeddable":true,"href":"https:\/\/darkamazi.info\/funavuv\/wp\/v2\/users\/2"}],"replies":[{"embeddable":true,"href":"https:\/\/darkamazi.info\/funavuv\/wp\/v2\/comments?post=1050088"}],"version-history":[{"count":0,"href":"https:\/\/darkamazi.info\/funavuv\/wp\/v2\/posts\/1050088\/revisions"}],"wp:featuredmedia":[{"embeddable":true,"href":"https:\/\/darkamazi.info\/funavuv\/wp\/v2\/media\/1050089"}],"wp:attachment":[{"href":"https:\/\/darkamazi.info\/funavuv\/wp\/v2\/media?parent=1050088"}],"wp:term":[{"taxonomy":"category","embeddable":true,"href":"https:\/\/darkamazi.info\/funavuv\/wp\/v2\/categories?post=1050088"},{"taxonomy":"post_tag","embeddable":true,"href":"https:\/\/darkamazi.info\/funavuv\/wp\/v2\/tags?post=1050088"}],"curies":[{"name":"wp","href":"https:\/\/api.w.org\/{rel}","templated":true}]}}