{"id":1050098,"date":"2025-10-05T18:52:17","date_gmt":"2025-10-05T15:52:17","guid":{"rendered":"https:\/\/darkamazi.info\/?p=1050098"},"modified":"2025-10-05T18:52:17","modified_gmt":"2025-10-05T15:52:17","slug":"mesrur-barzani-em-di-pirrengkirina-abore-kurdistane-de-serkefti-bun","status":"publish","type":"post","link":"https:\/\/darkamazi.info\/archives\/1050098","title":{"rendered":"Mesr\u00fbr Barzan\u00ee: Em di pirrengkirina abor\u00ea Kurdistan\u00ea de serkeft\u00ee b\u00fbn"},"content":{"rendered":"<h3 style=\"text-align: justify\"><span style=\"font-family: 'arial black', sans-serif\">Serok\u00ea Hik\u00fbmeta Her\u00eama Kurdistan\u00ea tevl\u00ee \u201cTEDx Nishtiman\u201d\u00ea b\u00fb \u00fb ragihand, \u201cHem\u00ee aliyan dij\u00eetiya me kir l\u00ea me di gelek waran de serkeftin\u00ean mezin bi dest xistin.\u201d Herwesa got, \u201cNiha Kurdistan gih\u00ee\u015ftiye astek\u00ea \u00fb em h\u00eav\u00ee dikin ku, Kurdistan\u00ea ji bo navxwe \u00fb tevahiya dever\u00ea j\u00ee bikin \u00e7avkaniyeke xwarin\u00ea.\u201d<\/span><\/h3>\n<h3 style=\"text-align: justify\"><span style=\"font-family: arial, helvetica, sans-serif\">Bi amadeb\u00fbna Serok\u00ea Hik\u00fbmeta Her\u00eama Kurdistan\u00ea Mesr\u00fbr Barzan\u00ee, \u00e7alakiya he\u015ft\u00ea ya \u201cTEDx Nishtiman\u201d\u00ea \u00eero (Yek\u015fem, 5\u00ea Cotmeha 2025\u00ea) li Hewl\u00ear\u00ea t\u00ea lidarxistin.<\/span><\/h3>\n<h3 style=\"text-align: justify\"><span style=\"font-family: arial, helvetica, sans-serif\">Mesr\u00fbr Barzan\u00ee amaje j\u00ee da, \u201cHem\u00ee aliyan bizav kir ku, me pa\u015fve bibin, me b\u00eah\u00eav\u00ee bikin, me b\u00eaom\u00ead bikin ku em nikarin welat\u00ea xwe ber bi p\u00ea\u015f ve bibin. Wan ji me re asteng\u00ee \u00e7\u00ea kirin, gelek dijwar\u00ee ji me re \u00e7\u00ea kirin, r\u00ea li ber me girtin, budceya me qut kir, ji me re pirsgir\u00eak\u00ean siyas\u00ee \u00e7\u00ea kirin, ji me re pirsgir\u00eak\u00ean ewlehiy\u00ea \u00e7\u00ea kirin.\u201d<\/span><\/h3>\n<h3 style=\"text-align: justify\"><span style=\"font-family: arial, helvetica, sans-serif\">Serok\u00ea Hik\u00fbmeta Her\u00eama Kurdistan\u00ea tekez j\u00ee kir, \u201cBi xweragiriya v\u00ee gel\u00ea xwe\u015fev\u00ee \u00fb bi b\u00eahnfirehiya hem\u00ee welatiy\u00ean r\u00eazdar, me kar\u00ee r\u00fbbir\u00fby\u00ee wan hem\u00ee zehmetiyan bibin; ne ten\u00ea van kr\u00eezan yek li d\u00fb yek\u00ea neh\u00ealin, em p\u00eangavan ber bi pa\u015ferojeke ge\u015ftir ve biav\u00eajin \u00fb di gelek waran de serkeftin\u00ean mezin bi dest bixin.\u201d<\/span><\/h3>\n<h3 style=\"text-align: justify\"><span style=\"font-family: arial, helvetica, sans-serif\">Serok\u00ea Hik\u00fbmeta Her\u00eama Kurdistan\u00ea amaje j\u00ee da, \u201cYek ji wan ti\u015ft\u00ean ku me kar\u00ee serkeftineke mezin t\u00ea de b\u00eenin ew b\u00fb ku, em bal\u00ea biki\u015f\u00eenin ser pirrengkirina aboriya Kurdistan\u00ea \u00fb \u00e7av\u00ea me ne ten\u00ea li enerj\u00ee, petrol \u00fb gaz\u00ea be.\u201d<\/span><\/h3>\n<h3 style=\"text-align: justify\"><span style=\"font-family: arial, helvetica, sans-serif\">Serokwez\u00eer Mesr\u00fbr Barzan\u00ee e\u015fkere j\u00ee kir, \u201cMe ti\u015ftek\u00ea wesa kir ku, cotkar\u00ean me vegerin erd\u00ean xwe \u00fb hilber\u00eena navxwey\u00ee ya Kurdistan\u00ea bigih\u00eenin astek\u00ea ku em ne ten\u00ea di hundur\u00ea Her\u00eama Kurdistan\u00ea de feydey\u00ee j\u00ea werbigirin, l\u00ea ji bo dervey\u00ee Her\u00eama Kurdistan\u00ea j\u00ee hinarde bikin.\u201d<\/span><\/h3>\n<h3 style=\"text-align: justify\"><span style=\"font-family: arial, helvetica, sans-serif\">Mesr\u00fbr Barzan\u00ee herwesa got, \u201cJi bo cara yek\u00ea berhem\u00ean navxwey\u00ee y\u00ean Her\u00eama Kurdistan\u00ea ji bo dervey\u00ea Kurdistan\u00ea hat hinardekirin \u00fb ev p\u00eavajo berdewam e j\u00ee. Ev \u00e7avkaniya serbilindiy\u00ea ye, \u00e7avkaniya \u015fanaziy\u00ea ye.<\/span><\/h3>\n<h3 style=\"text-align: justify\"><span style=\"font-family: arial, helvetica, sans-serif\">Serokwez\u00eer Mesr\u00fbr Barzan\u00ee tekez j\u00ee kir, \u201cGer baweriya cotkar\u00ean me bi xwe neb\u00fbya, ger baweriya v\u00ee gel\u00ee bi xwe neb\u00fbya, b\u00eaguman em d\u00ea h\u00een j\u00ee li pa\u015f maban \u00fb \u00e7av\u00ea d\u00ea her li w\u00ea yek\u00ea ba ku xelk\u00ee nan daba me.\u201d<\/span><\/h3>\n<h3 style=\"text-align: justify\"><span style=\"font-family: arial, helvetica, sans-serif\">Serok\u00ea Hik\u00fbmeta Her\u00eama Kurdistan\u00ea herwesa ragihand, \u201cNiha Kurdistan gih\u00ee\u015ftiye astek \u00fb em h\u00eav\u00ee dikin ku gelek ji w\u00ea z\u00eadetir j\u00ee bikin, ku Kurdistan\u00ea ne ten\u00ea ji bo navxwe l\u00ea ji bo tevahiya dever\u00ea j\u00ee bikin \u00e7avkaniyeke xwarin\u00ea.\u201d<\/span><\/h3>\n","protected":false},"excerpt":{"rendered":"<p>Serok\u00ea Hik\u00fbmeta Her\u00eama Kurdistan\u00ea tevl\u00ee \u201cTEDx Nishtiman\u201d\u00ea b\u00fb \u00fb ragihand, \u201cHem\u00ee aliyan dij\u00eetiya me kir l\u00ea me di gelek waran de serkeftin\u00ean mezin bi dest xistin.\u201d Herwesa got, \u201cNiha Kurdistan gih\u00ee\u015ftiye astek\u00ea \u00fb em h\u00eav\u00ee dikin ku, Kurdistan\u00ea ji bo navxwe \u00fb tevahiya dever\u00ea j\u00ee bikin \u00e7avkaniyeke xwarin\u00ea.\u201d Bi amadeb\u00fbna Serok\u00ea Hik\u00fbmeta Her\u00eama Kurdistan\u00ea Mesr\u00fbr [&hellip;]<\/p>\n","protected":false},"author":2,"featured_media":1050099,"comment_status":"closed","ping_status":"closed","sticky":false,"template":"","format":"standard","meta":{"footnotes":""},"categories":[29],"tags":[37],"class_list":["post-1050098","post","type-post","status-publish","format-standard","has-post-thumbnail","hentry","category-kurdistan","tag-sereke"],"blocksy_meta":[],"seo_head":"<!-- This site is optimized with the Yoast SEO plugin v27.5 - https:\/\/yoast.com\/product\/yoast-seo-wordpress\/ -->\n<title>Mesr\u00fbr Barzan\u00ee: Em di pirrengkirina abor\u00ea Kurdistan\u00ea de serkeft\u00ee b\u00fbn - Darka Maz\u00ee<\/title>\n<meta name=\"robots\" content=\"index, follow, max-snippet:-1, max-image-preview:large, max-video-preview:-1\" \/>\n<link rel=\"canonical\" href=\"https:\/\/darkamazi.info\/archives\/1050098\" \/>\n<meta property=\"og:locale\" content=\"en_US\" \/>\n<meta property=\"og:type\" content=\"article\" \/>\n<meta property=\"og:title\" content=\"Mesr\u00fbr Barzan\u00ee: Em di pirrengkirina abor\u00ea Kurdistan\u00ea de serkeft\u00ee b\u00fbn - Darka Maz\u00ee\" \/>\n<meta property=\"og:description\" content=\"Serok\u00ea Hik\u00fbmeta Her\u00eama Kurdistan\u00ea tevl\u00ee \u201cTEDx Nishtiman\u201d\u00ea b\u00fb \u00fb ragihand, \u201cHem\u00ee aliyan dij\u00eetiya me kir l\u00ea me di gelek waran de serkeftin\u00ean mezin bi dest xistin.\u201d Herwesa got, \u201cNiha Kurdistan gih\u00ee\u015ftiye astek\u00ea \u00fb em h\u00eav\u00ee dikin ku, Kurdistan\u00ea ji bo navxwe \u00fb tevahiya dever\u00ea j\u00ee bikin \u00e7avkaniyeke xwarin\u00ea.\u201d Bi amadeb\u00fbna Serok\u00ea Hik\u00fbmeta Her\u00eama Kurdistan\u00ea Mesr\u00fbr [&hellip;]\" \/>\n<meta property=\"og:url\" content=\"https:\/\/darkamazi.info\/archives\/1050098\" \/>\n<meta property=\"og:site_name\" content=\"Darka Maz\u00ee\" \/>\n<meta property=\"article:publisher\" content=\"https:\/\/www.facebook.com\/DarMaziKurmanci\" \/>\n<meta property=\"article:published_time\" content=\"2025-10-05T15:52:17+00:00\" \/>\n<meta property=\"og:image\" content=\"https:\/\/darkamazi.info\/file\/2025\/10\/masrour-Barzani-abor-kurdistan.jpg\" \/>\n\t<meta property=\"og:image:width\" content=\"900\" \/>\n\t<meta property=\"og:image:height\" content=\"500\" \/>\n\t<meta property=\"og:image:type\" content=\"image\/jpeg\" \/>\n<meta name=\"author\" content=\"darka mazi\" \/>\n<meta name=\"twitter:card\" content=\"summary_large_image\" \/>\n<meta name=\"twitter:creator\" content=\"@DarkaMaziLatini\" \/>\n<meta name=\"twitter:site\" content=\"@DarkaMaziLatini\" \/>\n<meta name=\"twitter:label1\" content=\"Written by\" \/>\n\t<meta name=\"twitter:data1\" content=\"darka mazi\" \/>\n\t<meta name=\"twitter:label2\" content=\"Est. reading time\" \/>\n\t<meta name=\"twitter:data2\" content=\"2 minutes\" \/>\n<script type=\"application\/ld+json\" class=\"seo-schema-graph\">{\"@context\":\"https:\\\/\\\/schema.org\",\"@graph\":[{\"@type\":\"Article\",\"@id\":\"https:\\\/\\\/darkamazi.info\\\/archives\\\/1050098#article\",\"isPartOf\":{\"@id\":\"https:\\\/\\\/darkamazi.info\\\/archives\\\/1050098\"},\"author\":{\"name\":\"darka mazi\",\"@id\":\"https:\\\/\\\/darkamazi.info\\\/#\\\/schema\\\/person\\\/5ad3e24553a0567993fa8ed4bd0a776c\"},\"headline\":\"Mesr\u00fbr Barzan\u00ee: Em di pirrengkirina abor\u00ea Kurdistan\u00ea de serkeft\u00ee b\u00fbn\",\"datePublished\":\"2025-10-05T15:52:17+00:00\",\"mainEntityOfPage\":{\"@id\":\"https:\\\/\\\/darkamazi.info\\\/archives\\\/1050098\"},\"wordCount\":448,\"publisher\":{\"@id\":\"https:\\\/\\\/darkamazi.info\\\/#organization\"},\"image\":{\"@id\":\"https:\\\/\\\/darkamazi.info\\\/archives\\\/1050098#primaryimage\"},\"thumbnailUrl\":\"https:\\\/\\\/darkamazi.info\\\/darka-content\\\/uploads\\\/2025\\\/10\\\/masrour-Barzani-abor-kurdistan.jpg\",\"keywords\":[\"sereke\"],\"articleSection\":[\"Kurdistan\"],\"inLanguage\":\"en-US\"},{\"@type\":\"WebPage\",\"@id\":\"https:\\\/\\\/darkamazi.info\\\/archives\\\/1050098\",\"url\":\"https:\\\/\\\/darkamazi.info\\\/archives\\\/1050098\",\"name\":\"Mesr\u00fbr Barzan\u00ee: Em di pirrengkirina abor\u00ea Kurdistan\u00ea de serkeft\u00ee b\u00fbn - Darka Maz\u00ee\",\"isPartOf\":{\"@id\":\"https:\\\/\\\/darkamazi.info\\\/#website\"},\"primaryImageOfPage\":{\"@id\":\"https:\\\/\\\/darkamazi.info\\\/archives\\\/1050098#primaryimage\"},\"image\":{\"@id\":\"https:\\\/\\\/darkamazi.info\\\/archives\\\/1050098#primaryimage\"},\"thumbnailUrl\":\"https:\\\/\\\/darkamazi.info\\\/darka-content\\\/uploads\\\/2025\\\/10\\\/masrour-Barzani-abor-kurdistan.jpg\",\"datePublished\":\"2025-10-05T15:52:17+00:00\",\"breadcrumb\":{\"@id\":\"https:\\\/\\\/darkamazi.info\\\/archives\\\/1050098#breadcrumb\"},\"inLanguage\":\"en-US\",\"potentialAction\":[{\"@type\":\"ReadAction\",\"target\":[\"https:\\\/\\\/darkamazi.info\\\/archives\\\/1050098\"]}]},{\"@type\":\"ImageObject\",\"inLanguage\":\"en-US\",\"@id\":\"https:\\\/\\\/darkamazi.info\\\/archives\\\/1050098#primaryimage\",\"url\":\"https:\\\/\\\/darkamazi.info\\\/darka-content\\\/uploads\\\/2025\\\/10\\\/masrour-Barzani-abor-kurdistan.jpg\",\"contentUrl\":\"https:\\\/\\\/darkamazi.info\\\/darka-content\\\/uploads\\\/2025\\\/10\\\/masrour-Barzani-abor-kurdistan.jpg\",\"width\":900,\"height\":500,\"caption\":\"masrour-Barzani-abor-kurdistan\"},{\"@type\":\"BreadcrumbList\",\"@id\":\"https:\\\/\\\/darkamazi.info\\\/archives\\\/1050098#breadcrumb\",\"itemListElement\":[{\"@type\":\"ListItem\",\"position\":1,\"name\":\"Home\",\"item\":\"https:\\\/\\\/darkamazi.info\\\/\"},{\"@type\":\"ListItem\",\"position\":2,\"name\":\"Mesr\u00fbr Barzan\u00ee: Em di pirrengkirina abor\u00ea Kurdistan\u00ea de serkeft\u00ee b\u00fbn\"}]},{\"@type\":\"WebSite\",\"@id\":\"https:\\\/\\\/darkamazi.info\\\/#website\",\"url\":\"https:\\\/\\\/darkamazi.info\\\/\",\"name\":\"Darka Maz\u00ee\",\"description\":\"P\u00eageha Zanyariy\u00ean Nebih\u00eest\u00ee\",\"publisher\":{\"@id\":\"https:\\\/\\\/darkamazi.info\\\/#organization\"},\"potentialAction\":[{\"@type\":\"SearchAction\",\"target\":{\"@type\":\"EntryPoint\",\"urlTemplate\":\"https:\\\/\\\/darkamazi.info\\\/?s={search_term_string}\"},\"query-input\":{\"@type\":\"PropertyValueSpecification\",\"valueRequired\":true,\"valueName\":\"search_term_string\"}}],\"inLanguage\":\"en-US\"},{\"@type\":\"Organization\",\"@id\":\"https:\\\/\\\/darkamazi.info\\\/#organization\",\"name\":\"Darka Maz\u00ee\",\"url\":\"https:\\\/\\\/darkamazi.info\\\/\",\"logo\":{\"@type\":\"ImageObject\",\"inLanguage\":\"en-US\",\"@id\":\"https:\\\/\\\/darkamazi.info\\\/#\\\/schema\\\/logo\\\/image\\\/\",\"url\":\"https:\\\/\\\/darkamazi.info\\\/darka-content\\\/uploads\\\/2017\\\/12\\\/darka-mazi-logo.png\",\"contentUrl\":\"https:\\\/\\\/darkamazi.info\\\/darka-content\\\/uploads\\\/2017\\\/12\\\/darka-mazi-logo.png\",\"width\":151,\"height\":75,\"caption\":\"Darka Maz\u00ee\"},\"image\":{\"@id\":\"https:\\\/\\\/darkamazi.info\\\/#\\\/schema\\\/logo\\\/image\\\/\"},\"sameAs\":[\"https:\\\/\\\/www.facebook.com\\\/DarMaziKurmanci\",\"https:\\\/\\\/x.com\\\/DarkaMaziLatini\",\"https:\\\/\\\/www.instagram.com\\\/darkamazi.kurmanci\\\/\",\"https:\\\/\\\/www.youtube.com\\\/channel\\\/UCa5HkTdmI8U1qCUFuTw8B2g\"]},{\"@type\":\"Person\",\"@id\":\"https:\\\/\\\/darkamazi.info\\\/#\\\/schema\\\/person\\\/5ad3e24553a0567993fa8ed4bd0a776c\",\"name\":\"darka mazi\",\"sameAs\":[\"https:\\\/\\\/darkamazi.info\\\/\"],\"url\":\"https:\\\/\\\/darkamazi.info\\\/archives\\\/author\\\/kurdi\"}]}<\/script>\n<!-- \/ Yoast SEO plugin. -->","seo_head_json":{"title":"Mesr\u00fbr Barzan\u00ee: Em di pirrengkirina abor\u00ea Kurdistan\u00ea de serkeft\u00ee b\u00fbn - Darka Maz\u00ee","robots":{"index":"index","follow":"follow","max-snippet":"max-snippet:-1","max-image-preview":"max-image-preview:large","max-video-preview":"max-video-preview:-1"},"canonical":"https:\/\/darkamazi.info\/archives\/1050098","og_locale":"en_US","og_type":"article","og_title":"Mesr\u00fbr Barzan\u00ee: Em di pirrengkirina abor\u00ea Kurdistan\u00ea de serkeft\u00ee b\u00fbn - Darka Maz\u00ee","og_description":"Serok\u00ea Hik\u00fbmeta Her\u00eama Kurdistan\u00ea tevl\u00ee \u201cTEDx Nishtiman\u201d\u00ea b\u00fb \u00fb ragihand, \u201cHem\u00ee aliyan dij\u00eetiya me kir l\u00ea me di gelek waran de serkeftin\u00ean mezin bi dest xistin.\u201d Herwesa got, \u201cNiha Kurdistan gih\u00ee\u015ftiye astek\u00ea \u00fb em h\u00eav\u00ee dikin ku, Kurdistan\u00ea ji bo navxwe \u00fb tevahiya dever\u00ea j\u00ee bikin \u00e7avkaniyeke xwarin\u00ea.\u201d Bi amadeb\u00fbna Serok\u00ea Hik\u00fbmeta Her\u00eama Kurdistan\u00ea Mesr\u00fbr [&hellip;]","og_url":"https:\/\/darkamazi.info\/archives\/1050098","og_site_name":"Darka Maz\u00ee","article_publisher":"https:\/\/www.facebook.com\/DarMaziKurmanci","article_published_time":"2025-10-05T15:52:17+00:00","og_image":[{"width":900,"height":500,"url":"https:\/\/darkamazi.info\/file\/2025\/10\/masrour-Barzani-abor-kurdistan.jpg","type":"image\/jpeg"}],"author":"darka mazi","twitter_card":"summary_large_image","twitter_creator":"@DarkaMaziLatini","twitter_site":"@DarkaMaziLatini","twitter_misc":{"Written by":"darka mazi","Est. reading time":"2 minutes"},"schema":{"@context":"https:\/\/schema.org","@graph":[{"@type":"Article","@id":"https:\/\/darkamazi.info\/archives\/1050098#article","isPartOf":{"@id":"https:\/\/darkamazi.info\/archives\/1050098"},"author":{"name":"darka mazi","@id":"https:\/\/darkamazi.info\/#\/schema\/person\/5ad3e24553a0567993fa8ed4bd0a776c"},"headline":"Mesr\u00fbr Barzan\u00ee: Em di pirrengkirina abor\u00ea Kurdistan\u00ea de serkeft\u00ee b\u00fbn","datePublished":"2025-10-05T15:52:17+00:00","mainEntityOfPage":{"@id":"https:\/\/darkamazi.info\/archives\/1050098"},"wordCount":448,"publisher":{"@id":"https:\/\/darkamazi.info\/#organization"},"image":{"@id":"https:\/\/darkamazi.info\/archives\/1050098#primaryimage"},"thumbnailUrl":"https:\/\/darkamazi.info\/file\/2025\/10\/masrour-Barzani-abor-kurdistan.jpg","keywords":["sereke"],"articleSection":["Kurdistan"],"inLanguage":"en-US"},{"@type":"WebPage","@id":"https:\/\/darkamazi.info\/archives\/1050098","url":"https:\/\/darkamazi.info\/archives\/1050098","name":"Mesr\u00fbr Barzan\u00ee: Em di pirrengkirina abor\u00ea Kurdistan\u00ea de serkeft\u00ee b\u00fbn - Darka Maz\u00ee","isPartOf":{"@id":"https:\/\/darkamazi.info\/#website"},"primaryImageOfPage":{"@id":"https:\/\/darkamazi.info\/archives\/1050098#primaryimage"},"image":{"@id":"https:\/\/darkamazi.info\/archives\/1050098#primaryimage"},"thumbnailUrl":"https:\/\/darkamazi.info\/file\/2025\/10\/masrour-Barzani-abor-kurdistan.jpg","datePublished":"2025-10-05T15:52:17+00:00","breadcrumb":{"@id":"https:\/\/darkamazi.info\/archives\/1050098#breadcrumb"},"inLanguage":"en-US","potentialAction":[{"@type":"ReadAction","target":["https:\/\/darkamazi.info\/archives\/1050098"]}]},{"@type":"ImageObject","inLanguage":"en-US","@id":"https:\/\/darkamazi.info\/archives\/1050098#primaryimage","url":"https:\/\/darkamazi.info\/file\/2025\/10\/masrour-Barzani-abor-kurdistan.jpg","contentUrl":"https:\/\/darkamazi.info\/file\/2025\/10\/masrour-Barzani-abor-kurdistan.jpg","width":900,"height":500,"caption":"masrour-Barzani-abor-kurdistan"},{"@type":"BreadcrumbList","@id":"https:\/\/darkamazi.info\/archives\/1050098#breadcrumb","itemListElement":[{"@type":"ListItem","position":1,"name":"Home","item":"https:\/\/darkamazi.info\/"},{"@type":"ListItem","position":2,"name":"Mesr\u00fbr Barzan\u00ee: Em di pirrengkirina abor\u00ea Kurdistan\u00ea de serkeft\u00ee b\u00fbn"}]},{"@type":"WebSite","@id":"https:\/\/darkamazi.info\/#website","url":"https:\/\/darkamazi.info\/","name":"Darka Maz\u00ee","description":"P\u00eageha Zanyariy\u00ean Nebih\u00eest\u00ee","publisher":{"@id":"https:\/\/darkamazi.info\/#organization"},"potentialAction":[{"@type":"SearchAction","target":{"@type":"EntryPoint","urlTemplate":"https:\/\/darkamazi.info\/?s={search_term_string}"},"query-input":{"@type":"PropertyValueSpecification","valueRequired":true,"valueName":"search_term_string"}}],"inLanguage":"en-US"},{"@type":"Organization","@id":"https:\/\/darkamazi.info\/#organization","name":"Darka Maz\u00ee","url":"https:\/\/darkamazi.info\/","logo":{"@type":"ImageObject","inLanguage":"en-US","@id":"https:\/\/darkamazi.info\/#\/schema\/logo\/image\/","url":"https:\/\/darkamazi.info\/file\/2017\/12\/darka-mazi-logo.png","contentUrl":"https:\/\/darkamazi.info\/file\/2017\/12\/darka-mazi-logo.png","width":151,"height":75,"caption":"Darka Maz\u00ee"},"image":{"@id":"https:\/\/darkamazi.info\/#\/schema\/logo\/image\/"},"sameAs":["https:\/\/www.facebook.com\/DarMaziKurmanci","https:\/\/x.com\/DarkaMaziLatini","https:\/\/www.instagram.com\/darkamazi.kurmanci\/","https:\/\/www.youtube.com\/channel\/UCa5HkTdmI8U1qCUFuTw8B2g"]},{"@type":"Person","@id":"https:\/\/darkamazi.info\/#\/schema\/person\/5ad3e24553a0567993fa8ed4bd0a776c","name":"darka mazi","sameAs":["https:\/\/darkamazi.info\/"],"url":"https:\/\/darkamazi.info\/archives\/author\/kurdi"}]}},"_links":{"self":[{"href":"https:\/\/darkamazi.info\/funavuv\/wp\/v2\/posts\/1050098","targetHints":{"allow":["GET"]}}],"collection":[{"href":"https:\/\/darkamazi.info\/funavuv\/wp\/v2\/posts"}],"about":[{"href":"https:\/\/darkamazi.info\/funavuv\/wp\/v2\/types\/post"}],"author":[{"embeddable":true,"href":"https:\/\/darkamazi.info\/funavuv\/wp\/v2\/users\/2"}],"replies":[{"embeddable":true,"href":"https:\/\/darkamazi.info\/funavuv\/wp\/v2\/comments?post=1050098"}],"version-history":[{"count":0,"href":"https:\/\/darkamazi.info\/funavuv\/wp\/v2\/posts\/1050098\/revisions"}],"wp:featuredmedia":[{"embeddable":true,"href":"https:\/\/darkamazi.info\/funavuv\/wp\/v2\/media\/1050099"}],"wp:attachment":[{"href":"https:\/\/darkamazi.info\/funavuv\/wp\/v2\/media?parent=1050098"}],"wp:term":[{"taxonomy":"category","embeddable":true,"href":"https:\/\/darkamazi.info\/funavuv\/wp\/v2\/categories?post=1050098"},{"taxonomy":"post_tag","embeddable":true,"href":"https:\/\/darkamazi.info\/funavuv\/wp\/v2\/tags?post=1050098"}],"curies":[{"name":"wp","href":"https:\/\/api.w.org\/{rel}","templated":true}]}}