{"id":1050102,"date":"2025-10-06T09:55:42","date_gmt":"2025-10-06T06:55:42","guid":{"rendered":"https:\/\/darkamazi.info\/?p=1050102"},"modified":"2025-10-06T09:55:42","modified_gmt":"2025-10-06T06:55:42","slug":"serok-barzani-bo-ciwanen-kurd-en-diyasporaye-giringiye-bidin-xwendin-u-xweavakirine","status":"publish","type":"post","link":"https:\/\/darkamazi.info\/archives\/1050102","title":{"rendered":"Serok Barzan\u00ee bo ciwan\u00ean Kurd \u00ean diyasporay\u00ea: Gir\u00eengiy\u00ea bidin xwendin \u00fb xweavakirin\u00ea"},"content":{"rendered":"<h3 style=\"text-align: justify\"><span style=\"font-family: 'arial black', sans-serif\">Serok Barzan\u00ee p\u00ea\u015fwaziya hejmareke ciwan\u00ean Kurd \u00ean diyasporaya Kurdistan\u00ea kir \u00fb ji wan xwest ku, gir\u00eengiy\u00ea bidin xwendin \u00fb xweavakirin\u00ea.<\/span><\/h3>\n<h3 style=\"text-align: justify\">Serok Mes\u00fbd Barzan\u00ee duh\u00ee (Yek\u015fem, 5\u00ea Cotmeha 2025\u00ea) li P\u00eermam\u00ea p\u00ea\u015fwaziya 110 ciwan\u00ean par\u00e7ey\u00ean Kurdistan\u00ea y\u00ean diyasporay\u00ea kir, ku di nav wan de 12 ciwan\u00ean welat\u00ean Ewropay\u00ea j\u00ee heb\u00fbn.<\/h3>\n<h3 style=\"text-align: justify\">Li gor\u00ee ragihandina Baregay\u00ea Bazirgan\u00ee, li destp\u00eaka w\u00ea civ\u00een\u00ea Serok\u00ea Konfederasyona Diyasporaya Kurdistan\u00ee \u00cesma\u00eel Kamil spasiya Serok Barzan\u00ee kir, ji bo pi\u015ftgiriya bizava komkirina Kurdistaniy\u00ean diyasporay\u00ea di bin s\u00eewaneke netewey\u00ee ve ji bo parastina nasnameya wan a netewey\u00ee.<\/h3>\n<h3 style=\"text-align: justify\">Pa\u015f\u00ee Serok\u00ea Federasyona Ciwan\u00ean Revenda Kurdistan\u00ee Yad Em\u00een spasiya pi\u015ftgiriya Serok Barzan\u00ee kir \u00fb kurtiyek li ser damezrandina Federasyona Ciwan\u00ean Revenda Kurdistan\u00ee \u00fb r\u00eakxistina v\u00ea ge\u015ft\u00ea ji w\u00ee re p\u00ea\u015fk\u00ea\u015f kir, herwesa bal ki\u015fand ser armanc\u00ean n\u00eaz\u00eek \u00fb d\u00fbr \u00ean v\u00ea bernamey\u00ea.<\/h3>\n<h3 style=\"text-align: justify\">Pi\u015ftre Serok Barzan\u00ee behsa gir\u00eengiya komkirina Kurdistaniy\u00ean diyasporay\u00ea di bin s\u00eewaneke netewey\u00ee de ji bo parastina \u00e7and, ziman \u00fb nasnameya netewey\u00ee ya Kurdistan\u00ea \u00fb pi\u015ftgiriya doza rewa ya Kurdistan\u00ea kir.<\/h3>\n<h3 style=\"text-align: justify\">Serok Barzan\u00ee tekez j\u00ee kir ku, div\u00ea ciwan\u00ean Kurd \u00ean li dervey\u00ee welat\u00ee di organ \u00fb dezgeh\u00ean Ewropay\u00ee de xwed\u00ee cih \u00fb giraniyek bin \u00fb gir\u00eengiy\u00ea bidin xwendin \u00fb xweavakirin\u00ea, \u00fb herwesa di navbera diyasporay\u00ea \u00fb welat\u00ee de bibin pireke mukom \u00fb lobiyeke bih\u00eaz di war\u00ean d\u00eeplomat\u00eek, siyas\u00ee \u00fb \u00e7and\u00ee de ji bo Kurdistan\u00ea \u00e7\u00ea bikin.<\/h3>\n<h3 style=\"text-align: justify\">Di pareke din a w\u00ea civ\u00een\u00ea de, Serok Barzan\u00ee behsa rew\u015fa par\u00e7ey\u00ean din \u00ean Kurdistan\u00ea kir \u00fb tekez li ser pi\u015ftgiriya Her\u00eama Kurdistan\u00ea ji bo \u00e7areseriya a\u015ftiyane ya doza rewa ya Kurdistan\u00ea li par\u00e7ey\u00ean din \u00ean Kurdistan\u00ea kir.<\/h3>\n","protected":false},"excerpt":{"rendered":"<p>Serok Barzan\u00ee p\u00ea\u015fwaziya hejmareke ciwan\u00ean Kurd \u00ean diyasporaya Kurdistan\u00ea kir \u00fb ji wan xwest ku, gir\u00eengiy\u00ea bidin xwendin \u00fb xweavakirin\u00ea. Serok Mes\u00fbd Barzan\u00ee duh\u00ee (Yek\u015fem, 5\u00ea Cotmeha 2025\u00ea) li P\u00eermam\u00ea p\u00ea\u015fwaziya 110 ciwan\u00ean par\u00e7ey\u00ean Kurdistan\u00ea y\u00ean diyasporay\u00ea kir, ku di nav wan de 12 ciwan\u00ean welat\u00ean Ewropay\u00ea j\u00ee heb\u00fbn. Li gor\u00ee ragihandina Baregay\u00ea Bazirgan\u00ee, li [&hellip;]<\/p>\n","protected":false},"author":2,"featured_media":1050103,"comment_status":"closed","ping_status":"closed","sticky":false,"template":"","format":"standard","meta":{"footnotes":""},"categories":[29],"tags":[37],"class_list":["post-1050102","post","type-post","status-publish","format-standard","has-post-thumbnail","hentry","category-kurdistan","tag-sereke"],"blocksy_meta":[],"seo_head":"<!-- This site is optimized with the Yoast SEO plugin v27.5 - https:\/\/yoast.com\/product\/yoast-seo-wordpress\/ -->\n<title>Serok Barzan\u00ee bo ciwan\u00ean Kurd \u00ean diyasporay\u00ea: Gir\u00eengiy\u00ea bidin xwendin \u00fb xweavakirin\u00ea - Darka Maz\u00ee<\/title>\n<meta name=\"robots\" content=\"index, follow, max-snippet:-1, max-image-preview:large, max-video-preview:-1\" \/>\n<link rel=\"canonical\" href=\"https:\/\/darkamazi.info\/archives\/1050102\" \/>\n<meta property=\"og:locale\" content=\"en_US\" \/>\n<meta property=\"og:type\" content=\"article\" \/>\n<meta property=\"og:title\" content=\"Serok Barzan\u00ee bo ciwan\u00ean Kurd \u00ean diyasporay\u00ea: Gir\u00eengiy\u00ea bidin xwendin \u00fb xweavakirin\u00ea - Darka Maz\u00ee\" \/>\n<meta property=\"og:description\" content=\"Serok Barzan\u00ee p\u00ea\u015fwaziya hejmareke ciwan\u00ean Kurd \u00ean diyasporaya Kurdistan\u00ea kir \u00fb ji wan xwest ku, gir\u00eengiy\u00ea bidin xwendin \u00fb xweavakirin\u00ea. Serok Mes\u00fbd Barzan\u00ee duh\u00ee (Yek\u015fem, 5\u00ea Cotmeha 2025\u00ea) li P\u00eermam\u00ea p\u00ea\u015fwaziya 110 ciwan\u00ean par\u00e7ey\u00ean Kurdistan\u00ea y\u00ean diyasporay\u00ea kir, ku di nav wan de 12 ciwan\u00ean welat\u00ean Ewropay\u00ea j\u00ee heb\u00fbn. Li gor\u00ee ragihandina Baregay\u00ea Bazirgan\u00ee, li [&hellip;]\" \/>\n<meta property=\"og:url\" content=\"https:\/\/darkamazi.info\/archives\/1050102\" \/>\n<meta property=\"og:site_name\" content=\"Darka Maz\u00ee\" \/>\n<meta property=\"article:publisher\" content=\"https:\/\/www.facebook.com\/DarMaziKurmanci\" \/>\n<meta property=\"article:published_time\" content=\"2025-10-06T06:55:42+00:00\" \/>\n<meta property=\"og:image\" content=\"https:\/\/darkamazi.info\/file\/2025\/10\/diyaspor-barzani.jpg\" \/>\n\t<meta property=\"og:image:width\" content=\"900\" \/>\n\t<meta property=\"og:image:height\" content=\"497\" \/>\n\t<meta property=\"og:image:type\" content=\"image\/jpeg\" \/>\n<meta name=\"author\" content=\"darka mazi\" \/>\n<meta name=\"twitter:card\" content=\"summary_large_image\" \/>\n<meta name=\"twitter:creator\" content=\"@DarkaMaziLatini\" \/>\n<meta name=\"twitter:site\" content=\"@DarkaMaziLatini\" \/>\n<meta name=\"twitter:label1\" content=\"Written by\" \/>\n\t<meta name=\"twitter:data1\" content=\"darka mazi\" \/>\n\t<meta name=\"twitter:label2\" content=\"Est. reading time\" \/>\n\t<meta name=\"twitter:data2\" content=\"2 minutes\" \/>\n<script type=\"application\/ld+json\" class=\"seo-schema-graph\">{\"@context\":\"https:\\\/\\\/schema.org\",\"@graph\":[{\"@type\":\"Article\",\"@id\":\"https:\\\/\\\/darkamazi.info\\\/archives\\\/1050102#article\",\"isPartOf\":{\"@id\":\"https:\\\/\\\/darkamazi.info\\\/archives\\\/1050102\"},\"author\":{\"name\":\"darka mazi\",\"@id\":\"https:\\\/\\\/darkamazi.info\\\/#\\\/schema\\\/person\\\/5ad3e24553a0567993fa8ed4bd0a776c\"},\"headline\":\"Serok Barzan\u00ee bo ciwan\u00ean Kurd \u00ean diyasporay\u00ea: Gir\u00eengiy\u00ea bidin xwendin \u00fb xweavakirin\u00ea\",\"datePublished\":\"2025-10-06T06:55:42+00:00\",\"mainEntityOfPage\":{\"@id\":\"https:\\\/\\\/darkamazi.info\\\/archives\\\/1050102\"},\"wordCount\":298,\"publisher\":{\"@id\":\"https:\\\/\\\/darkamazi.info\\\/#organization\"},\"image\":{\"@id\":\"https:\\\/\\\/darkamazi.info\\\/archives\\\/1050102#primaryimage\"},\"thumbnailUrl\":\"https:\\\/\\\/darkamazi.info\\\/darka-content\\\/uploads\\\/2025\\\/10\\\/diyaspor-barzani.jpg\",\"keywords\":[\"sereke\"],\"articleSection\":[\"Kurdistan\"],\"inLanguage\":\"en-US\"},{\"@type\":\"WebPage\",\"@id\":\"https:\\\/\\\/darkamazi.info\\\/archives\\\/1050102\",\"url\":\"https:\\\/\\\/darkamazi.info\\\/archives\\\/1050102\",\"name\":\"Serok Barzan\u00ee bo ciwan\u00ean Kurd \u00ean diyasporay\u00ea: Gir\u00eengiy\u00ea bidin xwendin \u00fb xweavakirin\u00ea - Darka Maz\u00ee\",\"isPartOf\":{\"@id\":\"https:\\\/\\\/darkamazi.info\\\/#website\"},\"primaryImageOfPage\":{\"@id\":\"https:\\\/\\\/darkamazi.info\\\/archives\\\/1050102#primaryimage\"},\"image\":{\"@id\":\"https:\\\/\\\/darkamazi.info\\\/archives\\\/1050102#primaryimage\"},\"thumbnailUrl\":\"https:\\\/\\\/darkamazi.info\\\/darka-content\\\/uploads\\\/2025\\\/10\\\/diyaspor-barzani.jpg\",\"datePublished\":\"2025-10-06T06:55:42+00:00\",\"breadcrumb\":{\"@id\":\"https:\\\/\\\/darkamazi.info\\\/archives\\\/1050102#breadcrumb\"},\"inLanguage\":\"en-US\",\"potentialAction\":[{\"@type\":\"ReadAction\",\"target\":[\"https:\\\/\\\/darkamazi.info\\\/archives\\\/1050102\"]}]},{\"@type\":\"ImageObject\",\"inLanguage\":\"en-US\",\"@id\":\"https:\\\/\\\/darkamazi.info\\\/archives\\\/1050102#primaryimage\",\"url\":\"https:\\\/\\\/darkamazi.info\\\/darka-content\\\/uploads\\\/2025\\\/10\\\/diyaspor-barzani.jpg\",\"contentUrl\":\"https:\\\/\\\/darkamazi.info\\\/darka-content\\\/uploads\\\/2025\\\/10\\\/diyaspor-barzani.jpg\",\"width\":900,\"height\":497,\"caption\":\"Serok Barzan\u00ee bo ciwan\u00ean Kurd \u00ean diyasporay\u00ea: Gir\u00eengiy\u00ea bidin xwendin \u00fb xweavakirin\u00ea\"},{\"@type\":\"BreadcrumbList\",\"@id\":\"https:\\\/\\\/darkamazi.info\\\/archives\\\/1050102#breadcrumb\",\"itemListElement\":[{\"@type\":\"ListItem\",\"position\":1,\"name\":\"Home\",\"item\":\"https:\\\/\\\/darkamazi.info\\\/\"},{\"@type\":\"ListItem\",\"position\":2,\"name\":\"Serok Barzan\u00ee bo ciwan\u00ean Kurd \u00ean diyasporay\u00ea: Gir\u00eengiy\u00ea bidin xwendin \u00fb xweavakirin\u00ea\"}]},{\"@type\":\"WebSite\",\"@id\":\"https:\\\/\\\/darkamazi.info\\\/#website\",\"url\":\"https:\\\/\\\/darkamazi.info\\\/\",\"name\":\"Darka Maz\u00ee\",\"description\":\"P\u00eageha Zanyariy\u00ean Nebih\u00eest\u00ee\",\"publisher\":{\"@id\":\"https:\\\/\\\/darkamazi.info\\\/#organization\"},\"potentialAction\":[{\"@type\":\"SearchAction\",\"target\":{\"@type\":\"EntryPoint\",\"urlTemplate\":\"https:\\\/\\\/darkamazi.info\\\/?s={search_term_string}\"},\"query-input\":{\"@type\":\"PropertyValueSpecification\",\"valueRequired\":true,\"valueName\":\"search_term_string\"}}],\"inLanguage\":\"en-US\"},{\"@type\":\"Organization\",\"@id\":\"https:\\\/\\\/darkamazi.info\\\/#organization\",\"name\":\"Darka Maz\u00ee\",\"url\":\"https:\\\/\\\/darkamazi.info\\\/\",\"logo\":{\"@type\":\"ImageObject\",\"inLanguage\":\"en-US\",\"@id\":\"https:\\\/\\\/darkamazi.info\\\/#\\\/schema\\\/logo\\\/image\\\/\",\"url\":\"https:\\\/\\\/darkamazi.info\\\/darka-content\\\/uploads\\\/2017\\\/12\\\/darka-mazi-logo.png\",\"contentUrl\":\"https:\\\/\\\/darkamazi.info\\\/darka-content\\\/uploads\\\/2017\\\/12\\\/darka-mazi-logo.png\",\"width\":151,\"height\":75,\"caption\":\"Darka Maz\u00ee\"},\"image\":{\"@id\":\"https:\\\/\\\/darkamazi.info\\\/#\\\/schema\\\/logo\\\/image\\\/\"},\"sameAs\":[\"https:\\\/\\\/www.facebook.com\\\/DarMaziKurmanci\",\"https:\\\/\\\/x.com\\\/DarkaMaziLatini\",\"https:\\\/\\\/www.instagram.com\\\/darkamazi.kurmanci\\\/\",\"https:\\\/\\\/www.youtube.com\\\/channel\\\/UCa5HkTdmI8U1qCUFuTw8B2g\"]},{\"@type\":\"Person\",\"@id\":\"https:\\\/\\\/darkamazi.info\\\/#\\\/schema\\\/person\\\/5ad3e24553a0567993fa8ed4bd0a776c\",\"name\":\"darka mazi\",\"sameAs\":[\"https:\\\/\\\/darkamazi.info\\\/\"],\"url\":\"https:\\\/\\\/darkamazi.info\\\/archives\\\/author\\\/kurdi\"}]}<\/script>\n<!-- \/ Yoast SEO plugin. -->","seo_head_json":{"title":"Serok Barzan\u00ee bo ciwan\u00ean Kurd \u00ean diyasporay\u00ea: Gir\u00eengiy\u00ea bidin xwendin \u00fb xweavakirin\u00ea - Darka Maz\u00ee","robots":{"index":"index","follow":"follow","max-snippet":"max-snippet:-1","max-image-preview":"max-image-preview:large","max-video-preview":"max-video-preview:-1"},"canonical":"https:\/\/darkamazi.info\/archives\/1050102","og_locale":"en_US","og_type":"article","og_title":"Serok Barzan\u00ee bo ciwan\u00ean Kurd \u00ean diyasporay\u00ea: Gir\u00eengiy\u00ea bidin xwendin \u00fb xweavakirin\u00ea - Darka Maz\u00ee","og_description":"Serok Barzan\u00ee p\u00ea\u015fwaziya hejmareke ciwan\u00ean Kurd \u00ean diyasporaya Kurdistan\u00ea kir \u00fb ji wan xwest ku, gir\u00eengiy\u00ea bidin xwendin \u00fb xweavakirin\u00ea. Serok Mes\u00fbd Barzan\u00ee duh\u00ee (Yek\u015fem, 5\u00ea Cotmeha 2025\u00ea) li P\u00eermam\u00ea p\u00ea\u015fwaziya 110 ciwan\u00ean par\u00e7ey\u00ean Kurdistan\u00ea y\u00ean diyasporay\u00ea kir, ku di nav wan de 12 ciwan\u00ean welat\u00ean Ewropay\u00ea j\u00ee heb\u00fbn. Li gor\u00ee ragihandina Baregay\u00ea Bazirgan\u00ee, li [&hellip;]","og_url":"https:\/\/darkamazi.info\/archives\/1050102","og_site_name":"Darka Maz\u00ee","article_publisher":"https:\/\/www.facebook.com\/DarMaziKurmanci","article_published_time":"2025-10-06T06:55:42+00:00","og_image":[{"width":900,"height":497,"url":"https:\/\/darkamazi.info\/file\/2025\/10\/diyaspor-barzani.jpg","type":"image\/jpeg"}],"author":"darka mazi","twitter_card":"summary_large_image","twitter_creator":"@DarkaMaziLatini","twitter_site":"@DarkaMaziLatini","twitter_misc":{"Written by":"darka mazi","Est. reading time":"2 minutes"},"schema":{"@context":"https:\/\/schema.org","@graph":[{"@type":"Article","@id":"https:\/\/darkamazi.info\/archives\/1050102#article","isPartOf":{"@id":"https:\/\/darkamazi.info\/archives\/1050102"},"author":{"name":"darka mazi","@id":"https:\/\/darkamazi.info\/#\/schema\/person\/5ad3e24553a0567993fa8ed4bd0a776c"},"headline":"Serok Barzan\u00ee bo ciwan\u00ean Kurd \u00ean diyasporay\u00ea: Gir\u00eengiy\u00ea bidin xwendin \u00fb xweavakirin\u00ea","datePublished":"2025-10-06T06:55:42+00:00","mainEntityOfPage":{"@id":"https:\/\/darkamazi.info\/archives\/1050102"},"wordCount":298,"publisher":{"@id":"https:\/\/darkamazi.info\/#organization"},"image":{"@id":"https:\/\/darkamazi.info\/archives\/1050102#primaryimage"},"thumbnailUrl":"https:\/\/darkamazi.info\/file\/2025\/10\/diyaspor-barzani.jpg","keywords":["sereke"],"articleSection":["Kurdistan"],"inLanguage":"en-US"},{"@type":"WebPage","@id":"https:\/\/darkamazi.info\/archives\/1050102","url":"https:\/\/darkamazi.info\/archives\/1050102","name":"Serok Barzan\u00ee bo ciwan\u00ean Kurd \u00ean diyasporay\u00ea: Gir\u00eengiy\u00ea bidin xwendin \u00fb xweavakirin\u00ea - Darka Maz\u00ee","isPartOf":{"@id":"https:\/\/darkamazi.info\/#website"},"primaryImageOfPage":{"@id":"https:\/\/darkamazi.info\/archives\/1050102#primaryimage"},"image":{"@id":"https:\/\/darkamazi.info\/archives\/1050102#primaryimage"},"thumbnailUrl":"https:\/\/darkamazi.info\/file\/2025\/10\/diyaspor-barzani.jpg","datePublished":"2025-10-06T06:55:42+00:00","breadcrumb":{"@id":"https:\/\/darkamazi.info\/archives\/1050102#breadcrumb"},"inLanguage":"en-US","potentialAction":[{"@type":"ReadAction","target":["https:\/\/darkamazi.info\/archives\/1050102"]}]},{"@type":"ImageObject","inLanguage":"en-US","@id":"https:\/\/darkamazi.info\/archives\/1050102#primaryimage","url":"https:\/\/darkamazi.info\/file\/2025\/10\/diyaspor-barzani.jpg","contentUrl":"https:\/\/darkamazi.info\/file\/2025\/10\/diyaspor-barzani.jpg","width":900,"height":497,"caption":"Serok Barzan\u00ee bo ciwan\u00ean Kurd \u00ean diyasporay\u00ea: Gir\u00eengiy\u00ea bidin xwendin \u00fb xweavakirin\u00ea"},{"@type":"BreadcrumbList","@id":"https:\/\/darkamazi.info\/archives\/1050102#breadcrumb","itemListElement":[{"@type":"ListItem","position":1,"name":"Home","item":"https:\/\/darkamazi.info\/"},{"@type":"ListItem","position":2,"name":"Serok Barzan\u00ee bo ciwan\u00ean Kurd \u00ean diyasporay\u00ea: Gir\u00eengiy\u00ea bidin xwendin \u00fb xweavakirin\u00ea"}]},{"@type":"WebSite","@id":"https:\/\/darkamazi.info\/#website","url":"https:\/\/darkamazi.info\/","name":"Darka Maz\u00ee","description":"P\u00eageha Zanyariy\u00ean Nebih\u00eest\u00ee","publisher":{"@id":"https:\/\/darkamazi.info\/#organization"},"potentialAction":[{"@type":"SearchAction","target":{"@type":"EntryPoint","urlTemplate":"https:\/\/darkamazi.info\/?s={search_term_string}"},"query-input":{"@type":"PropertyValueSpecification","valueRequired":true,"valueName":"search_term_string"}}],"inLanguage":"en-US"},{"@type":"Organization","@id":"https:\/\/darkamazi.info\/#organization","name":"Darka Maz\u00ee","url":"https:\/\/darkamazi.info\/","logo":{"@type":"ImageObject","inLanguage":"en-US","@id":"https:\/\/darkamazi.info\/#\/schema\/logo\/image\/","url":"https:\/\/darkamazi.info\/file\/2017\/12\/darka-mazi-logo.png","contentUrl":"https:\/\/darkamazi.info\/file\/2017\/12\/darka-mazi-logo.png","width":151,"height":75,"caption":"Darka Maz\u00ee"},"image":{"@id":"https:\/\/darkamazi.info\/#\/schema\/logo\/image\/"},"sameAs":["https:\/\/www.facebook.com\/DarMaziKurmanci","https:\/\/x.com\/DarkaMaziLatini","https:\/\/www.instagram.com\/darkamazi.kurmanci\/","https:\/\/www.youtube.com\/channel\/UCa5HkTdmI8U1qCUFuTw8B2g"]},{"@type":"Person","@id":"https:\/\/darkamazi.info\/#\/schema\/person\/5ad3e24553a0567993fa8ed4bd0a776c","name":"darka mazi","sameAs":["https:\/\/darkamazi.info\/"],"url":"https:\/\/darkamazi.info\/archives\/author\/kurdi"}]}},"_links":{"self":[{"href":"https:\/\/darkamazi.info\/funavuv\/wp\/v2\/posts\/1050102","targetHints":{"allow":["GET"]}}],"collection":[{"href":"https:\/\/darkamazi.info\/funavuv\/wp\/v2\/posts"}],"about":[{"href":"https:\/\/darkamazi.info\/funavuv\/wp\/v2\/types\/post"}],"author":[{"embeddable":true,"href":"https:\/\/darkamazi.info\/funavuv\/wp\/v2\/users\/2"}],"replies":[{"embeddable":true,"href":"https:\/\/darkamazi.info\/funavuv\/wp\/v2\/comments?post=1050102"}],"version-history":[{"count":0,"href":"https:\/\/darkamazi.info\/funavuv\/wp\/v2\/posts\/1050102\/revisions"}],"wp:featuredmedia":[{"embeddable":true,"href":"https:\/\/darkamazi.info\/funavuv\/wp\/v2\/media\/1050103"}],"wp:attachment":[{"href":"https:\/\/darkamazi.info\/funavuv\/wp\/v2\/media?parent=1050102"}],"wp:term":[{"taxonomy":"category","embeddable":true,"href":"https:\/\/darkamazi.info\/funavuv\/wp\/v2\/categories?post=1050102"},{"taxonomy":"post_tag","embeddable":true,"href":"https:\/\/darkamazi.info\/funavuv\/wp\/v2\/tags?post=1050102"}],"curies":[{"name":"wp","href":"https:\/\/api.w.org\/{rel}","templated":true}]}}