{"id":1050109,"date":"2025-10-06T13:57:32","date_gmt":"2025-10-06T10:57:32","guid":{"rendered":"https:\/\/darkamazi.info\/?p=1050109"},"modified":"2025-10-06T13:57:32","modified_gmt":"2025-10-06T10:57:32","slug":"tirkiye-dema-rawestandina-gesten-asmani-yen-balafirgeha-silemaniye-direj-kir","status":"publish","type":"post","link":"https:\/\/darkamazi.info\/archives\/1050109","title":{"rendered":"Tirkiy\u00ea dema rawestandina ge\u015ft\u00ean asman\u00ee y\u00ean Balafirgeha Sil\u00eamaniy\u00ea dir\u00eaj kir"},"content":{"rendered":"<h3 style=\"text-align: justify\"><span style=\"font-family: 'arial black', sans-serif\">Hik\u00fbmeta Tirkiy\u00ea dema rawestandina ge\u015ft\u00ean asman\u00ee y\u00ean Balefirgeha Navnetewey\u00ee ya Sil\u00eamaniy\u00ea ji bo s\u00ea meh\u00ean din dir\u00eaj kir.<\/span><\/h3>\n<h3 style=\"text-align: justify\">Balefirgeha Navnetewey\u00ee ya Sil\u00eamaniy\u00ea \u00eero 06.10.2025\u00ea di ragihandinek\u00ea e\u015fkere kir, \u201cDesthilata Balafirvaniy\u00ea ya \u015earistan\u00ee ya Tirkiy\u00ea biryar da ku, dema rawestandina ge\u015ft\u00ean asman\u00ee y\u00ean ji bo Balefirgeha Navnetewey\u00ee ya Sil\u00eamaniy\u00ea heta 6\u00ea \u00c7ileya 2026\u00ea dir\u00eaj bike.\u201d<\/h3>\n<h3 style=\"text-align: justify\">Di w\u00ea ragehandin\u00ea de amaje j\u00ee hatiye dan, \u201cLi gor\u00ee nameyek\u00ea haydariy\u00ea, ku ji aliy\u00ea Desthilata Balafirvaniy\u00ea ya \u015earistan\u00ee ya Tirkiy\u00ea ve hatiye derxistin, asman\u00ea w\u00ee welat\u00ee ji bo hem\u00ee ge\u015ft\u00ean ku ji Balefirgeha Sil\u00eamaniy\u00ea t\u00ean kirin an j\u00ee dixwazin li w\u00ea balafirxaney\u00ea dadin t\u00ea girtin.<\/h3>\n<h3 style=\"text-align: justify\">Ev rawestandin li roja 3\u00ea N\u00eesana 2023\u00ea hatiye destp\u00eakirin \u00fb ji w\u00ea dem\u00ea ve gelek caran hatiye dir\u00eajkirin. Hik\u00fbmeta Tirkiy\u00ea ev biryar bi n\u00eegeraniy\u00ean ewlehiy\u00ea ve gir\u00ea daye.<\/h3>\n<h3 style=\"text-align: justify\">Biryara Tirkiy\u00ea ne ten\u00ea ge\u015ft\u00ean asman\u00ee y\u00ean rasterast di navbera Sil\u00eamaniy\u00ea \u00fb bajar\u00ean Tirkiy\u00ea de rawestandine, l\u00ea bandor li ser wan ge\u015ftan j\u00ee heye y\u00ean ku asman\u00ea Tirkiy\u00ea wek\u00ee r\u00eaya veguhertin\u00ea bi kar t\u00eenin da ku bigih\u00eejin welat\u00ean din.<\/h3>\n<h3 style=\"text-align: justify\">Berpirs\u00ean payebilind \u00ean Yek\u00eetiya Ni\u015ft\u00eeman\u00ee ya Kurdistan\u00ea (YNK) \u00fb Hik\u00fbmeta Her\u00eama Kurdistan\u00ea, ji wan j\u00ee C\u00eegir\u00ea Serokwez\u00eer\u00ea Her\u00eama Kurdistan\u00ea Qubad Taleban\u00ee, gelek caran bizav kiriye ku v\u00ea pirsgir\u00eak\u00ea bi berpirs\u00ean Tirkiy\u00ea re \u00e7areser bikin, l\u00ea heta niha dan\u00fbstandin\u00ean wan ti encameke ber\u00e7av neb\u00fbye.<\/h3>\n","protected":false},"excerpt":{"rendered":"<p>Hik\u00fbmeta Tirkiy\u00ea dema rawestandina ge\u015ft\u00ean asman\u00ee y\u00ean Balefirgeha Navnetewey\u00ee ya Sil\u00eamaniy\u00ea ji bo s\u00ea meh\u00ean din dir\u00eaj kir. Balefirgeha Navnetewey\u00ee ya Sil\u00eamaniy\u00ea \u00eero 06.10.2025\u00ea di ragihandinek\u00ea e\u015fkere kir, \u201cDesthilata Balafirvaniy\u00ea ya \u015earistan\u00ee ya Tirkiy\u00ea biryar da ku, dema rawestandina ge\u015ft\u00ean asman\u00ee y\u00ean ji bo Balefirgeha Navnetewey\u00ee ya Sil\u00eamaniy\u00ea heta 6\u00ea \u00c7ileya 2026\u00ea dir\u00eaj bike.\u201d Di [&hellip;]<\/p>\n","protected":false},"author":2,"featured_media":1050110,"comment_status":"closed","ping_status":"closed","sticky":false,"template":"","format":"standard","meta":{"footnotes":""},"categories":[29],"tags":[37],"class_list":["post-1050109","post","type-post","status-publish","format-standard","has-post-thumbnail","hentry","category-kurdistan","tag-sereke"],"blocksy_meta":[],"seo_head":"<!-- This site is optimized with the Yoast SEO plugin v27.5 - https:\/\/yoast.com\/product\/yoast-seo-wordpress\/ -->\n<title>Tirkiy\u00ea dema rawestandina ge\u015ft\u00ean asman\u00ee y\u00ean Balafirgeha Sil\u00eamaniy\u00ea dir\u00eaj kir - Darka Maz\u00ee<\/title>\n<meta name=\"robots\" content=\"index, follow, max-snippet:-1, max-image-preview:large, max-video-preview:-1\" \/>\n<link rel=\"canonical\" href=\"https:\/\/darkamazi.info\/archives\/1050109\" \/>\n<meta property=\"og:locale\" content=\"en_US\" \/>\n<meta property=\"og:type\" content=\"article\" \/>\n<meta property=\"og:title\" content=\"Tirkiy\u00ea dema rawestandina ge\u015ft\u00ean asman\u00ee y\u00ean Balafirgeha Sil\u00eamaniy\u00ea dir\u00eaj kir - Darka Maz\u00ee\" \/>\n<meta property=\"og:description\" content=\"Hik\u00fbmeta Tirkiy\u00ea dema rawestandina ge\u015ft\u00ean asman\u00ee y\u00ean Balefirgeha Navnetewey\u00ee ya Sil\u00eamaniy\u00ea ji bo s\u00ea meh\u00ean din dir\u00eaj kir. Balefirgeha Navnetewey\u00ee ya Sil\u00eamaniy\u00ea \u00eero 06.10.2025\u00ea di ragihandinek\u00ea e\u015fkere kir, \u201cDesthilata Balafirvaniy\u00ea ya \u015earistan\u00ee ya Tirkiy\u00ea biryar da ku, dema rawestandina ge\u015ft\u00ean asman\u00ee y\u00ean ji bo Balefirgeha Navnetewey\u00ee ya Sil\u00eamaniy\u00ea heta 6\u00ea \u00c7ileya 2026\u00ea dir\u00eaj bike.\u201d Di [&hellip;]\" \/>\n<meta property=\"og:url\" content=\"https:\/\/darkamazi.info\/archives\/1050109\" \/>\n<meta property=\"og:site_name\" content=\"Darka Maz\u00ee\" \/>\n<meta property=\"article:publisher\" content=\"https:\/\/www.facebook.com\/DarMaziKurmanci\" \/>\n<meta property=\"article:published_time\" content=\"2025-10-06T10:57:32+00:00\" \/>\n<meta property=\"og:image\" content=\"https:\/\/darkamazi.info\/file\/2025\/10\/balefirgeha-silemani.jpg\" \/>\n\t<meta property=\"og:image:width\" content=\"900\" \/>\n\t<meta property=\"og:image:height\" content=\"497\" \/>\n\t<meta property=\"og:image:type\" content=\"image\/jpeg\" \/>\n<meta name=\"author\" content=\"darka mazi\" \/>\n<meta name=\"twitter:card\" content=\"summary_large_image\" \/>\n<meta name=\"twitter:creator\" content=\"@DarkaMaziLatini\" \/>\n<meta name=\"twitter:site\" content=\"@DarkaMaziLatini\" \/>\n<meta name=\"twitter:label1\" content=\"Written by\" \/>\n\t<meta name=\"twitter:data1\" content=\"darka mazi\" \/>\n\t<meta name=\"twitter:label2\" content=\"Est. reading time\" \/>\n\t<meta name=\"twitter:data2\" content=\"2 minutes\" \/>\n<script type=\"application\/ld+json\" class=\"seo-schema-graph\">{\"@context\":\"https:\\\/\\\/schema.org\",\"@graph\":[{\"@type\":\"Article\",\"@id\":\"https:\\\/\\\/darkamazi.info\\\/archives\\\/1050109#article\",\"isPartOf\":{\"@id\":\"https:\\\/\\\/darkamazi.info\\\/archives\\\/1050109\"},\"author\":{\"name\":\"darka mazi\",\"@id\":\"https:\\\/\\\/darkamazi.info\\\/#\\\/schema\\\/person\\\/5ad3e24553a0567993fa8ed4bd0a776c\"},\"headline\":\"Tirkiy\u00ea dema rawestandina ge\u015ft\u00ean asman\u00ee y\u00ean Balafirgeha Sil\u00eamaniy\u00ea dir\u00eaj kir\",\"datePublished\":\"2025-10-06T10:57:32+00:00\",\"mainEntityOfPage\":{\"@id\":\"https:\\\/\\\/darkamazi.info\\\/archives\\\/1050109\"},\"wordCount\":267,\"publisher\":{\"@id\":\"https:\\\/\\\/darkamazi.info\\\/#organization\"},\"image\":{\"@id\":\"https:\\\/\\\/darkamazi.info\\\/archives\\\/1050109#primaryimage\"},\"thumbnailUrl\":\"https:\\\/\\\/darkamazi.info\\\/darka-content\\\/uploads\\\/2025\\\/10\\\/balefirgeha-silemani.jpg\",\"keywords\":[\"sereke\"],\"articleSection\":[\"Kurdistan\"],\"inLanguage\":\"en-US\"},{\"@type\":\"WebPage\",\"@id\":\"https:\\\/\\\/darkamazi.info\\\/archives\\\/1050109\",\"url\":\"https:\\\/\\\/darkamazi.info\\\/archives\\\/1050109\",\"name\":\"Tirkiy\u00ea dema rawestandina ge\u015ft\u00ean asman\u00ee y\u00ean Balafirgeha Sil\u00eamaniy\u00ea dir\u00eaj kir - Darka Maz\u00ee\",\"isPartOf\":{\"@id\":\"https:\\\/\\\/darkamazi.info\\\/#website\"},\"primaryImageOfPage\":{\"@id\":\"https:\\\/\\\/darkamazi.info\\\/archives\\\/1050109#primaryimage\"},\"image\":{\"@id\":\"https:\\\/\\\/darkamazi.info\\\/archives\\\/1050109#primaryimage\"},\"thumbnailUrl\":\"https:\\\/\\\/darkamazi.info\\\/darka-content\\\/uploads\\\/2025\\\/10\\\/balefirgeha-silemani.jpg\",\"datePublished\":\"2025-10-06T10:57:32+00:00\",\"breadcrumb\":{\"@id\":\"https:\\\/\\\/darkamazi.info\\\/archives\\\/1050109#breadcrumb\"},\"inLanguage\":\"en-US\",\"potentialAction\":[{\"@type\":\"ReadAction\",\"target\":[\"https:\\\/\\\/darkamazi.info\\\/archives\\\/1050109\"]}]},{\"@type\":\"ImageObject\",\"inLanguage\":\"en-US\",\"@id\":\"https:\\\/\\\/darkamazi.info\\\/archives\\\/1050109#primaryimage\",\"url\":\"https:\\\/\\\/darkamazi.info\\\/darka-content\\\/uploads\\\/2025\\\/10\\\/balefirgeha-silemani.jpg\",\"contentUrl\":\"https:\\\/\\\/darkamazi.info\\\/darka-content\\\/uploads\\\/2025\\\/10\\\/balefirgeha-silemani.jpg\",\"width\":900,\"height\":497,\"caption\":\"Tirkiy\u00ea dema rawestandina ge\u015ft\u00ean asman\u00ee y\u00ean Balafirgeha Sil\u00eamaniy\u00ea dir\u00eaj kir\"},{\"@type\":\"BreadcrumbList\",\"@id\":\"https:\\\/\\\/darkamazi.info\\\/archives\\\/1050109#breadcrumb\",\"itemListElement\":[{\"@type\":\"ListItem\",\"position\":1,\"name\":\"Home\",\"item\":\"https:\\\/\\\/darkamazi.info\\\/\"},{\"@type\":\"ListItem\",\"position\":2,\"name\":\"Tirkiy\u00ea dema rawestandina ge\u015ft\u00ean asman\u00ee y\u00ean Balafirgeha Sil\u00eamaniy\u00ea dir\u00eaj kir\"}]},{\"@type\":\"WebSite\",\"@id\":\"https:\\\/\\\/darkamazi.info\\\/#website\",\"url\":\"https:\\\/\\\/darkamazi.info\\\/\",\"name\":\"Darka Maz\u00ee\",\"description\":\"P\u00eageha Zanyariy\u00ean Nebih\u00eest\u00ee\",\"publisher\":{\"@id\":\"https:\\\/\\\/darkamazi.info\\\/#organization\"},\"potentialAction\":[{\"@type\":\"SearchAction\",\"target\":{\"@type\":\"EntryPoint\",\"urlTemplate\":\"https:\\\/\\\/darkamazi.info\\\/?s={search_term_string}\"},\"query-input\":{\"@type\":\"PropertyValueSpecification\",\"valueRequired\":true,\"valueName\":\"search_term_string\"}}],\"inLanguage\":\"en-US\"},{\"@type\":\"Organization\",\"@id\":\"https:\\\/\\\/darkamazi.info\\\/#organization\",\"name\":\"Darka Maz\u00ee\",\"url\":\"https:\\\/\\\/darkamazi.info\\\/\",\"logo\":{\"@type\":\"ImageObject\",\"inLanguage\":\"en-US\",\"@id\":\"https:\\\/\\\/darkamazi.info\\\/#\\\/schema\\\/logo\\\/image\\\/\",\"url\":\"https:\\\/\\\/darkamazi.info\\\/darka-content\\\/uploads\\\/2017\\\/12\\\/darka-mazi-logo.png\",\"contentUrl\":\"https:\\\/\\\/darkamazi.info\\\/darka-content\\\/uploads\\\/2017\\\/12\\\/darka-mazi-logo.png\",\"width\":151,\"height\":75,\"caption\":\"Darka Maz\u00ee\"},\"image\":{\"@id\":\"https:\\\/\\\/darkamazi.info\\\/#\\\/schema\\\/logo\\\/image\\\/\"},\"sameAs\":[\"https:\\\/\\\/www.facebook.com\\\/DarMaziKurmanci\",\"https:\\\/\\\/x.com\\\/DarkaMaziLatini\",\"https:\\\/\\\/www.instagram.com\\\/darkamazi.kurmanci\\\/\",\"https:\\\/\\\/www.youtube.com\\\/channel\\\/UCa5HkTdmI8U1qCUFuTw8B2g\"]},{\"@type\":\"Person\",\"@id\":\"https:\\\/\\\/darkamazi.info\\\/#\\\/schema\\\/person\\\/5ad3e24553a0567993fa8ed4bd0a776c\",\"name\":\"darka mazi\",\"sameAs\":[\"https:\\\/\\\/darkamazi.info\\\/\"],\"url\":\"https:\\\/\\\/darkamazi.info\\\/archives\\\/author\\\/kurdi\"}]}<\/script>\n<!-- \/ Yoast SEO plugin. -->","seo_head_json":{"title":"Tirkiy\u00ea dema rawestandina ge\u015ft\u00ean asman\u00ee y\u00ean Balafirgeha Sil\u00eamaniy\u00ea dir\u00eaj kir - Darka Maz\u00ee","robots":{"index":"index","follow":"follow","max-snippet":"max-snippet:-1","max-image-preview":"max-image-preview:large","max-video-preview":"max-video-preview:-1"},"canonical":"https:\/\/darkamazi.info\/archives\/1050109","og_locale":"en_US","og_type":"article","og_title":"Tirkiy\u00ea dema rawestandina ge\u015ft\u00ean asman\u00ee y\u00ean Balafirgeha Sil\u00eamaniy\u00ea dir\u00eaj kir - Darka Maz\u00ee","og_description":"Hik\u00fbmeta Tirkiy\u00ea dema rawestandina ge\u015ft\u00ean asman\u00ee y\u00ean Balefirgeha Navnetewey\u00ee ya Sil\u00eamaniy\u00ea ji bo s\u00ea meh\u00ean din dir\u00eaj kir. Balefirgeha Navnetewey\u00ee ya Sil\u00eamaniy\u00ea \u00eero 06.10.2025\u00ea di ragihandinek\u00ea e\u015fkere kir, \u201cDesthilata Balafirvaniy\u00ea ya \u015earistan\u00ee ya Tirkiy\u00ea biryar da ku, dema rawestandina ge\u015ft\u00ean asman\u00ee y\u00ean ji bo Balefirgeha Navnetewey\u00ee ya Sil\u00eamaniy\u00ea heta 6\u00ea \u00c7ileya 2026\u00ea dir\u00eaj bike.\u201d Di [&hellip;]","og_url":"https:\/\/darkamazi.info\/archives\/1050109","og_site_name":"Darka Maz\u00ee","article_publisher":"https:\/\/www.facebook.com\/DarMaziKurmanci","article_published_time":"2025-10-06T10:57:32+00:00","og_image":[{"width":900,"height":497,"url":"https:\/\/darkamazi.info\/file\/2025\/10\/balefirgeha-silemani.jpg","type":"image\/jpeg"}],"author":"darka mazi","twitter_card":"summary_large_image","twitter_creator":"@DarkaMaziLatini","twitter_site":"@DarkaMaziLatini","twitter_misc":{"Written by":"darka mazi","Est. reading time":"2 minutes"},"schema":{"@context":"https:\/\/schema.org","@graph":[{"@type":"Article","@id":"https:\/\/darkamazi.info\/archives\/1050109#article","isPartOf":{"@id":"https:\/\/darkamazi.info\/archives\/1050109"},"author":{"name":"darka mazi","@id":"https:\/\/darkamazi.info\/#\/schema\/person\/5ad3e24553a0567993fa8ed4bd0a776c"},"headline":"Tirkiy\u00ea dema rawestandina ge\u015ft\u00ean asman\u00ee y\u00ean Balafirgeha Sil\u00eamaniy\u00ea dir\u00eaj kir","datePublished":"2025-10-06T10:57:32+00:00","mainEntityOfPage":{"@id":"https:\/\/darkamazi.info\/archives\/1050109"},"wordCount":267,"publisher":{"@id":"https:\/\/darkamazi.info\/#organization"},"image":{"@id":"https:\/\/darkamazi.info\/archives\/1050109#primaryimage"},"thumbnailUrl":"https:\/\/darkamazi.info\/file\/2025\/10\/balefirgeha-silemani.jpg","keywords":["sereke"],"articleSection":["Kurdistan"],"inLanguage":"en-US"},{"@type":"WebPage","@id":"https:\/\/darkamazi.info\/archives\/1050109","url":"https:\/\/darkamazi.info\/archives\/1050109","name":"Tirkiy\u00ea dema rawestandina ge\u015ft\u00ean asman\u00ee y\u00ean Balafirgeha Sil\u00eamaniy\u00ea dir\u00eaj kir - Darka Maz\u00ee","isPartOf":{"@id":"https:\/\/darkamazi.info\/#website"},"primaryImageOfPage":{"@id":"https:\/\/darkamazi.info\/archives\/1050109#primaryimage"},"image":{"@id":"https:\/\/darkamazi.info\/archives\/1050109#primaryimage"},"thumbnailUrl":"https:\/\/darkamazi.info\/file\/2025\/10\/balefirgeha-silemani.jpg","datePublished":"2025-10-06T10:57:32+00:00","breadcrumb":{"@id":"https:\/\/darkamazi.info\/archives\/1050109#breadcrumb"},"inLanguage":"en-US","potentialAction":[{"@type":"ReadAction","target":["https:\/\/darkamazi.info\/archives\/1050109"]}]},{"@type":"ImageObject","inLanguage":"en-US","@id":"https:\/\/darkamazi.info\/archives\/1050109#primaryimage","url":"https:\/\/darkamazi.info\/file\/2025\/10\/balefirgeha-silemani.jpg","contentUrl":"https:\/\/darkamazi.info\/file\/2025\/10\/balefirgeha-silemani.jpg","width":900,"height":497,"caption":"Tirkiy\u00ea dema rawestandina ge\u015ft\u00ean asman\u00ee y\u00ean Balafirgeha Sil\u00eamaniy\u00ea dir\u00eaj kir"},{"@type":"BreadcrumbList","@id":"https:\/\/darkamazi.info\/archives\/1050109#breadcrumb","itemListElement":[{"@type":"ListItem","position":1,"name":"Home","item":"https:\/\/darkamazi.info\/"},{"@type":"ListItem","position":2,"name":"Tirkiy\u00ea dema rawestandina ge\u015ft\u00ean asman\u00ee y\u00ean Balafirgeha Sil\u00eamaniy\u00ea dir\u00eaj kir"}]},{"@type":"WebSite","@id":"https:\/\/darkamazi.info\/#website","url":"https:\/\/darkamazi.info\/","name":"Darka Maz\u00ee","description":"P\u00eageha Zanyariy\u00ean Nebih\u00eest\u00ee","publisher":{"@id":"https:\/\/darkamazi.info\/#organization"},"potentialAction":[{"@type":"SearchAction","target":{"@type":"EntryPoint","urlTemplate":"https:\/\/darkamazi.info\/?s={search_term_string}"},"query-input":{"@type":"PropertyValueSpecification","valueRequired":true,"valueName":"search_term_string"}}],"inLanguage":"en-US"},{"@type":"Organization","@id":"https:\/\/darkamazi.info\/#organization","name":"Darka Maz\u00ee","url":"https:\/\/darkamazi.info\/","logo":{"@type":"ImageObject","inLanguage":"en-US","@id":"https:\/\/darkamazi.info\/#\/schema\/logo\/image\/","url":"https:\/\/darkamazi.info\/file\/2017\/12\/darka-mazi-logo.png","contentUrl":"https:\/\/darkamazi.info\/file\/2017\/12\/darka-mazi-logo.png","width":151,"height":75,"caption":"Darka Maz\u00ee"},"image":{"@id":"https:\/\/darkamazi.info\/#\/schema\/logo\/image\/"},"sameAs":["https:\/\/www.facebook.com\/DarMaziKurmanci","https:\/\/x.com\/DarkaMaziLatini","https:\/\/www.instagram.com\/darkamazi.kurmanci\/","https:\/\/www.youtube.com\/channel\/UCa5HkTdmI8U1qCUFuTw8B2g"]},{"@type":"Person","@id":"https:\/\/darkamazi.info\/#\/schema\/person\/5ad3e24553a0567993fa8ed4bd0a776c","name":"darka mazi","sameAs":["https:\/\/darkamazi.info\/"],"url":"https:\/\/darkamazi.info\/archives\/author\/kurdi"}]}},"_links":{"self":[{"href":"https:\/\/darkamazi.info\/funavuv\/wp\/v2\/posts\/1050109","targetHints":{"allow":["GET"]}}],"collection":[{"href":"https:\/\/darkamazi.info\/funavuv\/wp\/v2\/posts"}],"about":[{"href":"https:\/\/darkamazi.info\/funavuv\/wp\/v2\/types\/post"}],"author":[{"embeddable":true,"href":"https:\/\/darkamazi.info\/funavuv\/wp\/v2\/users\/2"}],"replies":[{"embeddable":true,"href":"https:\/\/darkamazi.info\/funavuv\/wp\/v2\/comments?post=1050109"}],"version-history":[{"count":0,"href":"https:\/\/darkamazi.info\/funavuv\/wp\/v2\/posts\/1050109\/revisions"}],"wp:featuredmedia":[{"embeddable":true,"href":"https:\/\/darkamazi.info\/funavuv\/wp\/v2\/media\/1050110"}],"wp:attachment":[{"href":"https:\/\/darkamazi.info\/funavuv\/wp\/v2\/media?parent=1050109"}],"wp:term":[{"taxonomy":"category","embeddable":true,"href":"https:\/\/darkamazi.info\/funavuv\/wp\/v2\/categories?post=1050109"},{"taxonomy":"post_tag","embeddable":true,"href":"https:\/\/darkamazi.info\/funavuv\/wp\/v2\/tags?post=1050109"}],"curies":[{"name":"wp","href":"https:\/\/api.w.org\/{rel}","templated":true}]}}