{"id":1050129,"date":"2025-10-07T17:25:57","date_gmt":"2025-10-07T14:25:57","guid":{"rendered":"https:\/\/darkamazi.info\/?p=1050129"},"modified":"2025-10-07T17:26:38","modified_gmt":"2025-10-07T14:26:38","slug":"pirtuka-rebaz-ya-nviskar-bube-eser-bi-zmane-tirki-ji-hat-wesandin","status":"publish","type":"post","link":"https:\/\/darkamazi.info\/archives\/1050129","title":{"rendered":"Pirt\u00fbka &#8220;R\u00eabaz&#8221; a niv\u00eeskar B\u00fbb\u00ea Eser bi ziman\u00ea Tirk\u00ee j\u00ee hat we\u015fandin"},"content":{"rendered":"<h3 style=\"text-align: justify\"><span style=\"color: #0000ff;font-family: 'arial black', sans-serif\">B\u00fbb\u00ea Eser<\/span><\/h3>\n<h3 style=\"text-align: justify\"><span style=\"font-family: 'arial black', sans-serif\">AGAHDARIYEK DILXWE\u015e!!!<\/span><\/h3>\n<h3 style=\"text-align: justify\">Berhema min ya bi nav\u00ea \u201cR\u00caBAZ\u201d, Diyar Kurd\u00ee li ser daxwaza ciwan\u00ean Kurd y\u00ean ku nikarin bi kurd\u00ee bixw\u00eenin, wergerandiye ziman\u00ea Tirk\u00ee. We\u015fanxaneya Akedemiya Z\u00eelan j\u00ee diwe\u015f\u00eene \u00fb niha di \u00e7ap\u00ea de ye.<\/h3>\n<h3 style=\"text-align: justify\">Ev berhema delal di n\u00eazde digh\u00eaje berdest\u00ean xwendevan\u00ean nikarin bi kurd\u00ee bixw\u00eenin.<\/h3>\n<h3 style=\"text-align: justify\">Bi h\u00eaviya xwendineke xwe\u015f, ge\u015f \u00fb t\u00eagihi\u015ftineke ba\u015f.<\/h3>\n<h3 style=\"text-align: justify\">R\u00caBAZ (BARZAN\u00ce FELSEFES\u00ce) di roj\u00ea 18\/26-10-2025an li p\u00ea\u015fengeha pirt\u00fbkan ya Diyarbekir\u00ea ye. Herin bist\u00eenin \u00fb b\u00ea R\u00caBAZ nem\u00eenin<\/h3>\n<h3 style=\"text-align: justify\">Telefona xwestin\u00ea: 0090530 562 96 67<\/h3>\n","protected":false},"excerpt":{"rendered":"<p>B\u00fbb\u00ea Eser AGAHDARIYEK DILXWE\u015e!!! Berhema min ya bi nav\u00ea \u201cR\u00caBAZ\u201d, Diyar Kurd\u00ee li ser daxwaza ciwan\u00ean Kurd y\u00ean ku nikarin bi kurd\u00ee bixw\u00eenin, wergerandiye ziman\u00ea Tirk\u00ee. We\u015fanxaneya Akedemiya Z\u00eelan j\u00ee diwe\u015f\u00eene \u00fb niha di \u00e7ap\u00ea de ye. Ev berhema delal di n\u00eazde digh\u00eaje berdest\u00ean xwendevan\u00ean nikarin bi kurd\u00ee bixw\u00eenin. Bi h\u00eaviya xwendineke xwe\u015f, ge\u015f \u00fb [&hellip;]<\/p>\n","protected":false},"author":2,"featured_media":1050130,"comment_status":"closed","ping_status":"closed","sticky":false,"template":"","format":"standard","meta":{"footnotes":""},"categories":[29],"tags":[37],"class_list":["post-1050129","post","type-post","status-publish","format-standard","has-post-thumbnail","hentry","category-kurdistan","tag-sereke"],"blocksy_meta":[],"seo_head":"<!-- This site is optimized with the Yoast SEO plugin v27.5 - https:\/\/yoast.com\/product\/yoast-seo-wordpress\/ -->\n<title>Pirt\u00fbka &quot;R\u00eabaz&quot; a niv\u00eeskar B\u00fbb\u00ea Eser bi ziman\u00ea Tirk\u00ee j\u00ee hat we\u015fandin - Darka Maz\u00ee<\/title>\n<meta name=\"robots\" content=\"index, follow, max-snippet:-1, max-image-preview:large, max-video-preview:-1\" \/>\n<link rel=\"canonical\" href=\"https:\/\/darkamazi.info\/archives\/1050129\" \/>\n<meta property=\"og:locale\" content=\"en_US\" \/>\n<meta property=\"og:type\" content=\"article\" \/>\n<meta property=\"og:title\" content=\"Pirt\u00fbka &quot;R\u00eabaz&quot; a niv\u00eeskar B\u00fbb\u00ea Eser bi ziman\u00ea Tirk\u00ee j\u00ee hat we\u015fandin - Darka Maz\u00ee\" \/>\n<meta property=\"og:description\" content=\"B\u00fbb\u00ea Eser AGAHDARIYEK DILXWE\u015e!!! Berhema min ya bi nav\u00ea \u201cR\u00caBAZ\u201d, Diyar Kurd\u00ee li ser daxwaza ciwan\u00ean Kurd y\u00ean ku nikarin bi kurd\u00ee bixw\u00eenin, wergerandiye ziman\u00ea Tirk\u00ee. We\u015fanxaneya Akedemiya Z\u00eelan j\u00ee diwe\u015f\u00eene \u00fb niha di \u00e7ap\u00ea de ye. Ev berhema delal di n\u00eazde digh\u00eaje berdest\u00ean xwendevan\u00ean nikarin bi kurd\u00ee bixw\u00eenin. Bi h\u00eaviya xwendineke xwe\u015f, ge\u015f \u00fb [&hellip;]\" \/>\n<meta property=\"og:url\" content=\"https:\/\/darkamazi.info\/archives\/1050129\" \/>\n<meta property=\"og:site_name\" content=\"Darka Maz\u00ee\" \/>\n<meta property=\"article:publisher\" content=\"https:\/\/www.facebook.com\/DarMaziKurmanci\" \/>\n<meta property=\"article:published_time\" content=\"2025-10-07T14:25:57+00:00\" \/>\n<meta property=\"article:modified_time\" content=\"2025-10-07T14:26:38+00:00\" \/>\n<meta property=\"og:image\" content=\"https:\/\/darkamazi.info\/file\/2025\/10\/rebaz.jpg\" \/>\n\t<meta property=\"og:image:width\" content=\"900\" \/>\n\t<meta property=\"og:image:height\" content=\"497\" \/>\n\t<meta property=\"og:image:type\" content=\"image\/jpeg\" \/>\n<meta name=\"author\" content=\"darka mazi\" \/>\n<meta name=\"twitter:card\" content=\"summary_large_image\" \/>\n<meta name=\"twitter:creator\" content=\"@DarkaMaziLatini\" \/>\n<meta name=\"twitter:site\" content=\"@DarkaMaziLatini\" \/>\n<meta name=\"twitter:label1\" content=\"Written by\" \/>\n\t<meta name=\"twitter:data1\" content=\"darka mazi\" \/>\n\t<meta name=\"twitter:label2\" content=\"Est. reading time\" \/>\n\t<meta name=\"twitter:data2\" content=\"1 minute\" \/>\n<script type=\"application\/ld+json\" class=\"seo-schema-graph\">{\"@context\":\"https:\\\/\\\/schema.org\",\"@graph\":[{\"@type\":\"Article\",\"@id\":\"https:\\\/\\\/darkamazi.info\\\/archives\\\/1050129#article\",\"isPartOf\":{\"@id\":\"https:\\\/\\\/darkamazi.info\\\/archives\\\/1050129\"},\"author\":{\"name\":\"darka mazi\",\"@id\":\"https:\\\/\\\/darkamazi.info\\\/#\\\/schema\\\/person\\\/5ad3e24553a0567993fa8ed4bd0a776c\"},\"headline\":\"Pirt\u00fbka &#8220;R\u00eabaz&#8221; a niv\u00eeskar B\u00fbb\u00ea Eser bi ziman\u00ea Tirk\u00ee j\u00ee hat we\u015fandin\",\"datePublished\":\"2025-10-07T14:25:57+00:00\",\"dateModified\":\"2025-10-07T14:26:38+00:00\",\"mainEntityOfPage\":{\"@id\":\"https:\\\/\\\/darkamazi.info\\\/archives\\\/1050129\"},\"wordCount\":115,\"publisher\":{\"@id\":\"https:\\\/\\\/darkamazi.info\\\/#organization\"},\"image\":{\"@id\":\"https:\\\/\\\/darkamazi.info\\\/archives\\\/1050129#primaryimage\"},\"thumbnailUrl\":\"https:\\\/\\\/darkamazi.info\\\/darka-content\\\/uploads\\\/2025\\\/10\\\/rebaz.jpg\",\"keywords\":[\"sereke\"],\"articleSection\":[\"Kurdistan\"],\"inLanguage\":\"en-US\"},{\"@type\":\"WebPage\",\"@id\":\"https:\\\/\\\/darkamazi.info\\\/archives\\\/1050129\",\"url\":\"https:\\\/\\\/darkamazi.info\\\/archives\\\/1050129\",\"name\":\"Pirt\u00fbka \\\"R\u00eabaz\\\" a niv\u00eeskar B\u00fbb\u00ea Eser bi ziman\u00ea Tirk\u00ee j\u00ee hat we\u015fandin - Darka Maz\u00ee\",\"isPartOf\":{\"@id\":\"https:\\\/\\\/darkamazi.info\\\/#website\"},\"primaryImageOfPage\":{\"@id\":\"https:\\\/\\\/darkamazi.info\\\/archives\\\/1050129#primaryimage\"},\"image\":{\"@id\":\"https:\\\/\\\/darkamazi.info\\\/archives\\\/1050129#primaryimage\"},\"thumbnailUrl\":\"https:\\\/\\\/darkamazi.info\\\/darka-content\\\/uploads\\\/2025\\\/10\\\/rebaz.jpg\",\"datePublished\":\"2025-10-07T14:25:57+00:00\",\"dateModified\":\"2025-10-07T14:26:38+00:00\",\"breadcrumb\":{\"@id\":\"https:\\\/\\\/darkamazi.info\\\/archives\\\/1050129#breadcrumb\"},\"inLanguage\":\"en-US\",\"potentialAction\":[{\"@type\":\"ReadAction\",\"target\":[\"https:\\\/\\\/darkamazi.info\\\/archives\\\/1050129\"]}]},{\"@type\":\"ImageObject\",\"inLanguage\":\"en-US\",\"@id\":\"https:\\\/\\\/darkamazi.info\\\/archives\\\/1050129#primaryimage\",\"url\":\"https:\\\/\\\/darkamazi.info\\\/darka-content\\\/uploads\\\/2025\\\/10\\\/rebaz.jpg\",\"contentUrl\":\"https:\\\/\\\/darkamazi.info\\\/darka-content\\\/uploads\\\/2025\\\/10\\\/rebaz.jpg\",\"width\":900,\"height\":497,\"caption\":\"Pirt\u00fbka \\\"r\u00eabaz\\\" ya nv\u00eeskar b\u00fbb\u00ea eser bi zman\u00ea tirk\u00ee j\u00ee hat we\u015fandin\"},{\"@type\":\"BreadcrumbList\",\"@id\":\"https:\\\/\\\/darkamazi.info\\\/archives\\\/1050129#breadcrumb\",\"itemListElement\":[{\"@type\":\"ListItem\",\"position\":1,\"name\":\"Home\",\"item\":\"https:\\\/\\\/darkamazi.info\\\/\"},{\"@type\":\"ListItem\",\"position\":2,\"name\":\"Pirt\u00fbka &#8220;R\u00eabaz&#8221; a niv\u00eeskar B\u00fbb\u00ea Eser bi ziman\u00ea Tirk\u00ee j\u00ee hat we\u015fandin\"}]},{\"@type\":\"WebSite\",\"@id\":\"https:\\\/\\\/darkamazi.info\\\/#website\",\"url\":\"https:\\\/\\\/darkamazi.info\\\/\",\"name\":\"Darka Maz\u00ee\",\"description\":\"P\u00eageha Zanyariy\u00ean Nebih\u00eest\u00ee\",\"publisher\":{\"@id\":\"https:\\\/\\\/darkamazi.info\\\/#organization\"},\"potentialAction\":[{\"@type\":\"SearchAction\",\"target\":{\"@type\":\"EntryPoint\",\"urlTemplate\":\"https:\\\/\\\/darkamazi.info\\\/?s={search_term_string}\"},\"query-input\":{\"@type\":\"PropertyValueSpecification\",\"valueRequired\":true,\"valueName\":\"search_term_string\"}}],\"inLanguage\":\"en-US\"},{\"@type\":\"Organization\",\"@id\":\"https:\\\/\\\/darkamazi.info\\\/#organization\",\"name\":\"Darka Maz\u00ee\",\"url\":\"https:\\\/\\\/darkamazi.info\\\/\",\"logo\":{\"@type\":\"ImageObject\",\"inLanguage\":\"en-US\",\"@id\":\"https:\\\/\\\/darkamazi.info\\\/#\\\/schema\\\/logo\\\/image\\\/\",\"url\":\"https:\\\/\\\/darkamazi.info\\\/darka-content\\\/uploads\\\/2017\\\/12\\\/darka-mazi-logo.png\",\"contentUrl\":\"https:\\\/\\\/darkamazi.info\\\/darka-content\\\/uploads\\\/2017\\\/12\\\/darka-mazi-logo.png\",\"width\":151,\"height\":75,\"caption\":\"Darka Maz\u00ee\"},\"image\":{\"@id\":\"https:\\\/\\\/darkamazi.info\\\/#\\\/schema\\\/logo\\\/image\\\/\"},\"sameAs\":[\"https:\\\/\\\/www.facebook.com\\\/DarMaziKurmanci\",\"https:\\\/\\\/x.com\\\/DarkaMaziLatini\",\"https:\\\/\\\/www.instagram.com\\\/darkamazi.kurmanci\\\/\",\"https:\\\/\\\/www.youtube.com\\\/channel\\\/UCa5HkTdmI8U1qCUFuTw8B2g\"]},{\"@type\":\"Person\",\"@id\":\"https:\\\/\\\/darkamazi.info\\\/#\\\/schema\\\/person\\\/5ad3e24553a0567993fa8ed4bd0a776c\",\"name\":\"darka mazi\",\"sameAs\":[\"https:\\\/\\\/darkamazi.info\\\/\"],\"url\":\"https:\\\/\\\/darkamazi.info\\\/archives\\\/author\\\/kurdi\"}]}<\/script>\n<!-- \/ Yoast SEO plugin. -->","seo_head_json":{"title":"Pirt\u00fbka \"R\u00eabaz\" a niv\u00eeskar B\u00fbb\u00ea Eser bi ziman\u00ea Tirk\u00ee j\u00ee hat we\u015fandin - Darka Maz\u00ee","robots":{"index":"index","follow":"follow","max-snippet":"max-snippet:-1","max-image-preview":"max-image-preview:large","max-video-preview":"max-video-preview:-1"},"canonical":"https:\/\/darkamazi.info\/archives\/1050129","og_locale":"en_US","og_type":"article","og_title":"Pirt\u00fbka \"R\u00eabaz\" a niv\u00eeskar B\u00fbb\u00ea Eser bi ziman\u00ea Tirk\u00ee j\u00ee hat we\u015fandin - Darka Maz\u00ee","og_description":"B\u00fbb\u00ea Eser AGAHDARIYEK DILXWE\u015e!!! Berhema min ya bi nav\u00ea \u201cR\u00caBAZ\u201d, Diyar Kurd\u00ee li ser daxwaza ciwan\u00ean Kurd y\u00ean ku nikarin bi kurd\u00ee bixw\u00eenin, wergerandiye ziman\u00ea Tirk\u00ee. We\u015fanxaneya Akedemiya Z\u00eelan j\u00ee diwe\u015f\u00eene \u00fb niha di \u00e7ap\u00ea de ye. Ev berhema delal di n\u00eazde digh\u00eaje berdest\u00ean xwendevan\u00ean nikarin bi kurd\u00ee bixw\u00eenin. Bi h\u00eaviya xwendineke xwe\u015f, ge\u015f \u00fb [&hellip;]","og_url":"https:\/\/darkamazi.info\/archives\/1050129","og_site_name":"Darka Maz\u00ee","article_publisher":"https:\/\/www.facebook.com\/DarMaziKurmanci","article_published_time":"2025-10-07T14:25:57+00:00","article_modified_time":"2025-10-07T14:26:38+00:00","og_image":[{"width":900,"height":497,"url":"https:\/\/darkamazi.info\/file\/2025\/10\/rebaz.jpg","type":"image\/jpeg"}],"author":"darka mazi","twitter_card":"summary_large_image","twitter_creator":"@DarkaMaziLatini","twitter_site":"@DarkaMaziLatini","twitter_misc":{"Written by":"darka mazi","Est. reading time":"1 minute"},"schema":{"@context":"https:\/\/schema.org","@graph":[{"@type":"Article","@id":"https:\/\/darkamazi.info\/archives\/1050129#article","isPartOf":{"@id":"https:\/\/darkamazi.info\/archives\/1050129"},"author":{"name":"darka mazi","@id":"https:\/\/darkamazi.info\/#\/schema\/person\/5ad3e24553a0567993fa8ed4bd0a776c"},"headline":"Pirt\u00fbka &#8220;R\u00eabaz&#8221; a niv\u00eeskar B\u00fbb\u00ea Eser bi ziman\u00ea Tirk\u00ee j\u00ee hat we\u015fandin","datePublished":"2025-10-07T14:25:57+00:00","dateModified":"2025-10-07T14:26:38+00:00","mainEntityOfPage":{"@id":"https:\/\/darkamazi.info\/archives\/1050129"},"wordCount":115,"publisher":{"@id":"https:\/\/darkamazi.info\/#organization"},"image":{"@id":"https:\/\/darkamazi.info\/archives\/1050129#primaryimage"},"thumbnailUrl":"https:\/\/darkamazi.info\/file\/2025\/10\/rebaz.jpg","keywords":["sereke"],"articleSection":["Kurdistan"],"inLanguage":"en-US"},{"@type":"WebPage","@id":"https:\/\/darkamazi.info\/archives\/1050129","url":"https:\/\/darkamazi.info\/archives\/1050129","name":"Pirt\u00fbka \"R\u00eabaz\" a niv\u00eeskar B\u00fbb\u00ea Eser bi ziman\u00ea Tirk\u00ee j\u00ee hat we\u015fandin - Darka Maz\u00ee","isPartOf":{"@id":"https:\/\/darkamazi.info\/#website"},"primaryImageOfPage":{"@id":"https:\/\/darkamazi.info\/archives\/1050129#primaryimage"},"image":{"@id":"https:\/\/darkamazi.info\/archives\/1050129#primaryimage"},"thumbnailUrl":"https:\/\/darkamazi.info\/file\/2025\/10\/rebaz.jpg","datePublished":"2025-10-07T14:25:57+00:00","dateModified":"2025-10-07T14:26:38+00:00","breadcrumb":{"@id":"https:\/\/darkamazi.info\/archives\/1050129#breadcrumb"},"inLanguage":"en-US","potentialAction":[{"@type":"ReadAction","target":["https:\/\/darkamazi.info\/archives\/1050129"]}]},{"@type":"ImageObject","inLanguage":"en-US","@id":"https:\/\/darkamazi.info\/archives\/1050129#primaryimage","url":"https:\/\/darkamazi.info\/file\/2025\/10\/rebaz.jpg","contentUrl":"https:\/\/darkamazi.info\/file\/2025\/10\/rebaz.jpg","width":900,"height":497,"caption":"Pirt\u00fbka \"r\u00eabaz\" ya nv\u00eeskar b\u00fbb\u00ea eser bi zman\u00ea tirk\u00ee j\u00ee hat we\u015fandin"},{"@type":"BreadcrumbList","@id":"https:\/\/darkamazi.info\/archives\/1050129#breadcrumb","itemListElement":[{"@type":"ListItem","position":1,"name":"Home","item":"https:\/\/darkamazi.info\/"},{"@type":"ListItem","position":2,"name":"Pirt\u00fbka &#8220;R\u00eabaz&#8221; a niv\u00eeskar B\u00fbb\u00ea Eser bi ziman\u00ea Tirk\u00ee j\u00ee hat we\u015fandin"}]},{"@type":"WebSite","@id":"https:\/\/darkamazi.info\/#website","url":"https:\/\/darkamazi.info\/","name":"Darka Maz\u00ee","description":"P\u00eageha Zanyariy\u00ean Nebih\u00eest\u00ee","publisher":{"@id":"https:\/\/darkamazi.info\/#organization"},"potentialAction":[{"@type":"SearchAction","target":{"@type":"EntryPoint","urlTemplate":"https:\/\/darkamazi.info\/?s={search_term_string}"},"query-input":{"@type":"PropertyValueSpecification","valueRequired":true,"valueName":"search_term_string"}}],"inLanguage":"en-US"},{"@type":"Organization","@id":"https:\/\/darkamazi.info\/#organization","name":"Darka Maz\u00ee","url":"https:\/\/darkamazi.info\/","logo":{"@type":"ImageObject","inLanguage":"en-US","@id":"https:\/\/darkamazi.info\/#\/schema\/logo\/image\/","url":"https:\/\/darkamazi.info\/file\/2017\/12\/darka-mazi-logo.png","contentUrl":"https:\/\/darkamazi.info\/file\/2017\/12\/darka-mazi-logo.png","width":151,"height":75,"caption":"Darka Maz\u00ee"},"image":{"@id":"https:\/\/darkamazi.info\/#\/schema\/logo\/image\/"},"sameAs":["https:\/\/www.facebook.com\/DarMaziKurmanci","https:\/\/x.com\/DarkaMaziLatini","https:\/\/www.instagram.com\/darkamazi.kurmanci\/","https:\/\/www.youtube.com\/channel\/UCa5HkTdmI8U1qCUFuTw8B2g"]},{"@type":"Person","@id":"https:\/\/darkamazi.info\/#\/schema\/person\/5ad3e24553a0567993fa8ed4bd0a776c","name":"darka mazi","sameAs":["https:\/\/darkamazi.info\/"],"url":"https:\/\/darkamazi.info\/archives\/author\/kurdi"}]}},"_links":{"self":[{"href":"https:\/\/darkamazi.info\/funavuv\/wp\/v2\/posts\/1050129","targetHints":{"allow":["GET"]}}],"collection":[{"href":"https:\/\/darkamazi.info\/funavuv\/wp\/v2\/posts"}],"about":[{"href":"https:\/\/darkamazi.info\/funavuv\/wp\/v2\/types\/post"}],"author":[{"embeddable":true,"href":"https:\/\/darkamazi.info\/funavuv\/wp\/v2\/users\/2"}],"replies":[{"embeddable":true,"href":"https:\/\/darkamazi.info\/funavuv\/wp\/v2\/comments?post=1050129"}],"version-history":[{"count":0,"href":"https:\/\/darkamazi.info\/funavuv\/wp\/v2\/posts\/1050129\/revisions"}],"wp:featuredmedia":[{"embeddable":true,"href":"https:\/\/darkamazi.info\/funavuv\/wp\/v2\/media\/1050130"}],"wp:attachment":[{"href":"https:\/\/darkamazi.info\/funavuv\/wp\/v2\/media?parent=1050129"}],"wp:term":[{"taxonomy":"category","embeddable":true,"href":"https:\/\/darkamazi.info\/funavuv\/wp\/v2\/categories?post=1050129"},{"taxonomy":"post_tag","embeddable":true,"href":"https:\/\/darkamazi.info\/funavuv\/wp\/v2\/tags?post=1050129"}],"curies":[{"name":"wp","href":"https:\/\/api.w.org\/{rel}","templated":true}]}}