{"id":1050133,"date":"2025-10-07T18:52:21","date_gmt":"2025-10-07T15:52:21","guid":{"rendered":"https:\/\/darkamazi.info\/?p=1050133"},"modified":"2025-10-07T18:52:21","modified_gmt":"2025-10-07T15:52:21","slug":"civina-mezlum-ebdi-u-ehmed-sera-bi-dawi-bu","status":"publish","type":"post","link":"https:\/\/darkamazi.info\/archives\/1050133","title":{"rendered":"Civ\u00eena Mezl\u00fbm Ebd\u00ee \u00fb Ehmed \u015eera bi daw\u00ee b\u00fb"},"content":{"rendered":"<h3 style=\"text-align: justify\"><span style=\"font-family: 'arial black', sans-serif\">R\u00eaveberiya Xweser a Rojavay\u00ea Kurdistan\u00ea \u00fb Hik\u00fbmeta S\u00fbriyey\u00ea \u00eero civiyan \u00fb di civ\u00eena xwe tekez li ser bic\u00eehan\u00eena xal\u00ean peymana 10\u00ea Adar\u00ea kir.<\/span><\/h3>\n<h3 style=\"text-align: justify\">Medyaya gir\u00eaday\u00ee R\u00eaveberiya Xweser a Rojavay\u00ea Kurdistan\u00ea \u00eero (S\u00ea\u015fem, 7\u00ea Cotmeha 2025\u00ea) belav kiriye, \u201cCiv\u00eena di navbera \u015fandeya R\u00eaveberiya Xweser \u00fb Hik\u00fbmeta S\u00fbriyey\u00ea de li \u015eam\u00ea bi daw\u00ee b\u00fb, ku \u00e7end saetan bi awayek\u00ee ve\u015fart\u00ee berdewam b\u00fb.\u201d<\/h3>\n<h3 style=\"text-align: justify\">Medyaya navbir\u00ee amaje j\u00ee daye ku, di w\u00ea civ\u00een\u00ea de herwesa behsa \u00e7awaniya bic\u00eehan\u00eena peymana 10\u00ea Adar\u00ea ya di navbera H\u00eaz\u00ean S\u00fbriyeya Demokrat\u00eek (HSD) \u00fb Hik\u00fbmeta S\u00fbriyey\u00ea de \u00fb rew\u015fa v\u00ea dawiy\u00ea ya Heleb\u00ea j\u00ee hat kirin.<\/h3>\n<h3 style=\"text-align: justify\">Her w\u00ea \u00e7avkaniy\u00ea e\u015fkere j\u00ee kiriye ku, \u015fandeya R\u00eaveberiya Xweser ji Fermandar\u00ea Gi\u015ft\u00ee y\u00ea H\u00eaz\u00ean S\u00fbriyeya Demokrat\u00eek (HSD) Mezl\u00fbm Ebd\u00ee, \u00celham Ehmed \u00fb Rohilat Efr\u00een p\u00eak hatib\u00fb \u00fb \u015fandeya Hik\u00fbmeta S\u00fbriyey\u00ea j\u00ee ji Ehmed \u015eera \u00fb Eshed \u015eeyban\u00ee p\u00eak hatib\u00fb.<\/h3>\n<h3 style=\"text-align: justify\">Di w\u00ea civ\u00een de, herwesa dan\u00fbstandin li ser mijar\u00ean siyas\u00ee \u00fb ewlehiy\u00ea di \u00e7ar\u00e7oveya peymana 10\u00ea Adar\u00ea de j\u00ee hatin kirin.<\/h3>\n<h3 style=\"text-align: justify\">Wez\u00eer\u00ea Berevaniy\u00ea y\u00ea S\u00fbriyey\u00ea Murhef Eb\u00fb Qesra j\u00ee her \u00eero li ser hejmara xwe ya tora civak\u00ee X\u00ea daxuyaniyek belav kir \u00fb t\u00ea de got, &#8220;Ber\u00ee demeke k\u00eam, li \u015eam\u00ea, ez li gel Fermandar\u00ea Gi\u015ft\u00ee y\u00ea H\u00eaz\u00ean S\u00fbriyeya Demokrat\u00eek (HSD) Mezl\u00fbm Ebd\u00ee civiyam.\u201d<\/h3>\n<h3 style=\"text-align: justify\">Wez\u00eer\u00ea Berevaniy\u00ea y\u00ea S\u00fbriyey\u00ea amaje j\u00ee da, \u201cMe li hev kir ku li hem\u00ee en\u00ee \u00fb xal\u00ean le\u015fker\u00ee y\u00ean li bakur \u00fb bakur\u00ea rojhilat\u00ea S\u00fbriyey\u00ea agirbesteke berfireh b\u00ea ragihandin \u00fb ev peyman demlidest bikeve meriyet\u00ea.&#8221;<\/h3>\n","protected":false},"excerpt":{"rendered":"<p>R\u00eaveberiya Xweser a Rojavay\u00ea Kurdistan\u00ea \u00fb Hik\u00fbmeta S\u00fbriyey\u00ea \u00eero civiyan \u00fb di civ\u00eena xwe tekez li ser bic\u00eehan\u00eena xal\u00ean peymana 10\u00ea Adar\u00ea kir. Medyaya gir\u00eaday\u00ee R\u00eaveberiya Xweser a Rojavay\u00ea Kurdistan\u00ea \u00eero (S\u00ea\u015fem, 7\u00ea Cotmeha 2025\u00ea) belav kiriye, \u201cCiv\u00eena di navbera \u015fandeya R\u00eaveberiya Xweser \u00fb Hik\u00fbmeta S\u00fbriyey\u00ea de li \u015eam\u00ea bi daw\u00ee b\u00fb, ku \u00e7end saetan [&hellip;]<\/p>\n","protected":false},"author":2,"featured_media":1050134,"comment_status":"closed","ping_status":"closed","sticky":false,"template":"","format":"standard","meta":{"footnotes":""},"categories":[29],"tags":[37],"class_list":["post-1050133","post","type-post","status-publish","format-standard","has-post-thumbnail","hentry","category-kurdistan","tag-sereke"],"blocksy_meta":[],"seo_head":"<!-- This site is optimized with the Yoast SEO plugin v27.5 - https:\/\/yoast.com\/product\/yoast-seo-wordpress\/ -->\n<title>Civ\u00eena Mezl\u00fbm Ebd\u00ee \u00fb Ehmed \u015eera bi daw\u00ee b\u00fb - Darka Maz\u00ee<\/title>\n<meta name=\"robots\" content=\"index, follow, max-snippet:-1, max-image-preview:large, max-video-preview:-1\" \/>\n<link rel=\"canonical\" href=\"https:\/\/darkamazi.info\/archives\/1050133\" \/>\n<meta property=\"og:locale\" content=\"en_US\" \/>\n<meta property=\"og:type\" content=\"article\" \/>\n<meta property=\"og:title\" content=\"Civ\u00eena Mezl\u00fbm Ebd\u00ee \u00fb Ehmed \u015eera bi daw\u00ee b\u00fb - Darka Maz\u00ee\" \/>\n<meta property=\"og:description\" content=\"R\u00eaveberiya Xweser a Rojavay\u00ea Kurdistan\u00ea \u00fb Hik\u00fbmeta S\u00fbriyey\u00ea \u00eero civiyan \u00fb di civ\u00eena xwe tekez li ser bic\u00eehan\u00eena xal\u00ean peymana 10\u00ea Adar\u00ea kir. Medyaya gir\u00eaday\u00ee R\u00eaveberiya Xweser a Rojavay\u00ea Kurdistan\u00ea \u00eero (S\u00ea\u015fem, 7\u00ea Cotmeha 2025\u00ea) belav kiriye, \u201cCiv\u00eena di navbera \u015fandeya R\u00eaveberiya Xweser \u00fb Hik\u00fbmeta S\u00fbriyey\u00ea de li \u015eam\u00ea bi daw\u00ee b\u00fb, ku \u00e7end saetan [&hellip;]\" \/>\n<meta property=\"og:url\" content=\"https:\/\/darkamazi.info\/archives\/1050133\" \/>\n<meta property=\"og:site_name\" content=\"Darka Maz\u00ee\" \/>\n<meta property=\"article:publisher\" content=\"https:\/\/www.facebook.com\/DarMaziKurmanci\" \/>\n<meta property=\"article:published_time\" content=\"2025-10-07T15:52:21+00:00\" \/>\n<meta property=\"og:image\" content=\"https:\/\/darkamazi.info\/file\/2025\/10\/mazlum-ebdi-ahmad-al-sera.jpg\" \/>\n\t<meta property=\"og:image:width\" content=\"900\" \/>\n\t<meta property=\"og:image:height\" content=\"497\" \/>\n\t<meta property=\"og:image:type\" content=\"image\/jpeg\" \/>\n<meta name=\"author\" content=\"darka mazi\" \/>\n<meta name=\"twitter:card\" content=\"summary_large_image\" \/>\n<meta name=\"twitter:creator\" content=\"@DarkaMaziLatini\" \/>\n<meta name=\"twitter:site\" content=\"@DarkaMaziLatini\" \/>\n<meta name=\"twitter:label1\" content=\"Written by\" \/>\n\t<meta name=\"twitter:data1\" content=\"darka mazi\" \/>\n\t<meta name=\"twitter:label2\" content=\"Est. reading time\" \/>\n\t<meta name=\"twitter:data2\" content=\"2 minutes\" \/>\n<script type=\"application\/ld+json\" class=\"seo-schema-graph\">{\"@context\":\"https:\\\/\\\/schema.org\",\"@graph\":[{\"@type\":\"Article\",\"@id\":\"https:\\\/\\\/darkamazi.info\\\/archives\\\/1050133#article\",\"isPartOf\":{\"@id\":\"https:\\\/\\\/darkamazi.info\\\/archives\\\/1050133\"},\"author\":{\"name\":\"darka mazi\",\"@id\":\"https:\\\/\\\/darkamazi.info\\\/#\\\/schema\\\/person\\\/5ad3e24553a0567993fa8ed4bd0a776c\"},\"headline\":\"Civ\u00eena Mezl\u00fbm Ebd\u00ee \u00fb Ehmed \u015eera bi daw\u00ee b\u00fb\",\"datePublished\":\"2025-10-07T15:52:21+00:00\",\"mainEntityOfPage\":{\"@id\":\"https:\\\/\\\/darkamazi.info\\\/archives\\\/1050133\"},\"wordCount\":285,\"publisher\":{\"@id\":\"https:\\\/\\\/darkamazi.info\\\/#organization\"},\"image\":{\"@id\":\"https:\\\/\\\/darkamazi.info\\\/archives\\\/1050133#primaryimage\"},\"thumbnailUrl\":\"https:\\\/\\\/darkamazi.info\\\/darka-content\\\/uploads\\\/2025\\\/10\\\/mazlum-ebdi-ahmad-al-sera.jpg\",\"keywords\":[\"sereke\"],\"articleSection\":[\"Kurdistan\"],\"inLanguage\":\"en-US\"},{\"@type\":\"WebPage\",\"@id\":\"https:\\\/\\\/darkamazi.info\\\/archives\\\/1050133\",\"url\":\"https:\\\/\\\/darkamazi.info\\\/archives\\\/1050133\",\"name\":\"Civ\u00eena Mezl\u00fbm Ebd\u00ee \u00fb Ehmed \u015eera bi daw\u00ee b\u00fb - Darka Maz\u00ee\",\"isPartOf\":{\"@id\":\"https:\\\/\\\/darkamazi.info\\\/#website\"},\"primaryImageOfPage\":{\"@id\":\"https:\\\/\\\/darkamazi.info\\\/archives\\\/1050133#primaryimage\"},\"image\":{\"@id\":\"https:\\\/\\\/darkamazi.info\\\/archives\\\/1050133#primaryimage\"},\"thumbnailUrl\":\"https:\\\/\\\/darkamazi.info\\\/darka-content\\\/uploads\\\/2025\\\/10\\\/mazlum-ebdi-ahmad-al-sera.jpg\",\"datePublished\":\"2025-10-07T15:52:21+00:00\",\"breadcrumb\":{\"@id\":\"https:\\\/\\\/darkamazi.info\\\/archives\\\/1050133#breadcrumb\"},\"inLanguage\":\"en-US\",\"potentialAction\":[{\"@type\":\"ReadAction\",\"target\":[\"https:\\\/\\\/darkamazi.info\\\/archives\\\/1050133\"]}]},{\"@type\":\"ImageObject\",\"inLanguage\":\"en-US\",\"@id\":\"https:\\\/\\\/darkamazi.info\\\/archives\\\/1050133#primaryimage\",\"url\":\"https:\\\/\\\/darkamazi.info\\\/darka-content\\\/uploads\\\/2025\\\/10\\\/mazlum-ebdi-ahmad-al-sera.jpg\",\"contentUrl\":\"https:\\\/\\\/darkamazi.info\\\/darka-content\\\/uploads\\\/2025\\\/10\\\/mazlum-ebdi-ahmad-al-sera.jpg\",\"width\":900,\"height\":497,\"caption\":\"Civ\u00eena Mezl\u00fbm Ebd\u00ee \u00fb Ehmed \u015eera bi daw\u00ee b\u00fb\"},{\"@type\":\"BreadcrumbList\",\"@id\":\"https:\\\/\\\/darkamazi.info\\\/archives\\\/1050133#breadcrumb\",\"itemListElement\":[{\"@type\":\"ListItem\",\"position\":1,\"name\":\"Home\",\"item\":\"https:\\\/\\\/darkamazi.info\\\/\"},{\"@type\":\"ListItem\",\"position\":2,\"name\":\"Civ\u00eena Mezl\u00fbm Ebd\u00ee \u00fb Ehmed \u015eera bi daw\u00ee b\u00fb\"}]},{\"@type\":\"WebSite\",\"@id\":\"https:\\\/\\\/darkamazi.info\\\/#website\",\"url\":\"https:\\\/\\\/darkamazi.info\\\/\",\"name\":\"Darka Maz\u00ee\",\"description\":\"P\u00eageha Zanyariy\u00ean Nebih\u00eest\u00ee\",\"publisher\":{\"@id\":\"https:\\\/\\\/darkamazi.info\\\/#organization\"},\"potentialAction\":[{\"@type\":\"SearchAction\",\"target\":{\"@type\":\"EntryPoint\",\"urlTemplate\":\"https:\\\/\\\/darkamazi.info\\\/?s={search_term_string}\"},\"query-input\":{\"@type\":\"PropertyValueSpecification\",\"valueRequired\":true,\"valueName\":\"search_term_string\"}}],\"inLanguage\":\"en-US\"},{\"@type\":\"Organization\",\"@id\":\"https:\\\/\\\/darkamazi.info\\\/#organization\",\"name\":\"Darka Maz\u00ee\",\"url\":\"https:\\\/\\\/darkamazi.info\\\/\",\"logo\":{\"@type\":\"ImageObject\",\"inLanguage\":\"en-US\",\"@id\":\"https:\\\/\\\/darkamazi.info\\\/#\\\/schema\\\/logo\\\/image\\\/\",\"url\":\"https:\\\/\\\/darkamazi.info\\\/darka-content\\\/uploads\\\/2017\\\/12\\\/darka-mazi-logo.png\",\"contentUrl\":\"https:\\\/\\\/darkamazi.info\\\/darka-content\\\/uploads\\\/2017\\\/12\\\/darka-mazi-logo.png\",\"width\":151,\"height\":75,\"caption\":\"Darka Maz\u00ee\"},\"image\":{\"@id\":\"https:\\\/\\\/darkamazi.info\\\/#\\\/schema\\\/logo\\\/image\\\/\"},\"sameAs\":[\"https:\\\/\\\/www.facebook.com\\\/DarMaziKurmanci\",\"https:\\\/\\\/x.com\\\/DarkaMaziLatini\",\"https:\\\/\\\/www.instagram.com\\\/darkamazi.kurmanci\\\/\",\"https:\\\/\\\/www.youtube.com\\\/channel\\\/UCa5HkTdmI8U1qCUFuTw8B2g\"]},{\"@type\":\"Person\",\"@id\":\"https:\\\/\\\/darkamazi.info\\\/#\\\/schema\\\/person\\\/5ad3e24553a0567993fa8ed4bd0a776c\",\"name\":\"darka mazi\",\"sameAs\":[\"https:\\\/\\\/darkamazi.info\\\/\"],\"url\":\"https:\\\/\\\/darkamazi.info\\\/archives\\\/author\\\/kurdi\"}]}<\/script>\n<!-- \/ Yoast SEO plugin. -->","seo_head_json":{"title":"Civ\u00eena Mezl\u00fbm Ebd\u00ee \u00fb Ehmed \u015eera bi daw\u00ee b\u00fb - Darka Maz\u00ee","robots":{"index":"index","follow":"follow","max-snippet":"max-snippet:-1","max-image-preview":"max-image-preview:large","max-video-preview":"max-video-preview:-1"},"canonical":"https:\/\/darkamazi.info\/archives\/1050133","og_locale":"en_US","og_type":"article","og_title":"Civ\u00eena Mezl\u00fbm Ebd\u00ee \u00fb Ehmed \u015eera bi daw\u00ee b\u00fb - Darka Maz\u00ee","og_description":"R\u00eaveberiya Xweser a Rojavay\u00ea Kurdistan\u00ea \u00fb Hik\u00fbmeta S\u00fbriyey\u00ea \u00eero civiyan \u00fb di civ\u00eena xwe tekez li ser bic\u00eehan\u00eena xal\u00ean peymana 10\u00ea Adar\u00ea kir. Medyaya gir\u00eaday\u00ee R\u00eaveberiya Xweser a Rojavay\u00ea Kurdistan\u00ea \u00eero (S\u00ea\u015fem, 7\u00ea Cotmeha 2025\u00ea) belav kiriye, \u201cCiv\u00eena di navbera \u015fandeya R\u00eaveberiya Xweser \u00fb Hik\u00fbmeta S\u00fbriyey\u00ea de li \u015eam\u00ea bi daw\u00ee b\u00fb, ku \u00e7end saetan [&hellip;]","og_url":"https:\/\/darkamazi.info\/archives\/1050133","og_site_name":"Darka Maz\u00ee","article_publisher":"https:\/\/www.facebook.com\/DarMaziKurmanci","article_published_time":"2025-10-07T15:52:21+00:00","og_image":[{"width":900,"height":497,"url":"https:\/\/darkamazi.info\/file\/2025\/10\/mazlum-ebdi-ahmad-al-sera.jpg","type":"image\/jpeg"}],"author":"darka mazi","twitter_card":"summary_large_image","twitter_creator":"@DarkaMaziLatini","twitter_site":"@DarkaMaziLatini","twitter_misc":{"Written by":"darka mazi","Est. reading time":"2 minutes"},"schema":{"@context":"https:\/\/schema.org","@graph":[{"@type":"Article","@id":"https:\/\/darkamazi.info\/archives\/1050133#article","isPartOf":{"@id":"https:\/\/darkamazi.info\/archives\/1050133"},"author":{"name":"darka mazi","@id":"https:\/\/darkamazi.info\/#\/schema\/person\/5ad3e24553a0567993fa8ed4bd0a776c"},"headline":"Civ\u00eena Mezl\u00fbm Ebd\u00ee \u00fb Ehmed \u015eera bi daw\u00ee b\u00fb","datePublished":"2025-10-07T15:52:21+00:00","mainEntityOfPage":{"@id":"https:\/\/darkamazi.info\/archives\/1050133"},"wordCount":285,"publisher":{"@id":"https:\/\/darkamazi.info\/#organization"},"image":{"@id":"https:\/\/darkamazi.info\/archives\/1050133#primaryimage"},"thumbnailUrl":"https:\/\/darkamazi.info\/file\/2025\/10\/mazlum-ebdi-ahmad-al-sera.jpg","keywords":["sereke"],"articleSection":["Kurdistan"],"inLanguage":"en-US"},{"@type":"WebPage","@id":"https:\/\/darkamazi.info\/archives\/1050133","url":"https:\/\/darkamazi.info\/archives\/1050133","name":"Civ\u00eena Mezl\u00fbm Ebd\u00ee \u00fb Ehmed \u015eera bi daw\u00ee b\u00fb - Darka Maz\u00ee","isPartOf":{"@id":"https:\/\/darkamazi.info\/#website"},"primaryImageOfPage":{"@id":"https:\/\/darkamazi.info\/archives\/1050133#primaryimage"},"image":{"@id":"https:\/\/darkamazi.info\/archives\/1050133#primaryimage"},"thumbnailUrl":"https:\/\/darkamazi.info\/file\/2025\/10\/mazlum-ebdi-ahmad-al-sera.jpg","datePublished":"2025-10-07T15:52:21+00:00","breadcrumb":{"@id":"https:\/\/darkamazi.info\/archives\/1050133#breadcrumb"},"inLanguage":"en-US","potentialAction":[{"@type":"ReadAction","target":["https:\/\/darkamazi.info\/archives\/1050133"]}]},{"@type":"ImageObject","inLanguage":"en-US","@id":"https:\/\/darkamazi.info\/archives\/1050133#primaryimage","url":"https:\/\/darkamazi.info\/file\/2025\/10\/mazlum-ebdi-ahmad-al-sera.jpg","contentUrl":"https:\/\/darkamazi.info\/file\/2025\/10\/mazlum-ebdi-ahmad-al-sera.jpg","width":900,"height":497,"caption":"Civ\u00eena Mezl\u00fbm Ebd\u00ee \u00fb Ehmed \u015eera bi daw\u00ee b\u00fb"},{"@type":"BreadcrumbList","@id":"https:\/\/darkamazi.info\/archives\/1050133#breadcrumb","itemListElement":[{"@type":"ListItem","position":1,"name":"Home","item":"https:\/\/darkamazi.info\/"},{"@type":"ListItem","position":2,"name":"Civ\u00eena Mezl\u00fbm Ebd\u00ee \u00fb Ehmed \u015eera bi daw\u00ee b\u00fb"}]},{"@type":"WebSite","@id":"https:\/\/darkamazi.info\/#website","url":"https:\/\/darkamazi.info\/","name":"Darka Maz\u00ee","description":"P\u00eageha Zanyariy\u00ean Nebih\u00eest\u00ee","publisher":{"@id":"https:\/\/darkamazi.info\/#organization"},"potentialAction":[{"@type":"SearchAction","target":{"@type":"EntryPoint","urlTemplate":"https:\/\/darkamazi.info\/?s={search_term_string}"},"query-input":{"@type":"PropertyValueSpecification","valueRequired":true,"valueName":"search_term_string"}}],"inLanguage":"en-US"},{"@type":"Organization","@id":"https:\/\/darkamazi.info\/#organization","name":"Darka Maz\u00ee","url":"https:\/\/darkamazi.info\/","logo":{"@type":"ImageObject","inLanguage":"en-US","@id":"https:\/\/darkamazi.info\/#\/schema\/logo\/image\/","url":"https:\/\/darkamazi.info\/file\/2017\/12\/darka-mazi-logo.png","contentUrl":"https:\/\/darkamazi.info\/file\/2017\/12\/darka-mazi-logo.png","width":151,"height":75,"caption":"Darka Maz\u00ee"},"image":{"@id":"https:\/\/darkamazi.info\/#\/schema\/logo\/image\/"},"sameAs":["https:\/\/www.facebook.com\/DarMaziKurmanci","https:\/\/x.com\/DarkaMaziLatini","https:\/\/www.instagram.com\/darkamazi.kurmanci\/","https:\/\/www.youtube.com\/channel\/UCa5HkTdmI8U1qCUFuTw8B2g"]},{"@type":"Person","@id":"https:\/\/darkamazi.info\/#\/schema\/person\/5ad3e24553a0567993fa8ed4bd0a776c","name":"darka mazi","sameAs":["https:\/\/darkamazi.info\/"],"url":"https:\/\/darkamazi.info\/archives\/author\/kurdi"}]}},"_links":{"self":[{"href":"https:\/\/darkamazi.info\/funavuv\/wp\/v2\/posts\/1050133","targetHints":{"allow":["GET"]}}],"collection":[{"href":"https:\/\/darkamazi.info\/funavuv\/wp\/v2\/posts"}],"about":[{"href":"https:\/\/darkamazi.info\/funavuv\/wp\/v2\/types\/post"}],"author":[{"embeddable":true,"href":"https:\/\/darkamazi.info\/funavuv\/wp\/v2\/users\/2"}],"replies":[{"embeddable":true,"href":"https:\/\/darkamazi.info\/funavuv\/wp\/v2\/comments?post=1050133"}],"version-history":[{"count":0,"href":"https:\/\/darkamazi.info\/funavuv\/wp\/v2\/posts\/1050133\/revisions"}],"wp:featuredmedia":[{"embeddable":true,"href":"https:\/\/darkamazi.info\/funavuv\/wp\/v2\/media\/1050134"}],"wp:attachment":[{"href":"https:\/\/darkamazi.info\/funavuv\/wp\/v2\/media?parent=1050133"}],"wp:term":[{"taxonomy":"category","embeddable":true,"href":"https:\/\/darkamazi.info\/funavuv\/wp\/v2\/categories?post=1050133"},{"taxonomy":"post_tag","embeddable":true,"href":"https:\/\/darkamazi.info\/funavuv\/wp\/v2\/tags?post=1050133"}],"curies":[{"name":"wp","href":"https:\/\/api.w.org\/{rel}","templated":true}]}}