{"id":1050139,"date":"2025-10-08T19:33:01","date_gmt":"2025-10-08T16:33:01","guid":{"rendered":"https:\/\/darkamazi.info\/?p=1050139"},"modified":"2025-10-08T19:33:01","modified_gmt":"2025-10-08T16:33:01","slug":"hatimogullari-beyi-azadiya-demirtas-u-girtiyan-baweri-bi-pevajoya-astiye-cenabe","status":"publish","type":"post","link":"https:\/\/darkamazi.info\/archives\/1050139","title":{"rendered":"Hat\u00eemogullari: B\u00eay\u00ee azadiya Dem\u00eerta\u015f \u00fb girtiyan, bawer\u00ee bi p\u00eavajoya a\u015ftiy\u00ea \u00e7\u00eanabe"},"content":{"rendered":"<h3 style=\"text-align: justify\"><span style=\"font-family: 'arial black', sans-serif\">Hevseroka Gi\u015ft\u00ee ya DEM Partiy\u00ea Tulay Hat\u00eemogullari, di be\u015fdariya xwe ya li D\u00eedara MERI de ragihand, her \u00e7end pi\u015ftgiriya gel ji bo p\u00eavajoya a\u015ftiy\u00ea bilind be j\u00ee, ji ber neb\u00fbna gav\u00ean kirdar\u00ee baweriya gel bi serkeftina p\u00eavajoy\u00ea k\u00eam e.<\/span><\/h3>\n<h3 style=\"text-align: justify\">Hat\u00eemogullari \u00eero 8\u00ea Cotmeh\u00ea li Hewl\u00ear\u00ea di \u00e7ar\u00e7oveya paneleke D\u00eedara MERI de diyar kir, civak xwed\u00ee li p\u00eavajoy\u00ea derdikeve l\u00ea ji ber ku hik\u00fbmet gav\u00ean \u015f\u00eanber nav\u00eaje, bawer\u00ee lawaz dibe. Herwiha weke m\u00eenak doza Selahatt\u00een Dem\u00eerta\u015f an\u00ee ziman \u00fb got: &#8220;Selahatt\u00een Dem\u00eerta\u015f n\u00eaz\u00ee neh sal in di z\u00eendan\u00ea de ye. Dadgeha Maf\u00ean Mirovan a Ewropay\u00ea s\u00ea caran biryara azadkirina w\u00ee daye. L\u00ea Tirkiyey\u00ea di roja daw\u00ee ya dema \u00eetiraz\u00ea de, li dij\u00ee biryar\u00ea \u00eetiraz kir \u00fb ev yek b\u00fb sedem ku Dem\u00eerta\u015f ney\u00ea azadkirin.&#8221;<\/h3>\n<h3 style=\"text-align: justify\">Hevseroka DEM Partiy\u00ea tekez kir: &#8220;Kiryar\u00ean bi v\u00ee reng\u00ee baweriya civak\u00ea bi p\u00eavajoy\u00ea k\u00eam dikin. Eger Selahatt\u00een Dem\u00eerta\u015f, F\u00eegen Yuksekdag \u00fb girtiy\u00ean doza Koban\u00ea hatibana azadkirin, d\u00ea baweriya civak\u00ea bi p\u00eavajoy\u00ea z\u00eadetir bib\u00fbya.&#8221;<\/h3>\n<h3 style=\"text-align: justify\">Tulay Hat\u00eemogullari herwiha bal ki\u015fand ser gir\u00eengiya av\u00eatina gav\u00ean yasay\u00ee \u00fb got, ew gir\u00eengiyeke mezin didin damezrandina &#8220;Kom\u00eesyona P\u00eavajoya A\u015ftiy\u00ea&#8221;, l\u00ea ya ji w\u00ea gir\u00eengtir av\u00eatina gav\u00ean prat\u00eek\u00ee ye.<\/h3>\n<h3 style=\"text-align: justify\">Hat\u00eemogullari pirs\u00ean ku div\u00ea bi r\u00eaya yasayan werin \u00e7areserkirin wiha r\u00eaz kirin: &#8220;H\u00ea ti p\u00eangaveke yasay\u00ee nehatiye av\u00eatin. Div\u00ea ji bo kes\u00ean ku \u00e7ek\u00ean xwe dan\u00eene \u00fb dixwazin be\u015fdar\u00ee siyaseta demokrat\u00eek bibin r\u00ea were vekirin. Ya duyem, mijara &#8216;Maf\u00ea H\u00eav\u00ee&#8217; y\u00ea ji bo bir\u00eaz Abdullah Ocalan heye ku Kom\u00eeteya Wez\u00eeran a Konseya Ewropay\u00ea derbar\u00ea v\u00ea de bang li Tirkiyey\u00ea kirib\u00fb. Herwiha li Tirkiyey\u00ea n\u00eaz\u00eek\u00ee heft hezar girtiy\u00ean siyas\u00ee \u00fb rojnamevan\u00ean girt\u00ee hene, div\u00ea ew werin azadkirin.&#8221;<\/h3>\n<h3 style=\"text-align: justify\">Herwiha Hat\u00eemogullari hi\u015fyar\u00ee da \u00fb got: &#8220;Heta ku derbar\u00ea van mijar\u00ean bingeh\u00een de gav ney\u00ean av\u00eatin \u00fb yasa ney\u00ean derxistin, kar\u00ea kom\u00eesyon\u00ea vala derdikeve.&#8221;<\/h3>\n","protected":false},"excerpt":{"rendered":"<p>Hevseroka Gi\u015ft\u00ee ya DEM Partiy\u00ea Tulay Hat\u00eemogullari, di be\u015fdariya xwe ya li D\u00eedara MERI de ragihand, her \u00e7end pi\u015ftgiriya gel ji bo p\u00eavajoya a\u015ftiy\u00ea bilind be j\u00ee, ji ber neb\u00fbna gav\u00ean kirdar\u00ee baweriya gel bi serkeftina p\u00eavajoy\u00ea k\u00eam e. Hat\u00eemogullari \u00eero 8\u00ea Cotmeh\u00ea li Hewl\u00ear\u00ea di \u00e7ar\u00e7oveya paneleke D\u00eedara MERI de diyar kir, civak xwed\u00ee [&hellip;]<\/p>\n","protected":false},"author":2,"featured_media":1050140,"comment_status":"closed","ping_status":"closed","sticky":false,"template":"","format":"standard","meta":{"footnotes":""},"categories":[29],"tags":[37],"class_list":["post-1050139","post","type-post","status-publish","format-standard","has-post-thumbnail","hentry","category-kurdistan","tag-sereke"],"blocksy_meta":[],"seo_head":"<!-- This site is optimized with the Yoast SEO plugin v27.5 - https:\/\/yoast.com\/product\/yoast-seo-wordpress\/ -->\n<title>Hat\u00eemogullari: B\u00eay\u00ee azadiya Dem\u00eerta\u015f \u00fb girtiyan, bawer\u00ee bi p\u00eavajoya a\u015ftiy\u00ea \u00e7\u00eanabe - Darka Maz\u00ee<\/title>\n<meta name=\"robots\" content=\"index, follow, max-snippet:-1, max-image-preview:large, max-video-preview:-1\" \/>\n<link rel=\"canonical\" href=\"https:\/\/darkamazi.info\/archives\/1050139\" \/>\n<meta property=\"og:locale\" content=\"en_US\" \/>\n<meta property=\"og:type\" content=\"article\" \/>\n<meta property=\"og:title\" content=\"Hat\u00eemogullari: B\u00eay\u00ee azadiya Dem\u00eerta\u015f \u00fb girtiyan, bawer\u00ee bi p\u00eavajoya a\u015ftiy\u00ea \u00e7\u00eanabe - Darka Maz\u00ee\" \/>\n<meta property=\"og:description\" content=\"Hevseroka Gi\u015ft\u00ee ya DEM Partiy\u00ea Tulay Hat\u00eemogullari, di be\u015fdariya xwe ya li D\u00eedara MERI de ragihand, her \u00e7end pi\u015ftgiriya gel ji bo p\u00eavajoya a\u015ftiy\u00ea bilind be j\u00ee, ji ber neb\u00fbna gav\u00ean kirdar\u00ee baweriya gel bi serkeftina p\u00eavajoy\u00ea k\u00eam e. Hat\u00eemogullari \u00eero 8\u00ea Cotmeh\u00ea li Hewl\u00ear\u00ea di \u00e7ar\u00e7oveya paneleke D\u00eedara MERI de diyar kir, civak xwed\u00ee [&hellip;]\" \/>\n<meta property=\"og:url\" content=\"https:\/\/darkamazi.info\/archives\/1050139\" \/>\n<meta property=\"og:site_name\" content=\"Darka Maz\u00ee\" \/>\n<meta property=\"article:publisher\" content=\"https:\/\/www.facebook.com\/DarMaziKurmanci\" \/>\n<meta property=\"article:published_time\" content=\"2025-10-08T16:33:01+00:00\" \/>\n<meta property=\"og:image\" content=\"https:\/\/darkamazi.info\/file\/2025\/10\/Tulay-Hatimogullari.jpg\" \/>\n\t<meta property=\"og:image:width\" content=\"900\" \/>\n\t<meta property=\"og:image:height\" content=\"497\" \/>\n\t<meta property=\"og:image:type\" content=\"image\/jpeg\" \/>\n<meta name=\"author\" content=\"darka mazi\" \/>\n<meta name=\"twitter:card\" content=\"summary_large_image\" \/>\n<meta name=\"twitter:creator\" content=\"@DarkaMaziLatini\" \/>\n<meta name=\"twitter:site\" content=\"@DarkaMaziLatini\" \/>\n<meta name=\"twitter:label1\" content=\"Written by\" \/>\n\t<meta name=\"twitter:data1\" content=\"darka mazi\" \/>\n\t<meta name=\"twitter:label2\" content=\"Est. reading time\" \/>\n\t<meta name=\"twitter:data2\" content=\"2 minutes\" \/>\n<script type=\"application\/ld+json\" class=\"seo-schema-graph\">{\"@context\":\"https:\\\/\\\/schema.org\",\"@graph\":[{\"@type\":\"Article\",\"@id\":\"https:\\\/\\\/darkamazi.info\\\/archives\\\/1050139#article\",\"isPartOf\":{\"@id\":\"https:\\\/\\\/darkamazi.info\\\/archives\\\/1050139\"},\"author\":{\"name\":\"darka mazi\",\"@id\":\"https:\\\/\\\/darkamazi.info\\\/#\\\/schema\\\/person\\\/5ad3e24553a0567993fa8ed4bd0a776c\"},\"headline\":\"Hat\u00eemogullari: B\u00eay\u00ee azadiya Dem\u00eerta\u015f \u00fb girtiyan, bawer\u00ee bi p\u00eavajoya a\u015ftiy\u00ea \u00e7\u00eanabe\",\"datePublished\":\"2025-10-08T16:33:01+00:00\",\"mainEntityOfPage\":{\"@id\":\"https:\\\/\\\/darkamazi.info\\\/archives\\\/1050139\"},\"wordCount\":369,\"publisher\":{\"@id\":\"https:\\\/\\\/darkamazi.info\\\/#organization\"},\"image\":{\"@id\":\"https:\\\/\\\/darkamazi.info\\\/archives\\\/1050139#primaryimage\"},\"thumbnailUrl\":\"https:\\\/\\\/darkamazi.info\\\/darka-content\\\/uploads\\\/2025\\\/10\\\/Tulay-Hatimogullari.jpg\",\"keywords\":[\"sereke\"],\"articleSection\":[\"Kurdistan\"],\"inLanguage\":\"en-US\"},{\"@type\":\"WebPage\",\"@id\":\"https:\\\/\\\/darkamazi.info\\\/archives\\\/1050139\",\"url\":\"https:\\\/\\\/darkamazi.info\\\/archives\\\/1050139\",\"name\":\"Hat\u00eemogullari: B\u00eay\u00ee azadiya Dem\u00eerta\u015f \u00fb girtiyan, bawer\u00ee bi p\u00eavajoya a\u015ftiy\u00ea \u00e7\u00eanabe - Darka Maz\u00ee\",\"isPartOf\":{\"@id\":\"https:\\\/\\\/darkamazi.info\\\/#website\"},\"primaryImageOfPage\":{\"@id\":\"https:\\\/\\\/darkamazi.info\\\/archives\\\/1050139#primaryimage\"},\"image\":{\"@id\":\"https:\\\/\\\/darkamazi.info\\\/archives\\\/1050139#primaryimage\"},\"thumbnailUrl\":\"https:\\\/\\\/darkamazi.info\\\/darka-content\\\/uploads\\\/2025\\\/10\\\/Tulay-Hatimogullari.jpg\",\"datePublished\":\"2025-10-08T16:33:01+00:00\",\"breadcrumb\":{\"@id\":\"https:\\\/\\\/darkamazi.info\\\/archives\\\/1050139#breadcrumb\"},\"inLanguage\":\"en-US\",\"potentialAction\":[{\"@type\":\"ReadAction\",\"target\":[\"https:\\\/\\\/darkamazi.info\\\/archives\\\/1050139\"]}]},{\"@type\":\"ImageObject\",\"inLanguage\":\"en-US\",\"@id\":\"https:\\\/\\\/darkamazi.info\\\/archives\\\/1050139#primaryimage\",\"url\":\"https:\\\/\\\/darkamazi.info\\\/darka-content\\\/uploads\\\/2025\\\/10\\\/Tulay-Hatimogullari.jpg\",\"contentUrl\":\"https:\\\/\\\/darkamazi.info\\\/darka-content\\\/uploads\\\/2025\\\/10\\\/Tulay-Hatimogullari.jpg\",\"width\":900,\"height\":497,\"caption\":\"Hat\u00eemogullari: B\u00eay\u00ee azadiya Dem\u00eerta\u015f \u00fb girtiyan, bawer\u00ee bi p\u00eavajoya a\u015ftiy\u00ea \u00e7\u00eanabe\"},{\"@type\":\"BreadcrumbList\",\"@id\":\"https:\\\/\\\/darkamazi.info\\\/archives\\\/1050139#breadcrumb\",\"itemListElement\":[{\"@type\":\"ListItem\",\"position\":1,\"name\":\"Home\",\"item\":\"https:\\\/\\\/darkamazi.info\\\/\"},{\"@type\":\"ListItem\",\"position\":2,\"name\":\"Hat\u00eemogullari: B\u00eay\u00ee azadiya Dem\u00eerta\u015f \u00fb girtiyan, bawer\u00ee bi p\u00eavajoya a\u015ftiy\u00ea \u00e7\u00eanabe\"}]},{\"@type\":\"WebSite\",\"@id\":\"https:\\\/\\\/darkamazi.info\\\/#website\",\"url\":\"https:\\\/\\\/darkamazi.info\\\/\",\"name\":\"Darka Maz\u00ee\",\"description\":\"P\u00eageha Zanyariy\u00ean Nebih\u00eest\u00ee\",\"publisher\":{\"@id\":\"https:\\\/\\\/darkamazi.info\\\/#organization\"},\"potentialAction\":[{\"@type\":\"SearchAction\",\"target\":{\"@type\":\"EntryPoint\",\"urlTemplate\":\"https:\\\/\\\/darkamazi.info\\\/?s={search_term_string}\"},\"query-input\":{\"@type\":\"PropertyValueSpecification\",\"valueRequired\":true,\"valueName\":\"search_term_string\"}}],\"inLanguage\":\"en-US\"},{\"@type\":\"Organization\",\"@id\":\"https:\\\/\\\/darkamazi.info\\\/#organization\",\"name\":\"Darka Maz\u00ee\",\"url\":\"https:\\\/\\\/darkamazi.info\\\/\",\"logo\":{\"@type\":\"ImageObject\",\"inLanguage\":\"en-US\",\"@id\":\"https:\\\/\\\/darkamazi.info\\\/#\\\/schema\\\/logo\\\/image\\\/\",\"url\":\"https:\\\/\\\/darkamazi.info\\\/darka-content\\\/uploads\\\/2017\\\/12\\\/darka-mazi-logo.png\",\"contentUrl\":\"https:\\\/\\\/darkamazi.info\\\/darka-content\\\/uploads\\\/2017\\\/12\\\/darka-mazi-logo.png\",\"width\":151,\"height\":75,\"caption\":\"Darka Maz\u00ee\"},\"image\":{\"@id\":\"https:\\\/\\\/darkamazi.info\\\/#\\\/schema\\\/logo\\\/image\\\/\"},\"sameAs\":[\"https:\\\/\\\/www.facebook.com\\\/DarMaziKurmanci\",\"https:\\\/\\\/x.com\\\/DarkaMaziLatini\",\"https:\\\/\\\/www.instagram.com\\\/darkamazi.kurmanci\\\/\",\"https:\\\/\\\/www.youtube.com\\\/channel\\\/UCa5HkTdmI8U1qCUFuTw8B2g\"]},{\"@type\":\"Person\",\"@id\":\"https:\\\/\\\/darkamazi.info\\\/#\\\/schema\\\/person\\\/5ad3e24553a0567993fa8ed4bd0a776c\",\"name\":\"darka mazi\",\"sameAs\":[\"https:\\\/\\\/darkamazi.info\\\/\"],\"url\":\"https:\\\/\\\/darkamazi.info\\\/archives\\\/author\\\/kurdi\"}]}<\/script>\n<!-- \/ Yoast SEO plugin. -->","seo_head_json":{"title":"Hat\u00eemogullari: B\u00eay\u00ee azadiya Dem\u00eerta\u015f \u00fb girtiyan, bawer\u00ee bi p\u00eavajoya a\u015ftiy\u00ea \u00e7\u00eanabe - Darka Maz\u00ee","robots":{"index":"index","follow":"follow","max-snippet":"max-snippet:-1","max-image-preview":"max-image-preview:large","max-video-preview":"max-video-preview:-1"},"canonical":"https:\/\/darkamazi.info\/archives\/1050139","og_locale":"en_US","og_type":"article","og_title":"Hat\u00eemogullari: B\u00eay\u00ee azadiya Dem\u00eerta\u015f \u00fb girtiyan, bawer\u00ee bi p\u00eavajoya a\u015ftiy\u00ea \u00e7\u00eanabe - Darka Maz\u00ee","og_description":"Hevseroka Gi\u015ft\u00ee ya DEM Partiy\u00ea Tulay Hat\u00eemogullari, di be\u015fdariya xwe ya li D\u00eedara MERI de ragihand, her \u00e7end pi\u015ftgiriya gel ji bo p\u00eavajoya a\u015ftiy\u00ea bilind be j\u00ee, ji ber neb\u00fbna gav\u00ean kirdar\u00ee baweriya gel bi serkeftina p\u00eavajoy\u00ea k\u00eam e. Hat\u00eemogullari \u00eero 8\u00ea Cotmeh\u00ea li Hewl\u00ear\u00ea di \u00e7ar\u00e7oveya paneleke D\u00eedara MERI de diyar kir, civak xwed\u00ee [&hellip;]","og_url":"https:\/\/darkamazi.info\/archives\/1050139","og_site_name":"Darka Maz\u00ee","article_publisher":"https:\/\/www.facebook.com\/DarMaziKurmanci","article_published_time":"2025-10-08T16:33:01+00:00","og_image":[{"width":900,"height":497,"url":"https:\/\/darkamazi.info\/file\/2025\/10\/Tulay-Hatimogullari.jpg","type":"image\/jpeg"}],"author":"darka mazi","twitter_card":"summary_large_image","twitter_creator":"@DarkaMaziLatini","twitter_site":"@DarkaMaziLatini","twitter_misc":{"Written by":"darka mazi","Est. reading time":"2 minutes"},"schema":{"@context":"https:\/\/schema.org","@graph":[{"@type":"Article","@id":"https:\/\/darkamazi.info\/archives\/1050139#article","isPartOf":{"@id":"https:\/\/darkamazi.info\/archives\/1050139"},"author":{"name":"darka mazi","@id":"https:\/\/darkamazi.info\/#\/schema\/person\/5ad3e24553a0567993fa8ed4bd0a776c"},"headline":"Hat\u00eemogullari: B\u00eay\u00ee azadiya Dem\u00eerta\u015f \u00fb girtiyan, bawer\u00ee bi p\u00eavajoya a\u015ftiy\u00ea \u00e7\u00eanabe","datePublished":"2025-10-08T16:33:01+00:00","mainEntityOfPage":{"@id":"https:\/\/darkamazi.info\/archives\/1050139"},"wordCount":369,"publisher":{"@id":"https:\/\/darkamazi.info\/#organization"},"image":{"@id":"https:\/\/darkamazi.info\/archives\/1050139#primaryimage"},"thumbnailUrl":"https:\/\/darkamazi.info\/file\/2025\/10\/Tulay-Hatimogullari.jpg","keywords":["sereke"],"articleSection":["Kurdistan"],"inLanguage":"en-US"},{"@type":"WebPage","@id":"https:\/\/darkamazi.info\/archives\/1050139","url":"https:\/\/darkamazi.info\/archives\/1050139","name":"Hat\u00eemogullari: B\u00eay\u00ee azadiya Dem\u00eerta\u015f \u00fb girtiyan, bawer\u00ee bi p\u00eavajoya a\u015ftiy\u00ea \u00e7\u00eanabe - Darka Maz\u00ee","isPartOf":{"@id":"https:\/\/darkamazi.info\/#website"},"primaryImageOfPage":{"@id":"https:\/\/darkamazi.info\/archives\/1050139#primaryimage"},"image":{"@id":"https:\/\/darkamazi.info\/archives\/1050139#primaryimage"},"thumbnailUrl":"https:\/\/darkamazi.info\/file\/2025\/10\/Tulay-Hatimogullari.jpg","datePublished":"2025-10-08T16:33:01+00:00","breadcrumb":{"@id":"https:\/\/darkamazi.info\/archives\/1050139#breadcrumb"},"inLanguage":"en-US","potentialAction":[{"@type":"ReadAction","target":["https:\/\/darkamazi.info\/archives\/1050139"]}]},{"@type":"ImageObject","inLanguage":"en-US","@id":"https:\/\/darkamazi.info\/archives\/1050139#primaryimage","url":"https:\/\/darkamazi.info\/file\/2025\/10\/Tulay-Hatimogullari.jpg","contentUrl":"https:\/\/darkamazi.info\/file\/2025\/10\/Tulay-Hatimogullari.jpg","width":900,"height":497,"caption":"Hat\u00eemogullari: B\u00eay\u00ee azadiya Dem\u00eerta\u015f \u00fb girtiyan, bawer\u00ee bi p\u00eavajoya a\u015ftiy\u00ea \u00e7\u00eanabe"},{"@type":"BreadcrumbList","@id":"https:\/\/darkamazi.info\/archives\/1050139#breadcrumb","itemListElement":[{"@type":"ListItem","position":1,"name":"Home","item":"https:\/\/darkamazi.info\/"},{"@type":"ListItem","position":2,"name":"Hat\u00eemogullari: B\u00eay\u00ee azadiya Dem\u00eerta\u015f \u00fb girtiyan, bawer\u00ee bi p\u00eavajoya a\u015ftiy\u00ea \u00e7\u00eanabe"}]},{"@type":"WebSite","@id":"https:\/\/darkamazi.info\/#website","url":"https:\/\/darkamazi.info\/","name":"Darka Maz\u00ee","description":"P\u00eageha Zanyariy\u00ean Nebih\u00eest\u00ee","publisher":{"@id":"https:\/\/darkamazi.info\/#organization"},"potentialAction":[{"@type":"SearchAction","target":{"@type":"EntryPoint","urlTemplate":"https:\/\/darkamazi.info\/?s={search_term_string}"},"query-input":{"@type":"PropertyValueSpecification","valueRequired":true,"valueName":"search_term_string"}}],"inLanguage":"en-US"},{"@type":"Organization","@id":"https:\/\/darkamazi.info\/#organization","name":"Darka Maz\u00ee","url":"https:\/\/darkamazi.info\/","logo":{"@type":"ImageObject","inLanguage":"en-US","@id":"https:\/\/darkamazi.info\/#\/schema\/logo\/image\/","url":"https:\/\/darkamazi.info\/file\/2017\/12\/darka-mazi-logo.png","contentUrl":"https:\/\/darkamazi.info\/file\/2017\/12\/darka-mazi-logo.png","width":151,"height":75,"caption":"Darka Maz\u00ee"},"image":{"@id":"https:\/\/darkamazi.info\/#\/schema\/logo\/image\/"},"sameAs":["https:\/\/www.facebook.com\/DarMaziKurmanci","https:\/\/x.com\/DarkaMaziLatini","https:\/\/www.instagram.com\/darkamazi.kurmanci\/","https:\/\/www.youtube.com\/channel\/UCa5HkTdmI8U1qCUFuTw8B2g"]},{"@type":"Person","@id":"https:\/\/darkamazi.info\/#\/schema\/person\/5ad3e24553a0567993fa8ed4bd0a776c","name":"darka mazi","sameAs":["https:\/\/darkamazi.info\/"],"url":"https:\/\/darkamazi.info\/archives\/author\/kurdi"}]}},"_links":{"self":[{"href":"https:\/\/darkamazi.info\/funavuv\/wp\/v2\/posts\/1050139","targetHints":{"allow":["GET"]}}],"collection":[{"href":"https:\/\/darkamazi.info\/funavuv\/wp\/v2\/posts"}],"about":[{"href":"https:\/\/darkamazi.info\/funavuv\/wp\/v2\/types\/post"}],"author":[{"embeddable":true,"href":"https:\/\/darkamazi.info\/funavuv\/wp\/v2\/users\/2"}],"replies":[{"embeddable":true,"href":"https:\/\/darkamazi.info\/funavuv\/wp\/v2\/comments?post=1050139"}],"version-history":[{"count":0,"href":"https:\/\/darkamazi.info\/funavuv\/wp\/v2\/posts\/1050139\/revisions"}],"wp:featuredmedia":[{"embeddable":true,"href":"https:\/\/darkamazi.info\/funavuv\/wp\/v2\/media\/1050140"}],"wp:attachment":[{"href":"https:\/\/darkamazi.info\/funavuv\/wp\/v2\/media?parent=1050139"}],"wp:term":[{"taxonomy":"category","embeddable":true,"href":"https:\/\/darkamazi.info\/funavuv\/wp\/v2\/categories?post=1050139"},{"taxonomy":"post_tag","embeddable":true,"href":"https:\/\/darkamazi.info\/funavuv\/wp\/v2\/tags?post=1050139"}],"curies":[{"name":"wp","href":"https:\/\/api.w.org\/{rel}","templated":true}]}}