{"id":1050145,"date":"2025-10-09T11:29:19","date_gmt":"2025-10-09T08:29:19","guid":{"rendered":"https:\/\/darkamazi.info\/?p=1050145"},"modified":"2025-10-09T11:29:19","modified_gmt":"2025-10-09T08:29:19","slug":"necirvan-barzani-de-pisti-nivro-erdogan-re-bicive","status":"publish","type":"post","link":"https:\/\/darkamazi.info\/archives\/1050145","title":{"rendered":"N\u00ea\u00e7\u00eervan Barzan\u00ee d\u00ea pi\u015ft\u00ee n\u00eevro Erdogan re bicive"},"content":{"rendered":"<h3 style=\"text-align: justify\"><span style=\"font-family: 'arial black', sans-serif\">Serok\u00ea Her\u00eama Kurdistan\u00ea N\u00ea\u00e7\u00eervan Barzan\u00ee \u00eero ji bo serdaneke ferm\u00ee \u00e7\u00fb Enqereya paytexta Tirkiyey\u00ea.<\/span><\/h3>\n<h3 style=\"text-align: justify\"><span style=\"font-family: arial, helvetica, sans-serif\">Serokatiya Her\u00eama Kurdistan\u00ea da zan\u00een ku N\u00ea\u00e7\u00eervan Barzan\u00ee niha li Enqerey\u00ea ye \u00fb d\u00ea hevd\u00eetina xwe ewil bi Wez\u00eer\u00ea Kar\u00ean Derve y\u00ea Tirkiyey\u00ea Hakan F\u00eedan bike.<\/span><\/h3>\n<h3 style=\"text-align: justify\"><span style=\"font-family: arial, helvetica, sans-serif\">N\u00ea\u00e7\u00eervan Barzan\u00ee d\u00ea pi\u015ft\u00ee n\u00eevro j\u00ee li Ko\u015fka Serokkomariy\u00ea bi Serokkomar Recep Tayy\u00eep Erdogan re bicive.<\/span><\/h3>\n<h3 style=\"text-align: justify\"><span style=\"font-family: arial, helvetica, sans-serif\">Li gor\u00ee daxuyaniy\u00ea, N\u00ea\u00e7\u00eervan Barzan\u00ee \u00fb Erdogan d\u00ea li ser \u201cp\u00eawendiy\u00ean Tirkiyey\u00ea y\u00ean bi \u00ceraq \u00fb Her\u00eama Kurdistan\u00ea re, rew\u015fa li her\u00eam\u00ea \u00fb \u00e7end mijar\u00ean din \u00ean ku ji bo her du aliyan gir\u00eeng in\u201d biaxivin.<\/span><\/h3>\n","protected":false},"excerpt":{"rendered":"<p>Serok\u00ea Her\u00eama Kurdistan\u00ea N\u00ea\u00e7\u00eervan Barzan\u00ee \u00eero ji bo serdaneke ferm\u00ee \u00e7\u00fb Enqereya paytexta Tirkiyey\u00ea. Serokatiya Her\u00eama Kurdistan\u00ea da zan\u00een ku N\u00ea\u00e7\u00eervan Barzan\u00ee niha li Enqerey\u00ea ye \u00fb d\u00ea hevd\u00eetina xwe ewil bi Wez\u00eer\u00ea Kar\u00ean Derve y\u00ea Tirkiyey\u00ea Hakan F\u00eedan bike. N\u00ea\u00e7\u00eervan Barzan\u00ee d\u00ea pi\u015ft\u00ee n\u00eevro j\u00ee li Ko\u015fka Serokkomariy\u00ea bi Serokkomar Recep Tayy\u00eep Erdogan re [&hellip;]<\/p>\n","protected":false},"author":2,"featured_media":1050146,"comment_status":"closed","ping_status":"closed","sticky":false,"template":"","format":"standard","meta":{"footnotes":""},"categories":[29],"tags":[37],"class_list":["post-1050145","post","type-post","status-publish","format-standard","has-post-thumbnail","hentry","category-kurdistan","tag-sereke"],"blocksy_meta":[],"seo_head":"<!-- This site is optimized with the Yoast SEO plugin v27.5 - https:\/\/yoast.com\/product\/yoast-seo-wordpress\/ -->\n<title>N\u00ea\u00e7\u00eervan Barzan\u00ee d\u00ea pi\u015ft\u00ee n\u00eevro Erdogan re bicive - Darka Maz\u00ee<\/title>\n<meta name=\"robots\" content=\"index, follow, max-snippet:-1, max-image-preview:large, max-video-preview:-1\" \/>\n<link rel=\"canonical\" href=\"https:\/\/darkamazi.info\/archives\/1050145\" \/>\n<meta property=\"og:locale\" content=\"en_US\" \/>\n<meta property=\"og:type\" content=\"article\" \/>\n<meta property=\"og:title\" content=\"N\u00ea\u00e7\u00eervan Barzan\u00ee d\u00ea pi\u015ft\u00ee n\u00eevro Erdogan re bicive - Darka Maz\u00ee\" \/>\n<meta property=\"og:description\" content=\"Serok\u00ea Her\u00eama Kurdistan\u00ea N\u00ea\u00e7\u00eervan Barzan\u00ee \u00eero ji bo serdaneke ferm\u00ee \u00e7\u00fb Enqereya paytexta Tirkiyey\u00ea. Serokatiya Her\u00eama Kurdistan\u00ea da zan\u00een ku N\u00ea\u00e7\u00eervan Barzan\u00ee niha li Enqerey\u00ea ye \u00fb d\u00ea hevd\u00eetina xwe ewil bi Wez\u00eer\u00ea Kar\u00ean Derve y\u00ea Tirkiyey\u00ea Hakan F\u00eedan bike. N\u00ea\u00e7\u00eervan Barzan\u00ee d\u00ea pi\u015ft\u00ee n\u00eevro j\u00ee li Ko\u015fka Serokkomariy\u00ea bi Serokkomar Recep Tayy\u00eep Erdogan re [&hellip;]\" \/>\n<meta property=\"og:url\" content=\"https:\/\/darkamazi.info\/archives\/1050145\" \/>\n<meta property=\"og:site_name\" content=\"Darka Maz\u00ee\" \/>\n<meta property=\"article:publisher\" content=\"https:\/\/www.facebook.com\/DarMaziKurmanci\" \/>\n<meta property=\"article:published_time\" content=\"2025-10-09T08:29:19+00:00\" \/>\n<meta property=\"og:image\" content=\"https:\/\/darkamazi.info\/file\/2025\/10\/NB-Tirkiye.jpg\" \/>\n\t<meta property=\"og:image:width\" content=\"900\" \/>\n\t<meta property=\"og:image:height\" content=\"500\" \/>\n\t<meta property=\"og:image:type\" content=\"image\/jpeg\" \/>\n<meta name=\"author\" content=\"darka mazi\" \/>\n<meta name=\"twitter:card\" content=\"summary_large_image\" \/>\n<meta name=\"twitter:creator\" content=\"@DarkaMaziLatini\" \/>\n<meta name=\"twitter:site\" content=\"@DarkaMaziLatini\" \/>\n<meta name=\"twitter:label1\" content=\"Written by\" \/>\n\t<meta name=\"twitter:data1\" content=\"darka mazi\" \/>\n\t<meta name=\"twitter:label2\" content=\"Est. reading time\" \/>\n\t<meta name=\"twitter:data2\" content=\"1 minute\" \/>\n<script type=\"application\/ld+json\" class=\"seo-schema-graph\">{\"@context\":\"https:\\\/\\\/schema.org\",\"@graph\":[{\"@type\":\"Article\",\"@id\":\"https:\\\/\\\/darkamazi.info\\\/archives\\\/1050145#article\",\"isPartOf\":{\"@id\":\"https:\\\/\\\/darkamazi.info\\\/archives\\\/1050145\"},\"author\":{\"name\":\"darka mazi\",\"@id\":\"https:\\\/\\\/darkamazi.info\\\/#\\\/schema\\\/person\\\/5ad3e24553a0567993fa8ed4bd0a776c\"},\"headline\":\"N\u00ea\u00e7\u00eervan Barzan\u00ee d\u00ea pi\u015ft\u00ee n\u00eevro Erdogan re bicive\",\"datePublished\":\"2025-10-09T08:29:19+00:00\",\"mainEntityOfPage\":{\"@id\":\"https:\\\/\\\/darkamazi.info\\\/archives\\\/1050145\"},\"wordCount\":121,\"publisher\":{\"@id\":\"https:\\\/\\\/darkamazi.info\\\/#organization\"},\"image\":{\"@id\":\"https:\\\/\\\/darkamazi.info\\\/archives\\\/1050145#primaryimage\"},\"thumbnailUrl\":\"https:\\\/\\\/darkamazi.info\\\/darka-content\\\/uploads\\\/2025\\\/10\\\/NB-Tirkiye.jpg\",\"keywords\":[\"sereke\"],\"articleSection\":[\"Kurdistan\"],\"inLanguage\":\"en-US\"},{\"@type\":\"WebPage\",\"@id\":\"https:\\\/\\\/darkamazi.info\\\/archives\\\/1050145\",\"url\":\"https:\\\/\\\/darkamazi.info\\\/archives\\\/1050145\",\"name\":\"N\u00ea\u00e7\u00eervan Barzan\u00ee d\u00ea pi\u015ft\u00ee n\u00eevro Erdogan re bicive - Darka Maz\u00ee\",\"isPartOf\":{\"@id\":\"https:\\\/\\\/darkamazi.info\\\/#website\"},\"primaryImageOfPage\":{\"@id\":\"https:\\\/\\\/darkamazi.info\\\/archives\\\/1050145#primaryimage\"},\"image\":{\"@id\":\"https:\\\/\\\/darkamazi.info\\\/archives\\\/1050145#primaryimage\"},\"thumbnailUrl\":\"https:\\\/\\\/darkamazi.info\\\/darka-content\\\/uploads\\\/2025\\\/10\\\/NB-Tirkiye.jpg\",\"datePublished\":\"2025-10-09T08:29:19+00:00\",\"breadcrumb\":{\"@id\":\"https:\\\/\\\/darkamazi.info\\\/archives\\\/1050145#breadcrumb\"},\"inLanguage\":\"en-US\",\"potentialAction\":[{\"@type\":\"ReadAction\",\"target\":[\"https:\\\/\\\/darkamazi.info\\\/archives\\\/1050145\"]}]},{\"@type\":\"ImageObject\",\"inLanguage\":\"en-US\",\"@id\":\"https:\\\/\\\/darkamazi.info\\\/archives\\\/1050145#primaryimage\",\"url\":\"https:\\\/\\\/darkamazi.info\\\/darka-content\\\/uploads\\\/2025\\\/10\\\/NB-Tirkiye.jpg\",\"contentUrl\":\"https:\\\/\\\/darkamazi.info\\\/darka-content\\\/uploads\\\/2025\\\/10\\\/NB-Tirkiye.jpg\",\"width\":900,\"height\":500,\"caption\":\"NB-Tirkiye\"},{\"@type\":\"BreadcrumbList\",\"@id\":\"https:\\\/\\\/darkamazi.info\\\/archives\\\/1050145#breadcrumb\",\"itemListElement\":[{\"@type\":\"ListItem\",\"position\":1,\"name\":\"Home\",\"item\":\"https:\\\/\\\/darkamazi.info\\\/\"},{\"@type\":\"ListItem\",\"position\":2,\"name\":\"N\u00ea\u00e7\u00eervan Barzan\u00ee d\u00ea pi\u015ft\u00ee n\u00eevro Erdogan re bicive\"}]},{\"@type\":\"WebSite\",\"@id\":\"https:\\\/\\\/darkamazi.info\\\/#website\",\"url\":\"https:\\\/\\\/darkamazi.info\\\/\",\"name\":\"Darka Maz\u00ee\",\"description\":\"P\u00eageha Zanyariy\u00ean Nebih\u00eest\u00ee\",\"publisher\":{\"@id\":\"https:\\\/\\\/darkamazi.info\\\/#organization\"},\"potentialAction\":[{\"@type\":\"SearchAction\",\"target\":{\"@type\":\"EntryPoint\",\"urlTemplate\":\"https:\\\/\\\/darkamazi.info\\\/?s={search_term_string}\"},\"query-input\":{\"@type\":\"PropertyValueSpecification\",\"valueRequired\":true,\"valueName\":\"search_term_string\"}}],\"inLanguage\":\"en-US\"},{\"@type\":\"Organization\",\"@id\":\"https:\\\/\\\/darkamazi.info\\\/#organization\",\"name\":\"Darka Maz\u00ee\",\"url\":\"https:\\\/\\\/darkamazi.info\\\/\",\"logo\":{\"@type\":\"ImageObject\",\"inLanguage\":\"en-US\",\"@id\":\"https:\\\/\\\/darkamazi.info\\\/#\\\/schema\\\/logo\\\/image\\\/\",\"url\":\"https:\\\/\\\/darkamazi.info\\\/darka-content\\\/uploads\\\/2017\\\/12\\\/darka-mazi-logo.png\",\"contentUrl\":\"https:\\\/\\\/darkamazi.info\\\/darka-content\\\/uploads\\\/2017\\\/12\\\/darka-mazi-logo.png\",\"width\":151,\"height\":75,\"caption\":\"Darka Maz\u00ee\"},\"image\":{\"@id\":\"https:\\\/\\\/darkamazi.info\\\/#\\\/schema\\\/logo\\\/image\\\/\"},\"sameAs\":[\"https:\\\/\\\/www.facebook.com\\\/DarMaziKurmanci\",\"https:\\\/\\\/x.com\\\/DarkaMaziLatini\",\"https:\\\/\\\/www.instagram.com\\\/darkamazi.kurmanci\\\/\",\"https:\\\/\\\/www.youtube.com\\\/channel\\\/UCa5HkTdmI8U1qCUFuTw8B2g\"]},{\"@type\":\"Person\",\"@id\":\"https:\\\/\\\/darkamazi.info\\\/#\\\/schema\\\/person\\\/5ad3e24553a0567993fa8ed4bd0a776c\",\"name\":\"darka mazi\",\"sameAs\":[\"https:\\\/\\\/darkamazi.info\\\/\"],\"url\":\"https:\\\/\\\/darkamazi.info\\\/archives\\\/author\\\/kurdi\"}]}<\/script>\n<!-- \/ Yoast SEO plugin. -->","seo_head_json":{"title":"N\u00ea\u00e7\u00eervan Barzan\u00ee d\u00ea pi\u015ft\u00ee n\u00eevro Erdogan re bicive - Darka Maz\u00ee","robots":{"index":"index","follow":"follow","max-snippet":"max-snippet:-1","max-image-preview":"max-image-preview:large","max-video-preview":"max-video-preview:-1"},"canonical":"https:\/\/darkamazi.info\/archives\/1050145","og_locale":"en_US","og_type":"article","og_title":"N\u00ea\u00e7\u00eervan Barzan\u00ee d\u00ea pi\u015ft\u00ee n\u00eevro Erdogan re bicive - Darka Maz\u00ee","og_description":"Serok\u00ea Her\u00eama Kurdistan\u00ea N\u00ea\u00e7\u00eervan Barzan\u00ee \u00eero ji bo serdaneke ferm\u00ee \u00e7\u00fb Enqereya paytexta Tirkiyey\u00ea. Serokatiya Her\u00eama Kurdistan\u00ea da zan\u00een ku N\u00ea\u00e7\u00eervan Barzan\u00ee niha li Enqerey\u00ea ye \u00fb d\u00ea hevd\u00eetina xwe ewil bi Wez\u00eer\u00ea Kar\u00ean Derve y\u00ea Tirkiyey\u00ea Hakan F\u00eedan bike. N\u00ea\u00e7\u00eervan Barzan\u00ee d\u00ea pi\u015ft\u00ee n\u00eevro j\u00ee li Ko\u015fka Serokkomariy\u00ea bi Serokkomar Recep Tayy\u00eep Erdogan re [&hellip;]","og_url":"https:\/\/darkamazi.info\/archives\/1050145","og_site_name":"Darka Maz\u00ee","article_publisher":"https:\/\/www.facebook.com\/DarMaziKurmanci","article_published_time":"2025-10-09T08:29:19+00:00","og_image":[{"width":900,"height":500,"url":"https:\/\/darkamazi.info\/file\/2025\/10\/NB-Tirkiye.jpg","type":"image\/jpeg"}],"author":"darka mazi","twitter_card":"summary_large_image","twitter_creator":"@DarkaMaziLatini","twitter_site":"@DarkaMaziLatini","twitter_misc":{"Written by":"darka mazi","Est. reading time":"1 minute"},"schema":{"@context":"https:\/\/schema.org","@graph":[{"@type":"Article","@id":"https:\/\/darkamazi.info\/archives\/1050145#article","isPartOf":{"@id":"https:\/\/darkamazi.info\/archives\/1050145"},"author":{"name":"darka mazi","@id":"https:\/\/darkamazi.info\/#\/schema\/person\/5ad3e24553a0567993fa8ed4bd0a776c"},"headline":"N\u00ea\u00e7\u00eervan Barzan\u00ee d\u00ea pi\u015ft\u00ee n\u00eevro Erdogan re bicive","datePublished":"2025-10-09T08:29:19+00:00","mainEntityOfPage":{"@id":"https:\/\/darkamazi.info\/archives\/1050145"},"wordCount":121,"publisher":{"@id":"https:\/\/darkamazi.info\/#organization"},"image":{"@id":"https:\/\/darkamazi.info\/archives\/1050145#primaryimage"},"thumbnailUrl":"https:\/\/darkamazi.info\/file\/2025\/10\/NB-Tirkiye.jpg","keywords":["sereke"],"articleSection":["Kurdistan"],"inLanguage":"en-US"},{"@type":"WebPage","@id":"https:\/\/darkamazi.info\/archives\/1050145","url":"https:\/\/darkamazi.info\/archives\/1050145","name":"N\u00ea\u00e7\u00eervan Barzan\u00ee d\u00ea pi\u015ft\u00ee n\u00eevro Erdogan re bicive - Darka Maz\u00ee","isPartOf":{"@id":"https:\/\/darkamazi.info\/#website"},"primaryImageOfPage":{"@id":"https:\/\/darkamazi.info\/archives\/1050145#primaryimage"},"image":{"@id":"https:\/\/darkamazi.info\/archives\/1050145#primaryimage"},"thumbnailUrl":"https:\/\/darkamazi.info\/file\/2025\/10\/NB-Tirkiye.jpg","datePublished":"2025-10-09T08:29:19+00:00","breadcrumb":{"@id":"https:\/\/darkamazi.info\/archives\/1050145#breadcrumb"},"inLanguage":"en-US","potentialAction":[{"@type":"ReadAction","target":["https:\/\/darkamazi.info\/archives\/1050145"]}]},{"@type":"ImageObject","inLanguage":"en-US","@id":"https:\/\/darkamazi.info\/archives\/1050145#primaryimage","url":"https:\/\/darkamazi.info\/file\/2025\/10\/NB-Tirkiye.jpg","contentUrl":"https:\/\/darkamazi.info\/file\/2025\/10\/NB-Tirkiye.jpg","width":900,"height":500,"caption":"NB-Tirkiye"},{"@type":"BreadcrumbList","@id":"https:\/\/darkamazi.info\/archives\/1050145#breadcrumb","itemListElement":[{"@type":"ListItem","position":1,"name":"Home","item":"https:\/\/darkamazi.info\/"},{"@type":"ListItem","position":2,"name":"N\u00ea\u00e7\u00eervan Barzan\u00ee d\u00ea pi\u015ft\u00ee n\u00eevro Erdogan re bicive"}]},{"@type":"WebSite","@id":"https:\/\/darkamazi.info\/#website","url":"https:\/\/darkamazi.info\/","name":"Darka Maz\u00ee","description":"P\u00eageha Zanyariy\u00ean Nebih\u00eest\u00ee","publisher":{"@id":"https:\/\/darkamazi.info\/#organization"},"potentialAction":[{"@type":"SearchAction","target":{"@type":"EntryPoint","urlTemplate":"https:\/\/darkamazi.info\/?s={search_term_string}"},"query-input":{"@type":"PropertyValueSpecification","valueRequired":true,"valueName":"search_term_string"}}],"inLanguage":"en-US"},{"@type":"Organization","@id":"https:\/\/darkamazi.info\/#organization","name":"Darka Maz\u00ee","url":"https:\/\/darkamazi.info\/","logo":{"@type":"ImageObject","inLanguage":"en-US","@id":"https:\/\/darkamazi.info\/#\/schema\/logo\/image\/","url":"https:\/\/darkamazi.info\/file\/2017\/12\/darka-mazi-logo.png","contentUrl":"https:\/\/darkamazi.info\/file\/2017\/12\/darka-mazi-logo.png","width":151,"height":75,"caption":"Darka Maz\u00ee"},"image":{"@id":"https:\/\/darkamazi.info\/#\/schema\/logo\/image\/"},"sameAs":["https:\/\/www.facebook.com\/DarMaziKurmanci","https:\/\/x.com\/DarkaMaziLatini","https:\/\/www.instagram.com\/darkamazi.kurmanci\/","https:\/\/www.youtube.com\/channel\/UCa5HkTdmI8U1qCUFuTw8B2g"]},{"@type":"Person","@id":"https:\/\/darkamazi.info\/#\/schema\/person\/5ad3e24553a0567993fa8ed4bd0a776c","name":"darka mazi","sameAs":["https:\/\/darkamazi.info\/"],"url":"https:\/\/darkamazi.info\/archives\/author\/kurdi"}]}},"_links":{"self":[{"href":"https:\/\/darkamazi.info\/funavuv\/wp\/v2\/posts\/1050145","targetHints":{"allow":["GET"]}}],"collection":[{"href":"https:\/\/darkamazi.info\/funavuv\/wp\/v2\/posts"}],"about":[{"href":"https:\/\/darkamazi.info\/funavuv\/wp\/v2\/types\/post"}],"author":[{"embeddable":true,"href":"https:\/\/darkamazi.info\/funavuv\/wp\/v2\/users\/2"}],"replies":[{"embeddable":true,"href":"https:\/\/darkamazi.info\/funavuv\/wp\/v2\/comments?post=1050145"}],"version-history":[{"count":0,"href":"https:\/\/darkamazi.info\/funavuv\/wp\/v2\/posts\/1050145\/revisions"}],"wp:featuredmedia":[{"embeddable":true,"href":"https:\/\/darkamazi.info\/funavuv\/wp\/v2\/media\/1050146"}],"wp:attachment":[{"href":"https:\/\/darkamazi.info\/funavuv\/wp\/v2\/media?parent=1050145"}],"wp:term":[{"taxonomy":"category","embeddable":true,"href":"https:\/\/darkamazi.info\/funavuv\/wp\/v2\/categories?post=1050145"},{"taxonomy":"post_tag","embeddable":true,"href":"https:\/\/darkamazi.info\/funavuv\/wp\/v2\/tags?post=1050145"}],"curies":[{"name":"wp","href":"https:\/\/api.w.org\/{rel}","templated":true}]}}