{"id":1050148,"date":"2025-10-09T11:53:34","date_gmt":"2025-10-09T08:53:34","guid":{"rendered":"https:\/\/darkamazi.info\/?p=1050148"},"modified":"2025-10-09T11:53:34","modified_gmt":"2025-10-09T08:53:34","slug":"ciwanen-soresger-zarokeki-11-sali-revandin","status":"publish","type":"post","link":"https:\/\/darkamazi.info\/archives\/1050148","title":{"rendered":"Ciwan\u00ean \u015eore\u015fger zarokek\u00ee 11 sal\u00ee revandin"},"content":{"rendered":"<h3 style=\"text-align: justify\"><span style=\"font-family: 'arial black', sans-serif\">\u00c7etey\u00ean PKK\u00ea y\u00ean bi nav\u00ea Ciwan\u00ean \u015eore\u015fger zarokek\u00ee din y\u00ea 11 sal\u00ee ji bajar\u00ea Koban\u00eey\u00ea revand \u00fb bo bingeh\u00ean le\u015fkerkirina bi zor\u00ea veguhestin.<\/span><\/h3>\n<h3 style=\"text-align: justify\"><span style=\"font-family: arial, helvetica, sans-serif\">\u00c7avkaniy\u00ean Darka Maz\u00ee y\u00ean li Rojava Kurdistan\u00ea a\u015fkere kirin, li roja 27 Ilona 2025\u00ea \u00e7etey\u00ean PKK\u00ea Ciwan\u00ean \u015eore\u015fger ku kar\u00ea wan revandina zarokane, zarokek\u00ee din y\u00ea Kurd ji bajar\u00ea Koban\u00eey\u00ea revand \u00fb bo bingeh\u00ean me\u015fq\u00ea \u00fb le\u015fkerkirina bi zor\u00ea birin.<\/span><\/h3>\n<h3 style=\"text-align: justify\"><span style=\"font-family: arial, helvetica, sans-serif\">Destn\u00ee\u015fan kir, ev zarok nav\u00ea w\u00ee Merwan Ehmed Hemo ye \u00fb ji dayikb\u00fby\u00ea sala 2014\u00ea ye \u00fb temen\u00ea w\u00ee 11 sal in.<\/span><\/h3>\n<h3 style=\"text-align: justify\"><span style=\"font-family: arial, helvetica, sans-serif\">Ciwan\u00ean \u015eore\u015fger r\u00eaxistineke ciwanan ya gir\u00eaday\u00ee PKK\u00ea ye, bi tel\u00eemat\u00ean rasterast y\u00ean Cem\u00eel Bay\u00eek tev digere \u00fb kar\u00ea w\u00ea \u00e7ekdarkirina zarokane ji boy PKK\u00ea \u00fb bask\u00ean w\u00ea y\u00ean li Rojava Kurdistan\u00ea.<\/span><\/h3>\n","protected":false},"excerpt":{"rendered":"<p>\u00c7etey\u00ean PKK\u00ea y\u00ean bi nav\u00ea Ciwan\u00ean \u015eore\u015fger zarokek\u00ee din y\u00ea 11 sal\u00ee ji bajar\u00ea Koban\u00eey\u00ea revand \u00fb bo bingeh\u00ean le\u015fkerkirina bi zor\u00ea veguhestin. \u00c7avkaniy\u00ean Darka Maz\u00ee y\u00ean li Rojava Kurdistan\u00ea a\u015fkere kirin, li roja 27 Ilona 2025\u00ea \u00e7etey\u00ean PKK\u00ea Ciwan\u00ean \u015eore\u015fger ku kar\u00ea wan revandina zarokane, zarokek\u00ee din y\u00ea Kurd ji bajar\u00ea Koban\u00eey\u00ea revand \u00fb [&hellip;]<\/p>\n","protected":false},"author":2,"featured_media":1050149,"comment_status":"closed","ping_status":"closed","sticky":false,"template":"","format":"standard","meta":{"footnotes":""},"categories":[29],"tags":[37],"class_list":["post-1050148","post","type-post","status-publish","format-standard","has-post-thumbnail","hentry","category-kurdistan","tag-sereke"],"blocksy_meta":[],"seo_head":"<!-- This site is optimized with the Yoast SEO plugin v27.5 - https:\/\/yoast.com\/product\/yoast-seo-wordpress\/ -->\n<title>Ciwan\u00ean \u015eore\u015fger zarokek\u00ee 11 sal\u00ee revandin - Darka Maz\u00ee<\/title>\n<meta name=\"robots\" content=\"index, follow, max-snippet:-1, max-image-preview:large, max-video-preview:-1\" \/>\n<link rel=\"canonical\" href=\"https:\/\/darkamazi.info\/archives\/1050148\" \/>\n<meta property=\"og:locale\" content=\"en_US\" \/>\n<meta property=\"og:type\" content=\"article\" \/>\n<meta property=\"og:title\" content=\"Ciwan\u00ean \u015eore\u015fger zarokek\u00ee 11 sal\u00ee revandin - Darka Maz\u00ee\" \/>\n<meta property=\"og:description\" content=\"\u00c7etey\u00ean PKK\u00ea y\u00ean bi nav\u00ea Ciwan\u00ean \u015eore\u015fger zarokek\u00ee din y\u00ea 11 sal\u00ee ji bajar\u00ea Koban\u00eey\u00ea revand \u00fb bo bingeh\u00ean le\u015fkerkirina bi zor\u00ea veguhestin. \u00c7avkaniy\u00ean Darka Maz\u00ee y\u00ean li Rojava Kurdistan\u00ea a\u015fkere kirin, li roja 27 Ilona 2025\u00ea \u00e7etey\u00ean PKK\u00ea Ciwan\u00ean \u015eore\u015fger ku kar\u00ea wan revandina zarokane, zarokek\u00ee din y\u00ea Kurd ji bajar\u00ea Koban\u00eey\u00ea revand \u00fb [&hellip;]\" \/>\n<meta property=\"og:url\" content=\"https:\/\/darkamazi.info\/archives\/1050148\" \/>\n<meta property=\"og:site_name\" content=\"Darka Maz\u00ee\" \/>\n<meta property=\"article:publisher\" content=\"https:\/\/www.facebook.com\/DarMaziKurmanci\" \/>\n<meta property=\"article:published_time\" content=\"2025-10-09T08:53:34+00:00\" \/>\n<meta property=\"og:image\" content=\"https:\/\/darkamazi.info\/file\/2025\/10\/Ciwanen-shorashgar-pkk-kobani-11-info.jpg\" \/>\n\t<meta property=\"og:image:width\" content=\"900\" \/>\n\t<meta property=\"og:image:height\" content=\"497\" \/>\n\t<meta property=\"og:image:type\" content=\"image\/jpeg\" \/>\n<meta name=\"author\" content=\"darka mazi\" \/>\n<meta name=\"twitter:card\" content=\"summary_large_image\" \/>\n<meta name=\"twitter:creator\" content=\"@DarkaMaziLatini\" \/>\n<meta name=\"twitter:site\" content=\"@DarkaMaziLatini\" \/>\n<meta name=\"twitter:label1\" content=\"Written by\" \/>\n\t<meta name=\"twitter:data1\" content=\"darka mazi\" \/>\n\t<meta name=\"twitter:label2\" content=\"Est. reading time\" \/>\n\t<meta name=\"twitter:data2\" content=\"1 minute\" \/>\n<script type=\"application\/ld+json\" class=\"seo-schema-graph\">{\"@context\":\"https:\\\/\\\/schema.org\",\"@graph\":[{\"@type\":\"Article\",\"@id\":\"https:\\\/\\\/darkamazi.info\\\/archives\\\/1050148#article\",\"isPartOf\":{\"@id\":\"https:\\\/\\\/darkamazi.info\\\/archives\\\/1050148\"},\"author\":{\"name\":\"darka mazi\",\"@id\":\"https:\\\/\\\/darkamazi.info\\\/#\\\/schema\\\/person\\\/5ad3e24553a0567993fa8ed4bd0a776c\"},\"headline\":\"Ciwan\u00ean \u015eore\u015fger zarokek\u00ee 11 sal\u00ee revandin\",\"datePublished\":\"2025-10-09T08:53:34+00:00\",\"mainEntityOfPage\":{\"@id\":\"https:\\\/\\\/darkamazi.info\\\/archives\\\/1050148\"},\"wordCount\":141,\"publisher\":{\"@id\":\"https:\\\/\\\/darkamazi.info\\\/#organization\"},\"image\":{\"@id\":\"https:\\\/\\\/darkamazi.info\\\/archives\\\/1050148#primaryimage\"},\"thumbnailUrl\":\"https:\\\/\\\/darkamazi.info\\\/darka-content\\\/uploads\\\/2025\\\/10\\\/Ciwanen-shorashgar-pkk-kobani-11-info.jpg\",\"keywords\":[\"sereke\"],\"articleSection\":[\"Kurdistan\"],\"inLanguage\":\"en-US\"},{\"@type\":\"WebPage\",\"@id\":\"https:\\\/\\\/darkamazi.info\\\/archives\\\/1050148\",\"url\":\"https:\\\/\\\/darkamazi.info\\\/archives\\\/1050148\",\"name\":\"Ciwan\u00ean \u015eore\u015fger zarokek\u00ee 11 sal\u00ee revandin - Darka Maz\u00ee\",\"isPartOf\":{\"@id\":\"https:\\\/\\\/darkamazi.info\\\/#website\"},\"primaryImageOfPage\":{\"@id\":\"https:\\\/\\\/darkamazi.info\\\/archives\\\/1050148#primaryimage\"},\"image\":{\"@id\":\"https:\\\/\\\/darkamazi.info\\\/archives\\\/1050148#primaryimage\"},\"thumbnailUrl\":\"https:\\\/\\\/darkamazi.info\\\/darka-content\\\/uploads\\\/2025\\\/10\\\/Ciwanen-shorashgar-pkk-kobani-11-info.jpg\",\"datePublished\":\"2025-10-09T08:53:34+00:00\",\"breadcrumb\":{\"@id\":\"https:\\\/\\\/darkamazi.info\\\/archives\\\/1050148#breadcrumb\"},\"inLanguage\":\"en-US\",\"potentialAction\":[{\"@type\":\"ReadAction\",\"target\":[\"https:\\\/\\\/darkamazi.info\\\/archives\\\/1050148\"]}]},{\"@type\":\"ImageObject\",\"inLanguage\":\"en-US\",\"@id\":\"https:\\\/\\\/darkamazi.info\\\/archives\\\/1050148#primaryimage\",\"url\":\"https:\\\/\\\/darkamazi.info\\\/darka-content\\\/uploads\\\/2025\\\/10\\\/Ciwanen-shorashgar-pkk-kobani-11-info.jpg\",\"contentUrl\":\"https:\\\/\\\/darkamazi.info\\\/darka-content\\\/uploads\\\/2025\\\/10\\\/Ciwanen-shorashgar-pkk-kobani-11-info.jpg\",\"width\":900,\"height\":497,\"caption\":\"Ciwanen-shorashgar-pkk-kobani-11-net\"},{\"@type\":\"BreadcrumbList\",\"@id\":\"https:\\\/\\\/darkamazi.info\\\/archives\\\/1050148#breadcrumb\",\"itemListElement\":[{\"@type\":\"ListItem\",\"position\":1,\"name\":\"Home\",\"item\":\"https:\\\/\\\/darkamazi.info\\\/\"},{\"@type\":\"ListItem\",\"position\":2,\"name\":\"Ciwan\u00ean \u015eore\u015fger zarokek\u00ee 11 sal\u00ee revandin\"}]},{\"@type\":\"WebSite\",\"@id\":\"https:\\\/\\\/darkamazi.info\\\/#website\",\"url\":\"https:\\\/\\\/darkamazi.info\\\/\",\"name\":\"Darka Maz\u00ee\",\"description\":\"P\u00eageha Zanyariy\u00ean Nebih\u00eest\u00ee\",\"publisher\":{\"@id\":\"https:\\\/\\\/darkamazi.info\\\/#organization\"},\"potentialAction\":[{\"@type\":\"SearchAction\",\"target\":{\"@type\":\"EntryPoint\",\"urlTemplate\":\"https:\\\/\\\/darkamazi.info\\\/?s={search_term_string}\"},\"query-input\":{\"@type\":\"PropertyValueSpecification\",\"valueRequired\":true,\"valueName\":\"search_term_string\"}}],\"inLanguage\":\"en-US\"},{\"@type\":\"Organization\",\"@id\":\"https:\\\/\\\/darkamazi.info\\\/#organization\",\"name\":\"Darka Maz\u00ee\",\"url\":\"https:\\\/\\\/darkamazi.info\\\/\",\"logo\":{\"@type\":\"ImageObject\",\"inLanguage\":\"en-US\",\"@id\":\"https:\\\/\\\/darkamazi.info\\\/#\\\/schema\\\/logo\\\/image\\\/\",\"url\":\"https:\\\/\\\/darkamazi.info\\\/darka-content\\\/uploads\\\/2017\\\/12\\\/darka-mazi-logo.png\",\"contentUrl\":\"https:\\\/\\\/darkamazi.info\\\/darka-content\\\/uploads\\\/2017\\\/12\\\/darka-mazi-logo.png\",\"width\":151,\"height\":75,\"caption\":\"Darka Maz\u00ee\"},\"image\":{\"@id\":\"https:\\\/\\\/darkamazi.info\\\/#\\\/schema\\\/logo\\\/image\\\/\"},\"sameAs\":[\"https:\\\/\\\/www.facebook.com\\\/DarMaziKurmanci\",\"https:\\\/\\\/x.com\\\/DarkaMaziLatini\",\"https:\\\/\\\/www.instagram.com\\\/darkamazi.kurmanci\\\/\",\"https:\\\/\\\/www.youtube.com\\\/channel\\\/UCa5HkTdmI8U1qCUFuTw8B2g\"]},{\"@type\":\"Person\",\"@id\":\"https:\\\/\\\/darkamazi.info\\\/#\\\/schema\\\/person\\\/5ad3e24553a0567993fa8ed4bd0a776c\",\"name\":\"darka mazi\",\"sameAs\":[\"https:\\\/\\\/darkamazi.info\\\/\"],\"url\":\"https:\\\/\\\/darkamazi.info\\\/archives\\\/author\\\/kurdi\"}]}<\/script>\n<!-- \/ Yoast SEO plugin. -->","seo_head_json":{"title":"Ciwan\u00ean \u015eore\u015fger zarokek\u00ee 11 sal\u00ee revandin - Darka Maz\u00ee","robots":{"index":"index","follow":"follow","max-snippet":"max-snippet:-1","max-image-preview":"max-image-preview:large","max-video-preview":"max-video-preview:-1"},"canonical":"https:\/\/darkamazi.info\/archives\/1050148","og_locale":"en_US","og_type":"article","og_title":"Ciwan\u00ean \u015eore\u015fger zarokek\u00ee 11 sal\u00ee revandin - Darka Maz\u00ee","og_description":"\u00c7etey\u00ean PKK\u00ea y\u00ean bi nav\u00ea Ciwan\u00ean \u015eore\u015fger zarokek\u00ee din y\u00ea 11 sal\u00ee ji bajar\u00ea Koban\u00eey\u00ea revand \u00fb bo bingeh\u00ean le\u015fkerkirina bi zor\u00ea veguhestin. \u00c7avkaniy\u00ean Darka Maz\u00ee y\u00ean li Rojava Kurdistan\u00ea a\u015fkere kirin, li roja 27 Ilona 2025\u00ea \u00e7etey\u00ean PKK\u00ea Ciwan\u00ean \u015eore\u015fger ku kar\u00ea wan revandina zarokane, zarokek\u00ee din y\u00ea Kurd ji bajar\u00ea Koban\u00eey\u00ea revand \u00fb [&hellip;]","og_url":"https:\/\/darkamazi.info\/archives\/1050148","og_site_name":"Darka Maz\u00ee","article_publisher":"https:\/\/www.facebook.com\/DarMaziKurmanci","article_published_time":"2025-10-09T08:53:34+00:00","og_image":[{"width":900,"height":497,"url":"https:\/\/darkamazi.info\/file\/2025\/10\/Ciwanen-shorashgar-pkk-kobani-11-info.jpg","type":"image\/jpeg"}],"author":"darka mazi","twitter_card":"summary_large_image","twitter_creator":"@DarkaMaziLatini","twitter_site":"@DarkaMaziLatini","twitter_misc":{"Written by":"darka mazi","Est. reading time":"1 minute"},"schema":{"@context":"https:\/\/schema.org","@graph":[{"@type":"Article","@id":"https:\/\/darkamazi.info\/archives\/1050148#article","isPartOf":{"@id":"https:\/\/darkamazi.info\/archives\/1050148"},"author":{"name":"darka mazi","@id":"https:\/\/darkamazi.info\/#\/schema\/person\/5ad3e24553a0567993fa8ed4bd0a776c"},"headline":"Ciwan\u00ean \u015eore\u015fger zarokek\u00ee 11 sal\u00ee revandin","datePublished":"2025-10-09T08:53:34+00:00","mainEntityOfPage":{"@id":"https:\/\/darkamazi.info\/archives\/1050148"},"wordCount":141,"publisher":{"@id":"https:\/\/darkamazi.info\/#organization"},"image":{"@id":"https:\/\/darkamazi.info\/archives\/1050148#primaryimage"},"thumbnailUrl":"https:\/\/darkamazi.info\/file\/2025\/10\/Ciwanen-shorashgar-pkk-kobani-11-info.jpg","keywords":["sereke"],"articleSection":["Kurdistan"],"inLanguage":"en-US"},{"@type":"WebPage","@id":"https:\/\/darkamazi.info\/archives\/1050148","url":"https:\/\/darkamazi.info\/archives\/1050148","name":"Ciwan\u00ean \u015eore\u015fger zarokek\u00ee 11 sal\u00ee revandin - Darka Maz\u00ee","isPartOf":{"@id":"https:\/\/darkamazi.info\/#website"},"primaryImageOfPage":{"@id":"https:\/\/darkamazi.info\/archives\/1050148#primaryimage"},"image":{"@id":"https:\/\/darkamazi.info\/archives\/1050148#primaryimage"},"thumbnailUrl":"https:\/\/darkamazi.info\/file\/2025\/10\/Ciwanen-shorashgar-pkk-kobani-11-info.jpg","datePublished":"2025-10-09T08:53:34+00:00","breadcrumb":{"@id":"https:\/\/darkamazi.info\/archives\/1050148#breadcrumb"},"inLanguage":"en-US","potentialAction":[{"@type":"ReadAction","target":["https:\/\/darkamazi.info\/archives\/1050148"]}]},{"@type":"ImageObject","inLanguage":"en-US","@id":"https:\/\/darkamazi.info\/archives\/1050148#primaryimage","url":"https:\/\/darkamazi.info\/file\/2025\/10\/Ciwanen-shorashgar-pkk-kobani-11-info.jpg","contentUrl":"https:\/\/darkamazi.info\/file\/2025\/10\/Ciwanen-shorashgar-pkk-kobani-11-info.jpg","width":900,"height":497,"caption":"Ciwanen-shorashgar-pkk-kobani-11-net"},{"@type":"BreadcrumbList","@id":"https:\/\/darkamazi.info\/archives\/1050148#breadcrumb","itemListElement":[{"@type":"ListItem","position":1,"name":"Home","item":"https:\/\/darkamazi.info\/"},{"@type":"ListItem","position":2,"name":"Ciwan\u00ean \u015eore\u015fger zarokek\u00ee 11 sal\u00ee revandin"}]},{"@type":"WebSite","@id":"https:\/\/darkamazi.info\/#website","url":"https:\/\/darkamazi.info\/","name":"Darka Maz\u00ee","description":"P\u00eageha Zanyariy\u00ean Nebih\u00eest\u00ee","publisher":{"@id":"https:\/\/darkamazi.info\/#organization"},"potentialAction":[{"@type":"SearchAction","target":{"@type":"EntryPoint","urlTemplate":"https:\/\/darkamazi.info\/?s={search_term_string}"},"query-input":{"@type":"PropertyValueSpecification","valueRequired":true,"valueName":"search_term_string"}}],"inLanguage":"en-US"},{"@type":"Organization","@id":"https:\/\/darkamazi.info\/#organization","name":"Darka Maz\u00ee","url":"https:\/\/darkamazi.info\/","logo":{"@type":"ImageObject","inLanguage":"en-US","@id":"https:\/\/darkamazi.info\/#\/schema\/logo\/image\/","url":"https:\/\/darkamazi.info\/file\/2017\/12\/darka-mazi-logo.png","contentUrl":"https:\/\/darkamazi.info\/file\/2017\/12\/darka-mazi-logo.png","width":151,"height":75,"caption":"Darka Maz\u00ee"},"image":{"@id":"https:\/\/darkamazi.info\/#\/schema\/logo\/image\/"},"sameAs":["https:\/\/www.facebook.com\/DarMaziKurmanci","https:\/\/x.com\/DarkaMaziLatini","https:\/\/www.instagram.com\/darkamazi.kurmanci\/","https:\/\/www.youtube.com\/channel\/UCa5HkTdmI8U1qCUFuTw8B2g"]},{"@type":"Person","@id":"https:\/\/darkamazi.info\/#\/schema\/person\/5ad3e24553a0567993fa8ed4bd0a776c","name":"darka mazi","sameAs":["https:\/\/darkamazi.info\/"],"url":"https:\/\/darkamazi.info\/archives\/author\/kurdi"}]}},"_links":{"self":[{"href":"https:\/\/darkamazi.info\/funavuv\/wp\/v2\/posts\/1050148","targetHints":{"allow":["GET"]}}],"collection":[{"href":"https:\/\/darkamazi.info\/funavuv\/wp\/v2\/posts"}],"about":[{"href":"https:\/\/darkamazi.info\/funavuv\/wp\/v2\/types\/post"}],"author":[{"embeddable":true,"href":"https:\/\/darkamazi.info\/funavuv\/wp\/v2\/users\/2"}],"replies":[{"embeddable":true,"href":"https:\/\/darkamazi.info\/funavuv\/wp\/v2\/comments?post=1050148"}],"version-history":[{"count":0,"href":"https:\/\/darkamazi.info\/funavuv\/wp\/v2\/posts\/1050148\/revisions"}],"wp:featuredmedia":[{"embeddable":true,"href":"https:\/\/darkamazi.info\/funavuv\/wp\/v2\/media\/1050149"}],"wp:attachment":[{"href":"https:\/\/darkamazi.info\/funavuv\/wp\/v2\/media?parent=1050148"}],"wp:term":[{"taxonomy":"category","embeddable":true,"href":"https:\/\/darkamazi.info\/funavuv\/wp\/v2\/categories?post=1050148"},{"taxonomy":"post_tag","embeddable":true,"href":"https:\/\/darkamazi.info\/funavuv\/wp\/v2\/tags?post=1050148"}],"curies":[{"name":"wp","href":"https:\/\/api.w.org\/{rel}","templated":true}]}}