{"id":1050152,"date":"2025-10-09T16:58:44","date_gmt":"2025-10-09T13:58:44","guid":{"rendered":"https:\/\/darkamazi.info\/?p=1050152"},"modified":"2025-10-09T16:58:44","modified_gmt":"2025-10-09T13:58:44","slug":"endameki-komiteya-navend-iya-pkke-hat-kustin","status":"publish","type":"post","link":"https:\/\/darkamazi.info\/archives\/1050152","title":{"rendered":"Endamek\u00ee kom\u00eeteya navend \u00eeya PKK\u00ea hat ku\u015ftin"},"content":{"rendered":"<h3 style=\"text-align: justify\"><span style=\"font-family: 'arial black', sans-serif\">Bask\u00ea le\u015fker\u00ee y\u00ea PKKy\u00ea, ragihand ku 2 j\u00ea fermandar, 4 ger\u00eelay\u00ean wan can\u00ea xwe ji dest daye \u00fb nasnamey\u00ean wan e\u015fkere kirin.<\/span><\/h3>\n<h3 style=\"text-align: justify\"><span style=\"font-family: arial, helvetica, sans-serif\">Di daxuyaniya HPG\u00ea de hat diyarkirin ku 2 fermandar\u00ean payebilind \u00ean PKKy\u00ea can\u00ea xwe ji dest daye. Yek ji wan Endam\u00ea Kom\u00eeteya Navend\u00ee ya PKKy\u00ea \u00fb Konseya Fermandariy\u00ea ya HPGy\u00ea Yunus Dem\u00eer \u00ea bi nasnav\u00ea \u2018\u015eivan C\u00eelo Gever\u2019 e.<\/span><\/h3>\n<h3 style=\"text-align: justify\"><span style=\"font-family: arial, helvetica, sans-serif\">Hat diyarkirin ku Dem\u00eer li nav\u00e7eya \u015eemz\u00eenan\u00ea ya Colem\u00earg\u00ea ji day\u00eek b\u00fbye, li Gever\u00ea mezin b\u00fbye \u00fb sala 1993yan li wir tevl\u00ee PKKy\u00ea b\u00fbye.<\/span><\/h3>\n<h3 style=\"text-align: justify\"><span style=\"font-family: arial, helvetica, sans-serif\">Di daxuyaniy\u00ea de hat e\u015fkerekirin ku Dem\u00eer 16\u00ea Hez\u00eerana 2023yan li Ba\u015f\u00fbr\u00ea Kurdistan\u00ea can\u00ea xwe ji dest daye.<\/span><\/h3>\n<h3 style=\"text-align: justify\"><span style=\"font-family: arial, helvetica, sans-serif\">Li aliy\u00ea din, di heman daxuyaniy\u00ea de hat ragihandin ku yek ji berpirs\u00ean payebilind \u00ean PKKy\u00ea Cumhur Korkmaz \u00ea bi nasnav\u00ea \u2018Ron\u00ee Baz Gever\u2019 j\u00ee can\u00ea xwe ji dest daye.<\/span><\/h3>\n<h3 style=\"text-align: justify\"><span style=\"font-family: arial, helvetica, sans-serif\">Di daxuyaniy\u00ea de hat gotin ku Korkmaz\u00ea ku li Gever\u00ea ji day\u00eek b\u00fbye, sala 2007an ji Stenbol\u00ea tevl\u00ee PKKy\u00ea b\u00fbye.<\/span><\/h3>\n<h3 style=\"text-align: justify\"><span style=\"font-family: arial, helvetica, sans-serif\">HPGy\u00ea di heman daxuyaniy\u00ea de nasnameya 2 ger\u00eelay\u00ean din j\u00ee Fadil Abd\u00ee \u00fb Demhat Baytar e\u015fkere kir ku di heman roj\u00ea de can\u00ea xwe ji dest daye.<\/span><\/h3>\n","protected":false},"excerpt":{"rendered":"<p>Bask\u00ea le\u015fker\u00ee y\u00ea PKKy\u00ea, ragihand ku 2 j\u00ea fermandar, 4 ger\u00eelay\u00ean wan can\u00ea xwe ji dest daye \u00fb nasnamey\u00ean wan e\u015fkere kirin. Di daxuyaniya HPG\u00ea de hat diyarkirin ku 2 fermandar\u00ean payebilind \u00ean PKKy\u00ea can\u00ea xwe ji dest daye. Yek ji wan Endam\u00ea Kom\u00eeteya Navend\u00ee ya PKKy\u00ea \u00fb Konseya Fermandariy\u00ea ya HPGy\u00ea Yunus Dem\u00eer \u00ea [&hellip;]<\/p>\n","protected":false},"author":2,"featured_media":1050153,"comment_status":"closed","ping_status":"closed","sticky":false,"template":"","format":"standard","meta":{"footnotes":""},"categories":[29],"tags":[37],"class_list":["post-1050152","post","type-post","status-publish","format-standard","has-post-thumbnail","hentry","category-kurdistan","tag-sereke"],"blocksy_meta":[],"seo_head":"<!-- This site is optimized with the Yoast SEO plugin v27.5 - https:\/\/yoast.com\/product\/yoast-seo-wordpress\/ -->\n<title>Endamek\u00ee kom\u00eeteya navend \u00eeya PKK\u00ea hat ku\u015ftin - Darka Maz\u00ee<\/title>\n<meta name=\"robots\" content=\"index, follow, max-snippet:-1, max-image-preview:large, max-video-preview:-1\" \/>\n<link rel=\"canonical\" href=\"https:\/\/darkamazi.info\/archives\/1050152\" \/>\n<meta property=\"og:locale\" content=\"en_US\" \/>\n<meta property=\"og:type\" content=\"article\" \/>\n<meta property=\"og:title\" content=\"Endamek\u00ee kom\u00eeteya navend \u00eeya PKK\u00ea hat ku\u015ftin - Darka Maz\u00ee\" \/>\n<meta property=\"og:description\" content=\"Bask\u00ea le\u015fker\u00ee y\u00ea PKKy\u00ea, ragihand ku 2 j\u00ea fermandar, 4 ger\u00eelay\u00ean wan can\u00ea xwe ji dest daye \u00fb nasnamey\u00ean wan e\u015fkere kirin. Di daxuyaniya HPG\u00ea de hat diyarkirin ku 2 fermandar\u00ean payebilind \u00ean PKKy\u00ea can\u00ea xwe ji dest daye. Yek ji wan Endam\u00ea Kom\u00eeteya Navend\u00ee ya PKKy\u00ea \u00fb Konseya Fermandariy\u00ea ya HPGy\u00ea Yunus Dem\u00eer \u00ea [&hellip;]\" \/>\n<meta property=\"og:url\" content=\"https:\/\/darkamazi.info\/archives\/1050152\" \/>\n<meta property=\"og:site_name\" content=\"Darka Maz\u00ee\" \/>\n<meta property=\"article:publisher\" content=\"https:\/\/www.facebook.com\/DarMaziKurmanci\" \/>\n<meta property=\"article:published_time\" content=\"2025-10-09T13:58:44+00:00\" \/>\n<meta property=\"og:image\" content=\"https:\/\/darkamazi.info\/file\/2025\/10\/Yunus-Demir-Info.jpg\" \/>\n\t<meta property=\"og:image:width\" content=\"900\" \/>\n\t<meta property=\"og:image:height\" content=\"500\" \/>\n\t<meta property=\"og:image:type\" content=\"image\/jpeg\" \/>\n<meta name=\"author\" content=\"darka mazi\" \/>\n<meta name=\"twitter:card\" content=\"summary_large_image\" \/>\n<meta name=\"twitter:creator\" content=\"@DarkaMaziLatini\" \/>\n<meta name=\"twitter:site\" content=\"@DarkaMaziLatini\" \/>\n<meta name=\"twitter:label1\" content=\"Written by\" \/>\n\t<meta name=\"twitter:data1\" content=\"darka mazi\" \/>\n\t<meta name=\"twitter:label2\" content=\"Est. reading time\" \/>\n\t<meta name=\"twitter:data2\" content=\"1 minute\" \/>\n<script type=\"application\/ld+json\" class=\"seo-schema-graph\">{\"@context\":\"https:\\\/\\\/schema.org\",\"@graph\":[{\"@type\":\"Article\",\"@id\":\"https:\\\/\\\/darkamazi.info\\\/archives\\\/1050152#article\",\"isPartOf\":{\"@id\":\"https:\\\/\\\/darkamazi.info\\\/archives\\\/1050152\"},\"author\":{\"name\":\"darka mazi\",\"@id\":\"https:\\\/\\\/darkamazi.info\\\/#\\\/schema\\\/person\\\/5ad3e24553a0567993fa8ed4bd0a776c\"},\"headline\":\"Endamek\u00ee kom\u00eeteya navend \u00eeya PKK\u00ea hat ku\u015ftin\",\"datePublished\":\"2025-10-09T13:58:44+00:00\",\"mainEntityOfPage\":{\"@id\":\"https:\\\/\\\/darkamazi.info\\\/archives\\\/1050152\"},\"wordCount\":206,\"publisher\":{\"@id\":\"https:\\\/\\\/darkamazi.info\\\/#organization\"},\"image\":{\"@id\":\"https:\\\/\\\/darkamazi.info\\\/archives\\\/1050152#primaryimage\"},\"thumbnailUrl\":\"https:\\\/\\\/darkamazi.info\\\/darka-content\\\/uploads\\\/2025\\\/10\\\/Yunus-Demir-Info.jpg\",\"keywords\":[\"sereke\"],\"articleSection\":[\"Kurdistan\"],\"inLanguage\":\"en-US\"},{\"@type\":\"WebPage\",\"@id\":\"https:\\\/\\\/darkamazi.info\\\/archives\\\/1050152\",\"url\":\"https:\\\/\\\/darkamazi.info\\\/archives\\\/1050152\",\"name\":\"Endamek\u00ee kom\u00eeteya navend \u00eeya PKK\u00ea hat ku\u015ftin - Darka Maz\u00ee\",\"isPartOf\":{\"@id\":\"https:\\\/\\\/darkamazi.info\\\/#website\"},\"primaryImageOfPage\":{\"@id\":\"https:\\\/\\\/darkamazi.info\\\/archives\\\/1050152#primaryimage\"},\"image\":{\"@id\":\"https:\\\/\\\/darkamazi.info\\\/archives\\\/1050152#primaryimage\"},\"thumbnailUrl\":\"https:\\\/\\\/darkamazi.info\\\/darka-content\\\/uploads\\\/2025\\\/10\\\/Yunus-Demir-Info.jpg\",\"datePublished\":\"2025-10-09T13:58:44+00:00\",\"breadcrumb\":{\"@id\":\"https:\\\/\\\/darkamazi.info\\\/archives\\\/1050152#breadcrumb\"},\"inLanguage\":\"en-US\",\"potentialAction\":[{\"@type\":\"ReadAction\",\"target\":[\"https:\\\/\\\/darkamazi.info\\\/archives\\\/1050152\"]}]},{\"@type\":\"ImageObject\",\"inLanguage\":\"en-US\",\"@id\":\"https:\\\/\\\/darkamazi.info\\\/archives\\\/1050152#primaryimage\",\"url\":\"https:\\\/\\\/darkamazi.info\\\/darka-content\\\/uploads\\\/2025\\\/10\\\/Yunus-Demir-Info.jpg\",\"contentUrl\":\"https:\\\/\\\/darkamazi.info\\\/darka-content\\\/uploads\\\/2025\\\/10\\\/Yunus-Demir-Info.jpg\",\"width\":900,\"height\":500,\"caption\":\"Yunus Dem\u00eer -Info\"},{\"@type\":\"BreadcrumbList\",\"@id\":\"https:\\\/\\\/darkamazi.info\\\/archives\\\/1050152#breadcrumb\",\"itemListElement\":[{\"@type\":\"ListItem\",\"position\":1,\"name\":\"Home\",\"item\":\"https:\\\/\\\/darkamazi.info\\\/\"},{\"@type\":\"ListItem\",\"position\":2,\"name\":\"Endamek\u00ee kom\u00eeteya navend \u00eeya PKK\u00ea hat ku\u015ftin\"}]},{\"@type\":\"WebSite\",\"@id\":\"https:\\\/\\\/darkamazi.info\\\/#website\",\"url\":\"https:\\\/\\\/darkamazi.info\\\/\",\"name\":\"Darka Maz\u00ee\",\"description\":\"P\u00eageha Zanyariy\u00ean Nebih\u00eest\u00ee\",\"publisher\":{\"@id\":\"https:\\\/\\\/darkamazi.info\\\/#organization\"},\"potentialAction\":[{\"@type\":\"SearchAction\",\"target\":{\"@type\":\"EntryPoint\",\"urlTemplate\":\"https:\\\/\\\/darkamazi.info\\\/?s={search_term_string}\"},\"query-input\":{\"@type\":\"PropertyValueSpecification\",\"valueRequired\":true,\"valueName\":\"search_term_string\"}}],\"inLanguage\":\"en-US\"},{\"@type\":\"Organization\",\"@id\":\"https:\\\/\\\/darkamazi.info\\\/#organization\",\"name\":\"Darka Maz\u00ee\",\"url\":\"https:\\\/\\\/darkamazi.info\\\/\",\"logo\":{\"@type\":\"ImageObject\",\"inLanguage\":\"en-US\",\"@id\":\"https:\\\/\\\/darkamazi.info\\\/#\\\/schema\\\/logo\\\/image\\\/\",\"url\":\"https:\\\/\\\/darkamazi.info\\\/darka-content\\\/uploads\\\/2017\\\/12\\\/darka-mazi-logo.png\",\"contentUrl\":\"https:\\\/\\\/darkamazi.info\\\/darka-content\\\/uploads\\\/2017\\\/12\\\/darka-mazi-logo.png\",\"width\":151,\"height\":75,\"caption\":\"Darka Maz\u00ee\"},\"image\":{\"@id\":\"https:\\\/\\\/darkamazi.info\\\/#\\\/schema\\\/logo\\\/image\\\/\"},\"sameAs\":[\"https:\\\/\\\/www.facebook.com\\\/DarMaziKurmanci\",\"https:\\\/\\\/x.com\\\/DarkaMaziLatini\",\"https:\\\/\\\/www.instagram.com\\\/darkamazi.kurmanci\\\/\",\"https:\\\/\\\/www.youtube.com\\\/channel\\\/UCa5HkTdmI8U1qCUFuTw8B2g\"]},{\"@type\":\"Person\",\"@id\":\"https:\\\/\\\/darkamazi.info\\\/#\\\/schema\\\/person\\\/5ad3e24553a0567993fa8ed4bd0a776c\",\"name\":\"darka mazi\",\"sameAs\":[\"https:\\\/\\\/darkamazi.info\\\/\"],\"url\":\"https:\\\/\\\/darkamazi.info\\\/archives\\\/author\\\/kurdi\"}]}<\/script>\n<!-- \/ Yoast SEO plugin. -->","seo_head_json":{"title":"Endamek\u00ee kom\u00eeteya navend \u00eeya PKK\u00ea hat ku\u015ftin - Darka Maz\u00ee","robots":{"index":"index","follow":"follow","max-snippet":"max-snippet:-1","max-image-preview":"max-image-preview:large","max-video-preview":"max-video-preview:-1"},"canonical":"https:\/\/darkamazi.info\/archives\/1050152","og_locale":"en_US","og_type":"article","og_title":"Endamek\u00ee kom\u00eeteya navend \u00eeya PKK\u00ea hat ku\u015ftin - Darka Maz\u00ee","og_description":"Bask\u00ea le\u015fker\u00ee y\u00ea PKKy\u00ea, ragihand ku 2 j\u00ea fermandar, 4 ger\u00eelay\u00ean wan can\u00ea xwe ji dest daye \u00fb nasnamey\u00ean wan e\u015fkere kirin. Di daxuyaniya HPG\u00ea de hat diyarkirin ku 2 fermandar\u00ean payebilind \u00ean PKKy\u00ea can\u00ea xwe ji dest daye. Yek ji wan Endam\u00ea Kom\u00eeteya Navend\u00ee ya PKKy\u00ea \u00fb Konseya Fermandariy\u00ea ya HPGy\u00ea Yunus Dem\u00eer \u00ea [&hellip;]","og_url":"https:\/\/darkamazi.info\/archives\/1050152","og_site_name":"Darka Maz\u00ee","article_publisher":"https:\/\/www.facebook.com\/DarMaziKurmanci","article_published_time":"2025-10-09T13:58:44+00:00","og_image":[{"width":900,"height":500,"url":"https:\/\/darkamazi.info\/file\/2025\/10\/Yunus-Demir-Info.jpg","type":"image\/jpeg"}],"author":"darka mazi","twitter_card":"summary_large_image","twitter_creator":"@DarkaMaziLatini","twitter_site":"@DarkaMaziLatini","twitter_misc":{"Written by":"darka mazi","Est. reading time":"1 minute"},"schema":{"@context":"https:\/\/schema.org","@graph":[{"@type":"Article","@id":"https:\/\/darkamazi.info\/archives\/1050152#article","isPartOf":{"@id":"https:\/\/darkamazi.info\/archives\/1050152"},"author":{"name":"darka mazi","@id":"https:\/\/darkamazi.info\/#\/schema\/person\/5ad3e24553a0567993fa8ed4bd0a776c"},"headline":"Endamek\u00ee kom\u00eeteya navend \u00eeya PKK\u00ea hat ku\u015ftin","datePublished":"2025-10-09T13:58:44+00:00","mainEntityOfPage":{"@id":"https:\/\/darkamazi.info\/archives\/1050152"},"wordCount":206,"publisher":{"@id":"https:\/\/darkamazi.info\/#organization"},"image":{"@id":"https:\/\/darkamazi.info\/archives\/1050152#primaryimage"},"thumbnailUrl":"https:\/\/darkamazi.info\/file\/2025\/10\/Yunus-Demir-Info.jpg","keywords":["sereke"],"articleSection":["Kurdistan"],"inLanguage":"en-US"},{"@type":"WebPage","@id":"https:\/\/darkamazi.info\/archives\/1050152","url":"https:\/\/darkamazi.info\/archives\/1050152","name":"Endamek\u00ee kom\u00eeteya navend \u00eeya PKK\u00ea hat ku\u015ftin - Darka Maz\u00ee","isPartOf":{"@id":"https:\/\/darkamazi.info\/#website"},"primaryImageOfPage":{"@id":"https:\/\/darkamazi.info\/archives\/1050152#primaryimage"},"image":{"@id":"https:\/\/darkamazi.info\/archives\/1050152#primaryimage"},"thumbnailUrl":"https:\/\/darkamazi.info\/file\/2025\/10\/Yunus-Demir-Info.jpg","datePublished":"2025-10-09T13:58:44+00:00","breadcrumb":{"@id":"https:\/\/darkamazi.info\/archives\/1050152#breadcrumb"},"inLanguage":"en-US","potentialAction":[{"@type":"ReadAction","target":["https:\/\/darkamazi.info\/archives\/1050152"]}]},{"@type":"ImageObject","inLanguage":"en-US","@id":"https:\/\/darkamazi.info\/archives\/1050152#primaryimage","url":"https:\/\/darkamazi.info\/file\/2025\/10\/Yunus-Demir-Info.jpg","contentUrl":"https:\/\/darkamazi.info\/file\/2025\/10\/Yunus-Demir-Info.jpg","width":900,"height":500,"caption":"Yunus Dem\u00eer -Info"},{"@type":"BreadcrumbList","@id":"https:\/\/darkamazi.info\/archives\/1050152#breadcrumb","itemListElement":[{"@type":"ListItem","position":1,"name":"Home","item":"https:\/\/darkamazi.info\/"},{"@type":"ListItem","position":2,"name":"Endamek\u00ee kom\u00eeteya navend \u00eeya PKK\u00ea hat ku\u015ftin"}]},{"@type":"WebSite","@id":"https:\/\/darkamazi.info\/#website","url":"https:\/\/darkamazi.info\/","name":"Darka Maz\u00ee","description":"P\u00eageha Zanyariy\u00ean Nebih\u00eest\u00ee","publisher":{"@id":"https:\/\/darkamazi.info\/#organization"},"potentialAction":[{"@type":"SearchAction","target":{"@type":"EntryPoint","urlTemplate":"https:\/\/darkamazi.info\/?s={search_term_string}"},"query-input":{"@type":"PropertyValueSpecification","valueRequired":true,"valueName":"search_term_string"}}],"inLanguage":"en-US"},{"@type":"Organization","@id":"https:\/\/darkamazi.info\/#organization","name":"Darka Maz\u00ee","url":"https:\/\/darkamazi.info\/","logo":{"@type":"ImageObject","inLanguage":"en-US","@id":"https:\/\/darkamazi.info\/#\/schema\/logo\/image\/","url":"https:\/\/darkamazi.info\/file\/2017\/12\/darka-mazi-logo.png","contentUrl":"https:\/\/darkamazi.info\/file\/2017\/12\/darka-mazi-logo.png","width":151,"height":75,"caption":"Darka Maz\u00ee"},"image":{"@id":"https:\/\/darkamazi.info\/#\/schema\/logo\/image\/"},"sameAs":["https:\/\/www.facebook.com\/DarMaziKurmanci","https:\/\/x.com\/DarkaMaziLatini","https:\/\/www.instagram.com\/darkamazi.kurmanci\/","https:\/\/www.youtube.com\/channel\/UCa5HkTdmI8U1qCUFuTw8B2g"]},{"@type":"Person","@id":"https:\/\/darkamazi.info\/#\/schema\/person\/5ad3e24553a0567993fa8ed4bd0a776c","name":"darka mazi","sameAs":["https:\/\/darkamazi.info\/"],"url":"https:\/\/darkamazi.info\/archives\/author\/kurdi"}]}},"_links":{"self":[{"href":"https:\/\/darkamazi.info\/funavuv\/wp\/v2\/posts\/1050152","targetHints":{"allow":["GET"]}}],"collection":[{"href":"https:\/\/darkamazi.info\/funavuv\/wp\/v2\/posts"}],"about":[{"href":"https:\/\/darkamazi.info\/funavuv\/wp\/v2\/types\/post"}],"author":[{"embeddable":true,"href":"https:\/\/darkamazi.info\/funavuv\/wp\/v2\/users\/2"}],"replies":[{"embeddable":true,"href":"https:\/\/darkamazi.info\/funavuv\/wp\/v2\/comments?post=1050152"}],"version-history":[{"count":0,"href":"https:\/\/darkamazi.info\/funavuv\/wp\/v2\/posts\/1050152\/revisions"}],"wp:featuredmedia":[{"embeddable":true,"href":"https:\/\/darkamazi.info\/funavuv\/wp\/v2\/media\/1050153"}],"wp:attachment":[{"href":"https:\/\/darkamazi.info\/funavuv\/wp\/v2\/media?parent=1050152"}],"wp:term":[{"taxonomy":"category","embeddable":true,"href":"https:\/\/darkamazi.info\/funavuv\/wp\/v2\/categories?post=1050152"},{"taxonomy":"post_tag","embeddable":true,"href":"https:\/\/darkamazi.info\/funavuv\/wp\/v2\/tags?post=1050152"}],"curies":[{"name":"wp","href":"https:\/\/api.w.org\/{rel}","templated":true}]}}