{"id":1050155,"date":"2025-10-09T18:56:45","date_gmt":"2025-10-09T15:56:45","guid":{"rendered":"https:\/\/darkamazi.info\/?p=1050155"},"modified":"2025-10-09T18:56:45","modified_gmt":"2025-10-09T15:56:45","slug":"mire-taritiye-cemil-bayik-cuma-ki-ye","status":"publish","type":"post","link":"https:\/\/darkamazi.info\/archives\/1050155","title":{"rendered":"M\u00eer\u00ea tar\u00eet\u00eey\u00ea Cem\u00eel Bayik (C\u00fbma) k\u00ee ye?"},"content":{"rendered":"<div class=\"wpb-content-wrapper\"><p>[darkamazi_row][darkamazi_column][darkamazi_video link=&#8221;https:\/\/www.youtube.com\/watch?v=l-Ld6RieqT8&#8243; align=&#8221;center&#8221; css=&#8221;&#8221;][darkamazi_column_text]<\/p>\n<h3 style=\"text-align: justify;\"><span style=\"font-family: 'arial black', sans-serif;\">Hin kes dib\u00eajin ku ew duyem\u00een revber\u00ea PKK\u2019\u00ea ye, hin kes j\u00ee dib\u00eajin ku ew dest\u00ea rast\u00ea y\u00ea Evdila Ocalan e. L\u00ea bel\u00ea, ew bi rast\u00ee m\u00eer\u00ea tar\u00eet\u00eey\u00ea ye. Bel\u00ea, em behsa Cem\u00eel Bayik dikin. Cem\u00eel Bayik bi rast\u00ee k\u00ee ye? Werin em kurte j\u00eeyana w\u00ee veb\u00eaj\u00een.<\/span><\/h3>\n<h3 style=\"text-align: justify;\"><span style=\"font-family: arial, helvetica, sans-serif;\">Cem\u00eel di sala 1955\u2019an de li nav\u00e7eya Keban a ser bi Xarp\u00eat\u00ea (Elz\u00eez\u00ea) ji dayik b\u00fb. Berevaj\u00ee w\u00ea p\u00eazan\u00een\u00ea ev ne Alewiye, Sunn\u00ee ye \u00fb ji mezheba Hanefiye. Dema ku w\u00ee li Zankoya Enqer\u00ea be\u015fa Ziman, D\u00eerok \u00fb Erdn\u00eegariy\u00ea dixwend, bi r\u00eaya Kemal P\u00eer w\u00ee Evdila Ocalan naskir \u00fb v\u00ea roj\u00ea \u00e7aren\u00fbsa w\u00ee guher\u00ee. \u00db ji sal\u00ean 1970\u2019an \u00fb p\u00ea ve, Cem\u00eel xwed\u00ee d\u00eerokeke tar\u00ee ye, carinan bi Tirkiyey\u00ea \u00fb carinan bi \u00ceran\u00ea re, ew b\u00fb sedema \u00eenfazkirina gelek endam\u00ean PKK\u2019\u00ea.<\/span><\/h3>\n<h3 style=\"text-align: justify;\"><span style=\"font-family: arial, helvetica, sans-serif;\">Guman\u00ean li ser Cem\u00eel Bayik di sal\u00ean 1970\u2019an de dest p\u00ea dike. Ew li Xarp\u00eat\u00ea ligel 29 endam\u00ean PKK\u2019\u00ea hat bin\u00e7avkirin \u00fb hem\u00ee heval\u00ean w\u00ee hatin z\u00eendan\u00ee kirin, l\u00ea ten\u00ea ew serbest hat berdan.<\/span><\/h3>\n<h3 style=\"text-align: justify;\"><span style=\"font-family: arial, helvetica, sans-serif;\">Ev b\u00fb sedem\u00ea girtina damezr\u00een\u00ear\u00ea PKK\u2019\u00ea Mezl\u00fbm Dogan ku di sala 1982\u2019an de li Diyarbekir\u00ea di roja Newroz\u00ea de daw\u00ee bi jiyana xwe an\u00ee.<\/span><\/h3>\n<h3 style=\"text-align: justify;\"><span style=\"font-family: 'arial black', sans-serif; color: #8c0808;\">Biray\u00ea w\u00ee, Ehmed Bayik (Mistafa), p\u00ea\u015f\u00ee cih\u00ea Hayri Durmu\u015f, da ke\u015fifkirin \u00fb ew da girtin. Tev\u00ee v\u00ea yek\u00ea, biray\u00ea w\u00ee Ehmed Bayik niha yek ji berpirs\u00ea daray\u00ee \u00fb sindoqa pera ya PKK\u2019\u00ea li Ewropay\u00ea ye.<\/span><\/h3>\n<h3 style=\"text-align: justify;\"><span style=\"font-family: arial, helvetica, sans-serif;\">P\u00eawendiya gumanbar a Bayik bi dewleta Tirkiy\u00ea re bala dewleta \u00ceran\u00ea j\u00ee ki\u015fandi b\u00fb. Di sala 1984\u2019an de, dewleta \u00ceran\u00ea pasaport dida endam\u00ean PKK\u2019\u00ea. L\u00eabel\u00ea, neda Cem\u00eel Bayik, gotin ku: &#8220;ji ber ku \u00ceran\u00ea ew wek six\u00fbr\u00ea dewleta Tirkiy\u00ea did\u00eet&#8221; pasaport bi w\u00ee neda. Balk\u00ea\u015fe Bayik pi\u015ft\u00ee w\u00ea dem\u00ea bi \u00ceran\u00ea re t\u00eakiliy\u00ean pir ba\u015f p\u00ea\u015f xistin. Bayik tevl\u00eeb\u00fbna Kongreya 3. a PKK\u2019\u00ea red kir \u00fb li Urmiy\u00ea bi \u00cetlaat\u00ea re dima. Ocalan got ku heke ew ney\u00ea, em \u00ea w\u00ee wek\u00ee veqet\u00eeyay\u00ee \u00eelan bikin. Bayik mecm\u00fbr ma \u00fb hat, l\u00ea \u00ead\u00ee w\u00ee her tim pa\u015fta xwe disp\u00eart \u00ceran\u00ea.<\/span><\/h3>\n<h3 style=\"text-align: justify;\"><span style=\"font-family: 'arial black', sans-serif; color: #8c0808;\">Sal\u00ean 1990\u2019an ji bo Cem\u00eel Bayik sal\u00ean zehmet b\u00fbn. Ew di nav PKK\u2019\u00ea de wek\u00ee hevalkujek \u00fb yekem kes\u00ea senger\u00ea xwe hi\u015ft\u00ee \u00fb rev\u00ee hate nas\u00een.<\/span><\/h3>\n<h3 style=\"text-align: justify;\"><span style=\"font-family: arial, helvetica, sans-serif;\">Di sala 1992\u2019an de, di dema \u00ear\u00ee\u015fa PKK\u2019\u00ea ya li ser berey\u00ea Kurdistan\u00ee y\u00ea Ba\u015f\u00fbr \u00e7\u00eab\u00fby\u00ee, b\u00eay\u00ee ku guleyek biteq\u00eene Berey\u00ea Met\u00eena hi\u015ft \u00fb rev\u00ee. L\u00ea be\u015fa her\u00ee bi sehm ew b\u00fb ku di dawiya \u015fer de, w\u00ee 19 ger\u00eelay\u00ean bir\u00eendar \u00ean PKK\u2019\u00ea li Heften\u00een\u00ea bi hinceta ku ew ne kevin dest, ku\u015ftin. V\u00ea buyer hi\u015ft di nav PKK\u2019\u00ea de nefreteke ve\u015fart\u00ee li hember Cem\u00eel Bayik \u00e7\u00eabe. \u00a0<\/span><\/h3>\n<h3 style=\"text-align: justify;\"><span style=\"font-family: arial, helvetica, sans-serif;\">Bayik di sala 1993-1994\u2019an de bi YNK\u2019\u00ea re t\u00eakiliy\u00ean pir germ p\u00ea\u015f xist. Dema ku balafir\u00ean Tirk \u00ear\u00ee\u015f\u00ee kampa Zel\u00ea kirin, Celal Talaban\u00ee ber\u00ee \u00ear\u00ee\u015f\u00ea ew agahdar kir \u00fb ew ji kamp\u00ea derxist. Le bel\u00ea kadroy\u00ean PKK \u00fb milisevan ber balafira man \u00fb 11 endam\u00ean wan di encam\u00ea \u00eari\u015f\u00ea de jiyana xwe ji dest dan. \u00c7ima ev xelas nekirin kes bahsa v\u00ea nake.<\/span><\/h3>\n<h3 style=\"text-align: justify;\"><span style=\"font-family: arial, helvetica, sans-serif;\">Di sala 1997\u2019an de, ten\u00ea di s\u00ea mehan de, di bin nav\u00ea \u201cp\u00eangava part\u00eeb\u00fbn\u00ea\u201d de, w\u00ee 27 endam\u00ean PKK\u2019\u00ea li her\u00eama Zap\u00ea \u00eenfaz kirin. Piraniya van kesan Rojavay\u00ee b\u00fbn, \u00fb ji ber v\u00ea sedem\u00ea, endam\u00ean Rojavay\u00ee her gav ji Bayik d\u00fbr disekin\u00een.<\/span><\/h3>\n<h3 style=\"text-align: justify;\"><span style=\"font-family: arial, helvetica, sans-serif;\">D\u00eesa, di sala 1997\u2019an de, tev\u00ee ku fermandar\u00ea Biryargeha navend\u00ee ya ARGK \u00ea b\u00fb di dema operasyona dewleta Tirk a li ser her\u00eama Zap\u00ea w\u00ee b\u00eay\u00ee ku ji kes\u00ee re bib\u00eaje, Biryargeh h\u00eala \u00fb rev\u00eeya. Ew hat Kampa Penaber\u00ean Bakur pi\u015fta qeza \u015f\u00eaxan kampa Nehdara-N\u00eenova, \u00fb dikanek kirin du be\u015f \u00fb w\u00ee xwe li wir ve\u015fart heya ku operasyon bi daw\u00ee b\u00fby\u00ee.<\/span><\/h3>\n<h3 style=\"text-align: justify;\"><span style=\"font-family: 'arial black', sans-serif; color: #8c0808;\">Ocalan hewl da ku Bayik di nav PKK\u2019\u00ea de s\u00eenordar bike. Ocalan bi r\u00eaya endam\u00ean xwe y\u00ean jin \u00eari\u015f\u00ee Bayik kir. Cem\u00eel Bayik w\u00ea dem\u00ea di got, &#8220;Serok jin\u00ean PKK\u2019\u00ea d\u00een kirin e.&#8221;<\/span><\/h3>\n<h3 style=\"text-align: justify;\"><span style=\"font-family: arial, helvetica, sans-serif;\">Di dawiy\u00ea de, di sala 1998\u2019an de, Ocalan endam\u00ean damezr\u00eener \u00ean PKK\u2019\u00ea, di nav de Bayik, Duran Kalkan \u00fb El\u00ee Heyder Qaytan, ji r\u00eaveberiya PKK\u2019\u00ea d\u00fbr xist \u00fb ew wek\u00ee &#8220;d\u00eenozor\u00ean porsp\u00ee&#8221; bi nav kirin. \u00db Ocalan got &#8220;ew \u00ead\u00ee careke din nekevin nav r\u00eaveberiy\u00ea.&#8221; Ocalan di Kongerya &amp; m\u00een a PKK\u2019\u00ea de Cem\u00eel ji D\u00eewana Kongerey\u00ea av\u00eat \u00fb bang li civata kongirey\u00ea kir ku porsip\u00eeyan b\u00fb r\u00eaveber\u00eey\u00ea nehilbij\u00earin.<\/span><\/h3>\n<h3 style=\"text-align: justify;\"><span style=\"font-family: arial, helvetica, sans-serif;\">L\u00eabel\u00ea, h\u00ea kongre bi daw\u00ee neb\u00fby\u00ee Ocalan di 15\u00ea Sibata 1999\u2019an de \u00e7\u00fb Tirkiye. Bayik d\u00eesa ket nav r\u00eaveberiy\u00ea de. W\u00ee dest bi jinav birina senger\u00ea Apo y\u00ea di nava PKK\u2019\u00ea de ango bizava Jin kir. Hem\u00ee Apoperst\u00ean Jin b\u00eadeng kirin \u00fb ew girtin. \u00db bi lez\u00fbbez dest bi damezrandina PKK\u2019eya xwe kir.<\/span><\/h3>\n<h3 style=\"text-align: justify;\"><span style=\"font-family: 'arial black', sans-serif; color: #8c0808;\">Kesayet\u00ean bi bandor \u00ean wek\u00ee G\u00fblan (Fil\u00eez Yerl\u00eekaya), Nasir (Faruk Bozkurt), \u00fb Har\u00fbn\u00ea Sermezin (Barzan D\u00fcrre) bi fermana Bay\u0131k hatin ku\u015ftin. Bayik hem fermana ku\u015ftina muxalifan da \u00fb hem j\u00ee t\u00eemek kujer a b\u00eawijdan ji dilsoz\u00ean xwe afirand.<\/span><\/h3>\n<h3 style=\"text-align: justify;\"><span style=\"font-family: arial, helvetica, sans-serif;\">Di sala 2004\u2019an de, Ocalan d\u00eesa Cem\u00eel Bayik ji r\u00eaveber\u00eey\u00ea d\u00fbr xist \u00fb Murad Qarayilan wek\u00ee n\u00fbner\u00ea xwe erkdar kir. L\u00eabel\u00ea, Bayik di damezrandina PKK\u2019eya xwe de kar\u00ea xwe berdewam kir. Ew bi Qarayilan re ket nav t\u00eako\u015f\u00eenek dijwar a desthilatdariy\u00ea.<\/span><\/h3>\n<h3 style=\"text-align: justify;\"><span style=\"font-family: arial, helvetica, sans-serif;\">Di sala 2013\u2019an de, ew b\u00fb hevserok\u00ea KCK\u2019\u00ea. Ji w\u00ea dem\u00ea \u00fb p\u00ea ew bi Iran, YNK, Be\u015far Esed \u00fb \u015e\u00eeay\u00ean Iraq\u00ea re ket nava p\u00eavajo \u00fb p\u00eawend\u00eey\u00ean tar\u00ee de.<\/span><\/h3>\n<h3 style=\"text-align: justify;\"><span style=\"font-family: arial, helvetica, sans-serif;\">Cem\u00eel Bayik pi\u015ft\u00ee banga Ocalan a ji bo feshkirina PKK\u2019\u00ea \u00fb b\u00ea\u00e7ekb\u00fbna w\u00ea kete nava b\u00eadeng\u00eey\u00ea de. Di rastiy\u00ea de PKK\u2019eya ku Ocalan daye fesihkirin PKK\u2019eya Cem\u00eel Bayik b\u00fb. Cem\u00eel v\u00ea rast\u00eey\u00ea ba\u015f fehm dike.<\/span><\/h3>\n<h3 style=\"text-align: justify;\"><span style=\"font-family: arial, helvetica, sans-serif;\">Cinayet\u00ean ku me vegotin ten\u00ea k\u00eamek ji d\u00eeplomas\u00eeya tar\u00ee ya Cem\u00eel Bayik bi dewlet\u00ean her\u00eam\u00ee re ne. \u00c7eka w\u00ee ten\u00ea li ser heval\u00ean w\u00ee \u00fb Kurdan \u015fuxil\u00ee ye. Ji ber v\u00ea yek\u00ea, Cem\u00eel Bay\u0131k bi rast\u00ee j\u00ee m\u00eer\u00ea tar\u00eet\u00eey\u00ea ye \u00fb d\u00ea di tar\u00eet\u00eey\u00ea de j\u00ee bim\u00eene.<\/span><\/h3>\n<p>[\/darkamazi_column_text][\/darkamazi_column][\/darkamazi_row]<\/p>\n<\/div>","protected":false},"excerpt":{"rendered":"<p>[darkamazi_row][darkamazi_column][darkamazi_video link=&#8221;https:\/\/www.youtube.com\/watch?v=l-Ld6RieqT8&#8243; align=&#8221;center&#8221; css=&#8221;&#8221;][darkamazi_column_text] Hin kes dib\u00eajin ku ew duyem\u00een revber\u00ea PKK\u2019\u00ea ye, hin kes j\u00ee dib\u00eajin ku ew dest\u00ea rast\u00ea y\u00ea Evdila Ocalan e. L\u00ea bel\u00ea, ew bi rast\u00ee m\u00eer\u00ea tar\u00eet\u00eey\u00ea ye. Bel\u00ea, em behsa Cem\u00eel Bayik dikin. Cem\u00eel Bayik bi rast\u00ee k\u00ee ye? Werin em kurte j\u00eeyana w\u00ee veb\u00eaj\u00een. Cem\u00eel di sala 1955\u2019an [&hellip;]<\/p>\n","protected":false},"author":2,"featured_media":1050162,"comment_status":"closed","ping_status":"closed","sticky":false,"template":"epic_custom_post_template-1006382","format":"video","meta":{"footnotes":""},"categories":[40,65],"tags":[45,37],"class_list":["post-1050155","post","type-post","status-publish","format-video","has-post-thumbnail","hentry","category-niheni","category-vidiyo","tag-cemil-bayik","tag-sereke","post_format-post-format-video"],"blocksy_meta":[],"seo_head":"<!-- This site is optimized with the Yoast SEO plugin v27.5 - https:\/\/yoast.com\/product\/yoast-seo-wordpress\/ -->\n<title>M\u00eer\u00ea tar\u00eet\u00eey\u00ea Cem\u00eel Bayik (C\u00fbma) k\u00ee ye? - Darka Maz\u00ee<\/title>\n<meta name=\"robots\" content=\"index, follow, max-snippet:-1, max-image-preview:large, max-video-preview:-1\" \/>\n<link rel=\"canonical\" href=\"https:\/\/darkamazi.info\/archives\/1050155\" \/>\n<meta property=\"og:locale\" content=\"en_US\" \/>\n<meta property=\"og:type\" content=\"article\" \/>\n<meta property=\"og:title\" content=\"M\u00eer\u00ea tar\u00eet\u00eey\u00ea Cem\u00eel Bayik (C\u00fbma) k\u00ee ye? - Darka Maz\u00ee\" \/>\n<meta property=\"og:description\" content=\"[darkamazi_row][darkamazi_column][darkamazi_video link=&#8221;https:\/\/www.youtube.com\/watch?v=l-Ld6RieqT8&#8243; align=&#8221;center&#8221; css=&#8221;&#8221;][darkamazi_column_text] Hin kes dib\u00eajin ku ew duyem\u00een revber\u00ea PKK\u2019\u00ea ye, hin kes j\u00ee dib\u00eajin ku ew dest\u00ea rast\u00ea y\u00ea Evdila Ocalan e. L\u00ea bel\u00ea, ew bi rast\u00ee m\u00eer\u00ea tar\u00eet\u00eey\u00ea ye. Bel\u00ea, em behsa Cem\u00eel Bayik dikin. Cem\u00eel Bayik bi rast\u00ee k\u00ee ye? Werin em kurte j\u00eeyana w\u00ee veb\u00eaj\u00een. Cem\u00eel di sala 1955\u2019an [&hellip;]\" \/>\n<meta property=\"og:url\" content=\"https:\/\/darkamazi.info\/archives\/1050155\" \/>\n<meta property=\"og:site_name\" content=\"Darka Maz\u00ee\" \/>\n<meta property=\"article:publisher\" content=\"https:\/\/www.facebook.com\/DarMaziKurmanci\" \/>\n<meta property=\"article:published_time\" content=\"2025-10-09T15:56:45+00:00\" \/>\n<meta property=\"og:image\" content=\"https:\/\/darkamazi.info\/file\/2025\/10\/baik.jpg\" \/>\n\t<meta property=\"og:image:width\" content=\"900\" \/>\n\t<meta property=\"og:image:height\" content=\"500\" \/>\n\t<meta property=\"og:image:type\" content=\"image\/jpeg\" \/>\n<meta name=\"author\" content=\"darka mazi\" \/>\n<meta name=\"twitter:card\" content=\"summary_large_image\" \/>\n<meta name=\"twitter:creator\" content=\"@DarkaMaziLatini\" \/>\n<meta name=\"twitter:site\" content=\"@DarkaMaziLatini\" \/>\n<meta name=\"twitter:label1\" content=\"Written by\" \/>\n\t<meta name=\"twitter:data1\" content=\"darka mazi\" \/>\n\t<meta name=\"twitter:label2\" content=\"Est. reading time\" \/>\n\t<meta name=\"twitter:data2\" content=\"5 minutes\" \/>\n<script type=\"application\/ld+json\" class=\"seo-schema-graph\">{\"@context\":\"https:\\\/\\\/schema.org\",\"@graph\":[{\"@type\":\"Article\",\"@id\":\"https:\\\/\\\/darkamazi.info\\\/archives\\\/1050155#article\",\"isPartOf\":{\"@id\":\"https:\\\/\\\/darkamazi.info\\\/archives\\\/1050155\"},\"author\":{\"name\":\"darka mazi\",\"@id\":\"https:\\\/\\\/darkamazi.info\\\/#\\\/schema\\\/person\\\/5ad3e24553a0567993fa8ed4bd0a776c\"},\"headline\":\"M\u00eer\u00ea tar\u00eet\u00eey\u00ea Cem\u00eel Bayik (C\u00fbma) k\u00ee ye?\",\"datePublished\":\"2025-10-09T15:56:45+00:00\",\"mainEntityOfPage\":{\"@id\":\"https:\\\/\\\/darkamazi.info\\\/archives\\\/1050155\"},\"wordCount\":1110,\"publisher\":{\"@id\":\"https:\\\/\\\/darkamazi.info\\\/#organization\"},\"image\":{\"@id\":\"https:\\\/\\\/darkamazi.info\\\/archives\\\/1050155#primaryimage\"},\"thumbnailUrl\":\"https:\\\/\\\/darkamazi.info\\\/darka-content\\\/uploads\\\/2025\\\/10\\\/baik.jpg\",\"keywords\":[\"Cem\u00eel Bayik\",\"sereke\"],\"articleSection\":[\"Nih\u00ean\u00ee\",\"V\u00eed\u00eeyo\"],\"inLanguage\":\"en-US\"},{\"@type\":\"WebPage\",\"@id\":\"https:\\\/\\\/darkamazi.info\\\/archives\\\/1050155\",\"url\":\"https:\\\/\\\/darkamazi.info\\\/archives\\\/1050155\",\"name\":\"M\u00eer\u00ea tar\u00eet\u00eey\u00ea Cem\u00eel Bayik (C\u00fbma) k\u00ee ye? - Darka Maz\u00ee\",\"isPartOf\":{\"@id\":\"https:\\\/\\\/darkamazi.info\\\/#website\"},\"primaryImageOfPage\":{\"@id\":\"https:\\\/\\\/darkamazi.info\\\/archives\\\/1050155#primaryimage\"},\"image\":{\"@id\":\"https:\\\/\\\/darkamazi.info\\\/archives\\\/1050155#primaryimage\"},\"thumbnailUrl\":\"https:\\\/\\\/darkamazi.info\\\/darka-content\\\/uploads\\\/2025\\\/10\\\/baik.jpg\",\"datePublished\":\"2025-10-09T15:56:45+00:00\",\"breadcrumb\":{\"@id\":\"https:\\\/\\\/darkamazi.info\\\/archives\\\/1050155#breadcrumb\"},\"inLanguage\":\"en-US\",\"potentialAction\":[{\"@type\":\"ReadAction\",\"target\":[\"https:\\\/\\\/darkamazi.info\\\/archives\\\/1050155\"]}]},{\"@type\":\"ImageObject\",\"inLanguage\":\"en-US\",\"@id\":\"https:\\\/\\\/darkamazi.info\\\/archives\\\/1050155#primaryimage\",\"url\":\"https:\\\/\\\/darkamazi.info\\\/darka-content\\\/uploads\\\/2025\\\/10\\\/baik.jpg\",\"contentUrl\":\"https:\\\/\\\/darkamazi.info\\\/darka-content\\\/uploads\\\/2025\\\/10\\\/baik.jpg\",\"width\":900,\"height\":500,\"caption\":\"M\u00eer\u00ea tar\u00eet\u00eey\u00ea Cem\u00eel Bayik (C\u00fbma) k\u00ee ye?\"},{\"@type\":\"BreadcrumbList\",\"@id\":\"https:\\\/\\\/darkamazi.info\\\/archives\\\/1050155#breadcrumb\",\"itemListElement\":[{\"@type\":\"ListItem\",\"position\":1,\"name\":\"Home\",\"item\":\"https:\\\/\\\/darkamazi.info\\\/\"},{\"@type\":\"ListItem\",\"position\":2,\"name\":\"M\u00eer\u00ea tar\u00eet\u00eey\u00ea Cem\u00eel Bayik (C\u00fbma) k\u00ee ye?\"}]},{\"@type\":\"WebSite\",\"@id\":\"https:\\\/\\\/darkamazi.info\\\/#website\",\"url\":\"https:\\\/\\\/darkamazi.info\\\/\",\"name\":\"Darka Maz\u00ee\",\"description\":\"P\u00eageha Zanyariy\u00ean Nebih\u00eest\u00ee\",\"publisher\":{\"@id\":\"https:\\\/\\\/darkamazi.info\\\/#organization\"},\"potentialAction\":[{\"@type\":\"SearchAction\",\"target\":{\"@type\":\"EntryPoint\",\"urlTemplate\":\"https:\\\/\\\/darkamazi.info\\\/?s={search_term_string}\"},\"query-input\":{\"@type\":\"PropertyValueSpecification\",\"valueRequired\":true,\"valueName\":\"search_term_string\"}}],\"inLanguage\":\"en-US\"},{\"@type\":\"Organization\",\"@id\":\"https:\\\/\\\/darkamazi.info\\\/#organization\",\"name\":\"Darka Maz\u00ee\",\"url\":\"https:\\\/\\\/darkamazi.info\\\/\",\"logo\":{\"@type\":\"ImageObject\",\"inLanguage\":\"en-US\",\"@id\":\"https:\\\/\\\/darkamazi.info\\\/#\\\/schema\\\/logo\\\/image\\\/\",\"url\":\"https:\\\/\\\/darkamazi.info\\\/darka-content\\\/uploads\\\/2017\\\/12\\\/darka-mazi-logo.png\",\"contentUrl\":\"https:\\\/\\\/darkamazi.info\\\/darka-content\\\/uploads\\\/2017\\\/12\\\/darka-mazi-logo.png\",\"width\":151,\"height\":75,\"caption\":\"Darka Maz\u00ee\"},\"image\":{\"@id\":\"https:\\\/\\\/darkamazi.info\\\/#\\\/schema\\\/logo\\\/image\\\/\"},\"sameAs\":[\"https:\\\/\\\/www.facebook.com\\\/DarMaziKurmanci\",\"https:\\\/\\\/x.com\\\/DarkaMaziLatini\",\"https:\\\/\\\/www.instagram.com\\\/darkamazi.kurmanci\\\/\",\"https:\\\/\\\/www.youtube.com\\\/channel\\\/UCa5HkTdmI8U1qCUFuTw8B2g\"]},{\"@type\":\"Person\",\"@id\":\"https:\\\/\\\/darkamazi.info\\\/#\\\/schema\\\/person\\\/5ad3e24553a0567993fa8ed4bd0a776c\",\"name\":\"darka mazi\",\"sameAs\":[\"https:\\\/\\\/darkamazi.info\\\/\"],\"url\":\"https:\\\/\\\/darkamazi.info\\\/archives\\\/author\\\/kurdi\"}]}<\/script>\n<!-- \/ Yoast SEO plugin. -->","seo_head_json":{"title":"M\u00eer\u00ea tar\u00eet\u00eey\u00ea Cem\u00eel Bayik (C\u00fbma) k\u00ee ye? - Darka Maz\u00ee","robots":{"index":"index","follow":"follow","max-snippet":"max-snippet:-1","max-image-preview":"max-image-preview:large","max-video-preview":"max-video-preview:-1"},"canonical":"https:\/\/darkamazi.info\/archives\/1050155","og_locale":"en_US","og_type":"article","og_title":"M\u00eer\u00ea tar\u00eet\u00eey\u00ea Cem\u00eel Bayik (C\u00fbma) k\u00ee ye? - Darka Maz\u00ee","og_description":"[darkamazi_row][darkamazi_column][darkamazi_video link=&#8221;https:\/\/www.youtube.com\/watch?v=l-Ld6RieqT8&#8243; align=&#8221;center&#8221; css=&#8221;&#8221;][darkamazi_column_text] Hin kes dib\u00eajin ku ew duyem\u00een revber\u00ea PKK\u2019\u00ea ye, hin kes j\u00ee dib\u00eajin ku ew dest\u00ea rast\u00ea y\u00ea Evdila Ocalan e. L\u00ea bel\u00ea, ew bi rast\u00ee m\u00eer\u00ea tar\u00eet\u00eey\u00ea ye. Bel\u00ea, em behsa Cem\u00eel Bayik dikin. Cem\u00eel Bayik bi rast\u00ee k\u00ee ye? Werin em kurte j\u00eeyana w\u00ee veb\u00eaj\u00een. Cem\u00eel di sala 1955\u2019an [&hellip;]","og_url":"https:\/\/darkamazi.info\/archives\/1050155","og_site_name":"Darka Maz\u00ee","article_publisher":"https:\/\/www.facebook.com\/DarMaziKurmanci","article_published_time":"2025-10-09T15:56:45+00:00","og_image":[{"width":900,"height":500,"url":"https:\/\/darkamazi.info\/file\/2025\/10\/baik.jpg","type":"image\/jpeg"}],"author":"darka mazi","twitter_card":"summary_large_image","twitter_creator":"@DarkaMaziLatini","twitter_site":"@DarkaMaziLatini","twitter_misc":{"Written by":"darka mazi","Est. reading time":"5 minutes"},"schema":{"@context":"https:\/\/schema.org","@graph":[{"@type":"Article","@id":"https:\/\/darkamazi.info\/archives\/1050155#article","isPartOf":{"@id":"https:\/\/darkamazi.info\/archives\/1050155"},"author":{"name":"darka mazi","@id":"https:\/\/darkamazi.info\/#\/schema\/person\/5ad3e24553a0567993fa8ed4bd0a776c"},"headline":"M\u00eer\u00ea tar\u00eet\u00eey\u00ea Cem\u00eel Bayik (C\u00fbma) k\u00ee ye?","datePublished":"2025-10-09T15:56:45+00:00","mainEntityOfPage":{"@id":"https:\/\/darkamazi.info\/archives\/1050155"},"wordCount":1110,"publisher":{"@id":"https:\/\/darkamazi.info\/#organization"},"image":{"@id":"https:\/\/darkamazi.info\/archives\/1050155#primaryimage"},"thumbnailUrl":"https:\/\/darkamazi.info\/file\/2025\/10\/baik.jpg","keywords":["Cem\u00eel Bayik","sereke"],"articleSection":["Nih\u00ean\u00ee","V\u00eed\u00eeyo"],"inLanguage":"en-US"},{"@type":"WebPage","@id":"https:\/\/darkamazi.info\/archives\/1050155","url":"https:\/\/darkamazi.info\/archives\/1050155","name":"M\u00eer\u00ea tar\u00eet\u00eey\u00ea Cem\u00eel Bayik (C\u00fbma) k\u00ee ye? - Darka Maz\u00ee","isPartOf":{"@id":"https:\/\/darkamazi.info\/#website"},"primaryImageOfPage":{"@id":"https:\/\/darkamazi.info\/archives\/1050155#primaryimage"},"image":{"@id":"https:\/\/darkamazi.info\/archives\/1050155#primaryimage"},"thumbnailUrl":"https:\/\/darkamazi.info\/file\/2025\/10\/baik.jpg","datePublished":"2025-10-09T15:56:45+00:00","breadcrumb":{"@id":"https:\/\/darkamazi.info\/archives\/1050155#breadcrumb"},"inLanguage":"en-US","potentialAction":[{"@type":"ReadAction","target":["https:\/\/darkamazi.info\/archives\/1050155"]}]},{"@type":"ImageObject","inLanguage":"en-US","@id":"https:\/\/darkamazi.info\/archives\/1050155#primaryimage","url":"https:\/\/darkamazi.info\/file\/2025\/10\/baik.jpg","contentUrl":"https:\/\/darkamazi.info\/file\/2025\/10\/baik.jpg","width":900,"height":500,"caption":"M\u00eer\u00ea tar\u00eet\u00eey\u00ea Cem\u00eel Bayik (C\u00fbma) k\u00ee ye?"},{"@type":"BreadcrumbList","@id":"https:\/\/darkamazi.info\/archives\/1050155#breadcrumb","itemListElement":[{"@type":"ListItem","position":1,"name":"Home","item":"https:\/\/darkamazi.info\/"},{"@type":"ListItem","position":2,"name":"M\u00eer\u00ea tar\u00eet\u00eey\u00ea Cem\u00eel Bayik (C\u00fbma) k\u00ee ye?"}]},{"@type":"WebSite","@id":"https:\/\/darkamazi.info\/#website","url":"https:\/\/darkamazi.info\/","name":"Darka Maz\u00ee","description":"P\u00eageha Zanyariy\u00ean Nebih\u00eest\u00ee","publisher":{"@id":"https:\/\/darkamazi.info\/#organization"},"potentialAction":[{"@type":"SearchAction","target":{"@type":"EntryPoint","urlTemplate":"https:\/\/darkamazi.info\/?s={search_term_string}"},"query-input":{"@type":"PropertyValueSpecification","valueRequired":true,"valueName":"search_term_string"}}],"inLanguage":"en-US"},{"@type":"Organization","@id":"https:\/\/darkamazi.info\/#organization","name":"Darka Maz\u00ee","url":"https:\/\/darkamazi.info\/","logo":{"@type":"ImageObject","inLanguage":"en-US","@id":"https:\/\/darkamazi.info\/#\/schema\/logo\/image\/","url":"https:\/\/darkamazi.info\/file\/2017\/12\/darka-mazi-logo.png","contentUrl":"https:\/\/darkamazi.info\/file\/2017\/12\/darka-mazi-logo.png","width":151,"height":75,"caption":"Darka Maz\u00ee"},"image":{"@id":"https:\/\/darkamazi.info\/#\/schema\/logo\/image\/"},"sameAs":["https:\/\/www.facebook.com\/DarMaziKurmanci","https:\/\/x.com\/DarkaMaziLatini","https:\/\/www.instagram.com\/darkamazi.kurmanci\/","https:\/\/www.youtube.com\/channel\/UCa5HkTdmI8U1qCUFuTw8B2g"]},{"@type":"Person","@id":"https:\/\/darkamazi.info\/#\/schema\/person\/5ad3e24553a0567993fa8ed4bd0a776c","name":"darka mazi","sameAs":["https:\/\/darkamazi.info\/"],"url":"https:\/\/darkamazi.info\/archives\/author\/kurdi"}]}},"_links":{"self":[{"href":"https:\/\/darkamazi.info\/funavuv\/wp\/v2\/posts\/1050155","targetHints":{"allow":["GET"]}}],"collection":[{"href":"https:\/\/darkamazi.info\/funavuv\/wp\/v2\/posts"}],"about":[{"href":"https:\/\/darkamazi.info\/funavuv\/wp\/v2\/types\/post"}],"author":[{"embeddable":true,"href":"https:\/\/darkamazi.info\/funavuv\/wp\/v2\/users\/2"}],"replies":[{"embeddable":true,"href":"https:\/\/darkamazi.info\/funavuv\/wp\/v2\/comments?post=1050155"}],"version-history":[{"count":0,"href":"https:\/\/darkamazi.info\/funavuv\/wp\/v2\/posts\/1050155\/revisions"}],"wp:featuredmedia":[{"embeddable":true,"href":"https:\/\/darkamazi.info\/funavuv\/wp\/v2\/media\/1050162"}],"wp:attachment":[{"href":"https:\/\/darkamazi.info\/funavuv\/wp\/v2\/media?parent=1050155"}],"wp:term":[{"taxonomy":"category","embeddable":true,"href":"https:\/\/darkamazi.info\/funavuv\/wp\/v2\/categories?post=1050155"},{"taxonomy":"post_tag","embeddable":true,"href":"https:\/\/darkamazi.info\/funavuv\/wp\/v2\/tags?post=1050155"}],"curies":[{"name":"wp","href":"https:\/\/api.w.org\/{rel}","templated":true}]}}