{"id":1050204,"date":"2025-10-15T18:28:43","date_gmt":"2025-10-15T15:28:43","guid":{"rendered":"https:\/\/darkamazi.info\/?p=1050204"},"modified":"2025-10-15T18:28:43","modified_gmt":"2025-10-15T15:28:43","slug":"ocalan-bersiva-we-da","status":"publish","type":"post","link":"https:\/\/darkamazi.info\/archives\/1050204","title":{"rendered":"Ocalan bersiva we da"},"content":{"rendered":"<h3 style=\"text-align: justify\"><span style=\"font-family: 'arial black', sans-serif;color: #0000ff\">Aryan Ferec<\/span><\/h3>\n<h3 style=\"text-align: justify\"><span style=\"font-family: 'arial black', sans-serif\">Hefteya bor\u00ee, di civ\u00eena Miri li Hewl\u00ear\u00ea de, serok N\u00ea\u00e7\u00eervan Barzan\u00ee di derbar\u00ea proseya a\u015ftiy\u00ea ya li Tirkiyey\u00ea, gazinde ji PKK\u00ea kirin ku bi tevah\u00ee guhdariya biryar\u00ean Ocalan nake \u00fb h\u00eav\u00ee kir ku rew\u015f ba\u015ftir bibe da ku d\u00eesan asteng\u00ee li p\u00ea\u015fiya p\u00eavajoya \u00e7areseriy\u00ea dirust nebin.<\/span><\/h3>\n<h3 style=\"text-align: justify\">Li \u015f\u00fbna ku \u015f\u00eeretan cid\u00ee wergirin \u00fb gotin\u00ea bi awayek\u00ee dostane bixw\u00eenin, KCK\u00ea daxuyaniyek tund li dij\u00ee daxuyan\u00ee \u00fb helwest\u00ean Serok\u00ea Her\u00eama Kurdistan\u00ea n\u00ee\u015fan da, \u00fb helwest\u00ean serok\u00ea Her\u00eama Kurdistan\u00ea bi awayek\u00ee ner\u00een\u00ee \u00fb li dij\u00ee p\u00eavajoya a\u015ft\u00ee \u00fb \u00e7areseriy\u00ea \u015f\u00eerove kir.<\/h3>\n<h3 style=\"text-align: justify\">Di bersiva berteka bilez \u00fb ne guncawa KCK\u00ea de, dihat pay\u00een ku ji kes\u00ean n\u00eaz\u00eek\u00ee Serok\u00ea Her\u00eama Kurdistan\u00ea bersivek were day\u00een \u00fb tohmet\u00ean KCK\u00ea y\u00ean li hember N\u00ea\u00e7\u00eervan Barzan\u00ee de sebaret dijberiya p\u00eavajoya a\u015ftiy\u00ea red bikin, l\u00ea ber\u00ee ku ji w\u00ea derdor\u00ea ti bersiv \u00fb zelalkirinek were day\u00een, cih\u00ea xwe\u015fhaliy\u00ea b\u00fb ku ji h\u00eala Abdullah Ocalan bi xwe ve ne bi ten\u00ea bersiva w\u00ea \u015f\u00eeroveya \u015fa\u015f hat day\u00een, belku tevahiya \u015f\u00eeroveya KCK\u00ea ser\u00fbbin kir.<\/h3>\n<h3 style=\"text-align: justify\">Ocalan di nameyek\u00ea de ji Serok\u00ea Her\u00eama Kurdistan\u00ea N\u00ea\u00e7\u00eervan Barzan\u00ee re ku duh yek ji malper\u00ean Amer\u00eek\u00ee ev yek ji raya gi\u015ft\u00ee re e\u015fkere kir, ne bi ten\u00ea daxwaza v\u00ea yek\u00ea dike ku serok\u00ea Her\u00eama Kurdistan\u00ea di p\u00eavajoya navbeynkariy\u00ea de rol\u00ea xwe bil\u00eeze ji bo p\u00ea\u015fvebirina p\u00eavajoya a\u015ftiy\u00ea, belku h\u00eav\u00eexwaze ku serok\u00ea Her\u00eama Kurdistan\u00ea \u00e7avd\u00ear\u00ee \u00fb r\u00eaberiya prosey\u00ea bike, \u00fb v\u00ea yek\u00ea j\u00ee pir er\u00ean\u00ee, gir\u00eeng, bi nirx \u00fb dilniyabexi\u015f dib\u00eene.<\/h3>\n<h3 style=\"text-align: justify\">H\u00eaviy\u00ean Ocalan ji serok N\u00ea\u00e7\u00eervan Barzan\u00ee li gor\u00ee heman h\u00eav\u00ee \u00fb baweriya ku aliy\u00ean din\u00ean di p\u00eavajoy\u00ea de di rol \u00fb perspekt\u00eefa w\u00eeya a\u015ft\u00eexwaz \u00fb d\u00eeplomat\u00eek de hene ne, div\u00ea ev yek r\u00eaber\u00ean KCK\u00ea bixe hember\u00ee raman \u00fb li xwe veger\u00een\u00ea. Ger ew a\u015ft\u00ee \u00fb serkeftina p\u00eavajoya \u00e7areseriy\u00ea dixwazin, div\u00ea ew h\u00fbrtir, aramtir, bi baldar\u00eetir \u00fb dostanetir \u015f\u00eeroveyan bo helwestan bikin, nemaze helwesta serok N\u00ea\u00e7\u00eervan Barzan\u00ee, ku ne ten\u00ea di v\u00ea p\u00eavajoy\u00ea de, l\u00ea di heman dem\u00ea de di aramkirina gelek ji hevrik\u00ee \u00fb pirsgir\u00eak\u00ean din y\u00ean her\u00eam\u00ea de weke karakter \u00fb faktorek ba\u015f\u00ee, a\u015ft\u00ee \u00fb \u00e7areseriy\u00ea t\u00ea d\u00eetin.<\/h3>\n<h3 style=\"text-align: justify\"><span style=\"font-family: 'arial black', sans-serif\">Niv\u00ees ji Facebooka niv\u00easer hatiye wergirtin.<\/span><\/h3>\n<h3 style=\"text-align: justify\"><span style=\"font-family: 'arial black', sans-serif\">Niv\u00easer li be\u015fa ragihandina Serokatiya Her\u00eama Kurdistan\u00ea dixebite..<\/span><\/h3>\n","protected":false},"excerpt":{"rendered":"<p>Aryan Ferec Hefteya bor\u00ee, di civ\u00eena Miri li Hewl\u00ear\u00ea de, serok N\u00ea\u00e7\u00eervan Barzan\u00ee di derbar\u00ea proseya a\u015ftiy\u00ea ya li Tirkiyey\u00ea, gazinde ji PKK\u00ea kirin ku bi tevah\u00ee guhdariya biryar\u00ean Ocalan nake \u00fb h\u00eav\u00ee kir ku rew\u015f ba\u015ftir bibe da ku d\u00eesan asteng\u00ee li p\u00ea\u015fiya p\u00eavajoya \u00e7areseriy\u00ea dirust nebin. Li \u015f\u00fbna ku \u015f\u00eeretan cid\u00ee wergirin \u00fb [&hellip;]<\/p>\n","protected":false},"author":2,"featured_media":1050250,"comment_status":"closed","ping_status":"closed","sticky":false,"template":"","format":"standard","meta":{"footnotes":""},"categories":[28],"tags":[37],"class_list":["post-1050204","post","type-post","status-publish","format-standard","has-post-thumbnail","hentry","category-nerin","tag-sereke"],"blocksy_meta":[],"seo_head":"<!-- This site is optimized with the Yoast SEO plugin v27.5 - https:\/\/yoast.com\/product\/yoast-seo-wordpress\/ -->\n<title>Ocalan bersiva we da - Darka Maz\u00ee<\/title>\n<meta name=\"robots\" content=\"index, follow, max-snippet:-1, max-image-preview:large, max-video-preview:-1\" \/>\n<link rel=\"canonical\" href=\"https:\/\/darkamazi.info\/archives\/1050204\" \/>\n<meta property=\"og:locale\" content=\"en_US\" \/>\n<meta property=\"og:type\" content=\"article\" \/>\n<meta property=\"og:title\" content=\"Ocalan bersiva we da - Darka Maz\u00ee\" \/>\n<meta property=\"og:description\" content=\"Aryan Ferec Hefteya bor\u00ee, di civ\u00eena Miri li Hewl\u00ear\u00ea de, serok N\u00ea\u00e7\u00eervan Barzan\u00ee di derbar\u00ea proseya a\u015ftiy\u00ea ya li Tirkiyey\u00ea, gazinde ji PKK\u00ea kirin ku bi tevah\u00ee guhdariya biryar\u00ean Ocalan nake \u00fb h\u00eav\u00ee kir ku rew\u015f ba\u015ftir bibe da ku d\u00eesan asteng\u00ee li p\u00ea\u015fiya p\u00eavajoya \u00e7areseriy\u00ea dirust nebin. Li \u015f\u00fbna ku \u015f\u00eeretan cid\u00ee wergirin \u00fb [&hellip;]\" \/>\n<meta property=\"og:url\" content=\"https:\/\/darkamazi.info\/archives\/1050204\" \/>\n<meta property=\"og:site_name\" content=\"Darka Maz\u00ee\" \/>\n<meta property=\"article:publisher\" content=\"https:\/\/www.facebook.com\/DarMaziKurmanci\" \/>\n<meta property=\"article:published_time\" content=\"2025-10-15T15:28:43+00:00\" \/>\n<meta property=\"og:image\" content=\"https:\/\/darkamazi.info\/file\/2025\/10\/ocelan.jpg\" \/>\n\t<meta property=\"og:image:width\" content=\"900\" \/>\n\t<meta property=\"og:image:height\" content=\"497\" \/>\n\t<meta property=\"og:image:type\" content=\"image\/jpeg\" \/>\n<meta name=\"author\" content=\"darka mazi\" \/>\n<meta name=\"twitter:card\" content=\"summary_large_image\" \/>\n<meta name=\"twitter:creator\" content=\"@DarkaMaziLatini\" \/>\n<meta name=\"twitter:site\" content=\"@DarkaMaziLatini\" \/>\n<meta name=\"twitter:label1\" content=\"Written by\" \/>\n\t<meta name=\"twitter:data1\" content=\"darka mazi\" \/>\n\t<meta name=\"twitter:label2\" content=\"Est. reading time\" \/>\n\t<meta name=\"twitter:data2\" content=\"2 minutes\" \/>\n<script type=\"application\/ld+json\" class=\"seo-schema-graph\">{\"@context\":\"https:\\\/\\\/schema.org\",\"@graph\":[{\"@type\":\"Article\",\"@id\":\"https:\\\/\\\/darkamazi.info\\\/archives\\\/1050204#article\",\"isPartOf\":{\"@id\":\"https:\\\/\\\/darkamazi.info\\\/archives\\\/1050204\"},\"author\":{\"name\":\"darka mazi\",\"@id\":\"https:\\\/\\\/darkamazi.info\\\/#\\\/schema\\\/person\\\/5ad3e24553a0567993fa8ed4bd0a776c\"},\"headline\":\"Ocalan bersiva we da\",\"datePublished\":\"2025-10-15T15:28:43+00:00\",\"mainEntityOfPage\":{\"@id\":\"https:\\\/\\\/darkamazi.info\\\/archives\\\/1050204\"},\"wordCount\":419,\"publisher\":{\"@id\":\"https:\\\/\\\/darkamazi.info\\\/#organization\"},\"image\":{\"@id\":\"https:\\\/\\\/darkamazi.info\\\/archives\\\/1050204#primaryimage\"},\"thumbnailUrl\":\"https:\\\/\\\/darkamazi.info\\\/darka-content\\\/uploads\\\/2025\\\/10\\\/ocelan.jpg\",\"keywords\":[\"sereke\"],\"articleSection\":[\"Ner\u00een\"],\"inLanguage\":\"en-US\"},{\"@type\":\"WebPage\",\"@id\":\"https:\\\/\\\/darkamazi.info\\\/archives\\\/1050204\",\"url\":\"https:\\\/\\\/darkamazi.info\\\/archives\\\/1050204\",\"name\":\"Ocalan bersiva we da - Darka Maz\u00ee\",\"isPartOf\":{\"@id\":\"https:\\\/\\\/darkamazi.info\\\/#website\"},\"primaryImageOfPage\":{\"@id\":\"https:\\\/\\\/darkamazi.info\\\/archives\\\/1050204#primaryimage\"},\"image\":{\"@id\":\"https:\\\/\\\/darkamazi.info\\\/archives\\\/1050204#primaryimage\"},\"thumbnailUrl\":\"https:\\\/\\\/darkamazi.info\\\/darka-content\\\/uploads\\\/2025\\\/10\\\/ocelan.jpg\",\"datePublished\":\"2025-10-15T15:28:43+00:00\",\"breadcrumb\":{\"@id\":\"https:\\\/\\\/darkamazi.info\\\/archives\\\/1050204#breadcrumb\"},\"inLanguage\":\"en-US\",\"potentialAction\":[{\"@type\":\"ReadAction\",\"target\":[\"https:\\\/\\\/darkamazi.info\\\/archives\\\/1050204\"]}]},{\"@type\":\"ImageObject\",\"inLanguage\":\"en-US\",\"@id\":\"https:\\\/\\\/darkamazi.info\\\/archives\\\/1050204#primaryimage\",\"url\":\"https:\\\/\\\/darkamazi.info\\\/darka-content\\\/uploads\\\/2025\\\/10\\\/ocelan.jpg\",\"contentUrl\":\"https:\\\/\\\/darkamazi.info\\\/darka-content\\\/uploads\\\/2025\\\/10\\\/ocelan.jpg\",\"width\":900,\"height\":497,\"caption\":\"Ocalan bersiva we da\"},{\"@type\":\"BreadcrumbList\",\"@id\":\"https:\\\/\\\/darkamazi.info\\\/archives\\\/1050204#breadcrumb\",\"itemListElement\":[{\"@type\":\"ListItem\",\"position\":1,\"name\":\"Home\",\"item\":\"https:\\\/\\\/darkamazi.info\\\/\"},{\"@type\":\"ListItem\",\"position\":2,\"name\":\"Ocalan bersiva we da\"}]},{\"@type\":\"WebSite\",\"@id\":\"https:\\\/\\\/darkamazi.info\\\/#website\",\"url\":\"https:\\\/\\\/darkamazi.info\\\/\",\"name\":\"Darka Maz\u00ee\",\"description\":\"P\u00eageha Zanyariy\u00ean Nebih\u00eest\u00ee\",\"publisher\":{\"@id\":\"https:\\\/\\\/darkamazi.info\\\/#organization\"},\"potentialAction\":[{\"@type\":\"SearchAction\",\"target\":{\"@type\":\"EntryPoint\",\"urlTemplate\":\"https:\\\/\\\/darkamazi.info\\\/?s={search_term_string}\"},\"query-input\":{\"@type\":\"PropertyValueSpecification\",\"valueRequired\":true,\"valueName\":\"search_term_string\"}}],\"inLanguage\":\"en-US\"},{\"@type\":\"Organization\",\"@id\":\"https:\\\/\\\/darkamazi.info\\\/#organization\",\"name\":\"Darka Maz\u00ee\",\"url\":\"https:\\\/\\\/darkamazi.info\\\/\",\"logo\":{\"@type\":\"ImageObject\",\"inLanguage\":\"en-US\",\"@id\":\"https:\\\/\\\/darkamazi.info\\\/#\\\/schema\\\/logo\\\/image\\\/\",\"url\":\"https:\\\/\\\/darkamazi.info\\\/darka-content\\\/uploads\\\/2017\\\/12\\\/darka-mazi-logo.png\",\"contentUrl\":\"https:\\\/\\\/darkamazi.info\\\/darka-content\\\/uploads\\\/2017\\\/12\\\/darka-mazi-logo.png\",\"width\":151,\"height\":75,\"caption\":\"Darka Maz\u00ee\"},\"image\":{\"@id\":\"https:\\\/\\\/darkamazi.info\\\/#\\\/schema\\\/logo\\\/image\\\/\"},\"sameAs\":[\"https:\\\/\\\/www.facebook.com\\\/DarMaziKurmanci\",\"https:\\\/\\\/x.com\\\/DarkaMaziLatini\",\"https:\\\/\\\/www.instagram.com\\\/darkamazi.kurmanci\\\/\",\"https:\\\/\\\/www.youtube.com\\\/channel\\\/UCa5HkTdmI8U1qCUFuTw8B2g\"]},{\"@type\":\"Person\",\"@id\":\"https:\\\/\\\/darkamazi.info\\\/#\\\/schema\\\/person\\\/5ad3e24553a0567993fa8ed4bd0a776c\",\"name\":\"darka mazi\",\"sameAs\":[\"https:\\\/\\\/darkamazi.info\\\/\"],\"url\":\"https:\\\/\\\/darkamazi.info\\\/archives\\\/author\\\/kurdi\"}]}<\/script>\n<!-- \/ Yoast SEO plugin. -->","seo_head_json":{"title":"Ocalan bersiva we da - Darka Maz\u00ee","robots":{"index":"index","follow":"follow","max-snippet":"max-snippet:-1","max-image-preview":"max-image-preview:large","max-video-preview":"max-video-preview:-1"},"canonical":"https:\/\/darkamazi.info\/archives\/1050204","og_locale":"en_US","og_type":"article","og_title":"Ocalan bersiva we da - Darka Maz\u00ee","og_description":"Aryan Ferec Hefteya bor\u00ee, di civ\u00eena Miri li Hewl\u00ear\u00ea de, serok N\u00ea\u00e7\u00eervan Barzan\u00ee di derbar\u00ea proseya a\u015ftiy\u00ea ya li Tirkiyey\u00ea, gazinde ji PKK\u00ea kirin ku bi tevah\u00ee guhdariya biryar\u00ean Ocalan nake \u00fb h\u00eav\u00ee kir ku rew\u015f ba\u015ftir bibe da ku d\u00eesan asteng\u00ee li p\u00ea\u015fiya p\u00eavajoya \u00e7areseriy\u00ea dirust nebin. Li \u015f\u00fbna ku \u015f\u00eeretan cid\u00ee wergirin \u00fb [&hellip;]","og_url":"https:\/\/darkamazi.info\/archives\/1050204","og_site_name":"Darka Maz\u00ee","article_publisher":"https:\/\/www.facebook.com\/DarMaziKurmanci","article_published_time":"2025-10-15T15:28:43+00:00","og_image":[{"width":900,"height":497,"url":"https:\/\/darkamazi.info\/file\/2025\/10\/ocelan.jpg","type":"image\/jpeg"}],"author":"darka mazi","twitter_card":"summary_large_image","twitter_creator":"@DarkaMaziLatini","twitter_site":"@DarkaMaziLatini","twitter_misc":{"Written by":"darka mazi","Est. reading time":"2 minutes"},"schema":{"@context":"https:\/\/schema.org","@graph":[{"@type":"Article","@id":"https:\/\/darkamazi.info\/archives\/1050204#article","isPartOf":{"@id":"https:\/\/darkamazi.info\/archives\/1050204"},"author":{"name":"darka mazi","@id":"https:\/\/darkamazi.info\/#\/schema\/person\/5ad3e24553a0567993fa8ed4bd0a776c"},"headline":"Ocalan bersiva we da","datePublished":"2025-10-15T15:28:43+00:00","mainEntityOfPage":{"@id":"https:\/\/darkamazi.info\/archives\/1050204"},"wordCount":419,"publisher":{"@id":"https:\/\/darkamazi.info\/#organization"},"image":{"@id":"https:\/\/darkamazi.info\/archives\/1050204#primaryimage"},"thumbnailUrl":"https:\/\/darkamazi.info\/file\/2025\/10\/ocelan.jpg","keywords":["sereke"],"articleSection":["Ner\u00een"],"inLanguage":"en-US"},{"@type":"WebPage","@id":"https:\/\/darkamazi.info\/archives\/1050204","url":"https:\/\/darkamazi.info\/archives\/1050204","name":"Ocalan bersiva we da - Darka Maz\u00ee","isPartOf":{"@id":"https:\/\/darkamazi.info\/#website"},"primaryImageOfPage":{"@id":"https:\/\/darkamazi.info\/archives\/1050204#primaryimage"},"image":{"@id":"https:\/\/darkamazi.info\/archives\/1050204#primaryimage"},"thumbnailUrl":"https:\/\/darkamazi.info\/file\/2025\/10\/ocelan.jpg","datePublished":"2025-10-15T15:28:43+00:00","breadcrumb":{"@id":"https:\/\/darkamazi.info\/archives\/1050204#breadcrumb"},"inLanguage":"en-US","potentialAction":[{"@type":"ReadAction","target":["https:\/\/darkamazi.info\/archives\/1050204"]}]},{"@type":"ImageObject","inLanguage":"en-US","@id":"https:\/\/darkamazi.info\/archives\/1050204#primaryimage","url":"https:\/\/darkamazi.info\/file\/2025\/10\/ocelan.jpg","contentUrl":"https:\/\/darkamazi.info\/file\/2025\/10\/ocelan.jpg","width":900,"height":497,"caption":"Ocalan bersiva we da"},{"@type":"BreadcrumbList","@id":"https:\/\/darkamazi.info\/archives\/1050204#breadcrumb","itemListElement":[{"@type":"ListItem","position":1,"name":"Home","item":"https:\/\/darkamazi.info\/"},{"@type":"ListItem","position":2,"name":"Ocalan bersiva we da"}]},{"@type":"WebSite","@id":"https:\/\/darkamazi.info\/#website","url":"https:\/\/darkamazi.info\/","name":"Darka Maz\u00ee","description":"P\u00eageha Zanyariy\u00ean Nebih\u00eest\u00ee","publisher":{"@id":"https:\/\/darkamazi.info\/#organization"},"potentialAction":[{"@type":"SearchAction","target":{"@type":"EntryPoint","urlTemplate":"https:\/\/darkamazi.info\/?s={search_term_string}"},"query-input":{"@type":"PropertyValueSpecification","valueRequired":true,"valueName":"search_term_string"}}],"inLanguage":"en-US"},{"@type":"Organization","@id":"https:\/\/darkamazi.info\/#organization","name":"Darka Maz\u00ee","url":"https:\/\/darkamazi.info\/","logo":{"@type":"ImageObject","inLanguage":"en-US","@id":"https:\/\/darkamazi.info\/#\/schema\/logo\/image\/","url":"https:\/\/darkamazi.info\/file\/2017\/12\/darka-mazi-logo.png","contentUrl":"https:\/\/darkamazi.info\/file\/2017\/12\/darka-mazi-logo.png","width":151,"height":75,"caption":"Darka Maz\u00ee"},"image":{"@id":"https:\/\/darkamazi.info\/#\/schema\/logo\/image\/"},"sameAs":["https:\/\/www.facebook.com\/DarMaziKurmanci","https:\/\/x.com\/DarkaMaziLatini","https:\/\/www.instagram.com\/darkamazi.kurmanci\/","https:\/\/www.youtube.com\/channel\/UCa5HkTdmI8U1qCUFuTw8B2g"]},{"@type":"Person","@id":"https:\/\/darkamazi.info\/#\/schema\/person\/5ad3e24553a0567993fa8ed4bd0a776c","name":"darka mazi","sameAs":["https:\/\/darkamazi.info\/"],"url":"https:\/\/darkamazi.info\/archives\/author\/kurdi"}]}},"_links":{"self":[{"href":"https:\/\/darkamazi.info\/funavuv\/wp\/v2\/posts\/1050204","targetHints":{"allow":["GET"]}}],"collection":[{"href":"https:\/\/darkamazi.info\/funavuv\/wp\/v2\/posts"}],"about":[{"href":"https:\/\/darkamazi.info\/funavuv\/wp\/v2\/types\/post"}],"author":[{"embeddable":true,"href":"https:\/\/darkamazi.info\/funavuv\/wp\/v2\/users\/2"}],"replies":[{"embeddable":true,"href":"https:\/\/darkamazi.info\/funavuv\/wp\/v2\/comments?post=1050204"}],"version-history":[{"count":0,"href":"https:\/\/darkamazi.info\/funavuv\/wp\/v2\/posts\/1050204\/revisions"}],"wp:featuredmedia":[{"embeddable":true,"href":"https:\/\/darkamazi.info\/funavuv\/wp\/v2\/media\/1050250"}],"wp:attachment":[{"href":"https:\/\/darkamazi.info\/funavuv\/wp\/v2\/media?parent=1050204"}],"wp:term":[{"taxonomy":"category","embeddable":true,"href":"https:\/\/darkamazi.info\/funavuv\/wp\/v2\/categories?post=1050204"},{"taxonomy":"post_tag","embeddable":true,"href":"https:\/\/darkamazi.info\/funavuv\/wp\/v2\/tags?post=1050204"}],"curies":[{"name":"wp","href":"https:\/\/api.w.org\/{rel}","templated":true}]}}