{"id":1050273,"date":"2025-10-16T09:50:07","date_gmt":"2025-10-16T06:50:07","guid":{"rendered":"https:\/\/darkamazi.info\/?p=1050273"},"modified":"2025-10-16T09:50:07","modified_gmt":"2025-10-16T06:50:07","slug":"duran-kalkan-bahceli-ji-rantxwaren-ser-e-nikare-me-bi-xapine","status":"publish","type":"post","link":"https:\/\/darkamazi.info\/archives\/1050273","title":{"rendered":"Duran kalkan: Bah\u00e7el\u00ee ji rantxwar\u00ean \u015fer e nikare me bi xap\u00eene"},"content":{"rendered":"<h3 style=\"text-align: justify\"><span style=\"font-family: 'arial black', sans-serif\">Bir\u00eavebir PKK\u00ea Duran Kalkan di salvegera yekem\u00een a p\u00eavajoya a\u015ftiy\u00ea de gav\u00ean hik\u00fbmet\u00ea rexne kirin \u00fb diyar kir ku Devlet Bah\u00e7el\u00ee soz\u00ean xwe bi cih neaniye \u00fb di astengkirina p\u00eavajoy\u00ea de rola \u201crantxwar\u00ean \u015fer\u201d heye.<\/span><\/h3>\n<h3 style=\"text-align: justify\"><span style=\"font-family: arial, helvetica, sans-serif\">Endam\u00ea Kom\u00eeteya Bir\u00eavebir a r\u00eaxistinan PKK\u00ea Duran Kalkan di salvegera yekem\u00een a p\u00eavajoya a\u015ftiy\u00ea de ji Medya Haber TVy\u00ea re axiv\u00ee \u00fb helwesta hik\u00fbmet\u00ea rexne kir.<\/span><\/h3>\n<h3 style=\"text-align: justify\"><span style=\"font-family: 'arial black', sans-serif;color: #8a0808\">Kalkan: Bah\u00e7el\u00ee ji rantxwar\u00ean \u015fer e<\/span><\/h3>\n<h3 style=\"text-align: justify\"><span style=\"font-family: arial, helvetica, sans-serif\">Kalkan diyar kir ku li Tirkiyey\u00ea &#8220;derdor\u00ean ku li dij\u00ee a\u015ft\u00ee \u00fb demokrasiy\u00ea ne hene&#8221; \u00fb got: \u201cKes\u00ean ku ji \u015fer, zext \u00fb zilm\u00ea s\u00fbd\u00ea werdigirin hene. Y\u00ean ku ji xw\u00een\u00ea s\u00fbd\u00ea werdigirin, rantxwar\u2026 Ji bo van ya her\u00ee rast gotina \u2018rantxwar\u00ean \u015fer\u2019 e.\u201d<\/span><\/h3>\n<h3 style=\"text-align: justify\"><span style=\"font-family: arial, helvetica, sans-serif\">Kalkan bal ki\u015fand ser biryar\u00ean Abdullah Ocalan \u00ean li ser r\u00eaxistin\u00ea \u00fb ew biryar\u00ean Ocalan \u00ean ji bo fesihkirina avaniya r\u00eaxistin\u00ee ya PKKy\u00ea \u00fb bidaw\u00eekirina stratejiya t\u00eako\u015f\u00eena \u00e7ekdar\u00ee bi b\u00eer an\u00ee.<\/span><\/h3>\n<h3 style=\"text-align: justify\"><span style=\"font-family: arial, helvetica, sans-serif\">Kalkan derbar\u00ea rew\u015fa Ocalan de wiha an\u00ee zim\u00ean, \u201cDi s\u00eestema tecr\u00eeda \u00cemraliy\u00ea de ti guhertin n\u00eene. Rew\u015fa reh\u00eenetiy\u00ea berdewam dike. Yasa bi awayek\u00ee qism\u00ee t\u00ean bicihan\u00een l\u00ea ten\u00ea ew qas.\u201d<\/span><\/h3>\n<h3 style=\"text-align: justify\"><span style=\"font-family: 'arial black', sans-serif;color: #8a0808\">Bah\u00e7el\u00ee soz\u00ean xwe ji b\u00eer kirine<\/span><\/h3>\n<h3 style=\"text-align: justify\"><span style=\"font-family: arial, helvetica, sans-serif\">Kalkan, gotin\u00ean Bah\u00e7el\u00ee y\u00ean derbar\u00ea p\u00eavajoy\u00ea de bi b\u00eer xist \u00fb ev ti\u015ft gotin: \u201cHelwesta ku 1\u00ea \u00c7iriya P\u00ea\u015f\u00een p\u00eavajo da destp\u00eakirin ya Bah\u00e7el\u00ee b\u00fb. 22y\u00ea \u00c7iriya P\u00ea\u015f\u00een bi axaftina xwe ya li Parlamentoy\u00ea gav av\u00eat; hevd\u00eetina ku 23y\u00ea \u00c7iriya P\u00ea\u015f\u00een pi\u015ft\u00ee 4 salan bi R\u00eaber Apo re hat kirin, lez da p\u00eavajoy\u00ea.<\/span><\/h3>\n<h3 style=\"text-align: justify\"><span style=\"font-family: arial, helvetica, sans-serif\">L\u00ea bel\u00ea di eniya dewlet\u00ea de ti guhertin n\u00eene. Wisa dixuye ku Bah\u00e7el\u00ee gotin\u00ean xwe y\u00ean wek\u00ee \u2018Bila were li Parlamentoy\u00ea biaxive, bila di koma DEM Partiy\u00ea de biaxive, bila li Enqerey\u00ea siyaset\u00ea bike\u2019 ji b\u00eer kiriye.<\/span><\/h3>\n<h3 style=\"text-align: justify\"><span style=\"font-family: arial, helvetica, sans-serif\">Niha dib\u00eaje, \u2018Bila ji \u00cemraliy\u00ea p\u00eavajoy\u00ea bi r\u00ea ve bibe, bila di merc\u00ean reh\u00eenetiy\u00ea de bang\u00ee Rojava bike!\u2019 Kesek di merc\u00ean reh\u00eenetiy\u00ea de dikare \u00e7i bike? Di s\u00eestema tecr\u00eed \u00fb \u00ee\u015fkencey\u00ea ya \u00cemraliy\u00ea de \u00e7i dikare were kirin?<\/span><\/h3>\n<h3 style=\"text-align: justify\"><span style=\"font-family: arial, helvetica, sans-serif\">Gelo Devlet Bah\u00e7el\u00ee ev yek ji b\u00eer kiriye? Salek derbas b\u00fb; ka gelo p\u00eaw\u00eestiya gotin\u00ean w\u00ee hat bicihan\u00een? Qet xema w\u00ee n\u00eene. Wisa dixuye ku ji b\u00eer kiriye. Gelo ew bawer dike ku ten\u00ea bi gotina \u2018r\u00eaber\u00ea damezir\u00eener\u2019 d\u00ea me bixap\u00eene.\u201d<\/span><\/h3>\n<h3 style=\"text-align: justify\"><span style=\"font-family: 'arial black', sans-serif;color: #8a0808\">A\u015ft\u00ee \u00fb demokrasiyeke bi v\u00ee reng\u00ee nabe<\/span><\/h3>\n<h3 style=\"text-align: justify\"><span style=\"font-family: arial, helvetica, sans-serif\">Kalkan an\u00ee ziman ku n\u00eaz\u00eekatiy\u00ean takt\u00eek\u00ee y\u00ean desthilat\u00ea p\u00eavajoy\u00ea lawaz dikin \u00fb \u00eari\u015f\u00ean \u201cderdor\u00ean rantxwar\u201d gur dikin \u00fb got: \u201cEw ji heqaret \u00fb bikaran\u00eena ziman\u00ea jehr\u00ee xwe pa\u015fve nadin. A\u015ft\u00ee \u00fb demokrasiyeke bi v\u00ee reng\u00ee nabe.\u201d<\/span><\/h3>\n<h3 style=\"text-align: justify\"><span style=\"font-family: arial, helvetica, sans-serif\">Kalkan rew\u015fa \u00eero ya p\u00eavajoy\u00ea nirxand \u00fb diyar kir ku ew pabend\u00ee biryar\u00ean Kongreya 12an a PKKy\u00ea ne.<\/span><\/h3>\n<h3 style=\"text-align: justify\"><span style=\"font-family: arial, helvetica, sans-serif\">Kalkan her wiha got, \u201cEm d\u00ea guher\u00een \u00fb veguher\u00een\u00ea p\u00eak b\u00eenin. Em di stratejiya siyaseta demokrat\u00eek de bi israr in. Bila r\u00ea li ber v\u00ea yek\u00ea vebe, bila zem\u00eena p\u00eaw\u00eest a hiq\u00fbq\u00ee \u00fb siyas\u00ee b\u00ea avakirin; em wek\u00ee tevahiya r\u00eaxistin\u00ea amade ne ku p\u00eaw\u00eestiyan bi cih b\u00eenin.\u201d<\/span><\/h3>\n<h3 style=\"text-align: justify\"><span style=\"font-family: arial, helvetica, sans-serif\">Kalkan, her wiha behsa serdana Serokkomar\u00ea Tirkiyey\u00ea Recep Tayy\u00eep Erdogan a \u015eerm \u015e\u00eax\u00ea ya bi rojeva agirbesta li Xezey\u00ea kir.<\/span><\/h3>\n<h3 style=\"text-align: justify\"><span style=\"font-family: arial, helvetica, sans-serif\">Kalkan \u00eedia kir ku Tirkiye li \u015f\u00fbna tifaqa bi Kurdan re &#8220;h\u00eaviya xwe bi \u00cesra\u00eel \u00fb Amer\u00eekay\u00ea ve gir\u00ea dide&#8221; \u00fb an\u00ee ziman ku tev\u00ee v\u00ea yek\u00ea j\u00ee Enqere &#8220;ji projey\u00ean r\u00eay\u00ean enerjiy\u00ea y\u00ean navnetewey\u00ee hatiye d\u00fbrxistin.&#8221;<\/span><\/h3>\n<h3 style=\"text-align: justify\"><span style=\"font-family: 'arial black', sans-serif;color: #8a0808\">Em d\u00ea bib\u00eenin, b\u00ea ka d\u00ea \u00e7i were ser\u00ea k\u00ea!<\/span><\/h3>\n<h3 style=\"text-align: justify\"><span style=\"font-family: arial, helvetica, sans-serif\">Kalkan wiha p\u00ea de \u00e7\u00fb:\u201cL\u00ea bel\u00ea dost\u00ea rast, h\u00eaza rast li k\u00ealeka wan e, li Tirkiyey\u00ea, li cem Kurdan e. Kurd civakeke 60 milyon\u00ee ne.<\/span><\/h3>\n<h3 style=\"text-align: justify\"><span style=\"font-family: arial, helvetica, sans-serif\">Ne ten\u00ea di nav s\u00eenor\u00ean Tirkiyey\u00ea de ne, li navenda Rojhilata Nav\u00een in. H\u00eaza her\u00ee stratej\u00eek ew in.<\/span><\/h3>\n<h3 style=\"text-align: justify\"><span style=\"font-family: arial, helvetica, sans-serif\">Niha em d\u00ea bib\u00eenin ku ew kes\u00ean ku \u00eero dest\u00ea wan girtine \u00fb dib\u00eajin \u2018Ez d\u00ea pi\u015ftgiriy\u00ea j\u00ea wergirim\u2019 sibe d\u00ea \u00e7i b\u00eenin ser\u00ea wan.<\/span><\/h3>\n<h3 style=\"text-align: justify\"><span style=\"font-family: arial, helvetica, sans-serif\">Me got. Em h\u00een j\u00ee li ser gotina xwe ne; d\u00ea her ti\u015ft li Qibris\u00ea diyar bibe! W\u00ea dem\u00ea em d\u00ea bib\u00eenin, b\u00ea ka d\u00ea \u00e7i were ser\u00ea k\u00ea.\u201d<\/span><\/h3>\n","protected":false},"excerpt":{"rendered":"<p>Bir\u00eavebir PKK\u00ea Duran Kalkan di salvegera yekem\u00een a p\u00eavajoya a\u015ftiy\u00ea de gav\u00ean hik\u00fbmet\u00ea rexne kirin \u00fb diyar kir ku Devlet Bah\u00e7el\u00ee soz\u00ean xwe bi cih neaniye \u00fb di astengkirina p\u00eavajoy\u00ea de rola \u201crantxwar\u00ean \u015fer\u201d heye. Endam\u00ea Kom\u00eeteya Bir\u00eavebir a r\u00eaxistinan PKK\u00ea Duran Kalkan di salvegera yekem\u00een a p\u00eavajoya a\u015ftiy\u00ea de ji Medya Haber TVy\u00ea re [&hellip;]<\/p>\n","protected":false},"author":2,"featured_media":1050274,"comment_status":"closed","ping_status":"closed","sticky":false,"template":"","format":"standard","meta":{"footnotes":""},"categories":[29],"tags":[37],"class_list":["post-1050273","post","type-post","status-publish","format-standard","has-post-thumbnail","hentry","category-kurdistan","tag-sereke"],"blocksy_meta":[],"seo_head":"<!-- This site is optimized with the Yoast SEO plugin v27.5 - https:\/\/yoast.com\/product\/yoast-seo-wordpress\/ -->\n<title>Duran kalkan: Bah\u00e7el\u00ee ji rantxwar\u00ean \u015fer e nikare me bi xap\u00eene - Darka Maz\u00ee<\/title>\n<meta name=\"robots\" content=\"index, follow, max-snippet:-1, max-image-preview:large, max-video-preview:-1\" \/>\n<link rel=\"canonical\" href=\"https:\/\/darkamazi.info\/archives\/1050273\" \/>\n<meta property=\"og:locale\" content=\"en_US\" \/>\n<meta property=\"og:type\" content=\"article\" \/>\n<meta property=\"og:title\" content=\"Duran kalkan: Bah\u00e7el\u00ee ji rantxwar\u00ean \u015fer e nikare me bi xap\u00eene - Darka Maz\u00ee\" \/>\n<meta property=\"og:description\" content=\"Bir\u00eavebir PKK\u00ea Duran Kalkan di salvegera yekem\u00een a p\u00eavajoya a\u015ftiy\u00ea de gav\u00ean hik\u00fbmet\u00ea rexne kirin \u00fb diyar kir ku Devlet Bah\u00e7el\u00ee soz\u00ean xwe bi cih neaniye \u00fb di astengkirina p\u00eavajoy\u00ea de rola \u201crantxwar\u00ean \u015fer\u201d heye. Endam\u00ea Kom\u00eeteya Bir\u00eavebir a r\u00eaxistinan PKK\u00ea Duran Kalkan di salvegera yekem\u00een a p\u00eavajoya a\u015ftiy\u00ea de ji Medya Haber TVy\u00ea re [&hellip;]\" \/>\n<meta property=\"og:url\" content=\"https:\/\/darkamazi.info\/archives\/1050273\" \/>\n<meta property=\"og:site_name\" content=\"Darka Maz\u00ee\" \/>\n<meta property=\"article:publisher\" content=\"https:\/\/www.facebook.com\/DarMaziKurmanci\" \/>\n<meta property=\"article:published_time\" content=\"2025-10-16T06:50:07+00:00\" \/>\n<meta property=\"og:image\" content=\"https:\/\/darkamazi.info\/file\/2025\/10\/kalkan-devlet-info.jpg\" \/>\n\t<meta property=\"og:image:width\" content=\"900\" \/>\n\t<meta property=\"og:image:height\" content=\"500\" \/>\n\t<meta property=\"og:image:type\" content=\"image\/jpeg\" \/>\n<meta name=\"author\" content=\"darka mazi\" \/>\n<meta name=\"twitter:card\" content=\"summary_large_image\" \/>\n<meta name=\"twitter:creator\" content=\"@DarkaMaziLatini\" \/>\n<meta name=\"twitter:site\" content=\"@DarkaMaziLatini\" \/>\n<meta name=\"twitter:label1\" content=\"Written by\" \/>\n\t<meta name=\"twitter:data1\" content=\"darka mazi\" \/>\n\t<meta name=\"twitter:label2\" content=\"Est. reading time\" \/>\n\t<meta name=\"twitter:data2\" content=\"3 minutes\" \/>\n<script type=\"application\/ld+json\" class=\"seo-schema-graph\">{\"@context\":\"https:\\\/\\\/schema.org\",\"@graph\":[{\"@type\":\"Article\",\"@id\":\"https:\\\/\\\/darkamazi.info\\\/archives\\\/1050273#article\",\"isPartOf\":{\"@id\":\"https:\\\/\\\/darkamazi.info\\\/archives\\\/1050273\"},\"author\":{\"name\":\"darka mazi\",\"@id\":\"https:\\\/\\\/darkamazi.info\\\/#\\\/schema\\\/person\\\/5ad3e24553a0567993fa8ed4bd0a776c\"},\"headline\":\"Duran kalkan: Bah\u00e7el\u00ee ji rantxwar\u00ean \u015fer e nikare me bi xap\u00eene\",\"datePublished\":\"2025-10-16T06:50:07+00:00\",\"mainEntityOfPage\":{\"@id\":\"https:\\\/\\\/darkamazi.info\\\/archives\\\/1050273\"},\"wordCount\":751,\"publisher\":{\"@id\":\"https:\\\/\\\/darkamazi.info\\\/#organization\"},\"image\":{\"@id\":\"https:\\\/\\\/darkamazi.info\\\/archives\\\/1050273#primaryimage\"},\"thumbnailUrl\":\"https:\\\/\\\/darkamazi.info\\\/darka-content\\\/uploads\\\/2025\\\/10\\\/kalkan-devlet-info.jpg\",\"keywords\":[\"sereke\"],\"articleSection\":[\"Kurdistan\"],\"inLanguage\":\"en-US\"},{\"@type\":\"WebPage\",\"@id\":\"https:\\\/\\\/darkamazi.info\\\/archives\\\/1050273\",\"url\":\"https:\\\/\\\/darkamazi.info\\\/archives\\\/1050273\",\"name\":\"Duran kalkan: Bah\u00e7el\u00ee ji rantxwar\u00ean \u015fer e nikare me bi xap\u00eene - Darka Maz\u00ee\",\"isPartOf\":{\"@id\":\"https:\\\/\\\/darkamazi.info\\\/#website\"},\"primaryImageOfPage\":{\"@id\":\"https:\\\/\\\/darkamazi.info\\\/archives\\\/1050273#primaryimage\"},\"image\":{\"@id\":\"https:\\\/\\\/darkamazi.info\\\/archives\\\/1050273#primaryimage\"},\"thumbnailUrl\":\"https:\\\/\\\/darkamazi.info\\\/darka-content\\\/uploads\\\/2025\\\/10\\\/kalkan-devlet-info.jpg\",\"datePublished\":\"2025-10-16T06:50:07+00:00\",\"breadcrumb\":{\"@id\":\"https:\\\/\\\/darkamazi.info\\\/archives\\\/1050273#breadcrumb\"},\"inLanguage\":\"en-US\",\"potentialAction\":[{\"@type\":\"ReadAction\",\"target\":[\"https:\\\/\\\/darkamazi.info\\\/archives\\\/1050273\"]}]},{\"@type\":\"ImageObject\",\"inLanguage\":\"en-US\",\"@id\":\"https:\\\/\\\/darkamazi.info\\\/archives\\\/1050273#primaryimage\",\"url\":\"https:\\\/\\\/darkamazi.info\\\/darka-content\\\/uploads\\\/2025\\\/10\\\/kalkan-devlet-info.jpg\",\"contentUrl\":\"https:\\\/\\\/darkamazi.info\\\/darka-content\\\/uploads\\\/2025\\\/10\\\/kalkan-devlet-info.jpg\",\"width\":900,\"height\":500,\"caption\":\"kalkan-devlet-info\"},{\"@type\":\"BreadcrumbList\",\"@id\":\"https:\\\/\\\/darkamazi.info\\\/archives\\\/1050273#breadcrumb\",\"itemListElement\":[{\"@type\":\"ListItem\",\"position\":1,\"name\":\"Home\",\"item\":\"https:\\\/\\\/darkamazi.info\\\/\"},{\"@type\":\"ListItem\",\"position\":2,\"name\":\"Duran kalkan: Bah\u00e7el\u00ee ji rantxwar\u00ean \u015fer e nikare me bi xap\u00eene\"}]},{\"@type\":\"WebSite\",\"@id\":\"https:\\\/\\\/darkamazi.info\\\/#website\",\"url\":\"https:\\\/\\\/darkamazi.info\\\/\",\"name\":\"Darka Maz\u00ee\",\"description\":\"P\u00eageha Zanyariy\u00ean Nebih\u00eest\u00ee\",\"publisher\":{\"@id\":\"https:\\\/\\\/darkamazi.info\\\/#organization\"},\"potentialAction\":[{\"@type\":\"SearchAction\",\"target\":{\"@type\":\"EntryPoint\",\"urlTemplate\":\"https:\\\/\\\/darkamazi.info\\\/?s={search_term_string}\"},\"query-input\":{\"@type\":\"PropertyValueSpecification\",\"valueRequired\":true,\"valueName\":\"search_term_string\"}}],\"inLanguage\":\"en-US\"},{\"@type\":\"Organization\",\"@id\":\"https:\\\/\\\/darkamazi.info\\\/#organization\",\"name\":\"Darka Maz\u00ee\",\"url\":\"https:\\\/\\\/darkamazi.info\\\/\",\"logo\":{\"@type\":\"ImageObject\",\"inLanguage\":\"en-US\",\"@id\":\"https:\\\/\\\/darkamazi.info\\\/#\\\/schema\\\/logo\\\/image\\\/\",\"url\":\"https:\\\/\\\/darkamazi.info\\\/darka-content\\\/uploads\\\/2017\\\/12\\\/darka-mazi-logo.png\",\"contentUrl\":\"https:\\\/\\\/darkamazi.info\\\/darka-content\\\/uploads\\\/2017\\\/12\\\/darka-mazi-logo.png\",\"width\":151,\"height\":75,\"caption\":\"Darka Maz\u00ee\"},\"image\":{\"@id\":\"https:\\\/\\\/darkamazi.info\\\/#\\\/schema\\\/logo\\\/image\\\/\"},\"sameAs\":[\"https:\\\/\\\/www.facebook.com\\\/DarMaziKurmanci\",\"https:\\\/\\\/x.com\\\/DarkaMaziLatini\",\"https:\\\/\\\/www.instagram.com\\\/darkamazi.kurmanci\\\/\",\"https:\\\/\\\/www.youtube.com\\\/channel\\\/UCa5HkTdmI8U1qCUFuTw8B2g\"]},{\"@type\":\"Person\",\"@id\":\"https:\\\/\\\/darkamazi.info\\\/#\\\/schema\\\/person\\\/5ad3e24553a0567993fa8ed4bd0a776c\",\"name\":\"darka mazi\",\"sameAs\":[\"https:\\\/\\\/darkamazi.info\\\/\"],\"url\":\"https:\\\/\\\/darkamazi.info\\\/archives\\\/author\\\/kurdi\"}]}<\/script>\n<!-- \/ Yoast SEO plugin. -->","seo_head_json":{"title":"Duran kalkan: Bah\u00e7el\u00ee ji rantxwar\u00ean \u015fer e nikare me bi xap\u00eene - Darka Maz\u00ee","robots":{"index":"index","follow":"follow","max-snippet":"max-snippet:-1","max-image-preview":"max-image-preview:large","max-video-preview":"max-video-preview:-1"},"canonical":"https:\/\/darkamazi.info\/archives\/1050273","og_locale":"en_US","og_type":"article","og_title":"Duran kalkan: Bah\u00e7el\u00ee ji rantxwar\u00ean \u015fer e nikare me bi xap\u00eene - Darka Maz\u00ee","og_description":"Bir\u00eavebir PKK\u00ea Duran Kalkan di salvegera yekem\u00een a p\u00eavajoya a\u015ftiy\u00ea de gav\u00ean hik\u00fbmet\u00ea rexne kirin \u00fb diyar kir ku Devlet Bah\u00e7el\u00ee soz\u00ean xwe bi cih neaniye \u00fb di astengkirina p\u00eavajoy\u00ea de rola \u201crantxwar\u00ean \u015fer\u201d heye. Endam\u00ea Kom\u00eeteya Bir\u00eavebir a r\u00eaxistinan PKK\u00ea Duran Kalkan di salvegera yekem\u00een a p\u00eavajoya a\u015ftiy\u00ea de ji Medya Haber TVy\u00ea re [&hellip;]","og_url":"https:\/\/darkamazi.info\/archives\/1050273","og_site_name":"Darka Maz\u00ee","article_publisher":"https:\/\/www.facebook.com\/DarMaziKurmanci","article_published_time":"2025-10-16T06:50:07+00:00","og_image":[{"width":900,"height":500,"url":"https:\/\/darkamazi.info\/file\/2025\/10\/kalkan-devlet-info.jpg","type":"image\/jpeg"}],"author":"darka mazi","twitter_card":"summary_large_image","twitter_creator":"@DarkaMaziLatini","twitter_site":"@DarkaMaziLatini","twitter_misc":{"Written by":"darka mazi","Est. reading time":"3 minutes"},"schema":{"@context":"https:\/\/schema.org","@graph":[{"@type":"Article","@id":"https:\/\/darkamazi.info\/archives\/1050273#article","isPartOf":{"@id":"https:\/\/darkamazi.info\/archives\/1050273"},"author":{"name":"darka mazi","@id":"https:\/\/darkamazi.info\/#\/schema\/person\/5ad3e24553a0567993fa8ed4bd0a776c"},"headline":"Duran kalkan: Bah\u00e7el\u00ee ji rantxwar\u00ean \u015fer e nikare me bi xap\u00eene","datePublished":"2025-10-16T06:50:07+00:00","mainEntityOfPage":{"@id":"https:\/\/darkamazi.info\/archives\/1050273"},"wordCount":751,"publisher":{"@id":"https:\/\/darkamazi.info\/#organization"},"image":{"@id":"https:\/\/darkamazi.info\/archives\/1050273#primaryimage"},"thumbnailUrl":"https:\/\/darkamazi.info\/file\/2025\/10\/kalkan-devlet-info.jpg","keywords":["sereke"],"articleSection":["Kurdistan"],"inLanguage":"en-US"},{"@type":"WebPage","@id":"https:\/\/darkamazi.info\/archives\/1050273","url":"https:\/\/darkamazi.info\/archives\/1050273","name":"Duran kalkan: Bah\u00e7el\u00ee ji rantxwar\u00ean \u015fer e nikare me bi xap\u00eene - Darka Maz\u00ee","isPartOf":{"@id":"https:\/\/darkamazi.info\/#website"},"primaryImageOfPage":{"@id":"https:\/\/darkamazi.info\/archives\/1050273#primaryimage"},"image":{"@id":"https:\/\/darkamazi.info\/archives\/1050273#primaryimage"},"thumbnailUrl":"https:\/\/darkamazi.info\/file\/2025\/10\/kalkan-devlet-info.jpg","datePublished":"2025-10-16T06:50:07+00:00","breadcrumb":{"@id":"https:\/\/darkamazi.info\/archives\/1050273#breadcrumb"},"inLanguage":"en-US","potentialAction":[{"@type":"ReadAction","target":["https:\/\/darkamazi.info\/archives\/1050273"]}]},{"@type":"ImageObject","inLanguage":"en-US","@id":"https:\/\/darkamazi.info\/archives\/1050273#primaryimage","url":"https:\/\/darkamazi.info\/file\/2025\/10\/kalkan-devlet-info.jpg","contentUrl":"https:\/\/darkamazi.info\/file\/2025\/10\/kalkan-devlet-info.jpg","width":900,"height":500,"caption":"kalkan-devlet-info"},{"@type":"BreadcrumbList","@id":"https:\/\/darkamazi.info\/archives\/1050273#breadcrumb","itemListElement":[{"@type":"ListItem","position":1,"name":"Home","item":"https:\/\/darkamazi.info\/"},{"@type":"ListItem","position":2,"name":"Duran kalkan: Bah\u00e7el\u00ee ji rantxwar\u00ean \u015fer e nikare me bi xap\u00eene"}]},{"@type":"WebSite","@id":"https:\/\/darkamazi.info\/#website","url":"https:\/\/darkamazi.info\/","name":"Darka Maz\u00ee","description":"P\u00eageha Zanyariy\u00ean Nebih\u00eest\u00ee","publisher":{"@id":"https:\/\/darkamazi.info\/#organization"},"potentialAction":[{"@type":"SearchAction","target":{"@type":"EntryPoint","urlTemplate":"https:\/\/darkamazi.info\/?s={search_term_string}"},"query-input":{"@type":"PropertyValueSpecification","valueRequired":true,"valueName":"search_term_string"}}],"inLanguage":"en-US"},{"@type":"Organization","@id":"https:\/\/darkamazi.info\/#organization","name":"Darka Maz\u00ee","url":"https:\/\/darkamazi.info\/","logo":{"@type":"ImageObject","inLanguage":"en-US","@id":"https:\/\/darkamazi.info\/#\/schema\/logo\/image\/","url":"https:\/\/darkamazi.info\/file\/2017\/12\/darka-mazi-logo.png","contentUrl":"https:\/\/darkamazi.info\/file\/2017\/12\/darka-mazi-logo.png","width":151,"height":75,"caption":"Darka Maz\u00ee"},"image":{"@id":"https:\/\/darkamazi.info\/#\/schema\/logo\/image\/"},"sameAs":["https:\/\/www.facebook.com\/DarMaziKurmanci","https:\/\/x.com\/DarkaMaziLatini","https:\/\/www.instagram.com\/darkamazi.kurmanci\/","https:\/\/www.youtube.com\/channel\/UCa5HkTdmI8U1qCUFuTw8B2g"]},{"@type":"Person","@id":"https:\/\/darkamazi.info\/#\/schema\/person\/5ad3e24553a0567993fa8ed4bd0a776c","name":"darka mazi","sameAs":["https:\/\/darkamazi.info\/"],"url":"https:\/\/darkamazi.info\/archives\/author\/kurdi"}]}},"_links":{"self":[{"href":"https:\/\/darkamazi.info\/funavuv\/wp\/v2\/posts\/1050273","targetHints":{"allow":["GET"]}}],"collection":[{"href":"https:\/\/darkamazi.info\/funavuv\/wp\/v2\/posts"}],"about":[{"href":"https:\/\/darkamazi.info\/funavuv\/wp\/v2\/types\/post"}],"author":[{"embeddable":true,"href":"https:\/\/darkamazi.info\/funavuv\/wp\/v2\/users\/2"}],"replies":[{"embeddable":true,"href":"https:\/\/darkamazi.info\/funavuv\/wp\/v2\/comments?post=1050273"}],"version-history":[{"count":0,"href":"https:\/\/darkamazi.info\/funavuv\/wp\/v2\/posts\/1050273\/revisions"}],"wp:featuredmedia":[{"embeddable":true,"href":"https:\/\/darkamazi.info\/funavuv\/wp\/v2\/media\/1050274"}],"wp:attachment":[{"href":"https:\/\/darkamazi.info\/funavuv\/wp\/v2\/media?parent=1050273"}],"wp:term":[{"taxonomy":"category","embeddable":true,"href":"https:\/\/darkamazi.info\/funavuv\/wp\/v2\/categories?post=1050273"},{"taxonomy":"post_tag","embeddable":true,"href":"https:\/\/darkamazi.info\/funavuv\/wp\/v2\/tags?post=1050273"}],"curies":[{"name":"wp","href":"https:\/\/api.w.org\/{rel}","templated":true}]}}