{"id":1050295,"date":"2025-10-18T17:04:47","date_gmt":"2025-10-18T14:04:47","guid":{"rendered":"https:\/\/darkamazi.info\/?p=1050295"},"modified":"2025-10-18T17:04:47","modified_gmt":"2025-10-18T14:04:47","slug":"pdk-kurdistan-e","status":"publish","type":"post","link":"https:\/\/darkamazi.info\/archives\/1050295","title":{"rendered":"PDK Kurdistan e!!!"},"content":{"rendered":"<h3 style=\"text-align: justify\"><span style=\"font-family: 'arial black', sans-serif;color: #0000ff\">B\u00fbb\u00ea Eser<\/span><\/h3>\n<h3 style=\"text-align: justify\"><span style=\"font-family: 'arial black', sans-serif\">Tevgerek, partyeke, saz\u00ee \u00fb dezgehek ji bona b\u00eer \u00fb baweriyek\u00ea, ji bona armanc \u00fb deskeftinek\u00ea t\u00eane damezrandin. Y\u00ean li ser v\u00ea r\u00eaye \u00fb armanc\u00ea ne xwed\u00ee d\u00eerokek\u00ea bin, ew \u00ean ne xwed\u00ee teko\u015f\u00eeneke d\u00fbr \u00fb dir\u00eaj bin, ew \u00ean di teko\u015f\u00eena xwe de di war\u00ea netewey\u00ee de qels bin. Loma j\u00ee nikarin bibin per\u00e7ek\u00ee asas y\u00ean welat\u00ea xwe.<\/span><\/h3>\n<h3 style=\"text-align: justify\">Bala xwe bidin\u00ea, bixw\u00eenin \u00fb l\u00ea bikol\u00ean h\u00fbn\u00ea bib\u00eenin, Barzaniyan eva sed salin ku teko\u015f\u00eena azadiya gel\u00ea xwe b\u00ea navber dane \u00fb didom\u00eenin. Bi v\u00ea yek\u00ea j\u00ee xwe kirine Kurdistan \u00fb Kurdistan kirin nav\u00ea xwe.<\/h3>\n<h3 style=\"text-align: justify\">Li seran ser\u00ea c\u00eehan\u00ea dema nav\u00ea Barzaniyan t\u00ea gotin, yek ser Kurdistan t\u00ea aqil \u00fb hi\u015fan. Ji ber ku Barzaniyan bi teko\u015f\u00eena xwe ya d\u00fbr \u00fb dir\u00eaj ya b\u00ea rawestandin,di nav kurdan \u00fb li c\u00eehan\u00ea nav\u00ea xwe \u00fb y\u00ea Kurdistan\u00ea dane qeb\u00fblkirin.<\/h3>\n<h3 style=\"text-align: justify\">Pi\u015ft\u00ee berxwedan \u00fb teko\u015f\u00eena Kurdan ya li her \u00e7ar per\u00e7an tek\u00e7\u00ea b\u00fb. Dagirkeran bi hevre t\u00eak\u00e7\u00fbna kurdan p\u00eeroz dikirin. L\u00ea Barzaniyan bi gulleya \u015fore\u015fa \u00eelon\u00ea ew k\u00eaf di qirika wan de hi\u015ft. Bi deng\u00ea w\u00ea gulley\u00ea gemara guh\u00ean kurdan ku kerr b\u00fb b\u00fbn, paqij kir. \u00c7av\u00ean kor b\u00fb b\u00fbn, vekir. Ziman\u00ea di devan b\u00eadeng mab\u00fb, bi deng kir. Kurd\u00ean ku ji n\u00fbde \u00e7av\u00ean wan veb\u00fb, guh\u00ean wan paqij b\u00fb, ziman\u00ea wan geriya, bi govend \u00fb \u015fahiyan, k\u00eafa dagirkeran revandin, tirs \u00fb xof ji n\u00fbde xiste dil\u00ea wan.<\/h3>\n<h3 style=\"text-align: justify\">Ew j\u00ee li xwe hay b\u00fbn ku wan kurd neqedandinin. Biryar dan ku div\u00ea ber\u00ea Barzaniyan biqed\u00eenin. Ji ber ku bi hevre gihi\u015ftin w\u00ea baweriy\u00ea ku heta Barzan\u00ee hebin, d\u00ea teko\u015f\u00eena kurdan ya li hember wan j\u00ee her hebe. Loma dagirkeran bi hevre ber\u00ea \u00e7ek\u00ean xwe dane Barzaniyan.\u00a0 Ji ber v\u00ea b\u00fb ku \u00e7i ti\u015ft\u00ean xerab heb\u00fbn an\u00een ser\u00ea wan. Komkuj\u00ee, Enfal \u00fb k\u00eemyabaran\u00ee.<\/h3>\n<h3 style=\"text-align: justify\">Ev ne bes b\u00fb ji\u00a0 kurdan partyeke xwe \u00e7\u00ea kirin \u00fb li ser dest\u00ea wan ew berra p\u00eax\u00eela Barzaniyan \u00fb kurdan dan. L\u00ea d\u00eesa j\u00ee \u00e7i kirin nikar\u00eeb\u00fbn Barzaniyan biqed\u00eenin. Ji ber ku \u00ead\u00ee Barzan\u00ee b\u00fb b\u00fbn Kurdistan \u00fb Kurdistan j\u00ee b\u00fb b\u00fb Barzan\u00ee. Loma j\u00ee heta ku Barzan\u00ee hebin d\u00ea Kurdistan him hebe \u00fb him j\u00ee d\u00ea misoger \u00fb avadan b\u00ee.<\/h3>\n<h3 style=\"text-align: justify\">Ji ber v\u00ea ye ku hilbijartin\u00ean li Irak\u00ea gir\u00eeng e ku div\u00ea Barzan\u00ee ango PDK bi saya dengd\u00ear\u00ean ji welat\u00ea xwe hez dikin, bi serkeve. P\u00eaw\u00eeste Kurd v\u00ea car\u00ea partiy\u00ea bikin h\u00eazeke mezin \u00fb sereke da ku ew j\u00ee li hember dagirker\u00ean Irak\u00ea rehet tevbigere. Ji bona hem\u00ee k\u00ea\u015fey\u00ean di navbera Irak \u00fb Kurdistan\u00ea de hene \u00e7areser bike \u00fb gaveke din berbi serxweb\u00fbn\u00ea ve biav\u00eajin, div\u00ea part\u00ee bi serkev e.<\/h3>\n<h3 style=\"text-align: justify\">Ey miley\u00ea b\u00ea dewlet; ji bona ku tu bib\u00ee dewlet, di v\u00ea hilbijartina ku w\u00ea li Iraq\u00ea di roj\u00ean 11-11-2025an de p\u00eak b\u00ea, deng\u00ea xwe bidin l\u00eesteya 275an da ku tu bikaribe maf\u00ea xwe \u00ea rewa bi dest bixe. Ev l\u00eesteyeke p\u00eeroz e ku berdewamiya bi salan e.<\/h3>\n<h3 style=\"text-align: justify\">Ev l\u00eeste bi xw\u00eena cangoriyan, Enfaliyan \u00fb bombebaran\u00ean ku hatine ser\u00ea kurdan, hatiye hazirkirin da ku xwed\u00ee li kurd\u00ean b\u00ea dewlet derkev e.<\/h3>\n<h3 style=\"text-align: justify\">L\u00eesta 275 berdewamiya teko\u015f\u00eena sed salan ya Barzaniyan e ku b\u00ea westan ji bona azad\u00ee \u00fb serxweb\u00fbna gel\u00ea xwe teko\u015f\u00een dane. Ji bona w\u00ea teko\u015f\u00een \u00fb armanca bi salan p\u00eak b\u00ea div\u00ea kurd\u00ean me y\u00ean ba\u015f\u00fbr\u00ea Kurdistan\u00ea deng bidin w\u00ea.<\/h3>\n<h3 style=\"text-align: justify\">Ji bona ku milet\u00ea kurd\u00a0 careke din roj \u00fb b\u00fbyer\u00ean qir\u00eaj neb\u00eene, deng\u00ea xwe bide xwe, tu l\u00eesteya 275an e. Tu nebiy\u00ea teko\u015f\u00eena sed salan e. Bi serketina v\u00ea l\u00eest\u00ea d\u00ea kurd\u00ean her\u00e7ar per\u00e7an ji komkujiy\u00ea ji ko\u00e7ber\u00ee \u00fb ji tuneb\u00fbn\u00ea b\u00eane azad kirin.<\/h3>\n<h3 style=\"text-align: justify\">Heger h\u00fbn naxwazin tune bibin \u00fb li ser r\u00fby\u00ea v\u00ea c\u00eehan\u00ea bi azad\u00ee bij\u00een, div\u00ea tu \u00fb h\u00fbn deng\u00ea xwe bidin xwe ango l\u00eesteya 275an. Ji ber ku hercar firset\u00ean weha gir\u00eeng bi dest kurdan nakeve. V\u00ea firset\u00ea ba\u015f bi kar b\u00eenin, partiy\u00ea ango PDK bikin yekem da ku ew j\u00ee bikaribe doza maf\u00ea we \u00fb xizmeta we bike.<\/h3>\n<h3 style=\"text-align: justify\">Kurdno gotina serok Barzan\u00ee ku dib\u00eaje: \u201dKurdistan ne nex\u015feyeke ji kaxet\u00ea ye. Ew xw\u00eena damara Kurdan e\u201d.\u00a0 Gotin\u00ean Serok\u00ea Her\u00eama Kurdistan r\u00eazdar N\u00ea\u00e7\u00eervan Barzan\u00ee \u00fb serokwez\u00eer\u00ea Her\u00eama Kurdistan\u00ea ku di Karneval \u00fb civ\u00eena li Hewl\u00ear\u00ea dib\u00eaje ba\u015f bixw\u00eenin \u00fb \u015firove bikin. Van gotinan bikin guhar \u00fb bi bixin guh\u00ean xwe da ku tim b\u00ea b\u00eera te \u00fb we. Heta ku em weke kurd serok \u00fb r\u00eaber\u00ean xwe guhdar\u00ee nekin, gotin \u00fb \u015firovey\u00ean wan nep\u00eevin, em \u00ea bi hevre wenda bikin. Loma j\u00ee gir\u00eeng e ku h\u00fbn guh bidin van gotin\u00ean r\u00eazdar N\u00ea\u00e7\u00eervan Barzan ku dib\u00eaje:<\/h3>\n<h3 style=\"text-align: justify\">\u201c-Deng ji 800 hezaran bikin milyonek.<\/h3>\n<h3 style=\"text-align: justify\">-Part\u00ee Kurdistan e, armanca w\u00ea avadan e.<\/h3>\n<h3 style=\"text-align: justify\">-Serok Barzan\u00ee em f\u00ear kirine, part\u00ee avraz e, Kurdistan armanc e.<\/h3>\n<h3 style=\"text-align: justify\">-Ji bona Kurdistaneke bi h\u00eaz div\u00ea part\u00ee bi h\u00eaz be.<\/h3>\n<h3 style=\"text-align: justify\">-Part\u00ee li Baxday\u00ea \u00e7iqas\u00ee bi h\u00eaz be, kurdistan j\u00ee ewqas\u00ee bi h\u00eaz dibe.<\/h3>\n<h3 style=\"text-align: justify\">-Li Kurdistan\u00ea em her partiyek bi ser\u00ea xwe kar dikin l\u00ea div\u00ea em li Baxday\u00ea yek bin.<\/h3>\n<h3 style=\"text-align: justify\">-Ev hilbijartin zor gir\u00eeng e. Div\u00ea kurd yek deng bin.\u201d<\/h3>\n<h3 style=\"text-align: justify\">Her weha serokwez\u00eer\u00ea Kurdistan\u00ea r\u00eazdar Mesr\u00fbr Barzan\u00ee di civ\u00eena destp\u00eakirina propayanda hilbijartina ya li Hewr\u00ea weha dib\u00eaje:<\/h3>\n<h3 style=\"text-align: justify\">-Y\u00ean ku nikarin li Kurdistan\u00ea rikberiya PDK\u00ea bikin, di\u00e7in Bexday\u00ea \u00fb li wir hewl didin ku partiy\u00ea b\u00ea erk bikin.<\/h3>\n<h3 style=\"text-align: justify\">-Div\u00ea em bi\u00e7in Bexday\u00ea \u00fb li wir li ser maf\u00ean dest\u00fbr\u00ea y\u00ean kurdan \u015fer bikin<\/h3>\n<h3 style=\"text-align: justify\">-P\u00eaw\u00eest e em di v\u00ea hilbijartin\u00ea de xwe gelek biwest\u00eenin da ku biserbikevin.<\/h3>\n<h3 style=\"text-align: justify\">-Serxistina l\u00eesta PDK\u00ea ji bona bidestxistina xewn\u00ean Kurdan gelek\u00ee gir\u00eeng e.<\/h3>\n<h3 style=\"text-align: justify\">-Em bi h\u00eav\u00ee ne ku d\u00ea p\u00ea\u015feng\u00ea Kurdan w\u00ea her PDK be \u00fb serok Barzan\u00ee j\u00ee her serok be.<\/h3>\n<h3 style=\"text-align: justify\">Xuya ye li vir r\u00eazdaran sinyalek\u00ea dide, loma dib\u00eajin: \u201dEv hilbijaratin gir\u00eeng e\u201d. Heger part\u00ee bi serbikeve w\u00ea kurd bibin xwed\u00ee destkeftiya ku li bend\u00ea b\u00fbn.<\/h3>\n","protected":false},"excerpt":{"rendered":"<p>B\u00fbb\u00ea Eser Tevgerek, partyeke, saz\u00ee \u00fb dezgehek ji bona b\u00eer \u00fb baweriyek\u00ea, ji bona armanc \u00fb deskeftinek\u00ea t\u00eane damezrandin. Y\u00ean li ser v\u00ea r\u00eaye \u00fb armanc\u00ea ne xwed\u00ee d\u00eerokek\u00ea bin, ew \u00ean ne xwed\u00ee teko\u015f\u00eeneke d\u00fbr \u00fb dir\u00eaj bin, ew \u00ean di teko\u015f\u00eena xwe de di war\u00ea netewey\u00ee de qels bin. Loma j\u00ee nikarin bibin [&hellip;]<\/p>\n","protected":false},"author":2,"featured_media":1049080,"comment_status":"closed","ping_status":"closed","sticky":false,"template":"","format":"standard","meta":{"footnotes":""},"categories":[28],"tags":[83,37],"class_list":["post-1050295","post","type-post","status-publish","format-standard","has-post-thumbnail","hentry","category-nerin","tag-bube-eser","tag-sereke"],"blocksy_meta":[],"seo_head":"<!-- This site is optimized with the Yoast SEO plugin v27.5 - https:\/\/yoast.com\/product\/yoast-seo-wordpress\/ -->\n<title>PDK Kurdistan e!!! - Darka Maz\u00ee<\/title>\n<meta name=\"robots\" content=\"index, follow, max-snippet:-1, max-image-preview:large, max-video-preview:-1\" \/>\n<link rel=\"canonical\" href=\"https:\/\/darkamazi.info\/archives\/1050295\" \/>\n<meta property=\"og:locale\" content=\"en_US\" \/>\n<meta property=\"og:type\" content=\"article\" \/>\n<meta property=\"og:title\" content=\"PDK Kurdistan e!!! - Darka Maz\u00ee\" \/>\n<meta property=\"og:description\" content=\"B\u00fbb\u00ea Eser Tevgerek, partyeke, saz\u00ee \u00fb dezgehek ji bona b\u00eer \u00fb baweriyek\u00ea, ji bona armanc \u00fb deskeftinek\u00ea t\u00eane damezrandin. Y\u00ean li ser v\u00ea r\u00eaye \u00fb armanc\u00ea ne xwed\u00ee d\u00eerokek\u00ea bin, ew \u00ean ne xwed\u00ee teko\u015f\u00eeneke d\u00fbr \u00fb dir\u00eaj bin, ew \u00ean di teko\u015f\u00eena xwe de di war\u00ea netewey\u00ee de qels bin. Loma j\u00ee nikarin bibin [&hellip;]\" \/>\n<meta property=\"og:url\" content=\"https:\/\/darkamazi.info\/archives\/1050295\" \/>\n<meta property=\"og:site_name\" content=\"Darka Maz\u00ee\" \/>\n<meta property=\"article:publisher\" content=\"https:\/\/www.facebook.com\/DarMaziKurmanci\" \/>\n<meta property=\"article:published_time\" content=\"2025-10-18T14:04:47+00:00\" \/>\n<meta property=\"og:image\" content=\"https:\/\/darkamazi.info\/file\/2025\/07\/Bube-eser-1-1.jpg\" \/>\n\t<meta property=\"og:image:width\" content=\"900\" \/>\n\t<meta property=\"og:image:height\" content=\"497\" \/>\n\t<meta property=\"og:image:type\" content=\"image\/jpeg\" \/>\n<meta name=\"author\" content=\"darka mazi\" \/>\n<meta name=\"twitter:card\" content=\"summary_large_image\" \/>\n<meta name=\"twitter:creator\" content=\"@DarkaMaziLatini\" \/>\n<meta name=\"twitter:site\" content=\"@DarkaMaziLatini\" \/>\n<meta name=\"twitter:label1\" content=\"Written by\" \/>\n\t<meta name=\"twitter:data1\" content=\"darka mazi\" \/>\n\t<meta name=\"twitter:label2\" content=\"Est. reading time\" \/>\n\t<meta name=\"twitter:data2\" content=\"5 minutes\" \/>\n<script type=\"application\/ld+json\" class=\"seo-schema-graph\">{\"@context\":\"https:\\\/\\\/schema.org\",\"@graph\":[{\"@type\":\"Article\",\"@id\":\"https:\\\/\\\/darkamazi.info\\\/archives\\\/1050295#article\",\"isPartOf\":{\"@id\":\"https:\\\/\\\/darkamazi.info\\\/archives\\\/1050295\"},\"author\":{\"name\":\"darka mazi\",\"@id\":\"https:\\\/\\\/darkamazi.info\\\/#\\\/schema\\\/person\\\/5ad3e24553a0567993fa8ed4bd0a776c\"},\"headline\":\"PDK Kurdistan e!!!\",\"datePublished\":\"2025-10-18T14:04:47+00:00\",\"mainEntityOfPage\":{\"@id\":\"https:\\\/\\\/darkamazi.info\\\/archives\\\/1050295\"},\"wordCount\":1052,\"publisher\":{\"@id\":\"https:\\\/\\\/darkamazi.info\\\/#organization\"},\"image\":{\"@id\":\"https:\\\/\\\/darkamazi.info\\\/archives\\\/1050295#primaryimage\"},\"thumbnailUrl\":\"https:\\\/\\\/darkamazi.info\\\/darka-content\\\/uploads\\\/2025\\\/07\\\/Bube-eser-1-1.jpg\",\"keywords\":[\"B\u00fbb\u00ea Eser\",\"sereke\"],\"articleSection\":[\"Ner\u00een\"],\"inLanguage\":\"en-US\"},{\"@type\":\"WebPage\",\"@id\":\"https:\\\/\\\/darkamazi.info\\\/archives\\\/1050295\",\"url\":\"https:\\\/\\\/darkamazi.info\\\/archives\\\/1050295\",\"name\":\"PDK Kurdistan e!!! - Darka Maz\u00ee\",\"isPartOf\":{\"@id\":\"https:\\\/\\\/darkamazi.info\\\/#website\"},\"primaryImageOfPage\":{\"@id\":\"https:\\\/\\\/darkamazi.info\\\/archives\\\/1050295#primaryimage\"},\"image\":{\"@id\":\"https:\\\/\\\/darkamazi.info\\\/archives\\\/1050295#primaryimage\"},\"thumbnailUrl\":\"https:\\\/\\\/darkamazi.info\\\/darka-content\\\/uploads\\\/2025\\\/07\\\/Bube-eser-1-1.jpg\",\"datePublished\":\"2025-10-18T14:04:47+00:00\",\"breadcrumb\":{\"@id\":\"https:\\\/\\\/darkamazi.info\\\/archives\\\/1050295#breadcrumb\"},\"inLanguage\":\"en-US\",\"potentialAction\":[{\"@type\":\"ReadAction\",\"target\":[\"https:\\\/\\\/darkamazi.info\\\/archives\\\/1050295\"]}]},{\"@type\":\"ImageObject\",\"inLanguage\":\"en-US\",\"@id\":\"https:\\\/\\\/darkamazi.info\\\/archives\\\/1050295#primaryimage\",\"url\":\"https:\\\/\\\/darkamazi.info\\\/darka-content\\\/uploads\\\/2025\\\/07\\\/Bube-eser-1-1.jpg\",\"contentUrl\":\"https:\\\/\\\/darkamazi.info\\\/darka-content\\\/uploads\\\/2025\\\/07\\\/Bube-eser-1-1.jpg\",\"width\":900,\"height\":497,\"caption\":\"\u00c7ekdan\u00eena PKK \u00fb \u00c7\u00eeroka \u00ea gund\u00ee\"},{\"@type\":\"BreadcrumbList\",\"@id\":\"https:\\\/\\\/darkamazi.info\\\/archives\\\/1050295#breadcrumb\",\"itemListElement\":[{\"@type\":\"ListItem\",\"position\":1,\"name\":\"Home\",\"item\":\"https:\\\/\\\/darkamazi.info\\\/\"},{\"@type\":\"ListItem\",\"position\":2,\"name\":\"PDK Kurdistan e!!!\"}]},{\"@type\":\"WebSite\",\"@id\":\"https:\\\/\\\/darkamazi.info\\\/#website\",\"url\":\"https:\\\/\\\/darkamazi.info\\\/\",\"name\":\"Darka Maz\u00ee\",\"description\":\"P\u00eageha Zanyariy\u00ean Nebih\u00eest\u00ee\",\"publisher\":{\"@id\":\"https:\\\/\\\/darkamazi.info\\\/#organization\"},\"potentialAction\":[{\"@type\":\"SearchAction\",\"target\":{\"@type\":\"EntryPoint\",\"urlTemplate\":\"https:\\\/\\\/darkamazi.info\\\/?s={search_term_string}\"},\"query-input\":{\"@type\":\"PropertyValueSpecification\",\"valueRequired\":true,\"valueName\":\"search_term_string\"}}],\"inLanguage\":\"en-US\"},{\"@type\":\"Organization\",\"@id\":\"https:\\\/\\\/darkamazi.info\\\/#organization\",\"name\":\"Darka Maz\u00ee\",\"url\":\"https:\\\/\\\/darkamazi.info\\\/\",\"logo\":{\"@type\":\"ImageObject\",\"inLanguage\":\"en-US\",\"@id\":\"https:\\\/\\\/darkamazi.info\\\/#\\\/schema\\\/logo\\\/image\\\/\",\"url\":\"https:\\\/\\\/darkamazi.info\\\/darka-content\\\/uploads\\\/2017\\\/12\\\/darka-mazi-logo.png\",\"contentUrl\":\"https:\\\/\\\/darkamazi.info\\\/darka-content\\\/uploads\\\/2017\\\/12\\\/darka-mazi-logo.png\",\"width\":151,\"height\":75,\"caption\":\"Darka Maz\u00ee\"},\"image\":{\"@id\":\"https:\\\/\\\/darkamazi.info\\\/#\\\/schema\\\/logo\\\/image\\\/\"},\"sameAs\":[\"https:\\\/\\\/www.facebook.com\\\/DarMaziKurmanci\",\"https:\\\/\\\/x.com\\\/DarkaMaziLatini\",\"https:\\\/\\\/www.instagram.com\\\/darkamazi.kurmanci\\\/\",\"https:\\\/\\\/www.youtube.com\\\/channel\\\/UCa5HkTdmI8U1qCUFuTw8B2g\"]},{\"@type\":\"Person\",\"@id\":\"https:\\\/\\\/darkamazi.info\\\/#\\\/schema\\\/person\\\/5ad3e24553a0567993fa8ed4bd0a776c\",\"name\":\"darka mazi\",\"sameAs\":[\"https:\\\/\\\/darkamazi.info\\\/\"],\"url\":\"https:\\\/\\\/darkamazi.info\\\/archives\\\/author\\\/kurdi\"}]}<\/script>\n<!-- \/ Yoast SEO plugin. -->","seo_head_json":{"title":"PDK Kurdistan e!!! - Darka Maz\u00ee","robots":{"index":"index","follow":"follow","max-snippet":"max-snippet:-1","max-image-preview":"max-image-preview:large","max-video-preview":"max-video-preview:-1"},"canonical":"https:\/\/darkamazi.info\/archives\/1050295","og_locale":"en_US","og_type":"article","og_title":"PDK Kurdistan e!!! - Darka Maz\u00ee","og_description":"B\u00fbb\u00ea Eser Tevgerek, partyeke, saz\u00ee \u00fb dezgehek ji bona b\u00eer \u00fb baweriyek\u00ea, ji bona armanc \u00fb deskeftinek\u00ea t\u00eane damezrandin. Y\u00ean li ser v\u00ea r\u00eaye \u00fb armanc\u00ea ne xwed\u00ee d\u00eerokek\u00ea bin, ew \u00ean ne xwed\u00ee teko\u015f\u00eeneke d\u00fbr \u00fb dir\u00eaj bin, ew \u00ean di teko\u015f\u00eena xwe de di war\u00ea netewey\u00ee de qels bin. Loma j\u00ee nikarin bibin [&hellip;]","og_url":"https:\/\/darkamazi.info\/archives\/1050295","og_site_name":"Darka Maz\u00ee","article_publisher":"https:\/\/www.facebook.com\/DarMaziKurmanci","article_published_time":"2025-10-18T14:04:47+00:00","og_image":[{"width":900,"height":497,"url":"https:\/\/darkamazi.info\/file\/2025\/07\/Bube-eser-1-1.jpg","type":"image\/jpeg"}],"author":"darka mazi","twitter_card":"summary_large_image","twitter_creator":"@DarkaMaziLatini","twitter_site":"@DarkaMaziLatini","twitter_misc":{"Written by":"darka mazi","Est. reading time":"5 minutes"},"schema":{"@context":"https:\/\/schema.org","@graph":[{"@type":"Article","@id":"https:\/\/darkamazi.info\/archives\/1050295#article","isPartOf":{"@id":"https:\/\/darkamazi.info\/archives\/1050295"},"author":{"name":"darka mazi","@id":"https:\/\/darkamazi.info\/#\/schema\/person\/5ad3e24553a0567993fa8ed4bd0a776c"},"headline":"PDK Kurdistan e!!!","datePublished":"2025-10-18T14:04:47+00:00","mainEntityOfPage":{"@id":"https:\/\/darkamazi.info\/archives\/1050295"},"wordCount":1052,"publisher":{"@id":"https:\/\/darkamazi.info\/#organization"},"image":{"@id":"https:\/\/darkamazi.info\/archives\/1050295#primaryimage"},"thumbnailUrl":"https:\/\/darkamazi.info\/file\/2025\/07\/Bube-eser-1-1.jpg","keywords":["B\u00fbb\u00ea Eser","sereke"],"articleSection":["Ner\u00een"],"inLanguage":"en-US"},{"@type":"WebPage","@id":"https:\/\/darkamazi.info\/archives\/1050295","url":"https:\/\/darkamazi.info\/archives\/1050295","name":"PDK Kurdistan e!!! - Darka Maz\u00ee","isPartOf":{"@id":"https:\/\/darkamazi.info\/#website"},"primaryImageOfPage":{"@id":"https:\/\/darkamazi.info\/archives\/1050295#primaryimage"},"image":{"@id":"https:\/\/darkamazi.info\/archives\/1050295#primaryimage"},"thumbnailUrl":"https:\/\/darkamazi.info\/file\/2025\/07\/Bube-eser-1-1.jpg","datePublished":"2025-10-18T14:04:47+00:00","breadcrumb":{"@id":"https:\/\/darkamazi.info\/archives\/1050295#breadcrumb"},"inLanguage":"en-US","potentialAction":[{"@type":"ReadAction","target":["https:\/\/darkamazi.info\/archives\/1050295"]}]},{"@type":"ImageObject","inLanguage":"en-US","@id":"https:\/\/darkamazi.info\/archives\/1050295#primaryimage","url":"https:\/\/darkamazi.info\/file\/2025\/07\/Bube-eser-1-1.jpg","contentUrl":"https:\/\/darkamazi.info\/file\/2025\/07\/Bube-eser-1-1.jpg","width":900,"height":497,"caption":"\u00c7ekdan\u00eena PKK \u00fb \u00c7\u00eeroka \u00ea gund\u00ee"},{"@type":"BreadcrumbList","@id":"https:\/\/darkamazi.info\/archives\/1050295#breadcrumb","itemListElement":[{"@type":"ListItem","position":1,"name":"Home","item":"https:\/\/darkamazi.info\/"},{"@type":"ListItem","position":2,"name":"PDK Kurdistan e!!!"}]},{"@type":"WebSite","@id":"https:\/\/darkamazi.info\/#website","url":"https:\/\/darkamazi.info\/","name":"Darka Maz\u00ee","description":"P\u00eageha Zanyariy\u00ean Nebih\u00eest\u00ee","publisher":{"@id":"https:\/\/darkamazi.info\/#organization"},"potentialAction":[{"@type":"SearchAction","target":{"@type":"EntryPoint","urlTemplate":"https:\/\/darkamazi.info\/?s={search_term_string}"},"query-input":{"@type":"PropertyValueSpecification","valueRequired":true,"valueName":"search_term_string"}}],"inLanguage":"en-US"},{"@type":"Organization","@id":"https:\/\/darkamazi.info\/#organization","name":"Darka Maz\u00ee","url":"https:\/\/darkamazi.info\/","logo":{"@type":"ImageObject","inLanguage":"en-US","@id":"https:\/\/darkamazi.info\/#\/schema\/logo\/image\/","url":"https:\/\/darkamazi.info\/file\/2017\/12\/darka-mazi-logo.png","contentUrl":"https:\/\/darkamazi.info\/file\/2017\/12\/darka-mazi-logo.png","width":151,"height":75,"caption":"Darka Maz\u00ee"},"image":{"@id":"https:\/\/darkamazi.info\/#\/schema\/logo\/image\/"},"sameAs":["https:\/\/www.facebook.com\/DarMaziKurmanci","https:\/\/x.com\/DarkaMaziLatini","https:\/\/www.instagram.com\/darkamazi.kurmanci\/","https:\/\/www.youtube.com\/channel\/UCa5HkTdmI8U1qCUFuTw8B2g"]},{"@type":"Person","@id":"https:\/\/darkamazi.info\/#\/schema\/person\/5ad3e24553a0567993fa8ed4bd0a776c","name":"darka mazi","sameAs":["https:\/\/darkamazi.info\/"],"url":"https:\/\/darkamazi.info\/archives\/author\/kurdi"}]}},"_links":{"self":[{"href":"https:\/\/darkamazi.info\/funavuv\/wp\/v2\/posts\/1050295","targetHints":{"allow":["GET"]}}],"collection":[{"href":"https:\/\/darkamazi.info\/funavuv\/wp\/v2\/posts"}],"about":[{"href":"https:\/\/darkamazi.info\/funavuv\/wp\/v2\/types\/post"}],"author":[{"embeddable":true,"href":"https:\/\/darkamazi.info\/funavuv\/wp\/v2\/users\/2"}],"replies":[{"embeddable":true,"href":"https:\/\/darkamazi.info\/funavuv\/wp\/v2\/comments?post=1050295"}],"version-history":[{"count":0,"href":"https:\/\/darkamazi.info\/funavuv\/wp\/v2\/posts\/1050295\/revisions"}],"wp:featuredmedia":[{"embeddable":true,"href":"https:\/\/darkamazi.info\/funavuv\/wp\/v2\/media\/1049080"}],"wp:attachment":[{"href":"https:\/\/darkamazi.info\/funavuv\/wp\/v2\/media?parent=1050295"}],"wp:term":[{"taxonomy":"category","embeddable":true,"href":"https:\/\/darkamazi.info\/funavuv\/wp\/v2\/categories?post=1050295"},{"taxonomy":"post_tag","embeddable":true,"href":"https:\/\/darkamazi.info\/funavuv\/wp\/v2\/tags?post=1050295"}],"curies":[{"name":"wp","href":"https:\/\/api.w.org\/{rel}","templated":true}]}}