{"id":1050301,"date":"2025-10-19T13:20:43","date_gmt":"2025-10-19T10:20:43","guid":{"rendered":"https:\/\/darkamazi.info\/?p=1050301"},"modified":"2025-10-19T19:17:25","modified_gmt":"2025-10-19T16:17:25","slug":"dagirkirina-kerkuke-di-16-e-cotmehe-de-encama-politikayen-teslimbune-yen-ynk-e-bu","status":"publish","type":"post","link":"https:\/\/darkamazi.info\/archives\/1050301","title":{"rendered":"Dagirkirina Kerk\u00fbk\u00ea di 16 \u00ea Cotmeh\u00ea de encama pol\u00eet\u00eekay\u00ean tesl\u00eemb\u00fbn\u00ea y\u00ean YNK \u00ea b\u00fb"},"content":{"rendered":"<h3 style=\"text-align: justify;\"><span style=\"font-family: 'arial black', sans-serif;\">Kerk\u00fbk di 16 \u00ea Cotmeha 2017 an de hat dagirkirin. Di operasyona bi serokatiya Qasim Sil\u00eaman\u00ee de, Pasdar\u00ean \u015eore\u015fa \u00ceran\u00ea, h\u00eaz\u00ean He\u015fda \u015eeb\u00ee y\u00ean \u015e\u00eee y\u00ean al\u00eegir\u00ea \u00ceran\u00ea,\u00a0 h\u00eezb\u00fbllaha Lubnan\u00ea \u00fb art\u00ea\u015fa Iraq\u00ea be\u015fdar b\u00fbn. He\u015ft sal li ser v\u00ea b\u00fbyera dil\u015fewat derbas b\u00fbn, h\u00ea weke d\u00fbh li b\u00eera Kurdan de maye.<\/span><\/h3>\n<h3 style=\"text-align: justify;\">Bi v\u00ea dagirkirin\u00ea re, li gor\u00ee biryareke YNK \u00ea , ji sed\u00ee 51 \u00ea axa Kurdistan\u00ea radest\u00ee h\u00eaz\u00ean \u015e\u00eee hat kirin.<\/h3>\n<h3 style=\"text-align: justify;\">Pa\u015f\u00ea e\u015fkere b\u00fb ku di navbera Had\u00ee Amir\u00ee, serok\u00ea He\u015fda \u015eeb\u00ee ku li Iraq\u00ea ti postek ferm\u00ee n\u00eenb\u00fb, \u00fb serok\u00ea YNK \u00ea Bafel Talaban\u00ee de peymanek neh xal\u00ee hatiye \u00e7\u00eakirin.<\/h3>\n<h3 style=\"text-align: center;\"><span style=\"font-family: 'arial black', sans-serif; color: #8c0a0a;\">9 Xal\u00ean Peymana Xiyanetkar<\/span><\/h3>\n<h3 style=\"text-align: justify;\">Li gor\u00ee rapor \u00fb gotar\u00ean berpirsan, di 16 \u00ea Cotmeh\u00ea de, pi\u015ft\u00ee n\u00eev\u00ee \u015fev\u00ea Qasim Sil\u00eaman\u00ee, Fermandar\u00ea H\u00eaza Quds\u00ea ya Sipaha Pasdar\u00ean \u015eore\u015fa \u00ceran\u00ea, \u00fb Had\u00ee Am\u00eer\u00ee Serok\u00ea He\u015fd\u00ee \u015eeb\u00ee, li Kerkuk\u00ea bi Bafil Talaban\u00ee, kur\u00ea Sekreter\u00ea Gi\u015ft\u00ee y\u00ea YNK Celal Talaban\u00ee y\u00ea rehmet\u00ee, hevj\u00eena w\u00ee H\u00earo Talaban\u00ee, \u00fb biraziy\u00ea w\u00ee Lah\u00fbr \u015e\u00eax Ceng\u00ee \u00fb R\u00eaveber\u00ea \u00cest\u00eexbarata YNK re civiyan.<\/h3>\n<h3 style=\"text-align: justify;\">Di civ\u00een\u00ea de, lihevkirinek hat kirin ku b\u00eer\u00ean petrol\u00ea \u00fb balafirgeha li Kerkuk\u00ea d\u00ea radest\u00ee h\u00eaz\u00ean Iraq\u00ee \u00fb He\u015fd\u00ee \u015eeb\u00ee werin kirin, \u00fb h\u00eaz\u00ean P\u00ea\u015fmerge y\u00ean gir\u00eaday\u00ee YNK \u00ea d\u00ea ji van deveran veki\u015fin.<\/h3>\n<h3 style=\"text-align: center;\"><span style=\"color: #8c0a0a; font-family: 'arial black', sans-serif;\">Xal\u00ean lihevkirin\u00ea wiha b\u00fbn:<\/span><\/h3>\n<ol>\n<li>\n<h3>H\u00eaz\u00ean Iraq\u00ee d\u00ea ji n\u00fb ve li dever\u00ean nakok\u00ee li ser bic\u00eeh bibin, \u00fb h\u00eaz\u00ean P\u00ea\u015fmerge d\u00ea veki\u015fin.<\/h3>\n<\/li>\n<li>\n<h3>Tev\u00ee Kerkuk\u00ea, d\u00ea 17 bajar \u00fb nev\u00e7ey\u00ean Kurdistan\u00ea radest\u00ee hik\u00fbmeta navend\u00ee werin kirin.<\/h3>\n<\/li>\n<li>\n<h3>Li Kerkuk\u00ea d\u00ea r\u00eaveberiyek hevbe\u015f hebe. 15 tax\u00ean Kurdan, d\u00ea ji aliy\u00ea Kurdan ve werin bir\u00eavebirin, \u00fb 25 tax j\u00ee d\u00ea ji aliy\u00ea p\u00eakhatey\u00ean din ve werin bir\u00eavebirin.<\/h3>\n<\/li>\n<li>\n<h3>Hik\u00fbmeta navend\u00ee d\u00ea cih\u00ean stratej\u00eek \u00ean li Kerkuk\u00ea kontrol bike, di nav de baregeha le\u015fker\u00ee ya K1, balafirgeh \u00fb zeviy\u00ean petrol\u00ea.<\/h3>\n<\/li>\n<li>\n<h3>Vekirina Balafirgeha Sil\u00eamaniy\u00ea.<\/h3>\n<\/li>\n<li>\n<h3>M\u00fb\u00e7ey\u00ean karmend\u00ean siv\u00eel li Sil\u00eamaniy\u00ea \u00fb Kerkuk\u00ea ji aliy\u00ea hik\u00fbmeta navend\u00ee ve d\u00ea werin day\u00een.<\/h3>\n<\/li>\n<li>\n<h3>M\u00fb\u00e7ey\u00ean P\u00ea\u015fmerge li s\u00eenor\u00ea Sil\u00eamaniy\u00ea de dij\u00een d\u00ea ji aliy\u00ea hik\u00fbmeta navend\u00ee werin day\u00een.<\/h3>\n<\/li>\n<li>\n<h3>Heleb\u00e7e, Sil\u00eamaniy\u00ea \u00fb Kerkuk\u00ea d\u00ea weke her\u00eamek ji n\u00fb ve were tanz\u00eem kirin.<\/h3>\n<\/li>\n<li>\n<h3>ji bo v\u00ea Her\u00eama n\u00fb hukumetek were avakirin.<\/h3>\n<\/li>\n<\/ol>\n<h3 style=\"text-align: justify;\">Bafil Talaban\u00ee j\u00ee ev peyman qeb\u00fbl kir, ku ji aliy\u00ea Parlamenter\u00ea Goran Mes\u00fbd Heyder ve hate a\u015fkerekirin. Serok\u00ea niha y\u00ea YNK \u00ea, Bafil Talaban\u00ee, tevl\u00ee we\u015fana A Haber a Emer\u00eek\u00ee b\u00fb \u00fb got, &#8220;Belgeya ku ji aliy\u00ea 38 ji 50 endam\u00ean r\u00eaveberiya\u00a0 YNK \u00ea ve hatiye \u00eemzekirin li dest min da ye&#8221; \u00fb qeb\u00fbl kir ku Kerk\u00fbk bi r\u00eaya v\u00ea peyman\u00ea hatiye firotin. W\u00ee her wiha l\u00eesteya \u00eemzey\u00ean ku di dest\u00ea w\u00ee de b\u00fbn n\u00ee\u015fan da.<\/h3>\n<h3 style=\"text-align: center;\"><span style=\"color: #8c0a0a; font-family: 'arial black', sans-serif;\">Peyman\u00ea deriy\u00ea dagirkirina Kurdistan\u00ea vekir<\/span><\/h3>\n<h3 style=\"text-align: justify;\">Ev peyman bi ten\u00ea li ser Kerkuk\u00ea s\u00eenordar neb\u00fb. Ew li ser dabe\u015fkirina Her\u00eama Kurdistan\u00ea bo du be\u015fa \u00fb hilwe\u015fandina statuya w\u00ea b\u00fb. Planeke berfireh \u00fb qir\u00eaj dihat l\u00eestin, \u00fb h\u00eaz\u00ean ku Kerkuk\u00ea dagir kirin dest bi p\u00ea\u015fve\u00e7\u00fbn\u00ea kirin ber bi Hewler\u00ea ve bi r\u00eaya Pird\u00ea re \u00fb y\u00ean ku Duhok\u00ea dagirbikin j\u00ee bi r\u00eaya Sih\u00eala ketin \u00eari\u015f\u00ea. Armanc girtina Hewler\u00ea b\u00fb.<\/h3>\n<h3 style=\"text-align: justify;\">Plan mezin b\u00fb, l\u00ea helmeta d\u00eeplomat\u00eek a navnetewey\u00ee ya tevgera siyas\u00ee ya Barzan\u00ee \u00fb berxwedana le\u015fker\u00ee ya P\u00ea\u015fmergeyan li eniy\u00ean Pirda \u00fb Sih\u00eala di 20 \u00ea Cotmeh\u00ea de ev plan\u00ean xay\u00eenane ji nav birin. \u00cari\u015fa ceph\u00ea dagirker bi berxwedanek\u00ee dastan\u00ee hate p\u00fb\u00e7kirin. Ten\u00ea be\u015fek ji peymana neh xal\u00ee ya di navbera YNK \u00fb \u015e\u00eeeyan de hate bic\u00eehan\u00een.<\/h3>\n<h3 style=\"text-align: center;\"><span style=\"color: #8c0a0a; font-family: 'arial black', sans-serif;\">Serok\u00ea YNK \u00ea Kosret Res\u00fbl: Ev xiyaneteke d\u00eerok\u00ee ye<\/span><\/h3>\n<h3 style=\"text-align: justify;\">Hat ragihandin ku li gel malbata Talaban\u00ee, ti berpirs\u00ean pilebilind \u00ean YNK \u00ea be\u015fdar\u00ee civ\u00een\u00ea neb\u00fbne. Fermandar\u00ea Her\u00eama Kerkuk\u00ea Kosret Res\u00fbl, ku pi\u015ft\u00ee wefata mam Celal\u00a0 b\u00fb Sekreter\u00ea Gi\u015ft\u00ee y\u00ea demk\u00ee y\u00ea YNK \u00ea, peymana malbata Talaban\u00ee bi \u00ceran\u00ea re wek\u00ee xiyanet bi nav kir \u00fb got; &#8220;Rast e ku hin endam\u00ean YNK \u00ea tevl\u00ee ref\u00ean Bexday\u00ea b\u00fbne. Ev xiyaneteke d\u00eerok\u00ee ye. \u00ceradeya me nay\u00ea \u015fikandin.&#8221;<\/h3>\n<h3 style=\"text-align: justify;\">Kosret Res\u00fbl du roj pi\u015ft\u00ee b\u00fbyeran daxuyaniyek da \u00fb got, &#8220;Berpirsiyariya karesata Kerk\u00fbk \u00fb Xurmat\u00fby\u00ea di st\u00fby\u00ea zihniyeta pa\u015fver\u00fb ya di nav YNK \u00ea de ye.&#8221;<\/h3>\n<h3 style=\"text-align: justify;\">Par\u00eazgar\u00ea Kerk\u00fbk rehmet\u00ee Necmed\u00een Ker\u00eem, ku li hember r\u00eakeftin\u00ea x\u00eeyanet\u00ea bertek n\u00ee\u015fan da, bang li raya gi\u015ft\u00ee kir ku berxwedana \u00e7ekdar\u00ee bikin \u00fb diyar kir y\u00ean 16 \u00ea Cotmeh\u00ea x\u00eeyanet k\u00eer\u00ee re x\u00eeyanet karek\u00ee pir h\u00easan e.<\/h3>\n<h3 style=\"text-align: justify;\">Cefer \u015e\u00eax Mistefa, Fermandar\u00ea w\u00ea dem\u00ea y\u00ea H\u00eaz\u00ean 70 em\u00een \u00ean P\u00ea\u015fmerge \u00fb kesayetek\u00ee payebilind \u00ea YNK \u00ea, j\u00ee diyar kir ku di nav YNK \u00ea de komek heye ku bi hik\u00fbmeta Iraq\u00ea \u00fb He\u015fd\u00ee \u015eeb\u00ee re di nava t\u00eakil\u00eeda ne \u00fb ev kom dixwaze Sil\u00eaman\u00ee, Hewl\u00ear \u00fb Duhok\u00ea radest bike, m\u00eena ku Kerk\u00fbk radest kiriye. Mistefa got ku koma YNK \u00ea ya ku behsa w\u00ea t\u00ea kirin dixwaze He\u015fd\u00ee \u015eeb\u00ee \u00fb Art\u00ea\u015fa Iraq\u00ea heta Sil\u00eamaniy\u00ea b\u00eene.<\/h3>\n<h3 style=\"text-align: center;\"><span style=\"color: #8c0a0a; font-family: 'arial black', sans-serif;\">Xiyanet berdewam dike\u2026<\/span><\/h3>\n<h3 style=\"text-align: justify;\">Her wiha t\u00ea zan\u00een ku PKK rasterast di xiyaneta Kerkuk\u00ea de be\u015fdar b\u00fb. PKK \u00ea bi hevr\u00eaziya bi YNK \u00fb He\u015fd\u00ee \u015eeb\u00ee re, h\u00eaz\u00ean xwe ji Duzxurmatu \u00fb her\u00eam\u00ean derdora Kerkuk\u00ea veki\u015fand Kamp\u00ean Sil\u00eaman\u00ee \u00fb Mexm\u00fbr\u00ea. Pi\u015ftre, bi taybet\u00ee di \u00e7apemeniya Tirk\u00ee de, kampanyayek mezin da destp\u00eakirin da ku b\u00fbyer\u00ea ve\u015f\u00eare. PKK \u00ea be\u015fdariya xwe di xiyaneta Kerkuk\u00ea de ve\u015fart, \u00fb referand\u00fbma serxweb\u00fbna Kurdistan\u00ea ya di 25 \u00ea \u00celon\u00ea de hedef girt. Pkk niha j\u00ee\u00a0 heman siyaset\u00ea didom\u00eene.<\/h3>\n<h3 style=\"text-align: justify;\">Xiyaneta 16 \u00ea Cotmeh\u00ea ne ten\u00ea li Kerkuk\u00ea, li seranser\u00ea Her\u00eama Kurdistan\u00ea encam\u00ean pir xerab \u00e7\u00eakir. YNK hevkariya xwe bi eniya \u015e\u00eee \u00fb t\u00eako\u015f\u00eena xwe ya ji bo desthilatdariy\u00ea li Kurdistan\u00ea, bi pi\u015ftgiriy\u00ea v\u00ee ceph\u00ea dij-Kurd, didom\u00eene.<\/h3>\n<h3 style=\"text-align: justify;\">W\u00eaneya ku di salvegera he\u015ftem\u00een a xiyaneta Kerkuk\u00ea de derdikeve hol\u00ea ev e: Div\u00ea xiyanetkar werin darizandin \u00fb div\u00ea s\u00fbcdar werin z\u00eendan\u00eekirin. Ger hesap ney\u00ea pirs\u00een, ev xeta x\u00eeyanetkar d\u00ea her derfet\u00ea de zirar\u00ea bigih\u00eenin desket \u00fb keramet\u00ean Kurdistan\u00ea.<\/h3>\n","protected":false},"excerpt":{"rendered":"<p>Kerk\u00fbk di 16 \u00ea Cotmeha 2017 an de hat dagirkirin. Di operasyona bi serokatiya Qasim Sil\u00eaman\u00ee de, Pasdar\u00ean \u015eore\u015fa \u00ceran\u00ea, h\u00eaz\u00ean He\u015fda \u015eeb\u00ee y\u00ean \u015e\u00eee y\u00ean al\u00eegir\u00ea \u00ceran\u00ea,\u00a0 h\u00eezb\u00fbllaha Lubnan\u00ea \u00fb art\u00ea\u015fa Iraq\u00ea be\u015fdar b\u00fbn. He\u015ft sal li ser v\u00ea b\u00fbyera dil\u015fewat derbas b\u00fbn, h\u00ea weke d\u00fbh li b\u00eera Kurdan de maye. Bi v\u00ea dagirkirin\u00ea [&hellip;]<\/p>\n","protected":false},"author":2,"featured_media":1050304,"comment_status":"closed","ping_status":"closed","sticky":false,"template":"","format":"standard","meta":{"footnotes":""},"categories":[68],"tags":[37],"class_list":["post-1050301","post","type-post","status-publish","format-standard","has-post-thumbnail","hentry","category-analiz","tag-sereke"],"blocksy_meta":[],"seo_head":"<!-- This site is optimized with the Yoast SEO plugin v27.5 - https:\/\/yoast.com\/product\/yoast-seo-wordpress\/ -->\n<title>Dagirkirina Kerk\u00fbk\u00ea di 16 \u00ea Cotmeh\u00ea de encama pol\u00eet\u00eekay\u00ean tesl\u00eemb\u00fbn\u00ea y\u00ean YNK \u00ea b\u00fb - Darka Maz\u00ee<\/title>\n<meta name=\"robots\" content=\"index, follow, max-snippet:-1, max-image-preview:large, max-video-preview:-1\" \/>\n<link rel=\"canonical\" href=\"https:\/\/darkamazi.info\/archives\/1050301\" \/>\n<meta property=\"og:locale\" content=\"en_US\" \/>\n<meta property=\"og:type\" content=\"article\" \/>\n<meta property=\"og:title\" content=\"Dagirkirina Kerk\u00fbk\u00ea di 16 \u00ea Cotmeh\u00ea de encama pol\u00eet\u00eekay\u00ean tesl\u00eemb\u00fbn\u00ea y\u00ean YNK \u00ea b\u00fb - Darka Maz\u00ee\" \/>\n<meta property=\"og:description\" content=\"Kerk\u00fbk di 16 \u00ea Cotmeha 2017 an de hat dagirkirin. Di operasyona bi serokatiya Qasim Sil\u00eaman\u00ee de, Pasdar\u00ean \u015eore\u015fa \u00ceran\u00ea, h\u00eaz\u00ean He\u015fda \u015eeb\u00ee y\u00ean \u015e\u00eee y\u00ean al\u00eegir\u00ea \u00ceran\u00ea,\u00a0 h\u00eezb\u00fbllaha Lubnan\u00ea \u00fb art\u00ea\u015fa Iraq\u00ea be\u015fdar b\u00fbn. He\u015ft sal li ser v\u00ea b\u00fbyera dil\u015fewat derbas b\u00fbn, h\u00ea weke d\u00fbh li b\u00eera Kurdan de maye. Bi v\u00ea dagirkirin\u00ea [&hellip;]\" \/>\n<meta property=\"og:url\" content=\"https:\/\/darkamazi.info\/archives\/1050301\" \/>\n<meta property=\"og:site_name\" content=\"Darka Maz\u00ee\" \/>\n<meta property=\"article:publisher\" content=\"https:\/\/www.facebook.com\/DarMaziKurmanci\" \/>\n<meta property=\"article:published_time\" content=\"2025-10-19T10:20:43+00:00\" \/>\n<meta property=\"article:modified_time\" content=\"2025-10-19T16:17:25+00:00\" \/>\n<meta property=\"og:image\" content=\"https:\/\/darkamazi.info\/file\/2025\/10\/16-october.jpg\" \/>\n\t<meta property=\"og:image:width\" content=\"900\" \/>\n\t<meta property=\"og:image:height\" content=\"497\" \/>\n\t<meta property=\"og:image:type\" content=\"image\/jpeg\" \/>\n<meta name=\"author\" content=\"darka mazi\" \/>\n<meta name=\"twitter:card\" content=\"summary_large_image\" \/>\n<meta name=\"twitter:creator\" content=\"@DarkaMaziLatini\" \/>\n<meta name=\"twitter:site\" content=\"@DarkaMaziLatini\" \/>\n<meta name=\"twitter:label1\" content=\"Written by\" \/>\n\t<meta name=\"twitter:data1\" content=\"darka mazi\" \/>\n\t<meta name=\"twitter:label2\" content=\"Est. reading time\" \/>\n\t<meta name=\"twitter:data2\" content=\"5 minutes\" \/>\n<script type=\"application\/ld+json\" class=\"seo-schema-graph\">{\"@context\":\"https:\\\/\\\/schema.org\",\"@graph\":[{\"@type\":\"Article\",\"@id\":\"https:\\\/\\\/darkamazi.info\\\/archives\\\/1050301#article\",\"isPartOf\":{\"@id\":\"https:\\\/\\\/darkamazi.info\\\/archives\\\/1050301\"},\"author\":{\"name\":\"darka mazi\",\"@id\":\"https:\\\/\\\/darkamazi.info\\\/#\\\/schema\\\/person\\\/5ad3e24553a0567993fa8ed4bd0a776c\"},\"headline\":\"Dagirkirina Kerk\u00fbk\u00ea di 16 \u00ea Cotmeh\u00ea de encama pol\u00eet\u00eekay\u00ean tesl\u00eemb\u00fbn\u00ea y\u00ean YNK \u00ea b\u00fb\",\"datePublished\":\"2025-10-19T10:20:43+00:00\",\"dateModified\":\"2025-10-19T16:17:25+00:00\",\"mainEntityOfPage\":{\"@id\":\"https:\\\/\\\/darkamazi.info\\\/archives\\\/1050301\"},\"wordCount\":1077,\"publisher\":{\"@id\":\"https:\\\/\\\/darkamazi.info\\\/#organization\"},\"image\":{\"@id\":\"https:\\\/\\\/darkamazi.info\\\/archives\\\/1050301#primaryimage\"},\"thumbnailUrl\":\"https:\\\/\\\/darkamazi.info\\\/darka-content\\\/uploads\\\/2025\\\/10\\\/16-october.jpg\",\"keywords\":[\"sereke\"],\"articleSection\":[\"Anal\u00eez\"],\"inLanguage\":\"en-US\"},{\"@type\":\"WebPage\",\"@id\":\"https:\\\/\\\/darkamazi.info\\\/archives\\\/1050301\",\"url\":\"https:\\\/\\\/darkamazi.info\\\/archives\\\/1050301\",\"name\":\"Dagirkirina Kerk\u00fbk\u00ea di 16 \u00ea Cotmeh\u00ea de encama pol\u00eet\u00eekay\u00ean tesl\u00eemb\u00fbn\u00ea y\u00ean YNK \u00ea b\u00fb - Darka Maz\u00ee\",\"isPartOf\":{\"@id\":\"https:\\\/\\\/darkamazi.info\\\/#website\"},\"primaryImageOfPage\":{\"@id\":\"https:\\\/\\\/darkamazi.info\\\/archives\\\/1050301#primaryimage\"},\"image\":{\"@id\":\"https:\\\/\\\/darkamazi.info\\\/archives\\\/1050301#primaryimage\"},\"thumbnailUrl\":\"https:\\\/\\\/darkamazi.info\\\/darka-content\\\/uploads\\\/2025\\\/10\\\/16-october.jpg\",\"datePublished\":\"2025-10-19T10:20:43+00:00\",\"dateModified\":\"2025-10-19T16:17:25+00:00\",\"breadcrumb\":{\"@id\":\"https:\\\/\\\/darkamazi.info\\\/archives\\\/1050301#breadcrumb\"},\"inLanguage\":\"en-US\",\"potentialAction\":[{\"@type\":\"ReadAction\",\"target\":[\"https:\\\/\\\/darkamazi.info\\\/archives\\\/1050301\"]}]},{\"@type\":\"ImageObject\",\"inLanguage\":\"en-US\",\"@id\":\"https:\\\/\\\/darkamazi.info\\\/archives\\\/1050301#primaryimage\",\"url\":\"https:\\\/\\\/darkamazi.info\\\/darka-content\\\/uploads\\\/2025\\\/10\\\/16-october.jpg\",\"contentUrl\":\"https:\\\/\\\/darkamazi.info\\\/darka-content\\\/uploads\\\/2025\\\/10\\\/16-october.jpg\",\"width\":900,\"height\":497,\"caption\":\"Dagirkirina Kerk\u00fbk\u00ea di 16 \u00ea Cotmeh\u00ea de encama pol\u00eet\u00eekay\u00ean tesl\u00eemb\u00fbn\u00ea y\u00ean YNK \u00ea b\u00fb\"},{\"@type\":\"BreadcrumbList\",\"@id\":\"https:\\\/\\\/darkamazi.info\\\/archives\\\/1050301#breadcrumb\",\"itemListElement\":[{\"@type\":\"ListItem\",\"position\":1,\"name\":\"Home\",\"item\":\"https:\\\/\\\/darkamazi.info\\\/\"},{\"@type\":\"ListItem\",\"position\":2,\"name\":\"Dagirkirina Kerk\u00fbk\u00ea di 16 \u00ea Cotmeh\u00ea de encama pol\u00eet\u00eekay\u00ean tesl\u00eemb\u00fbn\u00ea y\u00ean YNK \u00ea b\u00fb\"}]},{\"@type\":\"WebSite\",\"@id\":\"https:\\\/\\\/darkamazi.info\\\/#website\",\"url\":\"https:\\\/\\\/darkamazi.info\\\/\",\"name\":\"Darka Maz\u00ee\",\"description\":\"P\u00eageha Zanyariy\u00ean Nebih\u00eest\u00ee\",\"publisher\":{\"@id\":\"https:\\\/\\\/darkamazi.info\\\/#organization\"},\"potentialAction\":[{\"@type\":\"SearchAction\",\"target\":{\"@type\":\"EntryPoint\",\"urlTemplate\":\"https:\\\/\\\/darkamazi.info\\\/?s={search_term_string}\"},\"query-input\":{\"@type\":\"PropertyValueSpecification\",\"valueRequired\":true,\"valueName\":\"search_term_string\"}}],\"inLanguage\":\"en-US\"},{\"@type\":\"Organization\",\"@id\":\"https:\\\/\\\/darkamazi.info\\\/#organization\",\"name\":\"Darka Maz\u00ee\",\"url\":\"https:\\\/\\\/darkamazi.info\\\/\",\"logo\":{\"@type\":\"ImageObject\",\"inLanguage\":\"en-US\",\"@id\":\"https:\\\/\\\/darkamazi.info\\\/#\\\/schema\\\/logo\\\/image\\\/\",\"url\":\"https:\\\/\\\/darkamazi.info\\\/darka-content\\\/uploads\\\/2017\\\/12\\\/darka-mazi-logo.png\",\"contentUrl\":\"https:\\\/\\\/darkamazi.info\\\/darka-content\\\/uploads\\\/2017\\\/12\\\/darka-mazi-logo.png\",\"width\":151,\"height\":75,\"caption\":\"Darka Maz\u00ee\"},\"image\":{\"@id\":\"https:\\\/\\\/darkamazi.info\\\/#\\\/schema\\\/logo\\\/image\\\/\"},\"sameAs\":[\"https:\\\/\\\/www.facebook.com\\\/DarMaziKurmanci\",\"https:\\\/\\\/x.com\\\/DarkaMaziLatini\",\"https:\\\/\\\/www.instagram.com\\\/darkamazi.kurmanci\\\/\",\"https:\\\/\\\/www.youtube.com\\\/channel\\\/UCa5HkTdmI8U1qCUFuTw8B2g\"]},{\"@type\":\"Person\",\"@id\":\"https:\\\/\\\/darkamazi.info\\\/#\\\/schema\\\/person\\\/5ad3e24553a0567993fa8ed4bd0a776c\",\"name\":\"darka mazi\",\"sameAs\":[\"https:\\\/\\\/darkamazi.info\\\/\"],\"url\":\"https:\\\/\\\/darkamazi.info\\\/archives\\\/author\\\/kurdi\"}]}<\/script>\n<!-- \/ Yoast SEO plugin. -->","seo_head_json":{"title":"Dagirkirina Kerk\u00fbk\u00ea di 16 \u00ea Cotmeh\u00ea de encama pol\u00eet\u00eekay\u00ean tesl\u00eemb\u00fbn\u00ea y\u00ean YNK \u00ea b\u00fb - Darka Maz\u00ee","robots":{"index":"index","follow":"follow","max-snippet":"max-snippet:-1","max-image-preview":"max-image-preview:large","max-video-preview":"max-video-preview:-1"},"canonical":"https:\/\/darkamazi.info\/archives\/1050301","og_locale":"en_US","og_type":"article","og_title":"Dagirkirina Kerk\u00fbk\u00ea di 16 \u00ea Cotmeh\u00ea de encama pol\u00eet\u00eekay\u00ean tesl\u00eemb\u00fbn\u00ea y\u00ean YNK \u00ea b\u00fb - Darka Maz\u00ee","og_description":"Kerk\u00fbk di 16 \u00ea Cotmeha 2017 an de hat dagirkirin. Di operasyona bi serokatiya Qasim Sil\u00eaman\u00ee de, Pasdar\u00ean \u015eore\u015fa \u00ceran\u00ea, h\u00eaz\u00ean He\u015fda \u015eeb\u00ee y\u00ean \u015e\u00eee y\u00ean al\u00eegir\u00ea \u00ceran\u00ea,\u00a0 h\u00eezb\u00fbllaha Lubnan\u00ea \u00fb art\u00ea\u015fa Iraq\u00ea be\u015fdar b\u00fbn. He\u015ft sal li ser v\u00ea b\u00fbyera dil\u015fewat derbas b\u00fbn, h\u00ea weke d\u00fbh li b\u00eera Kurdan de maye. Bi v\u00ea dagirkirin\u00ea [&hellip;]","og_url":"https:\/\/darkamazi.info\/archives\/1050301","og_site_name":"Darka Maz\u00ee","article_publisher":"https:\/\/www.facebook.com\/DarMaziKurmanci","article_published_time":"2025-10-19T10:20:43+00:00","article_modified_time":"2025-10-19T16:17:25+00:00","og_image":[{"width":900,"height":497,"url":"https:\/\/darkamazi.info\/file\/2025\/10\/16-october.jpg","type":"image\/jpeg"}],"author":"darka mazi","twitter_card":"summary_large_image","twitter_creator":"@DarkaMaziLatini","twitter_site":"@DarkaMaziLatini","twitter_misc":{"Written by":"darka mazi","Est. reading time":"5 minutes"},"schema":{"@context":"https:\/\/schema.org","@graph":[{"@type":"Article","@id":"https:\/\/darkamazi.info\/archives\/1050301#article","isPartOf":{"@id":"https:\/\/darkamazi.info\/archives\/1050301"},"author":{"name":"darka mazi","@id":"https:\/\/darkamazi.info\/#\/schema\/person\/5ad3e24553a0567993fa8ed4bd0a776c"},"headline":"Dagirkirina Kerk\u00fbk\u00ea di 16 \u00ea Cotmeh\u00ea de encama pol\u00eet\u00eekay\u00ean tesl\u00eemb\u00fbn\u00ea y\u00ean YNK \u00ea b\u00fb","datePublished":"2025-10-19T10:20:43+00:00","dateModified":"2025-10-19T16:17:25+00:00","mainEntityOfPage":{"@id":"https:\/\/darkamazi.info\/archives\/1050301"},"wordCount":1077,"publisher":{"@id":"https:\/\/darkamazi.info\/#organization"},"image":{"@id":"https:\/\/darkamazi.info\/archives\/1050301#primaryimage"},"thumbnailUrl":"https:\/\/darkamazi.info\/file\/2025\/10\/16-october.jpg","keywords":["sereke"],"articleSection":["Anal\u00eez"],"inLanguage":"en-US"},{"@type":"WebPage","@id":"https:\/\/darkamazi.info\/archives\/1050301","url":"https:\/\/darkamazi.info\/archives\/1050301","name":"Dagirkirina Kerk\u00fbk\u00ea di 16 \u00ea Cotmeh\u00ea de encama pol\u00eet\u00eekay\u00ean tesl\u00eemb\u00fbn\u00ea y\u00ean YNK \u00ea b\u00fb - Darka Maz\u00ee","isPartOf":{"@id":"https:\/\/darkamazi.info\/#website"},"primaryImageOfPage":{"@id":"https:\/\/darkamazi.info\/archives\/1050301#primaryimage"},"image":{"@id":"https:\/\/darkamazi.info\/archives\/1050301#primaryimage"},"thumbnailUrl":"https:\/\/darkamazi.info\/file\/2025\/10\/16-october.jpg","datePublished":"2025-10-19T10:20:43+00:00","dateModified":"2025-10-19T16:17:25+00:00","breadcrumb":{"@id":"https:\/\/darkamazi.info\/archives\/1050301#breadcrumb"},"inLanguage":"en-US","potentialAction":[{"@type":"ReadAction","target":["https:\/\/darkamazi.info\/archives\/1050301"]}]},{"@type":"ImageObject","inLanguage":"en-US","@id":"https:\/\/darkamazi.info\/archives\/1050301#primaryimage","url":"https:\/\/darkamazi.info\/file\/2025\/10\/16-october.jpg","contentUrl":"https:\/\/darkamazi.info\/file\/2025\/10\/16-october.jpg","width":900,"height":497,"caption":"Dagirkirina Kerk\u00fbk\u00ea di 16 \u00ea Cotmeh\u00ea de encama pol\u00eet\u00eekay\u00ean tesl\u00eemb\u00fbn\u00ea y\u00ean YNK \u00ea b\u00fb"},{"@type":"BreadcrumbList","@id":"https:\/\/darkamazi.info\/archives\/1050301#breadcrumb","itemListElement":[{"@type":"ListItem","position":1,"name":"Home","item":"https:\/\/darkamazi.info\/"},{"@type":"ListItem","position":2,"name":"Dagirkirina Kerk\u00fbk\u00ea di 16 \u00ea Cotmeh\u00ea de encama pol\u00eet\u00eekay\u00ean tesl\u00eemb\u00fbn\u00ea y\u00ean YNK \u00ea b\u00fb"}]},{"@type":"WebSite","@id":"https:\/\/darkamazi.info\/#website","url":"https:\/\/darkamazi.info\/","name":"Darka Maz\u00ee","description":"P\u00eageha Zanyariy\u00ean Nebih\u00eest\u00ee","publisher":{"@id":"https:\/\/darkamazi.info\/#organization"},"potentialAction":[{"@type":"SearchAction","target":{"@type":"EntryPoint","urlTemplate":"https:\/\/darkamazi.info\/?s={search_term_string}"},"query-input":{"@type":"PropertyValueSpecification","valueRequired":true,"valueName":"search_term_string"}}],"inLanguage":"en-US"},{"@type":"Organization","@id":"https:\/\/darkamazi.info\/#organization","name":"Darka Maz\u00ee","url":"https:\/\/darkamazi.info\/","logo":{"@type":"ImageObject","inLanguage":"en-US","@id":"https:\/\/darkamazi.info\/#\/schema\/logo\/image\/","url":"https:\/\/darkamazi.info\/file\/2017\/12\/darka-mazi-logo.png","contentUrl":"https:\/\/darkamazi.info\/file\/2017\/12\/darka-mazi-logo.png","width":151,"height":75,"caption":"Darka Maz\u00ee"},"image":{"@id":"https:\/\/darkamazi.info\/#\/schema\/logo\/image\/"},"sameAs":["https:\/\/www.facebook.com\/DarMaziKurmanci","https:\/\/x.com\/DarkaMaziLatini","https:\/\/www.instagram.com\/darkamazi.kurmanci\/","https:\/\/www.youtube.com\/channel\/UCa5HkTdmI8U1qCUFuTw8B2g"]},{"@type":"Person","@id":"https:\/\/darkamazi.info\/#\/schema\/person\/5ad3e24553a0567993fa8ed4bd0a776c","name":"darka mazi","sameAs":["https:\/\/darkamazi.info\/"],"url":"https:\/\/darkamazi.info\/archives\/author\/kurdi"}]}},"_links":{"self":[{"href":"https:\/\/darkamazi.info\/funavuv\/wp\/v2\/posts\/1050301","targetHints":{"allow":["GET"]}}],"collection":[{"href":"https:\/\/darkamazi.info\/funavuv\/wp\/v2\/posts"}],"about":[{"href":"https:\/\/darkamazi.info\/funavuv\/wp\/v2\/types\/post"}],"author":[{"embeddable":true,"href":"https:\/\/darkamazi.info\/funavuv\/wp\/v2\/users\/2"}],"replies":[{"embeddable":true,"href":"https:\/\/darkamazi.info\/funavuv\/wp\/v2\/comments?post=1050301"}],"version-history":[{"count":0,"href":"https:\/\/darkamazi.info\/funavuv\/wp\/v2\/posts\/1050301\/revisions"}],"wp:featuredmedia":[{"embeddable":true,"href":"https:\/\/darkamazi.info\/funavuv\/wp\/v2\/media\/1050304"}],"wp:attachment":[{"href":"https:\/\/darkamazi.info\/funavuv\/wp\/v2\/media?parent=1050301"}],"wp:term":[{"taxonomy":"category","embeddable":true,"href":"https:\/\/darkamazi.info\/funavuv\/wp\/v2\/categories?post=1050301"},{"taxonomy":"post_tag","embeddable":true,"href":"https:\/\/darkamazi.info\/funavuv\/wp\/v2\/tags?post=1050301"}],"curies":[{"name":"wp","href":"https:\/\/api.w.org\/{rel}","templated":true}]}}