{"id":1050314,"date":"2025-10-20T18:11:00","date_gmt":"2025-10-20T15:11:00","guid":{"rendered":"https:\/\/darkamazi.info\/?p=1050314"},"modified":"2025-10-20T18:11:13","modified_gmt":"2025-10-20T15:11:13","slug":"1050314","status":"publish","type":"post","link":"https:\/\/darkamazi.info\/archives\/1050314","title":{"rendered":"Wez\u00eer\u00ea Navxwe y\u00ea Tirkiyey\u00ea \u00e7alak\u00eeya Dem\u00ea weke hewla sabotekirina p\u00eavajoy\u00ea nirxand"},"content":{"rendered":"<h3 style=\"text-align: justify\"><span style=\"font-family: 'arial black', sans-serif\">Li D\u00eeyarbekir\u00ea, bi banga Mecl\u00eesa Ciwanan a DEM\u00ea me\u015fek hate lidarxistin \u00fb daxwaza azadiya Abdullah \u00d6calan hate kirin.<\/span><\/h3>\n<h3 style=\"text-align: justify\">Parlamentera M\u00eard\u00een\u00ea ya Partiya DEM\u00ea Beritan G\u00fcne\u015f, Parlamenter\u00ean D\u00eeyarbekir\u00ea Serhat Eren, Adalet Kaya \u00fb Mehmet Kama\u00e7 \u00fb gelek kes\u00ean din be\u015fdar\u00ee v\u00ea me\u015f\u00ea b\u00fbn.<\/h3>\n<h3 style=\"text-align: justify\">Armanc ew b\u00fb ku poster\u00ea Ocalan li ser birc\u00ea Ben u Sen a li S\u00fbr\u00ea daliq\u00eenin. Me\u015f li ser Pira Al\u00ee P\u0131nar\u00ea dest p\u00ea kir. Kom, bi f\u00ee\u015fek\u00ean heway\u00ee, 2 k\u00eelometre me\u015fiyan, pol\u00eesan li ber deriy\u00ea Ruhay\u00ea sekin\u00eeb\u00fbn xwestin ku, xwep\u00ea\u015fander li w\u00ea der\u00ea dax\u00fbyaniya xwe bidin \u00fb belav bibin.<\/h3>\n<h3 style=\"text-align: justify\">Berpirs\u00ean xwep\u00ea\u015fandan\u00ea gotin ku, em\u00ea bighin birca \u00fb l\u00ea w\u00ea der\u00ea dax\u00fbyaniya xwe bidin.<\/h3>\n<h3 style=\"text-align: justify\">Di navbera pol\u00ees \u00fb koma me\u015f\u00ea de aloz\u00ee derket. Pi\u015ft\u00ee aloziy\u00ea, pol\u00eesan ji bo belavkirina kom\u00ea gaza rondikr\u00eaj bikar an\u00ee.<\/h3>\n<h3 style=\"text-align: justify\">Hinek gotin hatin kirin \u00fb kesek\u00ee bi mikrofon\u00ea pol\u00ees wek dijmin navkir \u00fb slogana , \u201cEm \u00ea li pey teror\u00eestan bi\u00e7in,\u201d \u00fb \u201cYan h\u00fbn w\u00ee d\u00eewar\u00ee vekin, an j\u00ee em \u00ea w\u00ee d\u00eewar\u00ee li ser we hilwe\u015f\u00eenin.\u201d Pi\u015ft\u00ee destwerdana pol\u00eesan, xwep\u00ea\u015fender belav b\u00fbn.<\/h3>\n<h3 style=\"text-align: justify\">Li ser v\u00ea yek\u00ea wez\u00eer\u00ea navxwe dax\u00fbyaniyek da \u00fb got: \u201cKes nikare pol\u00ees\u00ean me, y\u00ean ku bi fedakar\u00ee xizmet\u00ea dikin wek, dijmin bi nav bike. Em \u00ea dest\u00fbr\u00ea nedin v\u00ea yek\u00ea, ez v\u00ea yek\u00ea \u015fermezar dikim. Div\u00ea her kes li ziman \u00fb gotar\u00ean xwe haydar be.Tirkiyeyek b\u00ea teror ne ten\u00ea projeyek ewlehiy\u00ea ye; ew projeyek a\u015ft\u00ee, p\u00ea\u015fkeftin \u00fb mezinb\u00fbna biratiya me ye. Ew armancek \u015faristan\u00ee ye. Y\u00ean ku dixwazin p\u00eavajoy\u00ea sabote bikin hene..\u201d<\/h3>\n<h3 style=\"text-align: justify\">Rstiyek heye ku, ji herdu aliyan j\u00ee hinek kes naxwazin ev \u201cp\u00eavajo\u201d serbikeve \u00fb bi awayek\u00ee hewldan\u00ean sapotekirin\u00ea hene. Hjnek naxwazin ji dev ranta bi awayek\u00ee destxistine berdin.<\/h3>\n","protected":false},"excerpt":{"rendered":"<p>Li D\u00eeyarbekir\u00ea, bi banga Mecl\u00eesa Ciwanan a DEM\u00ea me\u015fek hate lidarxistin \u00fb daxwaza azadiya Abdullah \u00d6calan hate kirin. Parlamentera M\u00eard\u00een\u00ea ya Partiya DEM\u00ea Beritan G\u00fcne\u015f, Parlamenter\u00ean D\u00eeyarbekir\u00ea Serhat Eren, Adalet Kaya \u00fb Mehmet Kama\u00e7 \u00fb gelek kes\u00ean din be\u015fdar\u00ee v\u00ea me\u015f\u00ea b\u00fbn. Armanc ew b\u00fb ku poster\u00ea Ocalan li ser birc\u00ea Ben u Sen a [&hellip;]<\/p>\n","protected":false},"author":2,"featured_media":1050315,"comment_status":"closed","ping_status":"closed","sticky":false,"template":"","format":"standard","meta":{"footnotes":""},"categories":[29],"tags":[37],"class_list":["post-1050314","post","type-post","status-publish","format-standard","has-post-thumbnail","hentry","category-kurdistan","tag-sereke"],"blocksy_meta":[],"seo_head":"<!-- This site is optimized with the Yoast SEO plugin v27.5 - https:\/\/yoast.com\/product\/yoast-seo-wordpress\/ -->\n<title>Wez\u00eer\u00ea Navxwe y\u00ea Tirkiyey\u00ea \u00e7alak\u00eeya Dem\u00ea weke hewla sabotekirina p\u00eavajoy\u00ea nirxand - Darka Maz\u00ee<\/title>\n<meta name=\"robots\" content=\"index, follow, max-snippet:-1, max-image-preview:large, max-video-preview:-1\" \/>\n<link rel=\"canonical\" href=\"https:\/\/darkamazi.info\/archives\/1050314\" \/>\n<meta property=\"og:locale\" content=\"en_US\" \/>\n<meta property=\"og:type\" content=\"article\" \/>\n<meta property=\"og:title\" content=\"Wez\u00eer\u00ea Navxwe y\u00ea Tirkiyey\u00ea \u00e7alak\u00eeya Dem\u00ea weke hewla sabotekirina p\u00eavajoy\u00ea nirxand - Darka Maz\u00ee\" \/>\n<meta property=\"og:description\" content=\"Li D\u00eeyarbekir\u00ea, bi banga Mecl\u00eesa Ciwanan a DEM\u00ea me\u015fek hate lidarxistin \u00fb daxwaza azadiya Abdullah \u00d6calan hate kirin. Parlamentera M\u00eard\u00een\u00ea ya Partiya DEM\u00ea Beritan G\u00fcne\u015f, Parlamenter\u00ean D\u00eeyarbekir\u00ea Serhat Eren, Adalet Kaya \u00fb Mehmet Kama\u00e7 \u00fb gelek kes\u00ean din be\u015fdar\u00ee v\u00ea me\u015f\u00ea b\u00fbn. Armanc ew b\u00fb ku poster\u00ea Ocalan li ser birc\u00ea Ben u Sen a [&hellip;]\" \/>\n<meta property=\"og:url\" content=\"https:\/\/darkamazi.info\/archives\/1050314\" \/>\n<meta property=\"og:site_name\" content=\"Darka Maz\u00ee\" \/>\n<meta property=\"article:publisher\" content=\"https:\/\/www.facebook.com\/DarMaziKurmanci\" \/>\n<meta property=\"article:published_time\" content=\"2025-10-20T15:11:00+00:00\" \/>\n<meta property=\"article:modified_time\" content=\"2025-10-20T15:11:13+00:00\" \/>\n<meta property=\"og:image\" content=\"https:\/\/darkamazi.info\/file\/2025\/10\/ocalan-amed-azadi-diyarbekir-dem.jpg\" \/>\n\t<meta property=\"og:image:width\" content=\"900\" \/>\n\t<meta property=\"og:image:height\" content=\"497\" \/>\n\t<meta property=\"og:image:type\" content=\"image\/jpeg\" \/>\n<meta name=\"author\" content=\"darka mazi\" \/>\n<meta name=\"twitter:card\" content=\"summary_large_image\" \/>\n<meta name=\"twitter:creator\" content=\"@DarkaMaziLatini\" \/>\n<meta name=\"twitter:site\" content=\"@DarkaMaziLatini\" \/>\n<meta name=\"twitter:label1\" content=\"Written by\" \/>\n\t<meta name=\"twitter:data1\" content=\"darka mazi\" \/>\n\t<meta name=\"twitter:label2\" content=\"Est. reading time\" \/>\n\t<meta name=\"twitter:data2\" content=\"2 minutes\" \/>\n<script type=\"application\/ld+json\" class=\"seo-schema-graph\">{\"@context\":\"https:\\\/\\\/schema.org\",\"@graph\":[{\"@type\":\"Article\",\"@id\":\"https:\\\/\\\/darkamazi.info\\\/archives\\\/1050314#article\",\"isPartOf\":{\"@id\":\"https:\\\/\\\/darkamazi.info\\\/archives\\\/1050314\"},\"author\":{\"name\":\"darka mazi\",\"@id\":\"https:\\\/\\\/darkamazi.info\\\/#\\\/schema\\\/person\\\/5ad3e24553a0567993fa8ed4bd0a776c\"},\"headline\":\"Wez\u00eer\u00ea Navxwe y\u00ea Tirkiyey\u00ea \u00e7alak\u00eeya Dem\u00ea weke hewla sabotekirina p\u00eavajoy\u00ea nirxand\",\"datePublished\":\"2025-10-20T15:11:00+00:00\",\"dateModified\":\"2025-10-20T15:11:13+00:00\",\"mainEntityOfPage\":{\"@id\":\"https:\\\/\\\/darkamazi.info\\\/archives\\\/1050314\"},\"wordCount\":322,\"publisher\":{\"@id\":\"https:\\\/\\\/darkamazi.info\\\/#organization\"},\"image\":{\"@id\":\"https:\\\/\\\/darkamazi.info\\\/archives\\\/1050314#primaryimage\"},\"thumbnailUrl\":\"https:\\\/\\\/darkamazi.info\\\/darka-content\\\/uploads\\\/2025\\\/10\\\/ocalan-amed-azadi-diyarbekir-dem.jpg\",\"keywords\":[\"sereke\"],\"articleSection\":[\"Kurdistan\"],\"inLanguage\":\"en-US\"},{\"@type\":\"WebPage\",\"@id\":\"https:\\\/\\\/darkamazi.info\\\/archives\\\/1050314\",\"url\":\"https:\\\/\\\/darkamazi.info\\\/archives\\\/1050314\",\"name\":\"Wez\u00eer\u00ea Navxwe y\u00ea Tirkiyey\u00ea \u00e7alak\u00eeya Dem\u00ea weke hewla sabotekirina p\u00eavajoy\u00ea nirxand - Darka Maz\u00ee\",\"isPartOf\":{\"@id\":\"https:\\\/\\\/darkamazi.info\\\/#website\"},\"primaryImageOfPage\":{\"@id\":\"https:\\\/\\\/darkamazi.info\\\/archives\\\/1050314#primaryimage\"},\"image\":{\"@id\":\"https:\\\/\\\/darkamazi.info\\\/archives\\\/1050314#primaryimage\"},\"thumbnailUrl\":\"https:\\\/\\\/darkamazi.info\\\/darka-content\\\/uploads\\\/2025\\\/10\\\/ocalan-amed-azadi-diyarbekir-dem.jpg\",\"datePublished\":\"2025-10-20T15:11:00+00:00\",\"dateModified\":\"2025-10-20T15:11:13+00:00\",\"breadcrumb\":{\"@id\":\"https:\\\/\\\/darkamazi.info\\\/archives\\\/1050314#breadcrumb\"},\"inLanguage\":\"en-US\",\"potentialAction\":[{\"@type\":\"ReadAction\",\"target\":[\"https:\\\/\\\/darkamazi.info\\\/archives\\\/1050314\"]}]},{\"@type\":\"ImageObject\",\"inLanguage\":\"en-US\",\"@id\":\"https:\\\/\\\/darkamazi.info\\\/archives\\\/1050314#primaryimage\",\"url\":\"https:\\\/\\\/darkamazi.info\\\/darka-content\\\/uploads\\\/2025\\\/10\\\/ocalan-amed-azadi-diyarbekir-dem.jpg\",\"contentUrl\":\"https:\\\/\\\/darkamazi.info\\\/darka-content\\\/uploads\\\/2025\\\/10\\\/ocalan-amed-azadi-diyarbekir-dem.jpg\",\"width\":900,\"height\":497,\"caption\":\"Wez\u00eer\u00ea Navxwe y\u00ea Tirkiyey\u00ea \u00e7alak\u00eeya Dem\u00ea weke hewla sabotekirina p\u00eavajoy\u00ea nirxand\"},{\"@type\":\"BreadcrumbList\",\"@id\":\"https:\\\/\\\/darkamazi.info\\\/archives\\\/1050314#breadcrumb\",\"itemListElement\":[{\"@type\":\"ListItem\",\"position\":1,\"name\":\"Home\",\"item\":\"https:\\\/\\\/darkamazi.info\\\/\"},{\"@type\":\"ListItem\",\"position\":2,\"name\":\"Wez\u00eer\u00ea Navxwe y\u00ea Tirkiyey\u00ea \u00e7alak\u00eeya Dem\u00ea weke hewla sabotekirina p\u00eavajoy\u00ea nirxand\"}]},{\"@type\":\"WebSite\",\"@id\":\"https:\\\/\\\/darkamazi.info\\\/#website\",\"url\":\"https:\\\/\\\/darkamazi.info\\\/\",\"name\":\"Darka Maz\u00ee\",\"description\":\"P\u00eageha Zanyariy\u00ean Nebih\u00eest\u00ee\",\"publisher\":{\"@id\":\"https:\\\/\\\/darkamazi.info\\\/#organization\"},\"potentialAction\":[{\"@type\":\"SearchAction\",\"target\":{\"@type\":\"EntryPoint\",\"urlTemplate\":\"https:\\\/\\\/darkamazi.info\\\/?s={search_term_string}\"},\"query-input\":{\"@type\":\"PropertyValueSpecification\",\"valueRequired\":true,\"valueName\":\"search_term_string\"}}],\"inLanguage\":\"en-US\"},{\"@type\":\"Organization\",\"@id\":\"https:\\\/\\\/darkamazi.info\\\/#organization\",\"name\":\"Darka Maz\u00ee\",\"url\":\"https:\\\/\\\/darkamazi.info\\\/\",\"logo\":{\"@type\":\"ImageObject\",\"inLanguage\":\"en-US\",\"@id\":\"https:\\\/\\\/darkamazi.info\\\/#\\\/schema\\\/logo\\\/image\\\/\",\"url\":\"https:\\\/\\\/darkamazi.info\\\/darka-content\\\/uploads\\\/2017\\\/12\\\/darka-mazi-logo.png\",\"contentUrl\":\"https:\\\/\\\/darkamazi.info\\\/darka-content\\\/uploads\\\/2017\\\/12\\\/darka-mazi-logo.png\",\"width\":151,\"height\":75,\"caption\":\"Darka Maz\u00ee\"},\"image\":{\"@id\":\"https:\\\/\\\/darkamazi.info\\\/#\\\/schema\\\/logo\\\/image\\\/\"},\"sameAs\":[\"https:\\\/\\\/www.facebook.com\\\/DarMaziKurmanci\",\"https:\\\/\\\/x.com\\\/DarkaMaziLatini\",\"https:\\\/\\\/www.instagram.com\\\/darkamazi.kurmanci\\\/\",\"https:\\\/\\\/www.youtube.com\\\/channel\\\/UCa5HkTdmI8U1qCUFuTw8B2g\"]},{\"@type\":\"Person\",\"@id\":\"https:\\\/\\\/darkamazi.info\\\/#\\\/schema\\\/person\\\/5ad3e24553a0567993fa8ed4bd0a776c\",\"name\":\"darka mazi\",\"sameAs\":[\"https:\\\/\\\/darkamazi.info\\\/\"],\"url\":\"https:\\\/\\\/darkamazi.info\\\/archives\\\/author\\\/kurdi\"}]}<\/script>\n<!-- \/ Yoast SEO plugin. -->","seo_head_json":{"title":"Wez\u00eer\u00ea Navxwe y\u00ea Tirkiyey\u00ea \u00e7alak\u00eeya Dem\u00ea weke hewla sabotekirina p\u00eavajoy\u00ea nirxand - Darka Maz\u00ee","robots":{"index":"index","follow":"follow","max-snippet":"max-snippet:-1","max-image-preview":"max-image-preview:large","max-video-preview":"max-video-preview:-1"},"canonical":"https:\/\/darkamazi.info\/archives\/1050314","og_locale":"en_US","og_type":"article","og_title":"Wez\u00eer\u00ea Navxwe y\u00ea Tirkiyey\u00ea \u00e7alak\u00eeya Dem\u00ea weke hewla sabotekirina p\u00eavajoy\u00ea nirxand - Darka Maz\u00ee","og_description":"Li D\u00eeyarbekir\u00ea, bi banga Mecl\u00eesa Ciwanan a DEM\u00ea me\u015fek hate lidarxistin \u00fb daxwaza azadiya Abdullah \u00d6calan hate kirin. Parlamentera M\u00eard\u00een\u00ea ya Partiya DEM\u00ea Beritan G\u00fcne\u015f, Parlamenter\u00ean D\u00eeyarbekir\u00ea Serhat Eren, Adalet Kaya \u00fb Mehmet Kama\u00e7 \u00fb gelek kes\u00ean din be\u015fdar\u00ee v\u00ea me\u015f\u00ea b\u00fbn. Armanc ew b\u00fb ku poster\u00ea Ocalan li ser birc\u00ea Ben u Sen a [&hellip;]","og_url":"https:\/\/darkamazi.info\/archives\/1050314","og_site_name":"Darka Maz\u00ee","article_publisher":"https:\/\/www.facebook.com\/DarMaziKurmanci","article_published_time":"2025-10-20T15:11:00+00:00","article_modified_time":"2025-10-20T15:11:13+00:00","og_image":[{"width":900,"height":497,"url":"https:\/\/darkamazi.info\/file\/2025\/10\/ocalan-amed-azadi-diyarbekir-dem.jpg","type":"image\/jpeg"}],"author":"darka mazi","twitter_card":"summary_large_image","twitter_creator":"@DarkaMaziLatini","twitter_site":"@DarkaMaziLatini","twitter_misc":{"Written by":"darka mazi","Est. reading time":"2 minutes"},"schema":{"@context":"https:\/\/schema.org","@graph":[{"@type":"Article","@id":"https:\/\/darkamazi.info\/archives\/1050314#article","isPartOf":{"@id":"https:\/\/darkamazi.info\/archives\/1050314"},"author":{"name":"darka mazi","@id":"https:\/\/darkamazi.info\/#\/schema\/person\/5ad3e24553a0567993fa8ed4bd0a776c"},"headline":"Wez\u00eer\u00ea Navxwe y\u00ea Tirkiyey\u00ea \u00e7alak\u00eeya Dem\u00ea weke hewla sabotekirina p\u00eavajoy\u00ea nirxand","datePublished":"2025-10-20T15:11:00+00:00","dateModified":"2025-10-20T15:11:13+00:00","mainEntityOfPage":{"@id":"https:\/\/darkamazi.info\/archives\/1050314"},"wordCount":322,"publisher":{"@id":"https:\/\/darkamazi.info\/#organization"},"image":{"@id":"https:\/\/darkamazi.info\/archives\/1050314#primaryimage"},"thumbnailUrl":"https:\/\/darkamazi.info\/file\/2025\/10\/ocalan-amed-azadi-diyarbekir-dem.jpg","keywords":["sereke"],"articleSection":["Kurdistan"],"inLanguage":"en-US"},{"@type":"WebPage","@id":"https:\/\/darkamazi.info\/archives\/1050314","url":"https:\/\/darkamazi.info\/archives\/1050314","name":"Wez\u00eer\u00ea Navxwe y\u00ea Tirkiyey\u00ea \u00e7alak\u00eeya Dem\u00ea weke hewla sabotekirina p\u00eavajoy\u00ea nirxand - Darka Maz\u00ee","isPartOf":{"@id":"https:\/\/darkamazi.info\/#website"},"primaryImageOfPage":{"@id":"https:\/\/darkamazi.info\/archives\/1050314#primaryimage"},"image":{"@id":"https:\/\/darkamazi.info\/archives\/1050314#primaryimage"},"thumbnailUrl":"https:\/\/darkamazi.info\/file\/2025\/10\/ocalan-amed-azadi-diyarbekir-dem.jpg","datePublished":"2025-10-20T15:11:00+00:00","dateModified":"2025-10-20T15:11:13+00:00","breadcrumb":{"@id":"https:\/\/darkamazi.info\/archives\/1050314#breadcrumb"},"inLanguage":"en-US","potentialAction":[{"@type":"ReadAction","target":["https:\/\/darkamazi.info\/archives\/1050314"]}]},{"@type":"ImageObject","inLanguage":"en-US","@id":"https:\/\/darkamazi.info\/archives\/1050314#primaryimage","url":"https:\/\/darkamazi.info\/file\/2025\/10\/ocalan-amed-azadi-diyarbekir-dem.jpg","contentUrl":"https:\/\/darkamazi.info\/file\/2025\/10\/ocalan-amed-azadi-diyarbekir-dem.jpg","width":900,"height":497,"caption":"Wez\u00eer\u00ea Navxwe y\u00ea Tirkiyey\u00ea \u00e7alak\u00eeya Dem\u00ea weke hewla sabotekirina p\u00eavajoy\u00ea nirxand"},{"@type":"BreadcrumbList","@id":"https:\/\/darkamazi.info\/archives\/1050314#breadcrumb","itemListElement":[{"@type":"ListItem","position":1,"name":"Home","item":"https:\/\/darkamazi.info\/"},{"@type":"ListItem","position":2,"name":"Wez\u00eer\u00ea Navxwe y\u00ea Tirkiyey\u00ea \u00e7alak\u00eeya Dem\u00ea weke hewla sabotekirina p\u00eavajoy\u00ea nirxand"}]},{"@type":"WebSite","@id":"https:\/\/darkamazi.info\/#website","url":"https:\/\/darkamazi.info\/","name":"Darka Maz\u00ee","description":"P\u00eageha Zanyariy\u00ean Nebih\u00eest\u00ee","publisher":{"@id":"https:\/\/darkamazi.info\/#organization"},"potentialAction":[{"@type":"SearchAction","target":{"@type":"EntryPoint","urlTemplate":"https:\/\/darkamazi.info\/?s={search_term_string}"},"query-input":{"@type":"PropertyValueSpecification","valueRequired":true,"valueName":"search_term_string"}}],"inLanguage":"en-US"},{"@type":"Organization","@id":"https:\/\/darkamazi.info\/#organization","name":"Darka Maz\u00ee","url":"https:\/\/darkamazi.info\/","logo":{"@type":"ImageObject","inLanguage":"en-US","@id":"https:\/\/darkamazi.info\/#\/schema\/logo\/image\/","url":"https:\/\/darkamazi.info\/file\/2017\/12\/darka-mazi-logo.png","contentUrl":"https:\/\/darkamazi.info\/file\/2017\/12\/darka-mazi-logo.png","width":151,"height":75,"caption":"Darka Maz\u00ee"},"image":{"@id":"https:\/\/darkamazi.info\/#\/schema\/logo\/image\/"},"sameAs":["https:\/\/www.facebook.com\/DarMaziKurmanci","https:\/\/x.com\/DarkaMaziLatini","https:\/\/www.instagram.com\/darkamazi.kurmanci\/","https:\/\/www.youtube.com\/channel\/UCa5HkTdmI8U1qCUFuTw8B2g"]},{"@type":"Person","@id":"https:\/\/darkamazi.info\/#\/schema\/person\/5ad3e24553a0567993fa8ed4bd0a776c","name":"darka mazi","sameAs":["https:\/\/darkamazi.info\/"],"url":"https:\/\/darkamazi.info\/archives\/author\/kurdi"}]}},"_links":{"self":[{"href":"https:\/\/darkamazi.info\/funavuv\/wp\/v2\/posts\/1050314","targetHints":{"allow":["GET"]}}],"collection":[{"href":"https:\/\/darkamazi.info\/funavuv\/wp\/v2\/posts"}],"about":[{"href":"https:\/\/darkamazi.info\/funavuv\/wp\/v2\/types\/post"}],"author":[{"embeddable":true,"href":"https:\/\/darkamazi.info\/funavuv\/wp\/v2\/users\/2"}],"replies":[{"embeddable":true,"href":"https:\/\/darkamazi.info\/funavuv\/wp\/v2\/comments?post=1050314"}],"version-history":[{"count":0,"href":"https:\/\/darkamazi.info\/funavuv\/wp\/v2\/posts\/1050314\/revisions"}],"wp:featuredmedia":[{"embeddable":true,"href":"https:\/\/darkamazi.info\/funavuv\/wp\/v2\/media\/1050315"}],"wp:attachment":[{"href":"https:\/\/darkamazi.info\/funavuv\/wp\/v2\/media?parent=1050314"}],"wp:term":[{"taxonomy":"category","embeddable":true,"href":"https:\/\/darkamazi.info\/funavuv\/wp\/v2\/categories?post=1050314"},{"taxonomy":"post_tag","embeddable":true,"href":"https:\/\/darkamazi.info\/funavuv\/wp\/v2\/tags?post=1050314"}],"curies":[{"name":"wp","href":"https:\/\/api.w.org\/{rel}","templated":true}]}}