{"id":1050333,"date":"2025-10-22T09:31:51","date_gmt":"2025-10-22T06:31:51","guid":{"rendered":"https:\/\/darkamazi.info\/?p=1050333"},"modified":"2025-10-22T09:31:51","modified_gmt":"2025-10-22T06:31:51","slug":"parlamentoya-tirkiyeye-dema-mayina-leskeren-xwe-li-iraq-u-suriyeye-direj-kir","status":"publish","type":"post","link":"https:\/\/darkamazi.info\/archives\/1050333","title":{"rendered":"Parlamentoya Tirkiyey\u00ea dema may\u00eena le\u015fker\u00ean xwe li Iraq \u00fb S\u00fbriyey\u00ea dir\u00eaj kir"},"content":{"rendered":"<h3 style=\"text-align: justify\"><span style=\"font-family: 'arial black', sans-serif\">Parlamentoya Tirkiyey\u00ea p\u00ea\u015fniyara serokomariy\u00ea ya ji bo dir\u00eajkirina erka H\u00eaz\u00ean \u00c7ekdar \u00ean Tirk (TSK) li nav axa Iraq \u00fb S\u00fbriyey\u00ea ji bo s\u00ea sal\u00ean din pesend kir.<\/span><\/h3>\n<h3 style=\"text-align: justify\"><span style=\"font-family: arial, helvetica, sans-serif\">Di r\u00fbni\u015ftina roja S\u00ea\u015fem\u00ea de, parlamentoy\u00ea yade\u015ftek ku ji aliy\u00ea Serokomar Recep Tayyip Erdogan ve hatib\u00fb amadekirin, xist rojeva xwe. Di encama dengdan\u00ea de, ji bil\u00ee CHP \u00fb DEM Partiy\u00ea, piraniya partiyan deng\u00ea &#8220;er\u00ea&#8221; dan \u00fb mandaya n\u00fb hate pesendkirin. Mandaya n\u00fb d\u00ea ji 30\u00ea Cotmeha \u00eesal ve dest p\u00ea bike.<\/span><\/h3>\n<h3 style=\"text-align: justify\"><span style=\"font-family: arial, helvetica, sans-serif\">Di yade\u015ftnameya Serokomariy\u00ea de, sedema dir\u00eajkirin\u00ea wek &#8220;gef \u00fb metirsiy\u00ean teror\u00eest\u00ee y\u00ean li ser s\u00eenor\u00ean ba\u015f\u00fbr\u00ea Tirkiyey\u00ea \u00fb berdewamiya b\u00eaaramiy\u00ea li her\u00eam\u00ea&#8221; hate destn\u00ee\u015fankirin \u00fb hat \u00eediakirin ku ev rew\u015f &#8220;metirsiy\u00ea li ser ewlehiya netewey\u00ee ya Tirkiyey\u00ea&#8221; \u00e7\u00eadike.<\/span><\/h3>\n<h3 style=\"text-align: justify\"><span style=\"font-family: arial, helvetica, sans-serif\">Herwiha di belgey\u00ea de pabendiya Tirkiyey\u00ea bi &#8220;parastina yekpar\u00e7eyiya axa Iraq\u00ea, yek\u00eetiya netewey\u00ee \u00fb aramiya w\u00ee welat\u00ee&#8221; hate dubarekirin. Derbar\u00ea S\u00fbriyey\u00ea de j\u00ee hat gotin ku ji bo &#8220;pi\u015ftgir\u00eekirina hewl\u00ean navnetewey\u00ee \u00fb \u00e7areserkirina kr\u00eez\u00ea, div\u00ea tedb\u00eer\u00ean p\u00eaw\u00eest li dij\u00ee hem\u00fb gefan b\u00ean wergirtin.&#8221;<\/span><\/h3>\n<h3 style=\"text-align: justify\"><span style=\"font-family: arial, helvetica, sans-serif\">Li gor\u00ee Ajansa Anadoluy\u00ea ya ferm\u00ee ya Tirkiyey\u00ea, armanca v\u00ea p\u00eangav\u00ea &#8220;r\u00eagirtina li \u00ear\u00ee\u015f\u00ean muhtemel \u00ean r\u00eaxistin\u00ean teror\u00eest\u00ee&#8221; y\u00ean ji Iraq \u00fb S\u00fbriyey\u00ea ye.<\/span><\/h3>\n<h3 style=\"text-align: justify\"><span style=\"font-family: arial, helvetica, sans-serif\">Ev n\u00eaz\u00ee \u00e7aryek sedsal\u00ea ye ku Tirkiye bi hinceta r\u00fbbir\u00fbb\u00fbna ger\u00eelay\u00ean Partiya Karker\u00ean Kurdistan\u00ea (PKK) bi dehan baregeh\u00ean le\u015fker\u00ee li nav axa Her\u00eama Kurdistan\u00ea \u00fb dever\u00ean din \u00ean Iraq\u00ea ava kirine. Operasyon\u00ean art\u00ea\u015fa Tirk li dij\u00ee PKK\u00ea li nav axa Iraq \u00fb S\u00fbriyey\u00ea bi awayek\u00ee berdewam didomin.<\/span><\/h3>\n","protected":false},"excerpt":{"rendered":"<p>Parlamentoya Tirkiyey\u00ea p\u00ea\u015fniyara serokomariy\u00ea ya ji bo dir\u00eajkirina erka H\u00eaz\u00ean \u00c7ekdar \u00ean Tirk (TSK) li nav axa Iraq \u00fb S\u00fbriyey\u00ea ji bo s\u00ea sal\u00ean din pesend kir. Di r\u00fbni\u015ftina roja S\u00ea\u015fem\u00ea de, parlamentoy\u00ea yade\u015ftek ku ji aliy\u00ea Serokomar Recep Tayyip Erdogan ve hatib\u00fb amadekirin, xist rojeva xwe. Di encama dengdan\u00ea de, ji bil\u00ee CHP \u00fb [&hellip;]<\/p>\n","protected":false},"author":2,"featured_media":1050334,"comment_status":"closed","ping_status":"closed","sticky":false,"template":"","format":"standard","meta":{"footnotes":""},"categories":[31],"tags":[37],"class_list":["post-1050333","post","type-post","status-publish","format-standard","has-post-thumbnail","hentry","category-rojhelata-navin","tag-sereke"],"blocksy_meta":[],"seo_head":"<!-- This site is optimized with the Yoast SEO plugin v27.5 - https:\/\/yoast.com\/product\/yoast-seo-wordpress\/ -->\n<title>Parlamentoya Tirkiyey\u00ea dema may\u00eena le\u015fker\u00ean xwe li Iraq \u00fb S\u00fbriyey\u00ea dir\u00eaj kir - Darka Maz\u00ee<\/title>\n<meta name=\"robots\" content=\"index, follow, max-snippet:-1, max-image-preview:large, max-video-preview:-1\" \/>\n<link rel=\"canonical\" href=\"https:\/\/darkamazi.info\/archives\/1050333\" \/>\n<meta property=\"og:locale\" content=\"en_US\" \/>\n<meta property=\"og:type\" content=\"article\" \/>\n<meta property=\"og:title\" content=\"Parlamentoya Tirkiyey\u00ea dema may\u00eena le\u015fker\u00ean xwe li Iraq \u00fb S\u00fbriyey\u00ea dir\u00eaj kir - Darka Maz\u00ee\" \/>\n<meta property=\"og:description\" content=\"Parlamentoya Tirkiyey\u00ea p\u00ea\u015fniyara serokomariy\u00ea ya ji bo dir\u00eajkirina erka H\u00eaz\u00ean \u00c7ekdar \u00ean Tirk (TSK) li nav axa Iraq \u00fb S\u00fbriyey\u00ea ji bo s\u00ea sal\u00ean din pesend kir. Di r\u00fbni\u015ftina roja S\u00ea\u015fem\u00ea de, parlamentoy\u00ea yade\u015ftek ku ji aliy\u00ea Serokomar Recep Tayyip Erdogan ve hatib\u00fb amadekirin, xist rojeva xwe. Di encama dengdan\u00ea de, ji bil\u00ee CHP \u00fb [&hellip;]\" \/>\n<meta property=\"og:url\" content=\"https:\/\/darkamazi.info\/archives\/1050333\" \/>\n<meta property=\"og:site_name\" content=\"Darka Maz\u00ee\" \/>\n<meta property=\"article:publisher\" content=\"https:\/\/www.facebook.com\/DarMaziKurmanci\" \/>\n<meta property=\"article:published_time\" content=\"2025-10-22T06:31:51+00:00\" \/>\n<meta property=\"og:image\" content=\"https:\/\/darkamazi.info\/file\/2025\/10\/Turkey-armyiraq.jpg\" \/>\n\t<meta property=\"og:image:width\" content=\"900\" \/>\n\t<meta property=\"og:image:height\" content=\"500\" \/>\n\t<meta property=\"og:image:type\" content=\"image\/jpeg\" \/>\n<meta name=\"author\" content=\"darka mazi\" \/>\n<meta name=\"twitter:card\" content=\"summary_large_image\" \/>\n<meta name=\"twitter:creator\" content=\"@DarkaMaziLatini\" \/>\n<meta name=\"twitter:site\" content=\"@DarkaMaziLatini\" \/>\n<meta name=\"twitter:label1\" content=\"Written by\" \/>\n\t<meta name=\"twitter:data1\" content=\"darka mazi\" \/>\n\t<meta name=\"twitter:label2\" content=\"Est. reading time\" \/>\n\t<meta name=\"twitter:data2\" content=\"2 minutes\" \/>\n<script type=\"application\/ld+json\" class=\"seo-schema-graph\">{\"@context\":\"https:\\\/\\\/schema.org\",\"@graph\":[{\"@type\":\"Article\",\"@id\":\"https:\\\/\\\/darkamazi.info\\\/archives\\\/1050333#article\",\"isPartOf\":{\"@id\":\"https:\\\/\\\/darkamazi.info\\\/archives\\\/1050333\"},\"author\":{\"name\":\"darka mazi\",\"@id\":\"https:\\\/\\\/darkamazi.info\\\/#\\\/schema\\\/person\\\/5ad3e24553a0567993fa8ed4bd0a776c\"},\"headline\":\"Parlamentoya Tirkiyey\u00ea dema may\u00eena le\u015fker\u00ean xwe li Iraq \u00fb S\u00fbriyey\u00ea dir\u00eaj kir\",\"datePublished\":\"2025-10-22T06:31:51+00:00\",\"mainEntityOfPage\":{\"@id\":\"https:\\\/\\\/darkamazi.info\\\/archives\\\/1050333\"},\"wordCount\":289,\"publisher\":{\"@id\":\"https:\\\/\\\/darkamazi.info\\\/#organization\"},\"image\":{\"@id\":\"https:\\\/\\\/darkamazi.info\\\/archives\\\/1050333#primaryimage\"},\"thumbnailUrl\":\"https:\\\/\\\/darkamazi.info\\\/darka-content\\\/uploads\\\/2025\\\/10\\\/Turkey-armyiraq.jpg\",\"keywords\":[\"sereke\"],\"articleSection\":[\"Rojhelata nav\u00een\"],\"inLanguage\":\"en-US\"},{\"@type\":\"WebPage\",\"@id\":\"https:\\\/\\\/darkamazi.info\\\/archives\\\/1050333\",\"url\":\"https:\\\/\\\/darkamazi.info\\\/archives\\\/1050333\",\"name\":\"Parlamentoya Tirkiyey\u00ea dema may\u00eena le\u015fker\u00ean xwe li Iraq \u00fb S\u00fbriyey\u00ea dir\u00eaj kir - Darka Maz\u00ee\",\"isPartOf\":{\"@id\":\"https:\\\/\\\/darkamazi.info\\\/#website\"},\"primaryImageOfPage\":{\"@id\":\"https:\\\/\\\/darkamazi.info\\\/archives\\\/1050333#primaryimage\"},\"image\":{\"@id\":\"https:\\\/\\\/darkamazi.info\\\/archives\\\/1050333#primaryimage\"},\"thumbnailUrl\":\"https:\\\/\\\/darkamazi.info\\\/darka-content\\\/uploads\\\/2025\\\/10\\\/Turkey-armyiraq.jpg\",\"datePublished\":\"2025-10-22T06:31:51+00:00\",\"breadcrumb\":{\"@id\":\"https:\\\/\\\/darkamazi.info\\\/archives\\\/1050333#breadcrumb\"},\"inLanguage\":\"en-US\",\"potentialAction\":[{\"@type\":\"ReadAction\",\"target\":[\"https:\\\/\\\/darkamazi.info\\\/archives\\\/1050333\"]}]},{\"@type\":\"ImageObject\",\"inLanguage\":\"en-US\",\"@id\":\"https:\\\/\\\/darkamazi.info\\\/archives\\\/1050333#primaryimage\",\"url\":\"https:\\\/\\\/darkamazi.info\\\/darka-content\\\/uploads\\\/2025\\\/10\\\/Turkey-armyiraq.jpg\",\"contentUrl\":\"https:\\\/\\\/darkamazi.info\\\/darka-content\\\/uploads\\\/2025\\\/10\\\/Turkey-armyiraq.jpg\",\"width\":900,\"height\":500,\"caption\":\"Turkey-army+iraq\"},{\"@type\":\"BreadcrumbList\",\"@id\":\"https:\\\/\\\/darkamazi.info\\\/archives\\\/1050333#breadcrumb\",\"itemListElement\":[{\"@type\":\"ListItem\",\"position\":1,\"name\":\"Home\",\"item\":\"https:\\\/\\\/darkamazi.info\\\/\"},{\"@type\":\"ListItem\",\"position\":2,\"name\":\"Parlamentoya Tirkiyey\u00ea dema may\u00eena le\u015fker\u00ean xwe li Iraq \u00fb S\u00fbriyey\u00ea dir\u00eaj kir\"}]},{\"@type\":\"WebSite\",\"@id\":\"https:\\\/\\\/darkamazi.info\\\/#website\",\"url\":\"https:\\\/\\\/darkamazi.info\\\/\",\"name\":\"Darka Maz\u00ee\",\"description\":\"P\u00eageha Zanyariy\u00ean Nebih\u00eest\u00ee\",\"publisher\":{\"@id\":\"https:\\\/\\\/darkamazi.info\\\/#organization\"},\"potentialAction\":[{\"@type\":\"SearchAction\",\"target\":{\"@type\":\"EntryPoint\",\"urlTemplate\":\"https:\\\/\\\/darkamazi.info\\\/?s={search_term_string}\"},\"query-input\":{\"@type\":\"PropertyValueSpecification\",\"valueRequired\":true,\"valueName\":\"search_term_string\"}}],\"inLanguage\":\"en-US\"},{\"@type\":\"Organization\",\"@id\":\"https:\\\/\\\/darkamazi.info\\\/#organization\",\"name\":\"Darka Maz\u00ee\",\"url\":\"https:\\\/\\\/darkamazi.info\\\/\",\"logo\":{\"@type\":\"ImageObject\",\"inLanguage\":\"en-US\",\"@id\":\"https:\\\/\\\/darkamazi.info\\\/#\\\/schema\\\/logo\\\/image\\\/\",\"url\":\"https:\\\/\\\/darkamazi.info\\\/darka-content\\\/uploads\\\/2017\\\/12\\\/darka-mazi-logo.png\",\"contentUrl\":\"https:\\\/\\\/darkamazi.info\\\/darka-content\\\/uploads\\\/2017\\\/12\\\/darka-mazi-logo.png\",\"width\":151,\"height\":75,\"caption\":\"Darka Maz\u00ee\"},\"image\":{\"@id\":\"https:\\\/\\\/darkamazi.info\\\/#\\\/schema\\\/logo\\\/image\\\/\"},\"sameAs\":[\"https:\\\/\\\/www.facebook.com\\\/DarMaziKurmanci\",\"https:\\\/\\\/x.com\\\/DarkaMaziLatini\",\"https:\\\/\\\/www.instagram.com\\\/darkamazi.kurmanci\\\/\",\"https:\\\/\\\/www.youtube.com\\\/channel\\\/UCa5HkTdmI8U1qCUFuTw8B2g\"]},{\"@type\":\"Person\",\"@id\":\"https:\\\/\\\/darkamazi.info\\\/#\\\/schema\\\/person\\\/5ad3e24553a0567993fa8ed4bd0a776c\",\"name\":\"darka mazi\",\"sameAs\":[\"https:\\\/\\\/darkamazi.info\\\/\"],\"url\":\"https:\\\/\\\/darkamazi.info\\\/archives\\\/author\\\/kurdi\"}]}<\/script>\n<!-- \/ Yoast SEO plugin. -->","seo_head_json":{"title":"Parlamentoya Tirkiyey\u00ea dema may\u00eena le\u015fker\u00ean xwe li Iraq \u00fb S\u00fbriyey\u00ea dir\u00eaj kir - Darka Maz\u00ee","robots":{"index":"index","follow":"follow","max-snippet":"max-snippet:-1","max-image-preview":"max-image-preview:large","max-video-preview":"max-video-preview:-1"},"canonical":"https:\/\/darkamazi.info\/archives\/1050333","og_locale":"en_US","og_type":"article","og_title":"Parlamentoya Tirkiyey\u00ea dema may\u00eena le\u015fker\u00ean xwe li Iraq \u00fb S\u00fbriyey\u00ea dir\u00eaj kir - Darka Maz\u00ee","og_description":"Parlamentoya Tirkiyey\u00ea p\u00ea\u015fniyara serokomariy\u00ea ya ji bo dir\u00eajkirina erka H\u00eaz\u00ean \u00c7ekdar \u00ean Tirk (TSK) li nav axa Iraq \u00fb S\u00fbriyey\u00ea ji bo s\u00ea sal\u00ean din pesend kir. Di r\u00fbni\u015ftina roja S\u00ea\u015fem\u00ea de, parlamentoy\u00ea yade\u015ftek ku ji aliy\u00ea Serokomar Recep Tayyip Erdogan ve hatib\u00fb amadekirin, xist rojeva xwe. Di encama dengdan\u00ea de, ji bil\u00ee CHP \u00fb [&hellip;]","og_url":"https:\/\/darkamazi.info\/archives\/1050333","og_site_name":"Darka Maz\u00ee","article_publisher":"https:\/\/www.facebook.com\/DarMaziKurmanci","article_published_time":"2025-10-22T06:31:51+00:00","og_image":[{"width":900,"height":500,"url":"https:\/\/darkamazi.info\/file\/2025\/10\/Turkey-armyiraq.jpg","type":"image\/jpeg"}],"author":"darka mazi","twitter_card":"summary_large_image","twitter_creator":"@DarkaMaziLatini","twitter_site":"@DarkaMaziLatini","twitter_misc":{"Written by":"darka mazi","Est. reading time":"2 minutes"},"schema":{"@context":"https:\/\/schema.org","@graph":[{"@type":"Article","@id":"https:\/\/darkamazi.info\/archives\/1050333#article","isPartOf":{"@id":"https:\/\/darkamazi.info\/archives\/1050333"},"author":{"name":"darka mazi","@id":"https:\/\/darkamazi.info\/#\/schema\/person\/5ad3e24553a0567993fa8ed4bd0a776c"},"headline":"Parlamentoya Tirkiyey\u00ea dema may\u00eena le\u015fker\u00ean xwe li Iraq \u00fb S\u00fbriyey\u00ea dir\u00eaj kir","datePublished":"2025-10-22T06:31:51+00:00","mainEntityOfPage":{"@id":"https:\/\/darkamazi.info\/archives\/1050333"},"wordCount":289,"publisher":{"@id":"https:\/\/darkamazi.info\/#organization"},"image":{"@id":"https:\/\/darkamazi.info\/archives\/1050333#primaryimage"},"thumbnailUrl":"https:\/\/darkamazi.info\/file\/2025\/10\/Turkey-armyiraq.jpg","keywords":["sereke"],"articleSection":["Rojhelata nav\u00een"],"inLanguage":"en-US"},{"@type":"WebPage","@id":"https:\/\/darkamazi.info\/archives\/1050333","url":"https:\/\/darkamazi.info\/archives\/1050333","name":"Parlamentoya Tirkiyey\u00ea dema may\u00eena le\u015fker\u00ean xwe li Iraq \u00fb S\u00fbriyey\u00ea dir\u00eaj kir - Darka Maz\u00ee","isPartOf":{"@id":"https:\/\/darkamazi.info\/#website"},"primaryImageOfPage":{"@id":"https:\/\/darkamazi.info\/archives\/1050333#primaryimage"},"image":{"@id":"https:\/\/darkamazi.info\/archives\/1050333#primaryimage"},"thumbnailUrl":"https:\/\/darkamazi.info\/file\/2025\/10\/Turkey-armyiraq.jpg","datePublished":"2025-10-22T06:31:51+00:00","breadcrumb":{"@id":"https:\/\/darkamazi.info\/archives\/1050333#breadcrumb"},"inLanguage":"en-US","potentialAction":[{"@type":"ReadAction","target":["https:\/\/darkamazi.info\/archives\/1050333"]}]},{"@type":"ImageObject","inLanguage":"en-US","@id":"https:\/\/darkamazi.info\/archives\/1050333#primaryimage","url":"https:\/\/darkamazi.info\/file\/2025\/10\/Turkey-armyiraq.jpg","contentUrl":"https:\/\/darkamazi.info\/file\/2025\/10\/Turkey-armyiraq.jpg","width":900,"height":500,"caption":"Turkey-army+iraq"},{"@type":"BreadcrumbList","@id":"https:\/\/darkamazi.info\/archives\/1050333#breadcrumb","itemListElement":[{"@type":"ListItem","position":1,"name":"Home","item":"https:\/\/darkamazi.info\/"},{"@type":"ListItem","position":2,"name":"Parlamentoya Tirkiyey\u00ea dema may\u00eena le\u015fker\u00ean xwe li Iraq \u00fb S\u00fbriyey\u00ea dir\u00eaj kir"}]},{"@type":"WebSite","@id":"https:\/\/darkamazi.info\/#website","url":"https:\/\/darkamazi.info\/","name":"Darka Maz\u00ee","description":"P\u00eageha Zanyariy\u00ean Nebih\u00eest\u00ee","publisher":{"@id":"https:\/\/darkamazi.info\/#organization"},"potentialAction":[{"@type":"SearchAction","target":{"@type":"EntryPoint","urlTemplate":"https:\/\/darkamazi.info\/?s={search_term_string}"},"query-input":{"@type":"PropertyValueSpecification","valueRequired":true,"valueName":"search_term_string"}}],"inLanguage":"en-US"},{"@type":"Organization","@id":"https:\/\/darkamazi.info\/#organization","name":"Darka Maz\u00ee","url":"https:\/\/darkamazi.info\/","logo":{"@type":"ImageObject","inLanguage":"en-US","@id":"https:\/\/darkamazi.info\/#\/schema\/logo\/image\/","url":"https:\/\/darkamazi.info\/file\/2017\/12\/darka-mazi-logo.png","contentUrl":"https:\/\/darkamazi.info\/file\/2017\/12\/darka-mazi-logo.png","width":151,"height":75,"caption":"Darka Maz\u00ee"},"image":{"@id":"https:\/\/darkamazi.info\/#\/schema\/logo\/image\/"},"sameAs":["https:\/\/www.facebook.com\/DarMaziKurmanci","https:\/\/x.com\/DarkaMaziLatini","https:\/\/www.instagram.com\/darkamazi.kurmanci\/","https:\/\/www.youtube.com\/channel\/UCa5HkTdmI8U1qCUFuTw8B2g"]},{"@type":"Person","@id":"https:\/\/darkamazi.info\/#\/schema\/person\/5ad3e24553a0567993fa8ed4bd0a776c","name":"darka mazi","sameAs":["https:\/\/darkamazi.info\/"],"url":"https:\/\/darkamazi.info\/archives\/author\/kurdi"}]}},"_links":{"self":[{"href":"https:\/\/darkamazi.info\/funavuv\/wp\/v2\/posts\/1050333","targetHints":{"allow":["GET"]}}],"collection":[{"href":"https:\/\/darkamazi.info\/funavuv\/wp\/v2\/posts"}],"about":[{"href":"https:\/\/darkamazi.info\/funavuv\/wp\/v2\/types\/post"}],"author":[{"embeddable":true,"href":"https:\/\/darkamazi.info\/funavuv\/wp\/v2\/users\/2"}],"replies":[{"embeddable":true,"href":"https:\/\/darkamazi.info\/funavuv\/wp\/v2\/comments?post=1050333"}],"version-history":[{"count":0,"href":"https:\/\/darkamazi.info\/funavuv\/wp\/v2\/posts\/1050333\/revisions"}],"wp:featuredmedia":[{"embeddable":true,"href":"https:\/\/darkamazi.info\/funavuv\/wp\/v2\/media\/1050334"}],"wp:attachment":[{"href":"https:\/\/darkamazi.info\/funavuv\/wp\/v2\/media?parent=1050333"}],"wp:term":[{"taxonomy":"category","embeddable":true,"href":"https:\/\/darkamazi.info\/funavuv\/wp\/v2\/categories?post=1050333"},{"taxonomy":"post_tag","embeddable":true,"href":"https:\/\/darkamazi.info\/funavuv\/wp\/v2\/tags?post=1050333"}],"curies":[{"name":"wp","href":"https:\/\/api.w.org\/{rel}","templated":true}]}}