{"id":1050340,"date":"2025-10-22T17:24:39","date_gmt":"2025-10-22T14:24:39","guid":{"rendered":"https:\/\/darkamazi.info\/?p=1050340"},"modified":"2025-10-22T17:24:39","modified_gmt":"2025-10-22T14:24:39","slug":"pela-yeke-ya-befire-bajare-wane-ye-bakure-kurdistane-spi-kir","status":"publish","type":"post","link":"https:\/\/darkamazi.info\/archives\/1050340","title":{"rendered":"P\u00eala yek\u00ea ya befir\u00ea bajar\u00ea Wan\u00ea y\u00ea Bakur\u00ea Kurdistan\u00ea sp\u00ee kir"},"content":{"rendered":"<h3 style=\"text-align: justify\"><span style=\"font-family: 'arial black', sans-serif\">P\u00eala yek\u00ea ya befir\u00ea ya Pay\u00eeza \u00eesal \u00e7iya \u00fb bilindahiy\u00ean derdora bajar\u00ea Wan\u00ea y\u00ea Bakur\u00ea Kurdistan\u00ea sp\u00ee kirin. D\u00eemen\u00ean w\u00ea bala \u015f\u00eaniy\u00ean w\u00ee bajar\u00ee ki\u015fandiye, ew w\u00ea wek\u00ee roja yek\u00ea ya demsala Zivistana \u00eesal dib\u00eenin.<\/span><\/h3>\n<h3 style=\"text-align: justify\">Ev du roj in ku baran\u00ean dijwar li navenda Wan\u00ea dibarin, l\u00ea ji ber daketina piley\u00ean germ\u00ea li dever\u00ean bilind befir bariye, l\u00ea asta befir\u00ea cuda ye \u00fb li bendera Karabet\u00ea li beranber\u00ee dever\u00ean din z\u00eadetir e \u00fb gih\u00ee\u015ftiye 25 sant\u00eemetran.<\/h3>\n<h3 style=\"text-align: justify\">Li gor\u00ee \u00e7avkaniy\u00ean n\u00fb\u00e7eyan, ji ber bar\u00eena befir\u00ea ar\u00ea\u015fey\u00ean hatin \u00fb \u00e7\u00fbn\u00ea li ser r\u00eaya di navbera Wan \u00fb Bax\u00e7esaray\u00ea de \u00e7\u00ea b\u00fbne, l\u00ea t\u00eem\u00ean \u015faredariy\u00ea ji bo \u00e7areserkirina ar\u00ea\u015feyan \u00fb vekirina r\u00eay\u00ea dest bi rakirina befir\u00ea kiriye.<\/h3>\n<h3 style=\"text-align: justify\">Herwesa \u015fof\u00ear j\u00ee ji ber befir \u00fb mija z\u00eade bi zehmet t\u00ean \u00fb di\u00e7in \u00fb hin ji wan ne\u00e7ar mane ku demk\u00ee li k\u00ealeka r\u00eay\u00ea rawestin.<\/h3>\n<h3 style=\"text-align: justify\">Yek ji \u015fof\u00earan bi nav\u00ea Zek\u00ee \u00celtem\u00ee\u015f k\u00eafxwe\u015fiya xwe bi befira yek\u00ea ya v\u00ea demsal\u00ea diyar kir \u00fb got ku, ew bi h\u00easan\u00ee ji Bax\u00e7esaray\u00ea gih\u00ee\u015ftiye Karabet\u00ea. Herwesa got: \u201cT\u00eem bi awayek\u00ea cid\u00ee dixebitin. Ev destp\u00eaka demsala Zivistan\u00ea ye \u00fb d\u00ea demsaleka dijwar be.\u201d<\/h3>\n","protected":false},"excerpt":{"rendered":"<p>P\u00eala yek\u00ea ya befir\u00ea ya Pay\u00eeza \u00eesal \u00e7iya \u00fb bilindahiy\u00ean derdora bajar\u00ea Wan\u00ea y\u00ea Bakur\u00ea Kurdistan\u00ea sp\u00ee kirin. D\u00eemen\u00ean w\u00ea bala \u015f\u00eaniy\u00ean w\u00ee bajar\u00ee ki\u015fandiye, ew w\u00ea wek\u00ee roja yek\u00ea ya demsala Zivistana \u00eesal dib\u00eenin. Ev du roj in ku baran\u00ean dijwar li navenda Wan\u00ea dibarin, l\u00ea ji ber daketina piley\u00ean germ\u00ea li dever\u00ean bilind [&hellip;]<\/p>\n","protected":false},"author":2,"featured_media":1050341,"comment_status":"closed","ping_status":"closed","sticky":false,"template":"","format":"standard","meta":{"footnotes":""},"categories":[29],"tags":[37],"class_list":["post-1050340","post","type-post","status-publish","format-standard","has-post-thumbnail","hentry","category-kurdistan","tag-sereke"],"blocksy_meta":[],"seo_head":"<!-- This site is optimized with the Yoast SEO plugin v27.5 - https:\/\/yoast.com\/product\/yoast-seo-wordpress\/ -->\n<title>P\u00eala yek\u00ea ya befir\u00ea bajar\u00ea Wan\u00ea y\u00ea Bakur\u00ea Kurdistan\u00ea sp\u00ee kir - Darka Maz\u00ee<\/title>\n<meta name=\"robots\" content=\"index, follow, max-snippet:-1, max-image-preview:large, max-video-preview:-1\" \/>\n<link rel=\"canonical\" href=\"https:\/\/darkamazi.info\/archives\/1050340\" \/>\n<meta property=\"og:locale\" content=\"en_US\" \/>\n<meta property=\"og:type\" content=\"article\" \/>\n<meta property=\"og:title\" content=\"P\u00eala yek\u00ea ya befir\u00ea bajar\u00ea Wan\u00ea y\u00ea Bakur\u00ea Kurdistan\u00ea sp\u00ee kir - Darka Maz\u00ee\" \/>\n<meta property=\"og:description\" content=\"P\u00eala yek\u00ea ya befir\u00ea ya Pay\u00eeza \u00eesal \u00e7iya \u00fb bilindahiy\u00ean derdora bajar\u00ea Wan\u00ea y\u00ea Bakur\u00ea Kurdistan\u00ea sp\u00ee kirin. D\u00eemen\u00ean w\u00ea bala \u015f\u00eaniy\u00ean w\u00ee bajar\u00ee ki\u015fandiye, ew w\u00ea wek\u00ee roja yek\u00ea ya demsala Zivistana \u00eesal dib\u00eenin. Ev du roj in ku baran\u00ean dijwar li navenda Wan\u00ea dibarin, l\u00ea ji ber daketina piley\u00ean germ\u00ea li dever\u00ean bilind [&hellip;]\" \/>\n<meta property=\"og:url\" content=\"https:\/\/darkamazi.info\/archives\/1050340\" \/>\n<meta property=\"og:site_name\" content=\"Darka Maz\u00ee\" \/>\n<meta property=\"article:publisher\" content=\"https:\/\/www.facebook.com\/DarMaziKurmanci\" \/>\n<meta property=\"article:published_time\" content=\"2025-10-22T14:24:39+00:00\" \/>\n<meta property=\"og:image\" content=\"https:\/\/darkamazi.info\/file\/2025\/10\/bajare-wane-berif.jpg\" \/>\n\t<meta property=\"og:image:width\" content=\"900\" \/>\n\t<meta property=\"og:image:height\" content=\"497\" \/>\n\t<meta property=\"og:image:type\" content=\"image\/jpeg\" \/>\n<meta name=\"author\" content=\"darka mazi\" \/>\n<meta name=\"twitter:card\" content=\"summary_large_image\" \/>\n<meta name=\"twitter:creator\" content=\"@DarkaMaziLatini\" \/>\n<meta name=\"twitter:site\" content=\"@DarkaMaziLatini\" \/>\n<meta name=\"twitter:label1\" content=\"Written by\" \/>\n\t<meta name=\"twitter:data1\" content=\"darka mazi\" \/>\n\t<meta name=\"twitter:label2\" content=\"Est. reading time\" \/>\n\t<meta name=\"twitter:data2\" content=\"2 minutes\" \/>\n<script type=\"application\/ld+json\" class=\"seo-schema-graph\">{\"@context\":\"https:\\\/\\\/schema.org\",\"@graph\":[{\"@type\":\"Article\",\"@id\":\"https:\\\/\\\/darkamazi.info\\\/archives\\\/1050340#article\",\"isPartOf\":{\"@id\":\"https:\\\/\\\/darkamazi.info\\\/archives\\\/1050340\"},\"author\":{\"name\":\"darka mazi\",\"@id\":\"https:\\\/\\\/darkamazi.info\\\/#\\\/schema\\\/person\\\/5ad3e24553a0567993fa8ed4bd0a776c\"},\"headline\":\"P\u00eala yek\u00ea ya befir\u00ea bajar\u00ea Wan\u00ea y\u00ea Bakur\u00ea Kurdistan\u00ea sp\u00ee kir\",\"datePublished\":\"2025-10-22T14:24:39+00:00\",\"mainEntityOfPage\":{\"@id\":\"https:\\\/\\\/darkamazi.info\\\/archives\\\/1050340\"},\"wordCount\":225,\"publisher\":{\"@id\":\"https:\\\/\\\/darkamazi.info\\\/#organization\"},\"image\":{\"@id\":\"https:\\\/\\\/darkamazi.info\\\/archives\\\/1050340#primaryimage\"},\"thumbnailUrl\":\"https:\\\/\\\/darkamazi.info\\\/darka-content\\\/uploads\\\/2025\\\/10\\\/bajare-wane-berif.jpg\",\"keywords\":[\"sereke\"],\"articleSection\":[\"Kurdistan\"],\"inLanguage\":\"en-US\"},{\"@type\":\"WebPage\",\"@id\":\"https:\\\/\\\/darkamazi.info\\\/archives\\\/1050340\",\"url\":\"https:\\\/\\\/darkamazi.info\\\/archives\\\/1050340\",\"name\":\"P\u00eala yek\u00ea ya befir\u00ea bajar\u00ea Wan\u00ea y\u00ea Bakur\u00ea Kurdistan\u00ea sp\u00ee kir - Darka Maz\u00ee\",\"isPartOf\":{\"@id\":\"https:\\\/\\\/darkamazi.info\\\/#website\"},\"primaryImageOfPage\":{\"@id\":\"https:\\\/\\\/darkamazi.info\\\/archives\\\/1050340#primaryimage\"},\"image\":{\"@id\":\"https:\\\/\\\/darkamazi.info\\\/archives\\\/1050340#primaryimage\"},\"thumbnailUrl\":\"https:\\\/\\\/darkamazi.info\\\/darka-content\\\/uploads\\\/2025\\\/10\\\/bajare-wane-berif.jpg\",\"datePublished\":\"2025-10-22T14:24:39+00:00\",\"breadcrumb\":{\"@id\":\"https:\\\/\\\/darkamazi.info\\\/archives\\\/1050340#breadcrumb\"},\"inLanguage\":\"en-US\",\"potentialAction\":[{\"@type\":\"ReadAction\",\"target\":[\"https:\\\/\\\/darkamazi.info\\\/archives\\\/1050340\"]}]},{\"@type\":\"ImageObject\",\"inLanguage\":\"en-US\",\"@id\":\"https:\\\/\\\/darkamazi.info\\\/archives\\\/1050340#primaryimage\",\"url\":\"https:\\\/\\\/darkamazi.info\\\/darka-content\\\/uploads\\\/2025\\\/10\\\/bajare-wane-berif.jpg\",\"contentUrl\":\"https:\\\/\\\/darkamazi.info\\\/darka-content\\\/uploads\\\/2025\\\/10\\\/bajare-wane-berif.jpg\",\"width\":900,\"height\":497,\"caption\":\"P\u00eala yek\u00ea ya befir\u00ea bajar\u00ea Wan\u00ea y\u00ea Bakur\u00ea Kurdistan\u00ea sp\u00ee kir\"},{\"@type\":\"BreadcrumbList\",\"@id\":\"https:\\\/\\\/darkamazi.info\\\/archives\\\/1050340#breadcrumb\",\"itemListElement\":[{\"@type\":\"ListItem\",\"position\":1,\"name\":\"Home\",\"item\":\"https:\\\/\\\/darkamazi.info\\\/\"},{\"@type\":\"ListItem\",\"position\":2,\"name\":\"P\u00eala yek\u00ea ya befir\u00ea bajar\u00ea Wan\u00ea y\u00ea Bakur\u00ea Kurdistan\u00ea sp\u00ee kir\"}]},{\"@type\":\"WebSite\",\"@id\":\"https:\\\/\\\/darkamazi.info\\\/#website\",\"url\":\"https:\\\/\\\/darkamazi.info\\\/\",\"name\":\"Darka Maz\u00ee\",\"description\":\"P\u00eageha Zanyariy\u00ean Nebih\u00eest\u00ee\",\"publisher\":{\"@id\":\"https:\\\/\\\/darkamazi.info\\\/#organization\"},\"potentialAction\":[{\"@type\":\"SearchAction\",\"target\":{\"@type\":\"EntryPoint\",\"urlTemplate\":\"https:\\\/\\\/darkamazi.info\\\/?s={search_term_string}\"},\"query-input\":{\"@type\":\"PropertyValueSpecification\",\"valueRequired\":true,\"valueName\":\"search_term_string\"}}],\"inLanguage\":\"en-US\"},{\"@type\":\"Organization\",\"@id\":\"https:\\\/\\\/darkamazi.info\\\/#organization\",\"name\":\"Darka Maz\u00ee\",\"url\":\"https:\\\/\\\/darkamazi.info\\\/\",\"logo\":{\"@type\":\"ImageObject\",\"inLanguage\":\"en-US\",\"@id\":\"https:\\\/\\\/darkamazi.info\\\/#\\\/schema\\\/logo\\\/image\\\/\",\"url\":\"https:\\\/\\\/darkamazi.info\\\/darka-content\\\/uploads\\\/2017\\\/12\\\/darka-mazi-logo.png\",\"contentUrl\":\"https:\\\/\\\/darkamazi.info\\\/darka-content\\\/uploads\\\/2017\\\/12\\\/darka-mazi-logo.png\",\"width\":151,\"height\":75,\"caption\":\"Darka Maz\u00ee\"},\"image\":{\"@id\":\"https:\\\/\\\/darkamazi.info\\\/#\\\/schema\\\/logo\\\/image\\\/\"},\"sameAs\":[\"https:\\\/\\\/www.facebook.com\\\/DarMaziKurmanci\",\"https:\\\/\\\/x.com\\\/DarkaMaziLatini\",\"https:\\\/\\\/www.instagram.com\\\/darkamazi.kurmanci\\\/\",\"https:\\\/\\\/www.youtube.com\\\/channel\\\/UCa5HkTdmI8U1qCUFuTw8B2g\"]},{\"@type\":\"Person\",\"@id\":\"https:\\\/\\\/darkamazi.info\\\/#\\\/schema\\\/person\\\/5ad3e24553a0567993fa8ed4bd0a776c\",\"name\":\"darka mazi\",\"sameAs\":[\"https:\\\/\\\/darkamazi.info\\\/\"],\"url\":\"https:\\\/\\\/darkamazi.info\\\/archives\\\/author\\\/kurdi\"}]}<\/script>\n<!-- \/ Yoast SEO plugin. -->","seo_head_json":{"title":"P\u00eala yek\u00ea ya befir\u00ea bajar\u00ea Wan\u00ea y\u00ea Bakur\u00ea Kurdistan\u00ea sp\u00ee kir - Darka Maz\u00ee","robots":{"index":"index","follow":"follow","max-snippet":"max-snippet:-1","max-image-preview":"max-image-preview:large","max-video-preview":"max-video-preview:-1"},"canonical":"https:\/\/darkamazi.info\/archives\/1050340","og_locale":"en_US","og_type":"article","og_title":"P\u00eala yek\u00ea ya befir\u00ea bajar\u00ea Wan\u00ea y\u00ea Bakur\u00ea Kurdistan\u00ea sp\u00ee kir - Darka Maz\u00ee","og_description":"P\u00eala yek\u00ea ya befir\u00ea ya Pay\u00eeza \u00eesal \u00e7iya \u00fb bilindahiy\u00ean derdora bajar\u00ea Wan\u00ea y\u00ea Bakur\u00ea Kurdistan\u00ea sp\u00ee kirin. D\u00eemen\u00ean w\u00ea bala \u015f\u00eaniy\u00ean w\u00ee bajar\u00ee ki\u015fandiye, ew w\u00ea wek\u00ee roja yek\u00ea ya demsala Zivistana \u00eesal dib\u00eenin. Ev du roj in ku baran\u00ean dijwar li navenda Wan\u00ea dibarin, l\u00ea ji ber daketina piley\u00ean germ\u00ea li dever\u00ean bilind [&hellip;]","og_url":"https:\/\/darkamazi.info\/archives\/1050340","og_site_name":"Darka Maz\u00ee","article_publisher":"https:\/\/www.facebook.com\/DarMaziKurmanci","article_published_time":"2025-10-22T14:24:39+00:00","og_image":[{"width":900,"height":497,"url":"https:\/\/darkamazi.info\/file\/2025\/10\/bajare-wane-berif.jpg","type":"image\/jpeg"}],"author":"darka mazi","twitter_card":"summary_large_image","twitter_creator":"@DarkaMaziLatini","twitter_site":"@DarkaMaziLatini","twitter_misc":{"Written by":"darka mazi","Est. reading time":"2 minutes"},"schema":{"@context":"https:\/\/schema.org","@graph":[{"@type":"Article","@id":"https:\/\/darkamazi.info\/archives\/1050340#article","isPartOf":{"@id":"https:\/\/darkamazi.info\/archives\/1050340"},"author":{"name":"darka mazi","@id":"https:\/\/darkamazi.info\/#\/schema\/person\/5ad3e24553a0567993fa8ed4bd0a776c"},"headline":"P\u00eala yek\u00ea ya befir\u00ea bajar\u00ea Wan\u00ea y\u00ea Bakur\u00ea Kurdistan\u00ea sp\u00ee kir","datePublished":"2025-10-22T14:24:39+00:00","mainEntityOfPage":{"@id":"https:\/\/darkamazi.info\/archives\/1050340"},"wordCount":225,"publisher":{"@id":"https:\/\/darkamazi.info\/#organization"},"image":{"@id":"https:\/\/darkamazi.info\/archives\/1050340#primaryimage"},"thumbnailUrl":"https:\/\/darkamazi.info\/file\/2025\/10\/bajare-wane-berif.jpg","keywords":["sereke"],"articleSection":["Kurdistan"],"inLanguage":"en-US"},{"@type":"WebPage","@id":"https:\/\/darkamazi.info\/archives\/1050340","url":"https:\/\/darkamazi.info\/archives\/1050340","name":"P\u00eala yek\u00ea ya befir\u00ea bajar\u00ea Wan\u00ea y\u00ea Bakur\u00ea Kurdistan\u00ea sp\u00ee kir - Darka Maz\u00ee","isPartOf":{"@id":"https:\/\/darkamazi.info\/#website"},"primaryImageOfPage":{"@id":"https:\/\/darkamazi.info\/archives\/1050340#primaryimage"},"image":{"@id":"https:\/\/darkamazi.info\/archives\/1050340#primaryimage"},"thumbnailUrl":"https:\/\/darkamazi.info\/file\/2025\/10\/bajare-wane-berif.jpg","datePublished":"2025-10-22T14:24:39+00:00","breadcrumb":{"@id":"https:\/\/darkamazi.info\/archives\/1050340#breadcrumb"},"inLanguage":"en-US","potentialAction":[{"@type":"ReadAction","target":["https:\/\/darkamazi.info\/archives\/1050340"]}]},{"@type":"ImageObject","inLanguage":"en-US","@id":"https:\/\/darkamazi.info\/archives\/1050340#primaryimage","url":"https:\/\/darkamazi.info\/file\/2025\/10\/bajare-wane-berif.jpg","contentUrl":"https:\/\/darkamazi.info\/file\/2025\/10\/bajare-wane-berif.jpg","width":900,"height":497,"caption":"P\u00eala yek\u00ea ya befir\u00ea bajar\u00ea Wan\u00ea y\u00ea Bakur\u00ea Kurdistan\u00ea sp\u00ee kir"},{"@type":"BreadcrumbList","@id":"https:\/\/darkamazi.info\/archives\/1050340#breadcrumb","itemListElement":[{"@type":"ListItem","position":1,"name":"Home","item":"https:\/\/darkamazi.info\/"},{"@type":"ListItem","position":2,"name":"P\u00eala yek\u00ea ya befir\u00ea bajar\u00ea Wan\u00ea y\u00ea Bakur\u00ea Kurdistan\u00ea sp\u00ee kir"}]},{"@type":"WebSite","@id":"https:\/\/darkamazi.info\/#website","url":"https:\/\/darkamazi.info\/","name":"Darka Maz\u00ee","description":"P\u00eageha Zanyariy\u00ean Nebih\u00eest\u00ee","publisher":{"@id":"https:\/\/darkamazi.info\/#organization"},"potentialAction":[{"@type":"SearchAction","target":{"@type":"EntryPoint","urlTemplate":"https:\/\/darkamazi.info\/?s={search_term_string}"},"query-input":{"@type":"PropertyValueSpecification","valueRequired":true,"valueName":"search_term_string"}}],"inLanguage":"en-US"},{"@type":"Organization","@id":"https:\/\/darkamazi.info\/#organization","name":"Darka Maz\u00ee","url":"https:\/\/darkamazi.info\/","logo":{"@type":"ImageObject","inLanguage":"en-US","@id":"https:\/\/darkamazi.info\/#\/schema\/logo\/image\/","url":"https:\/\/darkamazi.info\/file\/2017\/12\/darka-mazi-logo.png","contentUrl":"https:\/\/darkamazi.info\/file\/2017\/12\/darka-mazi-logo.png","width":151,"height":75,"caption":"Darka Maz\u00ee"},"image":{"@id":"https:\/\/darkamazi.info\/#\/schema\/logo\/image\/"},"sameAs":["https:\/\/www.facebook.com\/DarMaziKurmanci","https:\/\/x.com\/DarkaMaziLatini","https:\/\/www.instagram.com\/darkamazi.kurmanci\/","https:\/\/www.youtube.com\/channel\/UCa5HkTdmI8U1qCUFuTw8B2g"]},{"@type":"Person","@id":"https:\/\/darkamazi.info\/#\/schema\/person\/5ad3e24553a0567993fa8ed4bd0a776c","name":"darka mazi","sameAs":["https:\/\/darkamazi.info\/"],"url":"https:\/\/darkamazi.info\/archives\/author\/kurdi"}]}},"_links":{"self":[{"href":"https:\/\/darkamazi.info\/funavuv\/wp\/v2\/posts\/1050340","targetHints":{"allow":["GET"]}}],"collection":[{"href":"https:\/\/darkamazi.info\/funavuv\/wp\/v2\/posts"}],"about":[{"href":"https:\/\/darkamazi.info\/funavuv\/wp\/v2\/types\/post"}],"author":[{"embeddable":true,"href":"https:\/\/darkamazi.info\/funavuv\/wp\/v2\/users\/2"}],"replies":[{"embeddable":true,"href":"https:\/\/darkamazi.info\/funavuv\/wp\/v2\/comments?post=1050340"}],"version-history":[{"count":0,"href":"https:\/\/darkamazi.info\/funavuv\/wp\/v2\/posts\/1050340\/revisions"}],"wp:featuredmedia":[{"embeddable":true,"href":"https:\/\/darkamazi.info\/funavuv\/wp\/v2\/media\/1050341"}],"wp:attachment":[{"href":"https:\/\/darkamazi.info\/funavuv\/wp\/v2\/media?parent=1050340"}],"wp:term":[{"taxonomy":"category","embeddable":true,"href":"https:\/\/darkamazi.info\/funavuv\/wp\/v2\/categories?post=1050340"},{"taxonomy":"post_tag","embeddable":true,"href":"https:\/\/darkamazi.info\/funavuv\/wp\/v2\/tags?post=1050340"}],"curies":[{"name":"wp","href":"https:\/\/api.w.org\/{rel}","templated":true}]}}