{"id":1050343,"date":"2025-10-22T19:58:19","date_gmt":"2025-10-22T16:58:19","guid":{"rendered":"https:\/\/darkamazi.info\/?p=1050343"},"modified":"2025-10-22T19:58:19","modified_gmt":"2025-10-22T16:58:19","slug":"28-sal-li-ser-komkujiya-dezu-ku-pkke-16-kurd-te-de-sehid-kiribun-derbas-bun","status":"publish","type":"post","link":"https:\/\/darkamazi.info\/archives\/1050343","title":{"rendered":"28 sal li ser komkujiya D\u00eazu ku PKK\u2019\u00ea 16 Kurd t\u00ea de \u015feh\u00eed kirib\u00fbn derbas b\u00fbn"},"content":{"rendered":"<h3 style=\"text-align: justify\"><span style=\"font-family: 'arial black', sans-serif\">Komkujiya gund\u00ea D\u00eazu ji bo siyaseta PKK\u2019\u00ea ya li hember xelk\u00ea Ba\u015f\u00fbr\u00ea Kurdistan\u00ea di sal\u00ean 90an de wek\u00ee m\u00eenakek\u00ea ye. Di \u015feva 21-22 Cotmeha sala 1997an de, komek ji \u00e7ekdar\u00ean PKK\u2019\u00ea \u00ear\u00ee\u015f\u00ee gund\u00ea D\u00eazu kirin, 28 sal li ser v\u00ea \u00ear\u00ee\u015f\u00ee derbas dibin, gund\u00ea D\u00eazu gir\u00eaday\u00ee nav\u00e7eya M\u00eargesor \u00fb nahiya \u015e\u00earwana mezin b\u00fb, ber\u00ee 28 salan \u00ear\u00ee\u015feka b\u00ea w\u00eejdan\u00ee li ser wan hat kirin \u00fb PKK\u2019ey\u00ean ku \u00ear\u00ee\u015f\u00ee gund kirib\u00fbn ji du malbatan 16 kes \u015feh\u00eed kirin, di nava \u015feh\u00eedan de jin, zarok, genc \u00fb \u00eaxtiyar heb\u00fbn yek ji wan jinan ducan\u00ee b\u00fb. \u015ee\u015f zarok\u00ean ji malbatek\u00ee j\u00ee ku temen\u00ea wan di navbera 1-12 salan b\u00fbn hatin \u015feh\u00eedkirin. \u00c7ekdar\u00ean PKK\u2019\u00ea bombayek av\u00eat nav dergo\u015f\u00ean zarokan de \u00fb pi\u015ft\u00ee komkujiy\u00ea j\u00ee neskin\u00een \u00fb agir li cesed\u00ean wan berda.<\/span><\/h3>\n<h3 style=\"text-align: justify\">Dema ev gotin \u00fb ev \u015f\u00eerove t\u00ea kirin, hinek derdor dib\u00eajin ku &#8220;ev ti\u015ftek\u00ee ji rastiy\u00ea d\u00fbr e, ev propagandaya dewleta Tirk e&#8221;. Helbok\u00ee komkujiya gund\u00ea D\u00eazu rastiyeke \u00fb h\u00eajan j\u00ee \u015fahid\u00ean wan b\u00fbyeran dij\u00een \u00fb her sal ew di\u00e7in gor\u00eestan\u00ea li ser mezar\u00ea wan \u015feh\u00eedan \u00fb ji boy \u015feh\u00eed\u00ean xwe digir\u00een. Li gund\u00ea D\u00eazuy\u00ea zarok\u00ean kurdan y\u00ean hejar bi dest\u00ea kurdan hatin ku\u015ftin. Ew kes\u00ea ku di sala 1987-1988an ji enfal\u00ean Sedam rizgar b\u00fbb\u00fbn, pi\u015ft\u00ee 10 salan bi dest\u00ea PKK\u2019\u00ea hatin enfalkirin. Ev ne b\u00fbyereke takane b\u00fb, eve m\u00eenakeke siyaseta PKK\u2019\u00ea ya di sal\u00ean 90an de li hember Ba\u015f\u00fbr\u00ea Kurdistan\u00ea ye.<\/h3>\n<h3 style=\"text-align: justify\">Di sal\u00ean 90an de PKK\u2019\u00ea \u00fb art\u00ea\u015fa Tirk \u015fer bi awayek\u00ee hevbe\u015f an\u00een Heftan\u00een\u00ea, Behd\u00eenan, Barzan \u00fb Xaxurk\u00ea. PKK\u2019\u00ea xwest di wan qad\u00ean stratej\u00eek y\u00ean blind de siyaseta b\u00ea miroviy\u00ea bime\u015f\u00eene \u00fb v\u00ea der\u00ea bike senger\u00ea \u015fer. Bi v\u00ee away\u00ee xwestin xelk ne\u00e7ar\u00ee feq\u00eer\u00ee, b\u00ea erd\u00ee \u00fb b\u00eakariy\u00ea bibin, ku aloziyek\u00ee civak\u00ee \u00fb abor\u00ee li ba\u015f\u00fbr\u00ea Kurdistan\u00ea serhilbide. Ji ber eger\u00ea v\u00ea siyaset\u00ea di sal\u00ean 1990an de kurd\u00ean ku ji ber rej\u00eema Sedam erd\u00ea xwe \u00e7ol kirib\u00fbn, nekar\u00een vegerin ser erd\u00ea xwe.<\/h3>\n<h3 style=\"text-align: justify\">Gund\u00ea D\u00eazu j\u00ee b\u00fb qurbaniy\u00ea heman siyaset\u00ea, di sala 1997an de dewleta Tirk di ser\u00ee de Zap \u00fb Ava\u015f\u00een, gelek senger\u00ean PKK\u2019\u00ea ji wan stendin. Li hember v\u00ea binkeftin\u00ea fermandar\u00ean PKK\u2019\u00ea ji boy mot\u00eevekirina kadroy\u00ean xwe dest bi \u00ear\u00ee\u015f kirine ser gund\u00ean Ba\u015f\u00fbr kir, dema komkujiya gund\u00ea D\u00eazu \u00e7\u00eab\u00fb, fermandar\u00ean PKK\u2019\u00ea digotin ev tola \u015feh\u00eed\u00ean me y\u00ean Ava\u015f\u00een in. Kadroy\u00ean PKK\u2019\u00ea li Ava\u015f\u00een bi dest\u00ea le\u015fker\u00ean Tirk hatin ku\u015ftin \u00fb n\u00ee\u015ftec\u00eeh\u00ean gund\u00ea D\u00eazu ne li d\u00fbr \u00fb ne j\u00ee li n\u00eaz\u00eek ve \u00e7i gir\u00eadan bi v\u00ea mijar\u00ea ve neb\u00fb, gelo maq\u00fble bi\u00e7\u00fbkek\u00ee 1 sal\u00ee \u00fb kurd ji boy toley\u00ea bi dest\u00ea kurdan b\u00ea ku\u015ftin? Ev ne tolhildan b\u00fb, ev kurd kuj\u00ee b\u00fb.<\/h3>\n<h3 style=\"text-align: justify\">Dema ev komkuj\u00ee hat \u00e7\u00eakirin, Cem\u00eel Bayik berpirs\u00ea Biryargeha ARGK \u00ea b\u00fb, Duran Kalkan r\u00eaveber\u00ea v\u00ea qad\u00ea b\u00fb ya j\u00ea re dihat gotin Zagros, y\u00ea ku rasterast ev komkuj\u00ee organ\u00eeze kir \u00fb f\u00ee\u015fk av\u00eatin fermandarek\u00ee PKK\u2019\u00ea y\u00ea ku h\u00eajan j\u00ee dij\u00eet anku Amed Melazgirt b\u00fb, dibe ku nav\u00ea Amed Melazgirt ji we re xer\u00eeb ney\u00ea \u00fb we bih\u00eestibe, ji ber ku ev ana li ser medyaya PKK\u2019\u00ea z\u00fb bi z\u00fb derdikeve \u00fb behsa maf\u00ea mirovan \u00fb demokrasiy\u00ea dike, l\u00ea bel\u00ea behsa ku\u015ftina zarok\u00ean yek sal\u00ee nake, \u00fb mijareke din ya balk\u00ea\u015f j\u00ee eve ku Amed Melazgirt dema kongreya PKK\u2019\u00ea de axaftinek kir ku her kes matmay\u00ee ma. Amed got, &#8221; li gor min eger Kurdistanek \u00e7\u00eabibe \u00fb r\u00eaber Apo t\u00ea de nebe, ew Kurdistan nebe ba\u015ftire&#8221;. Ev Amed Melazgirt ku bi v\u00ee awa behsa Ocalan dike, fermana ku\u015ftina zarokan dab\u00fb, ev b\u00eeran\u00een heq\u00eeqetek\u00ee pir gir\u00eeng diyar dike, gund\u00ea D\u00eazu \u00fb gund\u00ea M\u00eeroz \u00fb bi dehan gund\u00ean din li ber v\u00ea siyaseta PKK\u2019\u00ea ketin \u00fb vala b\u00fbn \u00fb heta roja me ya \u00eero bi \u015f\u00eawaz\u00ean cuda cuda berdewame \u00fb PKK\u2019e heta niha bih\u00eale rexneday\u00eena van b\u00fbyeran, xwe mafdar dib\u00eene \u00fb heman eqilyet j\u00ee h\u00eajan berdewame.<\/h3>\n<h3 style=\"text-align: justify\">Y\u00ea ku d\u00eeroka xwe ji b\u00eer dikin, roja xwe \u00fb p\u00ea\u015feroja xwe j\u00ee nab\u00eenin, ji ber v\u00ea yek\u00ea nabe em karesata gund\u00ea D\u00eazu ji b\u00eer bikin \u00fb bidin jib\u00eerkirin j\u00ee, gund\u00ea D\u00eazu ne teferuate, belku heq\u00eeqeta siyaseta PKK\u2019\u00ea ye, ji ber v\u00ea yek\u00ea em\u00ea bi rehmet \u00fb bi r\u00fbmet wan \u015feh\u00eedan bib\u00eer b\u00eenin \u00fb kes\u00ean ev komkuj\u00ee p\u00eak an\u00een lenet dik\u00een \u00fb em v\u00ea b\u00fbyer\u00ea qet ji b\u00eer nakin.<\/h3>\n","protected":false},"excerpt":{"rendered":"<p>Komkujiya gund\u00ea D\u00eazu ji bo siyaseta PKK\u2019\u00ea ya li hember xelk\u00ea Ba\u015f\u00fbr\u00ea Kurdistan\u00ea di sal\u00ean 90an de wek\u00ee m\u00eenakek\u00ea ye. Di \u015feva 21-22 Cotmeha sala 1997an de, komek ji \u00e7ekdar\u00ean PKK\u2019\u00ea \u00ear\u00ee\u015f\u00ee gund\u00ea D\u00eazu kirin, 28 sal li ser v\u00ea \u00ear\u00ee\u015f\u00ee derbas dibin, gund\u00ea D\u00eazu gir\u00eaday\u00ee nav\u00e7eya M\u00eargesor \u00fb nahiya \u015e\u00earwana mezin b\u00fb, ber\u00ee 28 [&hellip;]<\/p>\n","protected":false},"author":2,"featured_media":1050344,"comment_status":"closed","ping_status":"closed","sticky":false,"template":"","format":"standard","meta":{"footnotes":""},"categories":[29],"tags":[37],"class_list":["post-1050343","post","type-post","status-publish","format-standard","has-post-thumbnail","hentry","category-kurdistan","tag-sereke"],"blocksy_meta":[],"seo_head":"<!-- This site is optimized with the Yoast SEO plugin v27.5 - https:\/\/yoast.com\/product\/yoast-seo-wordpress\/ -->\n<title>28 sal li ser komkujiya D\u00eazu ku PKK\u2019\u00ea 16 Kurd t\u00ea de \u015feh\u00eed kirib\u00fbn derbas b\u00fbn - Darka Maz\u00ee<\/title>\n<meta name=\"robots\" content=\"index, follow, max-snippet:-1, max-image-preview:large, max-video-preview:-1\" \/>\n<link rel=\"canonical\" href=\"https:\/\/darkamazi.info\/archives\/1050343\" \/>\n<meta property=\"og:locale\" content=\"en_US\" \/>\n<meta property=\"og:type\" content=\"article\" \/>\n<meta property=\"og:title\" content=\"28 sal li ser komkujiya D\u00eazu ku PKK\u2019\u00ea 16 Kurd t\u00ea de \u015feh\u00eed kirib\u00fbn derbas b\u00fbn - Darka Maz\u00ee\" \/>\n<meta property=\"og:description\" content=\"Komkujiya gund\u00ea D\u00eazu ji bo siyaseta PKK\u2019\u00ea ya li hember xelk\u00ea Ba\u015f\u00fbr\u00ea Kurdistan\u00ea di sal\u00ean 90an de wek\u00ee m\u00eenakek\u00ea ye. Di \u015feva 21-22 Cotmeha sala 1997an de, komek ji \u00e7ekdar\u00ean PKK\u2019\u00ea \u00ear\u00ee\u015f\u00ee gund\u00ea D\u00eazu kirin, 28 sal li ser v\u00ea \u00ear\u00ee\u015f\u00ee derbas dibin, gund\u00ea D\u00eazu gir\u00eaday\u00ee nav\u00e7eya M\u00eargesor \u00fb nahiya \u015e\u00earwana mezin b\u00fb, ber\u00ee 28 [&hellip;]\" \/>\n<meta property=\"og:url\" content=\"https:\/\/darkamazi.info\/archives\/1050343\" \/>\n<meta property=\"og:site_name\" content=\"Darka Maz\u00ee\" \/>\n<meta property=\"article:publisher\" content=\"https:\/\/www.facebook.com\/DarMaziKurmanci\" \/>\n<meta property=\"article:published_time\" content=\"2025-10-22T16:58:19+00:00\" \/>\n<meta property=\"og:image\" content=\"https:\/\/darkamazi.info\/file\/2025\/10\/gunde-dezu-pkk-shahid-sivil.jpg\" \/>\n\t<meta property=\"og:image:width\" content=\"900\" \/>\n\t<meta property=\"og:image:height\" content=\"497\" \/>\n\t<meta property=\"og:image:type\" content=\"image\/jpeg\" \/>\n<meta name=\"author\" content=\"darka mazi\" \/>\n<meta name=\"twitter:card\" content=\"summary_large_image\" \/>\n<meta name=\"twitter:creator\" content=\"@DarkaMaziLatini\" \/>\n<meta name=\"twitter:site\" content=\"@DarkaMaziLatini\" \/>\n<meta name=\"twitter:label1\" content=\"Written by\" \/>\n\t<meta name=\"twitter:data1\" content=\"darka mazi\" \/>\n\t<meta name=\"twitter:label2\" content=\"Est. reading time\" \/>\n\t<meta name=\"twitter:data2\" content=\"4 minutes\" \/>\n<script type=\"application\/ld+json\" class=\"seo-schema-graph\">{\"@context\":\"https:\\\/\\\/schema.org\",\"@graph\":[{\"@type\":\"Article\",\"@id\":\"https:\\\/\\\/darkamazi.info\\\/archives\\\/1050343#article\",\"isPartOf\":{\"@id\":\"https:\\\/\\\/darkamazi.info\\\/archives\\\/1050343\"},\"author\":{\"name\":\"darka mazi\",\"@id\":\"https:\\\/\\\/darkamazi.info\\\/#\\\/schema\\\/person\\\/5ad3e24553a0567993fa8ed4bd0a776c\"},\"headline\":\"28 sal li ser komkujiya D\u00eazu ku PKK\u2019\u00ea 16 Kurd t\u00ea de \u015feh\u00eed kirib\u00fbn derbas b\u00fbn\",\"datePublished\":\"2025-10-22T16:58:19+00:00\",\"mainEntityOfPage\":{\"@id\":\"https:\\\/\\\/darkamazi.info\\\/archives\\\/1050343\"},\"wordCount\":812,\"publisher\":{\"@id\":\"https:\\\/\\\/darkamazi.info\\\/#organization\"},\"image\":{\"@id\":\"https:\\\/\\\/darkamazi.info\\\/archives\\\/1050343#primaryimage\"},\"thumbnailUrl\":\"https:\\\/\\\/darkamazi.info\\\/darka-content\\\/uploads\\\/2025\\\/10\\\/gunde-dezu-pkk-shahid-sivil.jpg\",\"keywords\":[\"sereke\"],\"articleSection\":[\"Kurdistan\"],\"inLanguage\":\"en-US\"},{\"@type\":\"WebPage\",\"@id\":\"https:\\\/\\\/darkamazi.info\\\/archives\\\/1050343\",\"url\":\"https:\\\/\\\/darkamazi.info\\\/archives\\\/1050343\",\"name\":\"28 sal li ser komkujiya D\u00eazu ku PKK\u2019\u00ea 16 Kurd t\u00ea de \u015feh\u00eed kirib\u00fbn derbas b\u00fbn - Darka Maz\u00ee\",\"isPartOf\":{\"@id\":\"https:\\\/\\\/darkamazi.info\\\/#website\"},\"primaryImageOfPage\":{\"@id\":\"https:\\\/\\\/darkamazi.info\\\/archives\\\/1050343#primaryimage\"},\"image\":{\"@id\":\"https:\\\/\\\/darkamazi.info\\\/archives\\\/1050343#primaryimage\"},\"thumbnailUrl\":\"https:\\\/\\\/darkamazi.info\\\/darka-content\\\/uploads\\\/2025\\\/10\\\/gunde-dezu-pkk-shahid-sivil.jpg\",\"datePublished\":\"2025-10-22T16:58:19+00:00\",\"breadcrumb\":{\"@id\":\"https:\\\/\\\/darkamazi.info\\\/archives\\\/1050343#breadcrumb\"},\"inLanguage\":\"en-US\",\"potentialAction\":[{\"@type\":\"ReadAction\",\"target\":[\"https:\\\/\\\/darkamazi.info\\\/archives\\\/1050343\"]}]},{\"@type\":\"ImageObject\",\"inLanguage\":\"en-US\",\"@id\":\"https:\\\/\\\/darkamazi.info\\\/archives\\\/1050343#primaryimage\",\"url\":\"https:\\\/\\\/darkamazi.info\\\/darka-content\\\/uploads\\\/2025\\\/10\\\/gunde-dezu-pkk-shahid-sivil.jpg\",\"contentUrl\":\"https:\\\/\\\/darkamazi.info\\\/darka-content\\\/uploads\\\/2025\\\/10\\\/gunde-dezu-pkk-shahid-sivil.jpg\",\"width\":900,\"height\":497,\"caption\":\"28 sal li ser komkujiya D\u00eazu ku PKK\u2019\u00ea 16 Kurd t\u00ea de \u015feh\u00eed kirib\u00fbn derbas b\u00fbn\"},{\"@type\":\"BreadcrumbList\",\"@id\":\"https:\\\/\\\/darkamazi.info\\\/archives\\\/1050343#breadcrumb\",\"itemListElement\":[{\"@type\":\"ListItem\",\"position\":1,\"name\":\"Home\",\"item\":\"https:\\\/\\\/darkamazi.info\\\/\"},{\"@type\":\"ListItem\",\"position\":2,\"name\":\"28 sal li ser komkujiya D\u00eazu ku PKK\u2019\u00ea 16 Kurd t\u00ea de \u015feh\u00eed kirib\u00fbn derbas b\u00fbn\"}]},{\"@type\":\"WebSite\",\"@id\":\"https:\\\/\\\/darkamazi.info\\\/#website\",\"url\":\"https:\\\/\\\/darkamazi.info\\\/\",\"name\":\"Darka Maz\u00ee\",\"description\":\"P\u00eageha Zanyariy\u00ean Nebih\u00eest\u00ee\",\"publisher\":{\"@id\":\"https:\\\/\\\/darkamazi.info\\\/#organization\"},\"potentialAction\":[{\"@type\":\"SearchAction\",\"target\":{\"@type\":\"EntryPoint\",\"urlTemplate\":\"https:\\\/\\\/darkamazi.info\\\/?s={search_term_string}\"},\"query-input\":{\"@type\":\"PropertyValueSpecification\",\"valueRequired\":true,\"valueName\":\"search_term_string\"}}],\"inLanguage\":\"en-US\"},{\"@type\":\"Organization\",\"@id\":\"https:\\\/\\\/darkamazi.info\\\/#organization\",\"name\":\"Darka Maz\u00ee\",\"url\":\"https:\\\/\\\/darkamazi.info\\\/\",\"logo\":{\"@type\":\"ImageObject\",\"inLanguage\":\"en-US\",\"@id\":\"https:\\\/\\\/darkamazi.info\\\/#\\\/schema\\\/logo\\\/image\\\/\",\"url\":\"https:\\\/\\\/darkamazi.info\\\/darka-content\\\/uploads\\\/2017\\\/12\\\/darka-mazi-logo.png\",\"contentUrl\":\"https:\\\/\\\/darkamazi.info\\\/darka-content\\\/uploads\\\/2017\\\/12\\\/darka-mazi-logo.png\",\"width\":151,\"height\":75,\"caption\":\"Darka Maz\u00ee\"},\"image\":{\"@id\":\"https:\\\/\\\/darkamazi.info\\\/#\\\/schema\\\/logo\\\/image\\\/\"},\"sameAs\":[\"https:\\\/\\\/www.facebook.com\\\/DarMaziKurmanci\",\"https:\\\/\\\/x.com\\\/DarkaMaziLatini\",\"https:\\\/\\\/www.instagram.com\\\/darkamazi.kurmanci\\\/\",\"https:\\\/\\\/www.youtube.com\\\/channel\\\/UCa5HkTdmI8U1qCUFuTw8B2g\"]},{\"@type\":\"Person\",\"@id\":\"https:\\\/\\\/darkamazi.info\\\/#\\\/schema\\\/person\\\/5ad3e24553a0567993fa8ed4bd0a776c\",\"name\":\"darka mazi\",\"sameAs\":[\"https:\\\/\\\/darkamazi.info\\\/\"],\"url\":\"https:\\\/\\\/darkamazi.info\\\/archives\\\/author\\\/kurdi\"}]}<\/script>\n<!-- \/ Yoast SEO plugin. -->","seo_head_json":{"title":"28 sal li ser komkujiya D\u00eazu ku PKK\u2019\u00ea 16 Kurd t\u00ea de \u015feh\u00eed kirib\u00fbn derbas b\u00fbn - Darka Maz\u00ee","robots":{"index":"index","follow":"follow","max-snippet":"max-snippet:-1","max-image-preview":"max-image-preview:large","max-video-preview":"max-video-preview:-1"},"canonical":"https:\/\/darkamazi.info\/archives\/1050343","og_locale":"en_US","og_type":"article","og_title":"28 sal li ser komkujiya D\u00eazu ku PKK\u2019\u00ea 16 Kurd t\u00ea de \u015feh\u00eed kirib\u00fbn derbas b\u00fbn - Darka Maz\u00ee","og_description":"Komkujiya gund\u00ea D\u00eazu ji bo siyaseta PKK\u2019\u00ea ya li hember xelk\u00ea Ba\u015f\u00fbr\u00ea Kurdistan\u00ea di sal\u00ean 90an de wek\u00ee m\u00eenakek\u00ea ye. Di \u015feva 21-22 Cotmeha sala 1997an de, komek ji \u00e7ekdar\u00ean PKK\u2019\u00ea \u00ear\u00ee\u015f\u00ee gund\u00ea D\u00eazu kirin, 28 sal li ser v\u00ea \u00ear\u00ee\u015f\u00ee derbas dibin, gund\u00ea D\u00eazu gir\u00eaday\u00ee nav\u00e7eya M\u00eargesor \u00fb nahiya \u015e\u00earwana mezin b\u00fb, ber\u00ee 28 [&hellip;]","og_url":"https:\/\/darkamazi.info\/archives\/1050343","og_site_name":"Darka Maz\u00ee","article_publisher":"https:\/\/www.facebook.com\/DarMaziKurmanci","article_published_time":"2025-10-22T16:58:19+00:00","og_image":[{"width":900,"height":497,"url":"https:\/\/darkamazi.info\/file\/2025\/10\/gunde-dezu-pkk-shahid-sivil.jpg","type":"image\/jpeg"}],"author":"darka mazi","twitter_card":"summary_large_image","twitter_creator":"@DarkaMaziLatini","twitter_site":"@DarkaMaziLatini","twitter_misc":{"Written by":"darka mazi","Est. reading time":"4 minutes"},"schema":{"@context":"https:\/\/schema.org","@graph":[{"@type":"Article","@id":"https:\/\/darkamazi.info\/archives\/1050343#article","isPartOf":{"@id":"https:\/\/darkamazi.info\/archives\/1050343"},"author":{"name":"darka mazi","@id":"https:\/\/darkamazi.info\/#\/schema\/person\/5ad3e24553a0567993fa8ed4bd0a776c"},"headline":"28 sal li ser komkujiya D\u00eazu ku PKK\u2019\u00ea 16 Kurd t\u00ea de \u015feh\u00eed kirib\u00fbn derbas b\u00fbn","datePublished":"2025-10-22T16:58:19+00:00","mainEntityOfPage":{"@id":"https:\/\/darkamazi.info\/archives\/1050343"},"wordCount":812,"publisher":{"@id":"https:\/\/darkamazi.info\/#organization"},"image":{"@id":"https:\/\/darkamazi.info\/archives\/1050343#primaryimage"},"thumbnailUrl":"https:\/\/darkamazi.info\/file\/2025\/10\/gunde-dezu-pkk-shahid-sivil.jpg","keywords":["sereke"],"articleSection":["Kurdistan"],"inLanguage":"en-US"},{"@type":"WebPage","@id":"https:\/\/darkamazi.info\/archives\/1050343","url":"https:\/\/darkamazi.info\/archives\/1050343","name":"28 sal li ser komkujiya D\u00eazu ku PKK\u2019\u00ea 16 Kurd t\u00ea de \u015feh\u00eed kirib\u00fbn derbas b\u00fbn - Darka Maz\u00ee","isPartOf":{"@id":"https:\/\/darkamazi.info\/#website"},"primaryImageOfPage":{"@id":"https:\/\/darkamazi.info\/archives\/1050343#primaryimage"},"image":{"@id":"https:\/\/darkamazi.info\/archives\/1050343#primaryimage"},"thumbnailUrl":"https:\/\/darkamazi.info\/file\/2025\/10\/gunde-dezu-pkk-shahid-sivil.jpg","datePublished":"2025-10-22T16:58:19+00:00","breadcrumb":{"@id":"https:\/\/darkamazi.info\/archives\/1050343#breadcrumb"},"inLanguage":"en-US","potentialAction":[{"@type":"ReadAction","target":["https:\/\/darkamazi.info\/archives\/1050343"]}]},{"@type":"ImageObject","inLanguage":"en-US","@id":"https:\/\/darkamazi.info\/archives\/1050343#primaryimage","url":"https:\/\/darkamazi.info\/file\/2025\/10\/gunde-dezu-pkk-shahid-sivil.jpg","contentUrl":"https:\/\/darkamazi.info\/file\/2025\/10\/gunde-dezu-pkk-shahid-sivil.jpg","width":900,"height":497,"caption":"28 sal li ser komkujiya D\u00eazu ku PKK\u2019\u00ea 16 Kurd t\u00ea de \u015feh\u00eed kirib\u00fbn derbas b\u00fbn"},{"@type":"BreadcrumbList","@id":"https:\/\/darkamazi.info\/archives\/1050343#breadcrumb","itemListElement":[{"@type":"ListItem","position":1,"name":"Home","item":"https:\/\/darkamazi.info\/"},{"@type":"ListItem","position":2,"name":"28 sal li ser komkujiya D\u00eazu ku PKK\u2019\u00ea 16 Kurd t\u00ea de \u015feh\u00eed kirib\u00fbn derbas b\u00fbn"}]},{"@type":"WebSite","@id":"https:\/\/darkamazi.info\/#website","url":"https:\/\/darkamazi.info\/","name":"Darka Maz\u00ee","description":"P\u00eageha Zanyariy\u00ean Nebih\u00eest\u00ee","publisher":{"@id":"https:\/\/darkamazi.info\/#organization"},"potentialAction":[{"@type":"SearchAction","target":{"@type":"EntryPoint","urlTemplate":"https:\/\/darkamazi.info\/?s={search_term_string}"},"query-input":{"@type":"PropertyValueSpecification","valueRequired":true,"valueName":"search_term_string"}}],"inLanguage":"en-US"},{"@type":"Organization","@id":"https:\/\/darkamazi.info\/#organization","name":"Darka Maz\u00ee","url":"https:\/\/darkamazi.info\/","logo":{"@type":"ImageObject","inLanguage":"en-US","@id":"https:\/\/darkamazi.info\/#\/schema\/logo\/image\/","url":"https:\/\/darkamazi.info\/file\/2017\/12\/darka-mazi-logo.png","contentUrl":"https:\/\/darkamazi.info\/file\/2017\/12\/darka-mazi-logo.png","width":151,"height":75,"caption":"Darka Maz\u00ee"},"image":{"@id":"https:\/\/darkamazi.info\/#\/schema\/logo\/image\/"},"sameAs":["https:\/\/www.facebook.com\/DarMaziKurmanci","https:\/\/x.com\/DarkaMaziLatini","https:\/\/www.instagram.com\/darkamazi.kurmanci\/","https:\/\/www.youtube.com\/channel\/UCa5HkTdmI8U1qCUFuTw8B2g"]},{"@type":"Person","@id":"https:\/\/darkamazi.info\/#\/schema\/person\/5ad3e24553a0567993fa8ed4bd0a776c","name":"darka mazi","sameAs":["https:\/\/darkamazi.info\/"],"url":"https:\/\/darkamazi.info\/archives\/author\/kurdi"}]}},"_links":{"self":[{"href":"https:\/\/darkamazi.info\/funavuv\/wp\/v2\/posts\/1050343","targetHints":{"allow":["GET"]}}],"collection":[{"href":"https:\/\/darkamazi.info\/funavuv\/wp\/v2\/posts"}],"about":[{"href":"https:\/\/darkamazi.info\/funavuv\/wp\/v2\/types\/post"}],"author":[{"embeddable":true,"href":"https:\/\/darkamazi.info\/funavuv\/wp\/v2\/users\/2"}],"replies":[{"embeddable":true,"href":"https:\/\/darkamazi.info\/funavuv\/wp\/v2\/comments?post=1050343"}],"version-history":[{"count":0,"href":"https:\/\/darkamazi.info\/funavuv\/wp\/v2\/posts\/1050343\/revisions"}],"wp:featuredmedia":[{"embeddable":true,"href":"https:\/\/darkamazi.info\/funavuv\/wp\/v2\/media\/1050344"}],"wp:attachment":[{"href":"https:\/\/darkamazi.info\/funavuv\/wp\/v2\/media?parent=1050343"}],"wp:term":[{"taxonomy":"category","embeddable":true,"href":"https:\/\/darkamazi.info\/funavuv\/wp\/v2\/categories?post=1050343"},{"taxonomy":"post_tag","embeddable":true,"href":"https:\/\/darkamazi.info\/funavuv\/wp\/v2\/tags?post=1050343"}],"curies":[{"name":"wp","href":"https:\/\/api.w.org\/{rel}","templated":true}]}}