{"id":1050346,"date":"2025-10-22T20:34:54","date_gmt":"2025-10-22T17:34:54","guid":{"rendered":"https:\/\/darkamazi.info\/?p=1050346"},"modified":"2025-10-22T20:34:54","modified_gmt":"2025-10-22T17:34:54","slug":"trump-nameyek-ji-necirvan-barzani-re-sand","status":"publish","type":"post","link":"https:\/\/darkamazi.info\/archives\/1050346","title":{"rendered":"Trump nameyek ji N\u00ea\u00e7\u00eervan Barzan\u00ee re \u015fand"},"content":{"rendered":"<h3 style=\"text-align: justify\"><span style=\"font-family: 'arial black', sans-serif\">Serok\u00ea Amer\u00eekay\u00ea di nameyek\u00ea de spasiya Serok\u00ea Her\u00eama Kurdistan\u00ea kir, ji ber pi\u015ftgiriya w\u00ee ji bo bizav\u00ean w\u00ee y\u00ean ji bo a\u015ftiy\u00ea. Herwesa gir\u00eengiya bidaw\u00eean\u00eena nakok\u00ee \u00fb aloziyan li Rojhilata Nav\u00een j\u00ee tekez kir.<\/span><\/h3>\n<h3 style=\"text-align: justify\">Serokatiya Her\u00eama Kurdistan\u00ea di ragihandinek\u00ea de amaje da ku, \u015feva bor\u00ee (S\u00ea\u015fem, 21\u00ea Cotmeha 2025\u00ea) nameyek ji Serok\u00ea Amer\u00eekay\u00ea Donald Trump gih\u00ee\u015ftiye Serok\u00ea Her\u00eama Kurdistan\u00ea N\u00ea\u00e7\u00eervan Barzan\u00ee.<\/h3>\n<h3 style=\"text-align: justify\">Di w\u00ea ragihandin\u00ea de hatiye gotin ku, Trump di w\u00ea namey\u00ea de spasiya N\u00ea\u00e7\u00eervan Barzan\u00ee kiriye, ji ber pi\u015ftgiriya w\u00ee ji bo bizav\u00ean w\u00ee y\u00ean ji bo a\u015ftiy\u00ea. Herwesa gir\u00eengiya bidaw\u00eean\u00eena nakok\u00ee \u00fb aloziyan li Rojhilata Nav\u00een j\u00ee tekez kiriye.<\/h3>\n<h3 style=\"text-align: justify\">Trump di nameya xwe de ji bo N\u00ea\u00e7\u00eervan Barzan\u00ee tekez j\u00ee kir ku, welat\u00ean c\u00eehan\u00ea dikarin ji nakokiy\u00ean kevin derbaz bibin \u00fb ber bi pa\u015ferojeka hevpar a a\u015ft\u00ee, serkeftin \u00fb p\u00ea\u015fve\u00e7\u00fbn\u00ea ve bi\u00e7in.<\/h3>\n<h3 style=\"text-align: justify\">Li gor\u00ee w\u00ea ragihandin\u00ea, Trump pabendb\u00fbna xwe \u00fb bir\u00eavebiriya xwe ji bo binecihkirina a\u015ftiyeka berdewam \u00fb bidaw\u00eean\u00eena aloziyan li Rojhilata Nav\u00een \u00fb bidaw\u00eean\u00eena \u015fer \u00fb ku\u015ftinan li dever\u00ea \u00fb hem\u00ee c\u00eehan\u00ea diyar kiriye.<\/h3>\n<h3 style=\"text-align: justify\">Serokatiya Her\u00eama Kurdistan\u00ea amaje da w\u00ea yek\u00ea j\u00ee ku, Trump di dawiya nameya xwe de tev\u00ee silav \u00fb r\u00eazan ji N\u00ea\u00e7\u00eervan Barzan\u00ee \u00fb malbata w\u00ee re serkeftin xwestiye.<\/h3>\n","protected":false},"excerpt":{"rendered":"<p>Serok\u00ea Amer\u00eekay\u00ea di nameyek\u00ea de spasiya Serok\u00ea Her\u00eama Kurdistan\u00ea kir, ji ber pi\u015ftgiriya w\u00ee ji bo bizav\u00ean w\u00ee y\u00ean ji bo a\u015ftiy\u00ea. Herwesa gir\u00eengiya bidaw\u00eean\u00eena nakok\u00ee \u00fb aloziyan li Rojhilata Nav\u00een j\u00ee tekez kir. Serokatiya Her\u00eama Kurdistan\u00ea di ragihandinek\u00ea de amaje da ku, \u015feva bor\u00ee (S\u00ea\u015fem, 21\u00ea Cotmeha 2025\u00ea) nameyek ji Serok\u00ea Amer\u00eekay\u00ea Donald Trump [&hellip;]<\/p>\n","protected":false},"author":2,"featured_media":1050347,"comment_status":"closed","ping_status":"closed","sticky":false,"template":"","format":"standard","meta":{"footnotes":""},"categories":[29],"tags":[37],"class_list":["post-1050346","post","type-post","status-publish","format-standard","has-post-thumbnail","hentry","category-kurdistan","tag-sereke"],"blocksy_meta":[],"seo_head":"<!-- This site is optimized with the Yoast SEO plugin v27.5 - https:\/\/yoast.com\/product\/yoast-seo-wordpress\/ -->\n<title>Trump nameyek ji N\u00ea\u00e7\u00eervan Barzan\u00ee re \u015fand - Darka Maz\u00ee<\/title>\n<meta name=\"robots\" content=\"index, follow, max-snippet:-1, max-image-preview:large, max-video-preview:-1\" \/>\n<link rel=\"canonical\" href=\"https:\/\/darkamazi.info\/archives\/1050346\" \/>\n<meta property=\"og:locale\" content=\"en_US\" \/>\n<meta property=\"og:type\" content=\"article\" \/>\n<meta property=\"og:title\" content=\"Trump nameyek ji N\u00ea\u00e7\u00eervan Barzan\u00ee re \u015fand - Darka Maz\u00ee\" \/>\n<meta property=\"og:description\" content=\"Serok\u00ea Amer\u00eekay\u00ea di nameyek\u00ea de spasiya Serok\u00ea Her\u00eama Kurdistan\u00ea kir, ji ber pi\u015ftgiriya w\u00ee ji bo bizav\u00ean w\u00ee y\u00ean ji bo a\u015ftiy\u00ea. Herwesa gir\u00eengiya bidaw\u00eean\u00eena nakok\u00ee \u00fb aloziyan li Rojhilata Nav\u00een j\u00ee tekez kir. Serokatiya Her\u00eama Kurdistan\u00ea di ragihandinek\u00ea de amaje da ku, \u015feva bor\u00ee (S\u00ea\u015fem, 21\u00ea Cotmeha 2025\u00ea) nameyek ji Serok\u00ea Amer\u00eekay\u00ea Donald Trump [&hellip;]\" \/>\n<meta property=\"og:url\" content=\"https:\/\/darkamazi.info\/archives\/1050346\" \/>\n<meta property=\"og:site_name\" content=\"Darka Maz\u00ee\" \/>\n<meta property=\"article:publisher\" content=\"https:\/\/www.facebook.com\/DarMaziKurmanci\" \/>\n<meta property=\"article:published_time\" content=\"2025-10-22T17:34:54+00:00\" \/>\n<meta property=\"og:image\" content=\"https:\/\/darkamazi.info\/file\/2025\/10\/trump-necirvan-barzani.jpg\" \/>\n\t<meta property=\"og:image:width\" content=\"900\" \/>\n\t<meta property=\"og:image:height\" content=\"497\" \/>\n\t<meta property=\"og:image:type\" content=\"image\/jpeg\" \/>\n<meta name=\"author\" content=\"darka mazi\" \/>\n<meta name=\"twitter:card\" content=\"summary_large_image\" \/>\n<meta name=\"twitter:creator\" content=\"@DarkaMaziLatini\" \/>\n<meta name=\"twitter:site\" content=\"@DarkaMaziLatini\" \/>\n<meta name=\"twitter:label1\" content=\"Written by\" \/>\n\t<meta name=\"twitter:data1\" content=\"darka mazi\" \/>\n\t<meta name=\"twitter:label2\" content=\"Est. reading time\" \/>\n\t<meta name=\"twitter:data2\" content=\"2 minutes\" \/>\n<script type=\"application\/ld+json\" class=\"seo-schema-graph\">{\"@context\":\"https:\\\/\\\/schema.org\",\"@graph\":[{\"@type\":\"Article\",\"@id\":\"https:\\\/\\\/darkamazi.info\\\/archives\\\/1050346#article\",\"isPartOf\":{\"@id\":\"https:\\\/\\\/darkamazi.info\\\/archives\\\/1050346\"},\"author\":{\"name\":\"darka mazi\",\"@id\":\"https:\\\/\\\/darkamazi.info\\\/#\\\/schema\\\/person\\\/5ad3e24553a0567993fa8ed4bd0a776c\"},\"headline\":\"Trump nameyek ji N\u00ea\u00e7\u00eervan Barzan\u00ee re \u015fand\",\"datePublished\":\"2025-10-22T17:34:54+00:00\",\"mainEntityOfPage\":{\"@id\":\"https:\\\/\\\/darkamazi.info\\\/archives\\\/1050346\"},\"wordCount\":237,\"publisher\":{\"@id\":\"https:\\\/\\\/darkamazi.info\\\/#organization\"},\"image\":{\"@id\":\"https:\\\/\\\/darkamazi.info\\\/archives\\\/1050346#primaryimage\"},\"thumbnailUrl\":\"https:\\\/\\\/darkamazi.info\\\/darka-content\\\/uploads\\\/2025\\\/10\\\/trump-necirvan-barzani.jpg\",\"keywords\":[\"sereke\"],\"articleSection\":[\"Kurdistan\"],\"inLanguage\":\"en-US\"},{\"@type\":\"WebPage\",\"@id\":\"https:\\\/\\\/darkamazi.info\\\/archives\\\/1050346\",\"url\":\"https:\\\/\\\/darkamazi.info\\\/archives\\\/1050346\",\"name\":\"Trump nameyek ji N\u00ea\u00e7\u00eervan Barzan\u00ee re \u015fand - Darka Maz\u00ee\",\"isPartOf\":{\"@id\":\"https:\\\/\\\/darkamazi.info\\\/#website\"},\"primaryImageOfPage\":{\"@id\":\"https:\\\/\\\/darkamazi.info\\\/archives\\\/1050346#primaryimage\"},\"image\":{\"@id\":\"https:\\\/\\\/darkamazi.info\\\/archives\\\/1050346#primaryimage\"},\"thumbnailUrl\":\"https:\\\/\\\/darkamazi.info\\\/darka-content\\\/uploads\\\/2025\\\/10\\\/trump-necirvan-barzani.jpg\",\"datePublished\":\"2025-10-22T17:34:54+00:00\",\"breadcrumb\":{\"@id\":\"https:\\\/\\\/darkamazi.info\\\/archives\\\/1050346#breadcrumb\"},\"inLanguage\":\"en-US\",\"potentialAction\":[{\"@type\":\"ReadAction\",\"target\":[\"https:\\\/\\\/darkamazi.info\\\/archives\\\/1050346\"]}]},{\"@type\":\"ImageObject\",\"inLanguage\":\"en-US\",\"@id\":\"https:\\\/\\\/darkamazi.info\\\/archives\\\/1050346#primaryimage\",\"url\":\"https:\\\/\\\/darkamazi.info\\\/darka-content\\\/uploads\\\/2025\\\/10\\\/trump-necirvan-barzani.jpg\",\"contentUrl\":\"https:\\\/\\\/darkamazi.info\\\/darka-content\\\/uploads\\\/2025\\\/10\\\/trump-necirvan-barzani.jpg\",\"width\":900,\"height\":497,\"caption\":\"Trump nameyek ji N\u00ea\u00e7\u00eervan Barzan\u00ee re \u015fand\"},{\"@type\":\"BreadcrumbList\",\"@id\":\"https:\\\/\\\/darkamazi.info\\\/archives\\\/1050346#breadcrumb\",\"itemListElement\":[{\"@type\":\"ListItem\",\"position\":1,\"name\":\"Home\",\"item\":\"https:\\\/\\\/darkamazi.info\\\/\"},{\"@type\":\"ListItem\",\"position\":2,\"name\":\"Trump nameyek ji N\u00ea\u00e7\u00eervan Barzan\u00ee re \u015fand\"}]},{\"@type\":\"WebSite\",\"@id\":\"https:\\\/\\\/darkamazi.info\\\/#website\",\"url\":\"https:\\\/\\\/darkamazi.info\\\/\",\"name\":\"Darka Maz\u00ee\",\"description\":\"P\u00eageha Zanyariy\u00ean Nebih\u00eest\u00ee\",\"publisher\":{\"@id\":\"https:\\\/\\\/darkamazi.info\\\/#organization\"},\"potentialAction\":[{\"@type\":\"SearchAction\",\"target\":{\"@type\":\"EntryPoint\",\"urlTemplate\":\"https:\\\/\\\/darkamazi.info\\\/?s={search_term_string}\"},\"query-input\":{\"@type\":\"PropertyValueSpecification\",\"valueRequired\":true,\"valueName\":\"search_term_string\"}}],\"inLanguage\":\"en-US\"},{\"@type\":\"Organization\",\"@id\":\"https:\\\/\\\/darkamazi.info\\\/#organization\",\"name\":\"Darka Maz\u00ee\",\"url\":\"https:\\\/\\\/darkamazi.info\\\/\",\"logo\":{\"@type\":\"ImageObject\",\"inLanguage\":\"en-US\",\"@id\":\"https:\\\/\\\/darkamazi.info\\\/#\\\/schema\\\/logo\\\/image\\\/\",\"url\":\"https:\\\/\\\/darkamazi.info\\\/darka-content\\\/uploads\\\/2017\\\/12\\\/darka-mazi-logo.png\",\"contentUrl\":\"https:\\\/\\\/darkamazi.info\\\/darka-content\\\/uploads\\\/2017\\\/12\\\/darka-mazi-logo.png\",\"width\":151,\"height\":75,\"caption\":\"Darka Maz\u00ee\"},\"image\":{\"@id\":\"https:\\\/\\\/darkamazi.info\\\/#\\\/schema\\\/logo\\\/image\\\/\"},\"sameAs\":[\"https:\\\/\\\/www.facebook.com\\\/DarMaziKurmanci\",\"https:\\\/\\\/x.com\\\/DarkaMaziLatini\",\"https:\\\/\\\/www.instagram.com\\\/darkamazi.kurmanci\\\/\",\"https:\\\/\\\/www.youtube.com\\\/channel\\\/UCa5HkTdmI8U1qCUFuTw8B2g\"]},{\"@type\":\"Person\",\"@id\":\"https:\\\/\\\/darkamazi.info\\\/#\\\/schema\\\/person\\\/5ad3e24553a0567993fa8ed4bd0a776c\",\"name\":\"darka mazi\",\"sameAs\":[\"https:\\\/\\\/darkamazi.info\\\/\"],\"url\":\"https:\\\/\\\/darkamazi.info\\\/archives\\\/author\\\/kurdi\"}]}<\/script>\n<!-- \/ Yoast SEO plugin. -->","seo_head_json":{"title":"Trump nameyek ji N\u00ea\u00e7\u00eervan Barzan\u00ee re \u015fand - Darka Maz\u00ee","robots":{"index":"index","follow":"follow","max-snippet":"max-snippet:-1","max-image-preview":"max-image-preview:large","max-video-preview":"max-video-preview:-1"},"canonical":"https:\/\/darkamazi.info\/archives\/1050346","og_locale":"en_US","og_type":"article","og_title":"Trump nameyek ji N\u00ea\u00e7\u00eervan Barzan\u00ee re \u015fand - Darka Maz\u00ee","og_description":"Serok\u00ea Amer\u00eekay\u00ea di nameyek\u00ea de spasiya Serok\u00ea Her\u00eama Kurdistan\u00ea kir, ji ber pi\u015ftgiriya w\u00ee ji bo bizav\u00ean w\u00ee y\u00ean ji bo a\u015ftiy\u00ea. Herwesa gir\u00eengiya bidaw\u00eean\u00eena nakok\u00ee \u00fb aloziyan li Rojhilata Nav\u00een j\u00ee tekez kir. Serokatiya Her\u00eama Kurdistan\u00ea di ragihandinek\u00ea de amaje da ku, \u015feva bor\u00ee (S\u00ea\u015fem, 21\u00ea Cotmeha 2025\u00ea) nameyek ji Serok\u00ea Amer\u00eekay\u00ea Donald Trump [&hellip;]","og_url":"https:\/\/darkamazi.info\/archives\/1050346","og_site_name":"Darka Maz\u00ee","article_publisher":"https:\/\/www.facebook.com\/DarMaziKurmanci","article_published_time":"2025-10-22T17:34:54+00:00","og_image":[{"width":900,"height":497,"url":"https:\/\/darkamazi.info\/file\/2025\/10\/trump-necirvan-barzani.jpg","type":"image\/jpeg"}],"author":"darka mazi","twitter_card":"summary_large_image","twitter_creator":"@DarkaMaziLatini","twitter_site":"@DarkaMaziLatini","twitter_misc":{"Written by":"darka mazi","Est. reading time":"2 minutes"},"schema":{"@context":"https:\/\/schema.org","@graph":[{"@type":"Article","@id":"https:\/\/darkamazi.info\/archives\/1050346#article","isPartOf":{"@id":"https:\/\/darkamazi.info\/archives\/1050346"},"author":{"name":"darka mazi","@id":"https:\/\/darkamazi.info\/#\/schema\/person\/5ad3e24553a0567993fa8ed4bd0a776c"},"headline":"Trump nameyek ji N\u00ea\u00e7\u00eervan Barzan\u00ee re \u015fand","datePublished":"2025-10-22T17:34:54+00:00","mainEntityOfPage":{"@id":"https:\/\/darkamazi.info\/archives\/1050346"},"wordCount":237,"publisher":{"@id":"https:\/\/darkamazi.info\/#organization"},"image":{"@id":"https:\/\/darkamazi.info\/archives\/1050346#primaryimage"},"thumbnailUrl":"https:\/\/darkamazi.info\/file\/2025\/10\/trump-necirvan-barzani.jpg","keywords":["sereke"],"articleSection":["Kurdistan"],"inLanguage":"en-US"},{"@type":"WebPage","@id":"https:\/\/darkamazi.info\/archives\/1050346","url":"https:\/\/darkamazi.info\/archives\/1050346","name":"Trump nameyek ji N\u00ea\u00e7\u00eervan Barzan\u00ee re \u015fand - Darka Maz\u00ee","isPartOf":{"@id":"https:\/\/darkamazi.info\/#website"},"primaryImageOfPage":{"@id":"https:\/\/darkamazi.info\/archives\/1050346#primaryimage"},"image":{"@id":"https:\/\/darkamazi.info\/archives\/1050346#primaryimage"},"thumbnailUrl":"https:\/\/darkamazi.info\/file\/2025\/10\/trump-necirvan-barzani.jpg","datePublished":"2025-10-22T17:34:54+00:00","breadcrumb":{"@id":"https:\/\/darkamazi.info\/archives\/1050346#breadcrumb"},"inLanguage":"en-US","potentialAction":[{"@type":"ReadAction","target":["https:\/\/darkamazi.info\/archives\/1050346"]}]},{"@type":"ImageObject","inLanguage":"en-US","@id":"https:\/\/darkamazi.info\/archives\/1050346#primaryimage","url":"https:\/\/darkamazi.info\/file\/2025\/10\/trump-necirvan-barzani.jpg","contentUrl":"https:\/\/darkamazi.info\/file\/2025\/10\/trump-necirvan-barzani.jpg","width":900,"height":497,"caption":"Trump nameyek ji N\u00ea\u00e7\u00eervan Barzan\u00ee re \u015fand"},{"@type":"BreadcrumbList","@id":"https:\/\/darkamazi.info\/archives\/1050346#breadcrumb","itemListElement":[{"@type":"ListItem","position":1,"name":"Home","item":"https:\/\/darkamazi.info\/"},{"@type":"ListItem","position":2,"name":"Trump nameyek ji N\u00ea\u00e7\u00eervan Barzan\u00ee re \u015fand"}]},{"@type":"WebSite","@id":"https:\/\/darkamazi.info\/#website","url":"https:\/\/darkamazi.info\/","name":"Darka Maz\u00ee","description":"P\u00eageha Zanyariy\u00ean Nebih\u00eest\u00ee","publisher":{"@id":"https:\/\/darkamazi.info\/#organization"},"potentialAction":[{"@type":"SearchAction","target":{"@type":"EntryPoint","urlTemplate":"https:\/\/darkamazi.info\/?s={search_term_string}"},"query-input":{"@type":"PropertyValueSpecification","valueRequired":true,"valueName":"search_term_string"}}],"inLanguage":"en-US"},{"@type":"Organization","@id":"https:\/\/darkamazi.info\/#organization","name":"Darka Maz\u00ee","url":"https:\/\/darkamazi.info\/","logo":{"@type":"ImageObject","inLanguage":"en-US","@id":"https:\/\/darkamazi.info\/#\/schema\/logo\/image\/","url":"https:\/\/darkamazi.info\/file\/2017\/12\/darka-mazi-logo.png","contentUrl":"https:\/\/darkamazi.info\/file\/2017\/12\/darka-mazi-logo.png","width":151,"height":75,"caption":"Darka Maz\u00ee"},"image":{"@id":"https:\/\/darkamazi.info\/#\/schema\/logo\/image\/"},"sameAs":["https:\/\/www.facebook.com\/DarMaziKurmanci","https:\/\/x.com\/DarkaMaziLatini","https:\/\/www.instagram.com\/darkamazi.kurmanci\/","https:\/\/www.youtube.com\/channel\/UCa5HkTdmI8U1qCUFuTw8B2g"]},{"@type":"Person","@id":"https:\/\/darkamazi.info\/#\/schema\/person\/5ad3e24553a0567993fa8ed4bd0a776c","name":"darka mazi","sameAs":["https:\/\/darkamazi.info\/"],"url":"https:\/\/darkamazi.info\/archives\/author\/kurdi"}]}},"_links":{"self":[{"href":"https:\/\/darkamazi.info\/funavuv\/wp\/v2\/posts\/1050346","targetHints":{"allow":["GET"]}}],"collection":[{"href":"https:\/\/darkamazi.info\/funavuv\/wp\/v2\/posts"}],"about":[{"href":"https:\/\/darkamazi.info\/funavuv\/wp\/v2\/types\/post"}],"author":[{"embeddable":true,"href":"https:\/\/darkamazi.info\/funavuv\/wp\/v2\/users\/2"}],"replies":[{"embeddable":true,"href":"https:\/\/darkamazi.info\/funavuv\/wp\/v2\/comments?post=1050346"}],"version-history":[{"count":0,"href":"https:\/\/darkamazi.info\/funavuv\/wp\/v2\/posts\/1050346\/revisions"}],"wp:featuredmedia":[{"embeddable":true,"href":"https:\/\/darkamazi.info\/funavuv\/wp\/v2\/media\/1050347"}],"wp:attachment":[{"href":"https:\/\/darkamazi.info\/funavuv\/wp\/v2\/media?parent=1050346"}],"wp:term":[{"taxonomy":"category","embeddable":true,"href":"https:\/\/darkamazi.info\/funavuv\/wp\/v2\/categories?post=1050346"},{"taxonomy":"post_tag","embeddable":true,"href":"https:\/\/darkamazi.info\/funavuv\/wp\/v2\/tags?post=1050346"}],"curies":[{"name":"wp","href":"https:\/\/api.w.org\/{rel}","templated":true}]}}