{"id":1050354,"date":"2025-10-23T18:33:27","date_gmt":"2025-10-23T15:33:27","guid":{"rendered":"https:\/\/darkamazi.info\/?p=1050354"},"modified":"2025-10-23T18:33:27","modified_gmt":"2025-10-23T15:33:27","slug":"gelo-kadroyen-pkke-yen-rojava-de-karibin-xwe-ji-evdila-ocalan-rizgar-bikin","status":"publish","type":"post","link":"https:\/\/darkamazi.info\/archives\/1050354","title":{"rendered":"Gelo kadroy\u00ean PKK\u00ea y\u00ean Rojava d\u00ea karibin xwe ji Evdila Ocalan rizgar bikin?"},"content":{"rendered":"<ul>\n<li><span style=\"font-family: 'arial black', sans-serif;font-size: 14pt;color: #8a0707\"><strong>Be\u015fa yekem<\/strong><\/span><\/li>\n<\/ul>\n<h3 style=\"text-align: justify\"><span style=\"font-family: 'arial black', sans-serif;color: #808080\">Gelo Rojava bi qas\u00ee bedel\u00ea ku daye destkeft bi dest xistine? Bandora Evdila Ocalan \u00fb PKK\u00ea li ser Rojava \u00e7i bi xwe re an\u00eeye?<\/span><\/h3>\n<h3 style=\"text-align: justify\"><span style=\"font-family: 'arial black', sans-serif\">R\u00eaw\u00eetiya 14 salan a Rojavay\u00ea Kurdistan\u00ea, ku di sala 2011 an de dest p\u00ea kir, berdewam dike. Ji w\u00ea dem\u00ea ve, Kurd, bi awayek\u00ee, ji bo Rojava seferber b\u00fbne. Kurd\u00ean ji her \u00e7ar per\u00e7ey\u00ean Kurdistan\u00ea can \u00fb xw\u00eena xwe feda kirine da ku Rojava, pi\u015ft\u00ee Ba\u015f\u00fbr\u00ea Kurdistan\u00ea, ji bo Kurdan bibe ronah\u00ee. L\u00ea gelo van encaman encam dane? Ma em dikarin prat\u00eeka li Rojava wek\u00ee serket\u00ee bihesib\u00eenin? Gelo Kurdan bi qas\u00ee bedel\u00ea ku dane destkeft qezenc kirine? Ger ne wisa be, \u00e7i kelem b\u00fb?<\/span><\/h3>\n<h3 style=\"text-align: justify\"><span style=\"font-family: arial, helvetica, sans-serif\">Bersivday\u00eena van pirsan hem wijdan \u00fb hem j\u00ee rastgoy\u00ee hewce dike. Kurdan ten\u00ea li Efr\u00een 5 hezar \u015feh\u00eed dane. Bi tevah\u00ee, d\u00ea adil be ku mirov bib\u00eaje ku n\u00eaz\u00eek\u00ee 15 hezar \u015fervan\u00ean Kurd li Rojava jiyana xwe ji dest dane. Wek\u00ee din, 8-9 hezar siv\u00eel h\u00een j\u00ee wek\u00ee winda t\u00eane nav n\u00ee\u015fan kirin. Bi texm\u00eena her\u00ee seranser, bedel\u00ean pir mezin hene l\u00ea gelo ma destkeft\u00ee li gor\u00ee van bedela ne?<\/span><\/h3>\n<h3 style=\"text-align: justify\"><span style=\"font-family: 'arial black', sans-serif;font-size: 18pt;color: #8a0707\">Rola PKK\u00ea di ferqa di navbera bedel \u00fb qezenc\u00ea de \u00e7i ye?<\/span><\/h3>\n<h3 style=\"text-align: justify\"><span style=\"font-family: arial, helvetica, sans-serif\">Bel\u00ea, li Rojava destkeft\u00ee hene, l\u00ea windakirina can \u00fb w\u00earaniy\u00ea ji destkeftiyan mezintir e. Valahiya fireh di navbera v\u00ea hevsengiya qezenc \u00fb zirar\u00ea de ji ber faktor\u00ean texm\u00een\u00ee \u00fb hevsengiy\u00ean her\u00eam\u00ee ye. L\u00ea ya gir\u00eengtir, \u00eeht\u00eemala r\u00eayek n\u00fb ji bo Rojava, ku pi\u015ft\u00ee Bihara Ereb\u00ee derket hol\u00ea, ji h\u00eala Ocalan \u00fb PKK\u00ea ve hate desteserkirin.<\/span><\/h3>\n<h3 style=\"text-align: justify\"><span style=\"font-family: arial, helvetica, sans-serif;font-size: 18pt;color: #8a0707\">PKKe \u00fb Ocalan qeb\u00fbl nekirin ku Rojava wek\u00ee heb\u00fbnek xweser hebe, ku li gor\u00ee berjewendiy\u00ean xwe tevdigere.<\/span><\/h3>\n<h3 style=\"text-align: justify\"><span style=\"font-family: arial, helvetica, sans-serif\">Dema ku p\u00eavajo li Rojava dest p\u00ea kir\u00ee, hem\u00ee n\u00ee\u015fan xuya b\u00fbn ku PKKe d\u00ea nikare li \u00e7iyayan \u015fer\u00ea ger\u00eela bime\u015f\u00eene. Bi p\u00ea\u015fkeftina dron \u00fb lazer\u00ean p\u00ea\u015fket\u00ee, PKKe li Bakur\u00ea Kurdistan\u00ea dest bi t\u00eak\u00e7\u00fbn\u00ea kir. P\u00eavajoya siyas\u00ee xwe dubare dikir. Yan\u00ee, PKKe di bingeh de di rew\u015fek xetim\u00ee de b\u00fb \u00fb ji bo dir\u00eajkirina heb\u00fbna xwe li r\u00eaya diger\u00eeya. Di v\u00ea haw\u00eerdora xetim\u00ee de, Bihara Ereb\u00ee \u00fb Rojava ji bo PKK\u00ea b\u00fbn derfet\u00ea jiyan\u00ea.<\/span><\/h3>\n<h3 style=\"text-align: justify\"><span style=\"font-family: arial, helvetica, sans-serif\">PKK\u00ea hem\u00ee \u00e7avkaniy\u00ean xwe seferber kir da ku bi r\u00eaya Rojava p\u00ea\u015fve\u00e7\u00fbnek \u00e7\u00eabike. \u00db li Rojava, ku bi hem\u00fb h\u00eaza xwe ve gir\u00eaday\u00ee b\u00fb, qet dudil\u00ee nekir ku her saz\u00ee an kesek\u00ee ku r\u00ea li ber desthilatdariya w\u00ea digirt, ji hol\u00ea rake. Hem\u00fb partiy\u00ean muxalefet\u00ea y\u00ean li Rojava ji hol\u00ea rakirin \u00fb kes\u00ean xwed\u00ee n\u00ear\u00een\u00ean cuda hatin ku\u015ftin.<\/span><\/h3>\n<h3 style=\"text-align: justify\"><span style=\"font-family: arial, helvetica, sans-serif\">PKKe li Rojava pergaleke r\u00eaxistin\u00ee ya gir\u00eeng ava kir. Kadroy\u00ean xwe y\u00ean bakur wek\u00ee qay\u00fbm waz\u00eefedar kirin. Di navbera kadroyan \u00fb gel\u00ea Rojava de ber\u00ea j\u00ee aloz\u00ee heb\u00fb. Gel t\u00eak \u00e7\u00fb \u00fb desthilatdariya kadir\u00ean PKK\u00ea qeb\u00fbl kir. L\u00eabel\u00ea, pev\u00e7\u00fbna di navbera kadroy\u00ean Rojava \u00fb y\u00ean li dever\u00ean din \u00ean wel\u00eat de bi daw\u00ee neb\u00fb. Heta roja \u00eero j\u00ee berdewam dike. L\u00ea ji bo ku kadroy\u00ean Rojava xwe ji PKK\u00ea d\u00fbr nexin, PKK\u00ea kadroy\u00ean bak\u00fbr\u00ee li cih\u00ean gir\u00eeng de erkdar kirin. M\u00eenak, hem\u00fb dan\u00fbstandin\u00ean daray\u00ee ji h\u00eala kadroy\u00ean PKK\u00ea y\u00ean ji Bakur\u00ee ve t\u00eane bir\u00eavebirin.<\/span><\/h3>\n<h3 style=\"text-align: justify\"><span style=\"font-family: 'arial black', sans-serif;font-size: 18pt;color: #8a0707\">Gir\u00eadana xurt a PKK\u00ea li ser s\u00eestema Rojava ji p\u00eaw\u00eest\u00eeya w\u00ea ya \u00e7aren\u00fbsa xwe bi Rojava ve gir\u00eadan\u00ea ye.<\/span><\/h3>\n<h3 style=\"text-align: justify\"><span style=\"font-family: arial, helvetica, sans-serif\">PKK\u00ea Rojava ji bo xwe rewa bike \u00fb s\u00fbd werbigire bi kar an\u00ee. Bi r\u00eaya Rojava li Ewropay\u00ea gelek derfet\u00ean d\u00eeplomat\u00eek \u00fb daray\u00ee bi dest xist. Qend\u00eel\u00ea demek b\u00fb ku bi \u00ceran \u00fb li Rojava j\u00ee ji h\u00eaz\u00ean Rojavay\u00ee gelek \u00e7ek\u00ean serdemane bi dest xistin. Her wiha ev derfet bikar an\u00ee da ku Rojava bi \u00ceran\u00ea re li hev bike \u00fb r\u00ea li ber dijberiya Esed bigire, bi v\u00ee away\u00ee cih\u00ea xwe di ajandeya her\u00eam\u00ee ya \u00ceran\u00ea de misoger bike.<\/span><\/h3>\n<h3 style=\"text-align: justify\"><span style=\"font-family: arial, helvetica, sans-serif\">Her \u00e7end ev rew\u015f ji d\u00fbr ve wek\u00ee ku PKK\u00ea her kes bikar aniye \u00fb derfet afirandine xuya bike j\u00ee, l\u00ea rast\u00ee wiha n\u00eene, ji ber helwesta s\u00eestem \u00fb \u00eedeoloj\u00ee ya PKK\u00ea, ev destkeftiy\u00ean li Rojava weke dihat h\u00eav\u00eekirin ne ketin xizmeta neteweya Kurdistan\u00ea de. Berevaj\u00ee v\u00ea, PKK\u00ea bi eql\u00eeyeta &#8220;Bila bi\u00e7\u00fbk be, bila ya min be&#8221; Rojava bi\u00e7\u00fbk kir \u00fb nasnameya siyas\u00ee \u00fb \u00eedar\u00ee ya Kurd a Rojava qels kir. Ger \u00eero li Rojava \u015fop\u00ean Kurdistan\u00ea hebin, ev rexm\u00ea PKK\u00ea \u00e7\u00eab\u00fb ye. PKK\u00ea Rojava li gor\u00ee xet\u00ean &#8220;ekoloj\u00eek-rizgar\u00eeya cins\u00eeyet\u00ea\u201dy\u00ean Ocalan ava kir, ku Kurdayet\u00ee qels kir.<\/span><\/h3>\n<h3 style=\"text-align: justify\"><span style=\"font-family: 'arial black', sans-serif;color: #8a0707;font-size: 18pt\">Bic\u00eehan\u00eena van hem\u00fb siyasetan bi awayek\u00ee s\u00eestem\u00ee hi\u015ft ku Rojava nikaribe ji bo xwe siyaset\u00ea bike \u00fb li \u015f\u00fbna w\u00ea li gor\u00ee berjewendiy\u00ean PKK\u00ea tevbigere.<\/span><\/h3>\n<h3 style=\"text-align: justify\"><span style=\"font-family: arial, helvetica, sans-serif\">Vej\u00eena \u00cemraliy\u00ea ji aliy\u00ea Bah\u00e7el\u00ee ve \u00fb destp\u00eakirina &#8220;p\u00eavajoy\u00ea&#8221; ku \u00e7end meh ber\u00ee hilwe\u015fandina rej\u00eema Esed dest p\u00ea kir, b\u00ea guman bi siyaseta jor\u00een ve gir\u00eaday\u00ee ye. Bi kurtas\u00ee, dewleta Tirk karta Ocalan bikar an\u00ee da ku Rojava, ku bi r\u00eaya PKK\u00ea hatib\u00fb ked\u00eekirin \u00fb nasnameya w\u00ea ya Kurd qels b\u00fbb\u00fb, bi tevah\u00ee ji hol\u00ea rake.<\/span><\/h3>\n<h3 style=\"text-align: justify\"><span style=\"font-family: arial, helvetica, sans-serif\">\u00db niha, agahdariy\u00ean cid\u00ee \u00fb ne-p\u00ea\u015fb\u00een\u00eekir\u00ee y\u00ean li pi\u015ft perd\u00ea hene ku n\u00ee\u015fan didin ku Ocalan bi r\u00eaveberiya Rojava re civiyaye, name ji hev re \u015fandine \u00fb heta bi r\u00eaveberiya Rojava re telekonferans j\u00ee li dar xistiye.<\/span><\/h3>\n<h3 style=\"text-align: justify\"><span style=\"font-family: arial, helvetica, sans-serif\">Di bernameya Perv\u00een Buldan a li ser Jin TV ya PKK\u00ea de, behsa gotina Ocalan a &#8220;Rojava xeta min a sor e&#8221; nehat kirin. Ev daxuyan\u00ee ji h\u00eala p\u00ea\u015fk\u00ea\u015fvan ve hat kirin, ne ji h\u00eala Perv\u00een Buldan ve. Berevaj\u00ee v\u00ea, belgey\u00ean me hene ku Ocalan Rojava wek\u00ee &#8220;He\u015fd\u00ee \u015eab\u00ee ya \u00cesra\u00eel\u00ea&#8221; tawanbar dike.<\/span><\/h3>\n<h3 style=\"text-align: justify\"><span style=\"font-family: 'arial black', sans-serif;font-size: 18pt;color: #8a0707\">Ocalan, ji \u00celham Ehmed re dib\u00eaje ez Kurd\u00ee fam nakim bo min wergerin!<\/span><\/h3>\n<h3 style=\"text-align: justify\"><span style=\"font-family: arial, helvetica, sans-serif\">Di 2 \u00ea Gulan\u00ea de, Ocalan bi komeke ku Sabr\u00ee Ok, \u00celham Ehmed, Rezm\u00ee Qartal \u00fb Dilar S\u00eevas t\u00ea de amade b\u00fbn, telekonferansek li dar xist. (agah\u00eeyek balk\u00ea\u015f bidim we, di dema hevd\u00eetin\u00ea de, Ocalan, ji \u00celham Ehmed re dib\u00eaje ez Kurd\u00ee fam nakim bo min wergerin Kurd\u00ee\u201d \u00celham Ehmed j\u00ea re got ku wan nameya w\u00ee wergirtiye.<\/span><\/h3>\n<h3 style=\"text-align: justify\"><span style=\"font-family: 'arial black', sans-serif;color: #8a0707\">Ocalan, di axaftina xwe de li gel \u00celham Ehmed dib\u00eaje, &#8220;Di serdema n\u00fb de avakirina dewlet\u00ea tune. Em \u00ea yek\u00eet\u00eeya demokrat\u00eek a S\u00fbr\u00eey\u00ea bipar\u00eazin&#8230; S\u00eenor\u00ean derve \u00fb gumrik div\u00ea ji al\u00eey\u00ea dewlet\u00ea (S\u00fbr\u00eey\u00ea) ve b\u00ean kontrol kirin.&#8221; Wek\u00ee din, di be\u015fek din a axaftina xwe de, ew li dij\u00ee daxwaz\u00ean Rojava y\u00ean be\u015fdarb\u00fbna di r\u00eavebirina dewlet\u00ea de derdikeve \u00fb dib\u00eaje, &#8220;Em \u00ea li hember dewlet\u00ea dewletperest\u00eey\u00ea nekin. Ti\u015ft\u00ea ku we kiriye lihevkirinek bi Ehmet \u015eara re ye ku h\u00fbn dewlet\u00ea bi hev re bir\u00eave bibin. Ev ne ew s\u00eesteme ku ez behsa w\u00ea dikim.&#8221;<\/span><\/h3>\n<h3 style=\"text-align: justify\"><span style=\"font-family: arial, helvetica, sans-serif\">Di axaftina w\u00ee ya bi \u00celham Ehmed re be\u015fek balk\u00ea\u015f j\u00ee heye. Ocalan dipirse &#8220;Gelo kesek li dij\u00ee Ocalan heye?&#8221;, \u00celham Ehmed \u201cnex\u00ear Kes li dij\u00ee we n\u00eene, l\u00ea guman li ser n\u00eaz\u00eekatiya Ehmet \u015eara \u00fb Tirkiyey\u00ea hene&#8221; Ocalan bi esas\u00ee bersiv dide, &#8220;Em pi\u015ftgiriya yek\u00eetiya S\u00fbriyey\u00ea dikin, em federal\u00eezm\u00ea naxwazin, \u00fb Ehmet \u015eara d\u00ea min f\u00eam bike.&#8221; Axaftina Ocalan bi esas\u00ee wek\u00ee gotina &#8220;Ez \u00fb dewleta Tirkiyey\u00ea hem te \u00fb hem j\u00ee Ehmet \u015eara kontrol dikin&#8221; t\u00ea hesibandin. (Em \u00ea van belgeyan di p\u00ea\u015feroj\u00ea de biwe\u015f\u00eenin).<\/span><\/h3>\n<h3 style=\"text-align: justify\"><span style=\"font-family: arial, helvetica, sans-serif\">Gotin\u00ean \u00celham Ehmed di v\u00ea telekonferans\u00ea de, n\u00ear\u00een\u00ean Ocalan \u00ean li ser Rojava bi awayek\u00ee \u015fermok red dike. Rojava niha di qonaxek kr\u00eet\u00eek de ye \u00fb di p\u00eavajoyek \u00e7aren\u00fbs\u00ee re derbas dibe. E\u015fkere ye ku Ocalan dixwaze Rojava di \u00e7ar\u00e7oveyek &#8220;statuya hey\u00ee&#8221; de bi cih bike \u00fb b\u00eay\u00ee ku nasnameya Kurd derkeve p\u00ea\u015f \u00fb s\u00eenor werin g\u00fbhertin d\u00ea entegrey\u00ee dewleta S\u00fbr\u00eey\u00ea bike. \u00a0Pirsa gir\u00eeng li vir ev e, gelo kadroy\u00ean Rojava d\u00ea bikaribin xwe ji dorp\u00ea\u00e7a Evdila Ocalan rizgar bikin an naa?<\/span><\/h3>\n","protected":false},"excerpt":{"rendered":"<p>Be\u015fa yekem Gelo Rojava bi qas\u00ee bedel\u00ea ku daye destkeft bi dest xistine? Bandora Evdila Ocalan \u00fb PKK\u00ea li ser Rojava \u00e7i bi xwe re an\u00eeye? R\u00eaw\u00eetiya 14 salan a Rojavay\u00ea Kurdistan\u00ea, ku di sala 2011 an de dest p\u00ea kir, berdewam dike. Ji w\u00ea dem\u00ea ve, Kurd, bi awayek\u00ee, ji bo Rojava seferber b\u00fbne. [&hellip;]<\/p>\n","protected":false},"author":2,"featured_media":1050355,"comment_status":"closed","ping_status":"closed","sticky":false,"template":"","format":"standard","meta":{"footnotes":""},"categories":[68],"tags":[37],"class_list":["post-1050354","post","type-post","status-publish","format-standard","has-post-thumbnail","hentry","category-analiz","tag-sereke"],"blocksy_meta":[],"seo_head":"<!-- This site is optimized with the Yoast SEO plugin v27.5 - https:\/\/yoast.com\/product\/yoast-seo-wordpress\/ -->\n<title>Gelo kadroy\u00ean PKK\u00ea y\u00ean Rojava d\u00ea karibin xwe ji Evdila Ocalan rizgar bikin? - Darka Maz\u00ee<\/title>\n<meta name=\"robots\" content=\"index, follow, max-snippet:-1, max-image-preview:large, max-video-preview:-1\" \/>\n<link rel=\"canonical\" href=\"https:\/\/darkamazi.info\/archives\/1050354\" \/>\n<meta property=\"og:locale\" content=\"en_US\" \/>\n<meta property=\"og:type\" content=\"article\" \/>\n<meta property=\"og:title\" content=\"Gelo kadroy\u00ean PKK\u00ea y\u00ean Rojava d\u00ea karibin xwe ji Evdila Ocalan rizgar bikin? - Darka Maz\u00ee\" \/>\n<meta property=\"og:description\" content=\"Be\u015fa yekem Gelo Rojava bi qas\u00ee bedel\u00ea ku daye destkeft bi dest xistine? Bandora Evdila Ocalan \u00fb PKK\u00ea li ser Rojava \u00e7i bi xwe re an\u00eeye? R\u00eaw\u00eetiya 14 salan a Rojavay\u00ea Kurdistan\u00ea, ku di sala 2011 an de dest p\u00ea kir, berdewam dike. Ji w\u00ea dem\u00ea ve, Kurd, bi awayek\u00ee, ji bo Rojava seferber b\u00fbne. [&hellip;]\" \/>\n<meta property=\"og:url\" content=\"https:\/\/darkamazi.info\/archives\/1050354\" \/>\n<meta property=\"og:site_name\" content=\"Darka Maz\u00ee\" \/>\n<meta property=\"article:publisher\" content=\"https:\/\/www.facebook.com\/DarMaziKurmanci\" \/>\n<meta property=\"article:published_time\" content=\"2025-10-23T15:33:27+00:00\" \/>\n<meta property=\"og:image\" content=\"https:\/\/darkamazi.info\/file\/2025\/10\/ocalan-rojava-ilham-ehmed-mazloum-abdi-info.jpg\" \/>\n\t<meta property=\"og:image:width\" content=\"900\" \/>\n\t<meta property=\"og:image:height\" content=\"497\" \/>\n\t<meta property=\"og:image:type\" content=\"image\/jpeg\" \/>\n<meta name=\"author\" content=\"darka mazi\" \/>\n<meta name=\"twitter:card\" content=\"summary_large_image\" \/>\n<meta name=\"twitter:creator\" content=\"@DarkaMaziLatini\" \/>\n<meta name=\"twitter:site\" content=\"@DarkaMaziLatini\" \/>\n<meta name=\"twitter:label1\" content=\"Written by\" \/>\n\t<meta name=\"twitter:data1\" content=\"darka mazi\" \/>\n\t<meta name=\"twitter:label2\" content=\"Est. reading time\" \/>\n\t<meta name=\"twitter:data2\" content=\"6 minutes\" \/>\n<script type=\"application\/ld+json\" class=\"seo-schema-graph\">{\"@context\":\"https:\\\/\\\/schema.org\",\"@graph\":[{\"@type\":\"Article\",\"@id\":\"https:\\\/\\\/darkamazi.info\\\/archives\\\/1050354#article\",\"isPartOf\":{\"@id\":\"https:\\\/\\\/darkamazi.info\\\/archives\\\/1050354\"},\"author\":{\"name\":\"darka mazi\",\"@id\":\"https:\\\/\\\/darkamazi.info\\\/#\\\/schema\\\/person\\\/5ad3e24553a0567993fa8ed4bd0a776c\"},\"headline\":\"Gelo kadroy\u00ean PKK\u00ea y\u00ean Rojava d\u00ea karibin xwe ji Evdila Ocalan rizgar bikin?\",\"datePublished\":\"2025-10-23T15:33:27+00:00\",\"mainEntityOfPage\":{\"@id\":\"https:\\\/\\\/darkamazi.info\\\/archives\\\/1050354\"},\"wordCount\":1382,\"publisher\":{\"@id\":\"https:\\\/\\\/darkamazi.info\\\/#organization\"},\"image\":{\"@id\":\"https:\\\/\\\/darkamazi.info\\\/archives\\\/1050354#primaryimage\"},\"thumbnailUrl\":\"https:\\\/\\\/darkamazi.info\\\/darka-content\\\/uploads\\\/2025\\\/10\\\/ocalan-rojava-ilham-ehmed-mazloum-abdi-info.jpg\",\"keywords\":[\"sereke\"],\"articleSection\":[\"Anal\u00eez\"],\"inLanguage\":\"en-US\"},{\"@type\":\"WebPage\",\"@id\":\"https:\\\/\\\/darkamazi.info\\\/archives\\\/1050354\",\"url\":\"https:\\\/\\\/darkamazi.info\\\/archives\\\/1050354\",\"name\":\"Gelo kadroy\u00ean PKK\u00ea y\u00ean Rojava d\u00ea karibin xwe ji Evdila Ocalan rizgar bikin? - Darka Maz\u00ee\",\"isPartOf\":{\"@id\":\"https:\\\/\\\/darkamazi.info\\\/#website\"},\"primaryImageOfPage\":{\"@id\":\"https:\\\/\\\/darkamazi.info\\\/archives\\\/1050354#primaryimage\"},\"image\":{\"@id\":\"https:\\\/\\\/darkamazi.info\\\/archives\\\/1050354#primaryimage\"},\"thumbnailUrl\":\"https:\\\/\\\/darkamazi.info\\\/darka-content\\\/uploads\\\/2025\\\/10\\\/ocalan-rojava-ilham-ehmed-mazloum-abdi-info.jpg\",\"datePublished\":\"2025-10-23T15:33:27+00:00\",\"breadcrumb\":{\"@id\":\"https:\\\/\\\/darkamazi.info\\\/archives\\\/1050354#breadcrumb\"},\"inLanguage\":\"en-US\",\"potentialAction\":[{\"@type\":\"ReadAction\",\"target\":[\"https:\\\/\\\/darkamazi.info\\\/archives\\\/1050354\"]}]},{\"@type\":\"ImageObject\",\"inLanguage\":\"en-US\",\"@id\":\"https:\\\/\\\/darkamazi.info\\\/archives\\\/1050354#primaryimage\",\"url\":\"https:\\\/\\\/darkamazi.info\\\/darka-content\\\/uploads\\\/2025\\\/10\\\/ocalan-rojava-ilham-ehmed-mazloum-abdi-info.jpg\",\"contentUrl\":\"https:\\\/\\\/darkamazi.info\\\/darka-content\\\/uploads\\\/2025\\\/10\\\/ocalan-rojava-ilham-ehmed-mazloum-abdi-info.jpg\",\"width\":900,\"height\":497,\"caption\":\"ocalan-rojava-ilham-ehmed-mazloum-abdi-net\"},{\"@type\":\"BreadcrumbList\",\"@id\":\"https:\\\/\\\/darkamazi.info\\\/archives\\\/1050354#breadcrumb\",\"itemListElement\":[{\"@type\":\"ListItem\",\"position\":1,\"name\":\"Home\",\"item\":\"https:\\\/\\\/darkamazi.info\\\/\"},{\"@type\":\"ListItem\",\"position\":2,\"name\":\"Gelo kadroy\u00ean PKK\u00ea y\u00ean Rojava d\u00ea karibin xwe ji Evdila Ocalan rizgar bikin?\"}]},{\"@type\":\"WebSite\",\"@id\":\"https:\\\/\\\/darkamazi.info\\\/#website\",\"url\":\"https:\\\/\\\/darkamazi.info\\\/\",\"name\":\"Darka Maz\u00ee\",\"description\":\"P\u00eageha Zanyariy\u00ean Nebih\u00eest\u00ee\",\"publisher\":{\"@id\":\"https:\\\/\\\/darkamazi.info\\\/#organization\"},\"potentialAction\":[{\"@type\":\"SearchAction\",\"target\":{\"@type\":\"EntryPoint\",\"urlTemplate\":\"https:\\\/\\\/darkamazi.info\\\/?s={search_term_string}\"},\"query-input\":{\"@type\":\"PropertyValueSpecification\",\"valueRequired\":true,\"valueName\":\"search_term_string\"}}],\"inLanguage\":\"en-US\"},{\"@type\":\"Organization\",\"@id\":\"https:\\\/\\\/darkamazi.info\\\/#organization\",\"name\":\"Darka Maz\u00ee\",\"url\":\"https:\\\/\\\/darkamazi.info\\\/\",\"logo\":{\"@type\":\"ImageObject\",\"inLanguage\":\"en-US\",\"@id\":\"https:\\\/\\\/darkamazi.info\\\/#\\\/schema\\\/logo\\\/image\\\/\",\"url\":\"https:\\\/\\\/darkamazi.info\\\/darka-content\\\/uploads\\\/2017\\\/12\\\/darka-mazi-logo.png\",\"contentUrl\":\"https:\\\/\\\/darkamazi.info\\\/darka-content\\\/uploads\\\/2017\\\/12\\\/darka-mazi-logo.png\",\"width\":151,\"height\":75,\"caption\":\"Darka Maz\u00ee\"},\"image\":{\"@id\":\"https:\\\/\\\/darkamazi.info\\\/#\\\/schema\\\/logo\\\/image\\\/\"},\"sameAs\":[\"https:\\\/\\\/www.facebook.com\\\/DarMaziKurmanci\",\"https:\\\/\\\/x.com\\\/DarkaMaziLatini\",\"https:\\\/\\\/www.instagram.com\\\/darkamazi.kurmanci\\\/\",\"https:\\\/\\\/www.youtube.com\\\/channel\\\/UCa5HkTdmI8U1qCUFuTw8B2g\"]},{\"@type\":\"Person\",\"@id\":\"https:\\\/\\\/darkamazi.info\\\/#\\\/schema\\\/person\\\/5ad3e24553a0567993fa8ed4bd0a776c\",\"name\":\"darka mazi\",\"sameAs\":[\"https:\\\/\\\/darkamazi.info\\\/\"],\"url\":\"https:\\\/\\\/darkamazi.info\\\/archives\\\/author\\\/kurdi\"}]}<\/script>\n<!-- \/ Yoast SEO plugin. -->","seo_head_json":{"title":"Gelo kadroy\u00ean PKK\u00ea y\u00ean Rojava d\u00ea karibin xwe ji Evdila Ocalan rizgar bikin? - Darka Maz\u00ee","robots":{"index":"index","follow":"follow","max-snippet":"max-snippet:-1","max-image-preview":"max-image-preview:large","max-video-preview":"max-video-preview:-1"},"canonical":"https:\/\/darkamazi.info\/archives\/1050354","og_locale":"en_US","og_type":"article","og_title":"Gelo kadroy\u00ean PKK\u00ea y\u00ean Rojava d\u00ea karibin xwe ji Evdila Ocalan rizgar bikin? - Darka Maz\u00ee","og_description":"Be\u015fa yekem Gelo Rojava bi qas\u00ee bedel\u00ea ku daye destkeft bi dest xistine? Bandora Evdila Ocalan \u00fb PKK\u00ea li ser Rojava \u00e7i bi xwe re an\u00eeye? R\u00eaw\u00eetiya 14 salan a Rojavay\u00ea Kurdistan\u00ea, ku di sala 2011 an de dest p\u00ea kir, berdewam dike. Ji w\u00ea dem\u00ea ve, Kurd, bi awayek\u00ee, ji bo Rojava seferber b\u00fbne. [&hellip;]","og_url":"https:\/\/darkamazi.info\/archives\/1050354","og_site_name":"Darka Maz\u00ee","article_publisher":"https:\/\/www.facebook.com\/DarMaziKurmanci","article_published_time":"2025-10-23T15:33:27+00:00","og_image":[{"width":900,"height":497,"url":"https:\/\/darkamazi.info\/file\/2025\/10\/ocalan-rojava-ilham-ehmed-mazloum-abdi-info.jpg","type":"image\/jpeg"}],"author":"darka mazi","twitter_card":"summary_large_image","twitter_creator":"@DarkaMaziLatini","twitter_site":"@DarkaMaziLatini","twitter_misc":{"Written by":"darka mazi","Est. reading time":"6 minutes"},"schema":{"@context":"https:\/\/schema.org","@graph":[{"@type":"Article","@id":"https:\/\/darkamazi.info\/archives\/1050354#article","isPartOf":{"@id":"https:\/\/darkamazi.info\/archives\/1050354"},"author":{"name":"darka mazi","@id":"https:\/\/darkamazi.info\/#\/schema\/person\/5ad3e24553a0567993fa8ed4bd0a776c"},"headline":"Gelo kadroy\u00ean PKK\u00ea y\u00ean Rojava d\u00ea karibin xwe ji Evdila Ocalan rizgar bikin?","datePublished":"2025-10-23T15:33:27+00:00","mainEntityOfPage":{"@id":"https:\/\/darkamazi.info\/archives\/1050354"},"wordCount":1382,"publisher":{"@id":"https:\/\/darkamazi.info\/#organization"},"image":{"@id":"https:\/\/darkamazi.info\/archives\/1050354#primaryimage"},"thumbnailUrl":"https:\/\/darkamazi.info\/file\/2025\/10\/ocalan-rojava-ilham-ehmed-mazloum-abdi-info.jpg","keywords":["sereke"],"articleSection":["Anal\u00eez"],"inLanguage":"en-US"},{"@type":"WebPage","@id":"https:\/\/darkamazi.info\/archives\/1050354","url":"https:\/\/darkamazi.info\/archives\/1050354","name":"Gelo kadroy\u00ean PKK\u00ea y\u00ean Rojava d\u00ea karibin xwe ji Evdila Ocalan rizgar bikin? - Darka Maz\u00ee","isPartOf":{"@id":"https:\/\/darkamazi.info\/#website"},"primaryImageOfPage":{"@id":"https:\/\/darkamazi.info\/archives\/1050354#primaryimage"},"image":{"@id":"https:\/\/darkamazi.info\/archives\/1050354#primaryimage"},"thumbnailUrl":"https:\/\/darkamazi.info\/file\/2025\/10\/ocalan-rojava-ilham-ehmed-mazloum-abdi-info.jpg","datePublished":"2025-10-23T15:33:27+00:00","breadcrumb":{"@id":"https:\/\/darkamazi.info\/archives\/1050354#breadcrumb"},"inLanguage":"en-US","potentialAction":[{"@type":"ReadAction","target":["https:\/\/darkamazi.info\/archives\/1050354"]}]},{"@type":"ImageObject","inLanguage":"en-US","@id":"https:\/\/darkamazi.info\/archives\/1050354#primaryimage","url":"https:\/\/darkamazi.info\/file\/2025\/10\/ocalan-rojava-ilham-ehmed-mazloum-abdi-info.jpg","contentUrl":"https:\/\/darkamazi.info\/file\/2025\/10\/ocalan-rojava-ilham-ehmed-mazloum-abdi-info.jpg","width":900,"height":497,"caption":"ocalan-rojava-ilham-ehmed-mazloum-abdi-net"},{"@type":"BreadcrumbList","@id":"https:\/\/darkamazi.info\/archives\/1050354#breadcrumb","itemListElement":[{"@type":"ListItem","position":1,"name":"Home","item":"https:\/\/darkamazi.info\/"},{"@type":"ListItem","position":2,"name":"Gelo kadroy\u00ean PKK\u00ea y\u00ean Rojava d\u00ea karibin xwe ji Evdila Ocalan rizgar bikin?"}]},{"@type":"WebSite","@id":"https:\/\/darkamazi.info\/#website","url":"https:\/\/darkamazi.info\/","name":"Darka Maz\u00ee","description":"P\u00eageha Zanyariy\u00ean Nebih\u00eest\u00ee","publisher":{"@id":"https:\/\/darkamazi.info\/#organization"},"potentialAction":[{"@type":"SearchAction","target":{"@type":"EntryPoint","urlTemplate":"https:\/\/darkamazi.info\/?s={search_term_string}"},"query-input":{"@type":"PropertyValueSpecification","valueRequired":true,"valueName":"search_term_string"}}],"inLanguage":"en-US"},{"@type":"Organization","@id":"https:\/\/darkamazi.info\/#organization","name":"Darka Maz\u00ee","url":"https:\/\/darkamazi.info\/","logo":{"@type":"ImageObject","inLanguage":"en-US","@id":"https:\/\/darkamazi.info\/#\/schema\/logo\/image\/","url":"https:\/\/darkamazi.info\/file\/2017\/12\/darka-mazi-logo.png","contentUrl":"https:\/\/darkamazi.info\/file\/2017\/12\/darka-mazi-logo.png","width":151,"height":75,"caption":"Darka Maz\u00ee"},"image":{"@id":"https:\/\/darkamazi.info\/#\/schema\/logo\/image\/"},"sameAs":["https:\/\/www.facebook.com\/DarMaziKurmanci","https:\/\/x.com\/DarkaMaziLatini","https:\/\/www.instagram.com\/darkamazi.kurmanci\/","https:\/\/www.youtube.com\/channel\/UCa5HkTdmI8U1qCUFuTw8B2g"]},{"@type":"Person","@id":"https:\/\/darkamazi.info\/#\/schema\/person\/5ad3e24553a0567993fa8ed4bd0a776c","name":"darka mazi","sameAs":["https:\/\/darkamazi.info\/"],"url":"https:\/\/darkamazi.info\/archives\/author\/kurdi"}]}},"_links":{"self":[{"href":"https:\/\/darkamazi.info\/funavuv\/wp\/v2\/posts\/1050354","targetHints":{"allow":["GET"]}}],"collection":[{"href":"https:\/\/darkamazi.info\/funavuv\/wp\/v2\/posts"}],"about":[{"href":"https:\/\/darkamazi.info\/funavuv\/wp\/v2\/types\/post"}],"author":[{"embeddable":true,"href":"https:\/\/darkamazi.info\/funavuv\/wp\/v2\/users\/2"}],"replies":[{"embeddable":true,"href":"https:\/\/darkamazi.info\/funavuv\/wp\/v2\/comments?post=1050354"}],"version-history":[{"count":0,"href":"https:\/\/darkamazi.info\/funavuv\/wp\/v2\/posts\/1050354\/revisions"}],"wp:featuredmedia":[{"embeddable":true,"href":"https:\/\/darkamazi.info\/funavuv\/wp\/v2\/media\/1050355"}],"wp:attachment":[{"href":"https:\/\/darkamazi.info\/funavuv\/wp\/v2\/media?parent=1050354"}],"wp:term":[{"taxonomy":"category","embeddable":true,"href":"https:\/\/darkamazi.info\/funavuv\/wp\/v2\/categories?post=1050354"},{"taxonomy":"post_tag","embeddable":true,"href":"https:\/\/darkamazi.info\/funavuv\/wp\/v2\/tags?post=1050354"}],"curies":[{"name":"wp","href":"https:\/\/api.w.org\/{rel}","templated":true}]}}