{"id":1050359,"date":"2025-10-25T13:37:14","date_gmt":"2025-10-25T10:37:14","guid":{"rendered":"https:\/\/darkamazi.info\/?p=1050359"},"modified":"2025-10-25T13:37:14","modified_gmt":"2025-10-25T10:37:14","slug":"capemeniya-pkke-gerila-we-sibe-gaveke-din-a-diroki-bavejin","status":"publish","type":"post","link":"https:\/\/darkamazi.info\/archives\/1050359","title":{"rendered":"\u00c7apemeniya PKK\u2019\u00ea: Ger\u00eela w\u00ea sibe gaveke din a d\u00eerok\u00ee bav\u00eajin!"},"content":{"rendered":"<h3 style=\"text-align: justify\"><span style=\"font-family: 'arial black', sans-serif\">Di \u00e7ar\u00e7oveya banga r\u00eaber\u00ea PKK\u2019\u00ea Abdullah Ocalan ya di 27\u00ea Sibat\u00ea de ku ji PKK\u2019\u00ea xwestib\u00fb \u00e7ekan deyne, kongrey\u00ea li dar bixe \u00fb xwe hilwe\u015f\u00eene, PKK\u2019e d\u00ea ji boy n\u00ee\u015fandana n\u00eeyetpakiya xwe ji Tirkiyey\u00ea re gaveke n\u00fb bav\u00eajin.<\/span><\/h3>\n<h3 style=\"text-align: justify\">\u00c7apemeniya PKK\u2019\u00ea ragihand ku ger\u00eelay\u00ean wan w\u00ea sibe &#8220;gaveke din a d\u00eerok\u00ee&#8221; bav\u00eajin.<\/h3>\n<h3 style=\"text-align: justify\">Medyaya PKK\u2019\u00ea e\u015fkere kir: &#8220;di \u00e7ar\u00e7oveya banga r\u00eaber Apo \u00fb biryar\u00ean kongreya 12\u00ea ya PKK\u2019\u00ea de, sibe ger\u00eelay\u00ean azadiy\u00ea d\u00ea gaveke din ya d\u00eerok\u00ee bav\u00eajin.&#8221;<\/h3>\n<h3 style=\"text-align: justify\">\u00c7apemeniya PKK\u2019\u00ea ragihand, di konferanseke rojnamegeriy\u00ea de w\u00ea daxuyaniyeke ferm\u00ee were xwendin \u00fb t\u00ea de behsa gava n\u00fb ya PKK\u2019\u00ea ya ji bo p\u00eavajoya \u00e7areseriy\u00ea were kirin. \u00c7apemeniya PKK\u2019\u00ea bi temam\u00ee e\u015fkere nekir ka w\u00ea ev gava ku bi &#8220;d\u00eerok\u00ea&#8221; binav dikin \u00e7i be, l\u00ea bel\u00ea t\u00ea pay\u00een ku hinek ji ger\u00eelay\u00ean PKK\u2019\u00ea ji devereke Her\u00eama Kurdistan\u00ea ber bi devereke din ve bi\u00e7in \u00fb c\u00eeh\u00ean xwe biterik\u00eenin.<\/h3>\n<h3 style=\"text-align: justify\">\u00a0Li gor agahiyan, ev konferansa rojnameger\u00ee w\u00ea li quntara \u00e7iyay\u00ea Qend\u00eel\u00ea were lidarxistin.<\/h3>\n<h3 style=\"text-align: justify\">Pi\u015ft\u00ee banga Ocalan ya di 27\u00ee Sibata sala 20205 de, PKK\u2019\u00ea ragihand ku di navbera 5-7\u00ea Gulan\u00ea de kongreya xweya 12 li dar xistiye \u00fb biryara hilwe\u015fandina xwe daye.<\/h3>\n<h3 style=\"text-align: justify\">Di meras\u00eemek\u00ea de li \u015fikefta Caseney\u00ea ya li nav\u00e7eya D\u00fbkan\u00ea ya par\u00eazgeha Sil\u00eamaniy\u00ea 11\u00ea T\u00eermeh\u00ea komeke ger\u00eelay\u00ean PKK\u2019\u00ea ku ji 30 ger\u00eelayan p\u00eak dihat \u00fb di nava wan de Hevseroka KCK\u2019\u00ea Bes\u00ea Hozat \u00fb 3 berpirs\u00ean din y\u00ean payebilind j\u00ee heb\u00fbn, wek\u00ee &#8220;N\u00ee\u015fana n\u00eeyetpakiy\u00ea&#8221; ji bo serkeftina p\u00eavajoya \u00e7areseriy\u00ea \u00e7ek\u00ean xwe \u015fewitandin.<\/h3>\n","protected":false},"excerpt":{"rendered":"<p>Di \u00e7ar\u00e7oveya banga r\u00eaber\u00ea PKK\u2019\u00ea Abdullah Ocalan ya di 27\u00ea Sibat\u00ea de ku ji PKK\u2019\u00ea xwestib\u00fb \u00e7ekan deyne, kongrey\u00ea li dar bixe \u00fb xwe hilwe\u015f\u00eene, PKK\u2019e d\u00ea ji boy n\u00ee\u015fandana n\u00eeyetpakiya xwe ji Tirkiyey\u00ea re gaveke n\u00fb bav\u00eajin. \u00c7apemeniya PKK\u2019\u00ea ragihand ku ger\u00eelay\u00ean wan w\u00ea sibe &#8220;gaveke din a d\u00eerok\u00ee&#8221; bav\u00eajin. Medyaya PKK\u2019\u00ea e\u015fkere kir: [&hellip;]<\/p>\n","protected":false},"author":2,"featured_media":1050360,"comment_status":"closed","ping_status":"closed","sticky":false,"template":"","format":"standard","meta":{"footnotes":""},"categories":[29],"tags":[37],"class_list":["post-1050359","post","type-post","status-publish","format-standard","has-post-thumbnail","hentry","category-kurdistan","tag-sereke"],"blocksy_meta":[],"seo_head":"<!-- This site is optimized with the Yoast SEO plugin v27.5 - https:\/\/yoast.com\/product\/yoast-seo-wordpress\/ -->\n<title>\u00c7apemeniya PKK\u2019\u00ea: Ger\u00eela w\u00ea sibe gaveke din a d\u00eerok\u00ee bav\u00eajin! - Darka Maz\u00ee<\/title>\n<meta name=\"robots\" content=\"index, follow, max-snippet:-1, max-image-preview:large, max-video-preview:-1\" \/>\n<link rel=\"canonical\" href=\"https:\/\/darkamazi.info\/archives\/1050359\" \/>\n<meta property=\"og:locale\" content=\"en_US\" \/>\n<meta property=\"og:type\" content=\"article\" \/>\n<meta property=\"og:title\" content=\"\u00c7apemeniya PKK\u2019\u00ea: Ger\u00eela w\u00ea sibe gaveke din a d\u00eerok\u00ee bav\u00eajin! - Darka Maz\u00ee\" \/>\n<meta property=\"og:description\" content=\"Di \u00e7ar\u00e7oveya banga r\u00eaber\u00ea PKK\u2019\u00ea Abdullah Ocalan ya di 27\u00ea Sibat\u00ea de ku ji PKK\u2019\u00ea xwestib\u00fb \u00e7ekan deyne, kongrey\u00ea li dar bixe \u00fb xwe hilwe\u015f\u00eene, PKK\u2019e d\u00ea ji boy n\u00ee\u015fandana n\u00eeyetpakiya xwe ji Tirkiyey\u00ea re gaveke n\u00fb bav\u00eajin. \u00c7apemeniya PKK\u2019\u00ea ragihand ku ger\u00eelay\u00ean wan w\u00ea sibe &#8220;gaveke din a d\u00eerok\u00ee&#8221; bav\u00eajin. Medyaya PKK\u2019\u00ea e\u015fkere kir: [&hellip;]\" \/>\n<meta property=\"og:url\" content=\"https:\/\/darkamazi.info\/archives\/1050359\" \/>\n<meta property=\"og:site_name\" content=\"Darka Maz\u00ee\" \/>\n<meta property=\"article:publisher\" content=\"https:\/\/www.facebook.com\/DarMaziKurmanci\" \/>\n<meta property=\"article:published_time\" content=\"2025-10-25T10:37:14+00:00\" \/>\n<meta property=\"og:image\" content=\"https:\/\/darkamazi.info\/file\/2025\/10\/pkk.jpg\" \/>\n\t<meta property=\"og:image:width\" content=\"900\" \/>\n\t<meta property=\"og:image:height\" content=\"497\" \/>\n\t<meta property=\"og:image:type\" content=\"image\/jpeg\" \/>\n<meta name=\"author\" content=\"darka mazi\" \/>\n<meta name=\"twitter:card\" content=\"summary_large_image\" \/>\n<meta name=\"twitter:creator\" content=\"@DarkaMaziLatini\" \/>\n<meta name=\"twitter:site\" content=\"@DarkaMaziLatini\" \/>\n<meta name=\"twitter:label1\" content=\"Written by\" \/>\n\t<meta name=\"twitter:data1\" content=\"darka mazi\" \/>\n\t<meta name=\"twitter:label2\" content=\"Est. reading time\" \/>\n\t<meta name=\"twitter:data2\" content=\"2 minutes\" \/>\n<script type=\"application\/ld+json\" class=\"seo-schema-graph\">{\"@context\":\"https:\\\/\\\/schema.org\",\"@graph\":[{\"@type\":\"Article\",\"@id\":\"https:\\\/\\\/darkamazi.info\\\/archives\\\/1050359#article\",\"isPartOf\":{\"@id\":\"https:\\\/\\\/darkamazi.info\\\/archives\\\/1050359\"},\"author\":{\"name\":\"darka mazi\",\"@id\":\"https:\\\/\\\/darkamazi.info\\\/#\\\/schema\\\/person\\\/5ad3e24553a0567993fa8ed4bd0a776c\"},\"headline\":\"\u00c7apemeniya PKK\u2019\u00ea: Ger\u00eela w\u00ea sibe gaveke din a d\u00eerok\u00ee bav\u00eajin!\",\"datePublished\":\"2025-10-25T10:37:14+00:00\",\"mainEntityOfPage\":{\"@id\":\"https:\\\/\\\/darkamazi.info\\\/archives\\\/1050359\"},\"wordCount\":285,\"publisher\":{\"@id\":\"https:\\\/\\\/darkamazi.info\\\/#organization\"},\"image\":{\"@id\":\"https:\\\/\\\/darkamazi.info\\\/archives\\\/1050359#primaryimage\"},\"thumbnailUrl\":\"https:\\\/\\\/darkamazi.info\\\/darka-content\\\/uploads\\\/2025\\\/10\\\/pkk.jpg\",\"keywords\":[\"sereke\"],\"articleSection\":[\"Kurdistan\"],\"inLanguage\":\"en-US\"},{\"@type\":\"WebPage\",\"@id\":\"https:\\\/\\\/darkamazi.info\\\/archives\\\/1050359\",\"url\":\"https:\\\/\\\/darkamazi.info\\\/archives\\\/1050359\",\"name\":\"\u00c7apemeniya PKK\u2019\u00ea: Ger\u00eela w\u00ea sibe gaveke din a d\u00eerok\u00ee bav\u00eajin! - Darka Maz\u00ee\",\"isPartOf\":{\"@id\":\"https:\\\/\\\/darkamazi.info\\\/#website\"},\"primaryImageOfPage\":{\"@id\":\"https:\\\/\\\/darkamazi.info\\\/archives\\\/1050359#primaryimage\"},\"image\":{\"@id\":\"https:\\\/\\\/darkamazi.info\\\/archives\\\/1050359#primaryimage\"},\"thumbnailUrl\":\"https:\\\/\\\/darkamazi.info\\\/darka-content\\\/uploads\\\/2025\\\/10\\\/pkk.jpg\",\"datePublished\":\"2025-10-25T10:37:14+00:00\",\"breadcrumb\":{\"@id\":\"https:\\\/\\\/darkamazi.info\\\/archives\\\/1050359#breadcrumb\"},\"inLanguage\":\"en-US\",\"potentialAction\":[{\"@type\":\"ReadAction\",\"target\":[\"https:\\\/\\\/darkamazi.info\\\/archives\\\/1050359\"]}]},{\"@type\":\"ImageObject\",\"inLanguage\":\"en-US\",\"@id\":\"https:\\\/\\\/darkamazi.info\\\/archives\\\/1050359#primaryimage\",\"url\":\"https:\\\/\\\/darkamazi.info\\\/darka-content\\\/uploads\\\/2025\\\/10\\\/pkk.jpg\",\"contentUrl\":\"https:\\\/\\\/darkamazi.info\\\/darka-content\\\/uploads\\\/2025\\\/10\\\/pkk.jpg\",\"width\":900,\"height\":497,\"caption\":\"\u00c7apemeniya PKK\u2019\u00ea: Ger\u00eela w\u00ea sibe gaveke din a d\u00eerok\u00ee bav\u00eajin!\"},{\"@type\":\"BreadcrumbList\",\"@id\":\"https:\\\/\\\/darkamazi.info\\\/archives\\\/1050359#breadcrumb\",\"itemListElement\":[{\"@type\":\"ListItem\",\"position\":1,\"name\":\"Home\",\"item\":\"https:\\\/\\\/darkamazi.info\\\/\"},{\"@type\":\"ListItem\",\"position\":2,\"name\":\"\u00c7apemeniya PKK\u2019\u00ea: Ger\u00eela w\u00ea sibe gaveke din a d\u00eerok\u00ee bav\u00eajin!\"}]},{\"@type\":\"WebSite\",\"@id\":\"https:\\\/\\\/darkamazi.info\\\/#website\",\"url\":\"https:\\\/\\\/darkamazi.info\\\/\",\"name\":\"Darka Maz\u00ee\",\"description\":\"P\u00eageha Zanyariy\u00ean Nebih\u00eest\u00ee\",\"publisher\":{\"@id\":\"https:\\\/\\\/darkamazi.info\\\/#organization\"},\"potentialAction\":[{\"@type\":\"SearchAction\",\"target\":{\"@type\":\"EntryPoint\",\"urlTemplate\":\"https:\\\/\\\/darkamazi.info\\\/?s={search_term_string}\"},\"query-input\":{\"@type\":\"PropertyValueSpecification\",\"valueRequired\":true,\"valueName\":\"search_term_string\"}}],\"inLanguage\":\"en-US\"},{\"@type\":\"Organization\",\"@id\":\"https:\\\/\\\/darkamazi.info\\\/#organization\",\"name\":\"Darka Maz\u00ee\",\"url\":\"https:\\\/\\\/darkamazi.info\\\/\",\"logo\":{\"@type\":\"ImageObject\",\"inLanguage\":\"en-US\",\"@id\":\"https:\\\/\\\/darkamazi.info\\\/#\\\/schema\\\/logo\\\/image\\\/\",\"url\":\"https:\\\/\\\/darkamazi.info\\\/darka-content\\\/uploads\\\/2017\\\/12\\\/darka-mazi-logo.png\",\"contentUrl\":\"https:\\\/\\\/darkamazi.info\\\/darka-content\\\/uploads\\\/2017\\\/12\\\/darka-mazi-logo.png\",\"width\":151,\"height\":75,\"caption\":\"Darka Maz\u00ee\"},\"image\":{\"@id\":\"https:\\\/\\\/darkamazi.info\\\/#\\\/schema\\\/logo\\\/image\\\/\"},\"sameAs\":[\"https:\\\/\\\/www.facebook.com\\\/DarMaziKurmanci\",\"https:\\\/\\\/x.com\\\/DarkaMaziLatini\",\"https:\\\/\\\/www.instagram.com\\\/darkamazi.kurmanci\\\/\",\"https:\\\/\\\/www.youtube.com\\\/channel\\\/UCa5HkTdmI8U1qCUFuTw8B2g\"]},{\"@type\":\"Person\",\"@id\":\"https:\\\/\\\/darkamazi.info\\\/#\\\/schema\\\/person\\\/5ad3e24553a0567993fa8ed4bd0a776c\",\"name\":\"darka mazi\",\"sameAs\":[\"https:\\\/\\\/darkamazi.info\\\/\"],\"url\":\"https:\\\/\\\/darkamazi.info\\\/archives\\\/author\\\/kurdi\"}]}<\/script>\n<!-- \/ Yoast SEO plugin. -->","seo_head_json":{"title":"\u00c7apemeniya PKK\u2019\u00ea: Ger\u00eela w\u00ea sibe gaveke din a d\u00eerok\u00ee bav\u00eajin! - Darka Maz\u00ee","robots":{"index":"index","follow":"follow","max-snippet":"max-snippet:-1","max-image-preview":"max-image-preview:large","max-video-preview":"max-video-preview:-1"},"canonical":"https:\/\/darkamazi.info\/archives\/1050359","og_locale":"en_US","og_type":"article","og_title":"\u00c7apemeniya PKK\u2019\u00ea: Ger\u00eela w\u00ea sibe gaveke din a d\u00eerok\u00ee bav\u00eajin! - Darka Maz\u00ee","og_description":"Di \u00e7ar\u00e7oveya banga r\u00eaber\u00ea PKK\u2019\u00ea Abdullah Ocalan ya di 27\u00ea Sibat\u00ea de ku ji PKK\u2019\u00ea xwestib\u00fb \u00e7ekan deyne, kongrey\u00ea li dar bixe \u00fb xwe hilwe\u015f\u00eene, PKK\u2019e d\u00ea ji boy n\u00ee\u015fandana n\u00eeyetpakiya xwe ji Tirkiyey\u00ea re gaveke n\u00fb bav\u00eajin. \u00c7apemeniya PKK\u2019\u00ea ragihand ku ger\u00eelay\u00ean wan w\u00ea sibe &#8220;gaveke din a d\u00eerok\u00ee&#8221; bav\u00eajin. Medyaya PKK\u2019\u00ea e\u015fkere kir: [&hellip;]","og_url":"https:\/\/darkamazi.info\/archives\/1050359","og_site_name":"Darka Maz\u00ee","article_publisher":"https:\/\/www.facebook.com\/DarMaziKurmanci","article_published_time":"2025-10-25T10:37:14+00:00","og_image":[{"width":900,"height":497,"url":"https:\/\/darkamazi.info\/file\/2025\/10\/pkk.jpg","type":"image\/jpeg"}],"author":"darka mazi","twitter_card":"summary_large_image","twitter_creator":"@DarkaMaziLatini","twitter_site":"@DarkaMaziLatini","twitter_misc":{"Written by":"darka mazi","Est. reading time":"2 minutes"},"schema":{"@context":"https:\/\/schema.org","@graph":[{"@type":"Article","@id":"https:\/\/darkamazi.info\/archives\/1050359#article","isPartOf":{"@id":"https:\/\/darkamazi.info\/archives\/1050359"},"author":{"name":"darka mazi","@id":"https:\/\/darkamazi.info\/#\/schema\/person\/5ad3e24553a0567993fa8ed4bd0a776c"},"headline":"\u00c7apemeniya PKK\u2019\u00ea: Ger\u00eela w\u00ea sibe gaveke din a d\u00eerok\u00ee bav\u00eajin!","datePublished":"2025-10-25T10:37:14+00:00","mainEntityOfPage":{"@id":"https:\/\/darkamazi.info\/archives\/1050359"},"wordCount":285,"publisher":{"@id":"https:\/\/darkamazi.info\/#organization"},"image":{"@id":"https:\/\/darkamazi.info\/archives\/1050359#primaryimage"},"thumbnailUrl":"https:\/\/darkamazi.info\/file\/2025\/10\/pkk.jpg","keywords":["sereke"],"articleSection":["Kurdistan"],"inLanguage":"en-US"},{"@type":"WebPage","@id":"https:\/\/darkamazi.info\/archives\/1050359","url":"https:\/\/darkamazi.info\/archives\/1050359","name":"\u00c7apemeniya PKK\u2019\u00ea: Ger\u00eela w\u00ea sibe gaveke din a d\u00eerok\u00ee bav\u00eajin! - Darka Maz\u00ee","isPartOf":{"@id":"https:\/\/darkamazi.info\/#website"},"primaryImageOfPage":{"@id":"https:\/\/darkamazi.info\/archives\/1050359#primaryimage"},"image":{"@id":"https:\/\/darkamazi.info\/archives\/1050359#primaryimage"},"thumbnailUrl":"https:\/\/darkamazi.info\/file\/2025\/10\/pkk.jpg","datePublished":"2025-10-25T10:37:14+00:00","breadcrumb":{"@id":"https:\/\/darkamazi.info\/archives\/1050359#breadcrumb"},"inLanguage":"en-US","potentialAction":[{"@type":"ReadAction","target":["https:\/\/darkamazi.info\/archives\/1050359"]}]},{"@type":"ImageObject","inLanguage":"en-US","@id":"https:\/\/darkamazi.info\/archives\/1050359#primaryimage","url":"https:\/\/darkamazi.info\/file\/2025\/10\/pkk.jpg","contentUrl":"https:\/\/darkamazi.info\/file\/2025\/10\/pkk.jpg","width":900,"height":497,"caption":"\u00c7apemeniya PKK\u2019\u00ea: Ger\u00eela w\u00ea sibe gaveke din a d\u00eerok\u00ee bav\u00eajin!"},{"@type":"BreadcrumbList","@id":"https:\/\/darkamazi.info\/archives\/1050359#breadcrumb","itemListElement":[{"@type":"ListItem","position":1,"name":"Home","item":"https:\/\/darkamazi.info\/"},{"@type":"ListItem","position":2,"name":"\u00c7apemeniya PKK\u2019\u00ea: Ger\u00eela w\u00ea sibe gaveke din a d\u00eerok\u00ee bav\u00eajin!"}]},{"@type":"WebSite","@id":"https:\/\/darkamazi.info\/#website","url":"https:\/\/darkamazi.info\/","name":"Darka Maz\u00ee","description":"P\u00eageha Zanyariy\u00ean Nebih\u00eest\u00ee","publisher":{"@id":"https:\/\/darkamazi.info\/#organization"},"potentialAction":[{"@type":"SearchAction","target":{"@type":"EntryPoint","urlTemplate":"https:\/\/darkamazi.info\/?s={search_term_string}"},"query-input":{"@type":"PropertyValueSpecification","valueRequired":true,"valueName":"search_term_string"}}],"inLanguage":"en-US"},{"@type":"Organization","@id":"https:\/\/darkamazi.info\/#organization","name":"Darka Maz\u00ee","url":"https:\/\/darkamazi.info\/","logo":{"@type":"ImageObject","inLanguage":"en-US","@id":"https:\/\/darkamazi.info\/#\/schema\/logo\/image\/","url":"https:\/\/darkamazi.info\/file\/2017\/12\/darka-mazi-logo.png","contentUrl":"https:\/\/darkamazi.info\/file\/2017\/12\/darka-mazi-logo.png","width":151,"height":75,"caption":"Darka Maz\u00ee"},"image":{"@id":"https:\/\/darkamazi.info\/#\/schema\/logo\/image\/"},"sameAs":["https:\/\/www.facebook.com\/DarMaziKurmanci","https:\/\/x.com\/DarkaMaziLatini","https:\/\/www.instagram.com\/darkamazi.kurmanci\/","https:\/\/www.youtube.com\/channel\/UCa5HkTdmI8U1qCUFuTw8B2g"]},{"@type":"Person","@id":"https:\/\/darkamazi.info\/#\/schema\/person\/5ad3e24553a0567993fa8ed4bd0a776c","name":"darka mazi","sameAs":["https:\/\/darkamazi.info\/"],"url":"https:\/\/darkamazi.info\/archives\/author\/kurdi"}]}},"_links":{"self":[{"href":"https:\/\/darkamazi.info\/funavuv\/wp\/v2\/posts\/1050359","targetHints":{"allow":["GET"]}}],"collection":[{"href":"https:\/\/darkamazi.info\/funavuv\/wp\/v2\/posts"}],"about":[{"href":"https:\/\/darkamazi.info\/funavuv\/wp\/v2\/types\/post"}],"author":[{"embeddable":true,"href":"https:\/\/darkamazi.info\/funavuv\/wp\/v2\/users\/2"}],"replies":[{"embeddable":true,"href":"https:\/\/darkamazi.info\/funavuv\/wp\/v2\/comments?post=1050359"}],"version-history":[{"count":0,"href":"https:\/\/darkamazi.info\/funavuv\/wp\/v2\/posts\/1050359\/revisions"}],"wp:featuredmedia":[{"embeddable":true,"href":"https:\/\/darkamazi.info\/funavuv\/wp\/v2\/media\/1050360"}],"wp:attachment":[{"href":"https:\/\/darkamazi.info\/funavuv\/wp\/v2\/media?parent=1050359"}],"wp:term":[{"taxonomy":"category","embeddable":true,"href":"https:\/\/darkamazi.info\/funavuv\/wp\/v2\/categories?post=1050359"},{"taxonomy":"post_tag","embeddable":true,"href":"https:\/\/darkamazi.info\/funavuv\/wp\/v2\/tags?post=1050359"}],"curies":[{"name":"wp","href":"https:\/\/api.w.org\/{rel}","templated":true}]}}