{"id":1050362,"date":"2025-10-25T16:14:34","date_gmt":"2025-10-25T13:14:34","guid":{"rendered":"https:\/\/darkamazi.info\/?p=1050362"},"modified":"2025-10-25T16:14:34","modified_gmt":"2025-10-25T13:14:34","slug":"bandora-imrali-li-ser-rojavaye-kurdistane","status":"publish","type":"post","link":"https:\/\/darkamazi.info\/archives\/1050362","title":{"rendered":"Bandora \u0130mral\u0131 li ser Rojavay\u00ea Kurdistan\u00ea!"},"content":{"rendered":"<h3 style=\"text-align: justify\"><span style=\"font-family: 'arial black', sans-serif\">T\u00ea \u00eed\u00eea kirin ku, di van roj\u00ean daw\u00ee de, li kul\u00ees\u00ean siyas\u00ee \u00fb li ser medyaya civak\u00ee agah\u00eey\u00ean \u015fok, ku \u00e7avkan\u00ee \u00fb rastiya w\u00ea nehatiye pi\u015ftrastkirin, bi lez belav dibe \u00fb b\u00fbye sedema n\u00eeqa\u015feke n\u00fb li ser hevsengiy\u00ean hesas \u00ean her\u00eam\u00ea \u00fb Rojavay\u00ea Kurdistan\u00ea.<\/span><\/h3>\n<h3 style=\"text-align: justify\">T\u00ea \u00eedd\u00eeakirin, Abdullah Ocalan\u00ea ku li \u00cemraliy\u00ea karargah avakir\u00eeye; bi riya telekonferansek\u00ea bi rayedar\u00ean pilebilind \u00ean Rojavay\u00ea Kurdistan\u00ea (R\u00eaveber\u00eeya Xweser) re axiviye \u00fb di v\u00ea hevd\u00eetin\u00ea de aloz\u00ee derketiye.<\/h3>\n<h3 style=\"text-align: justify\">\u00a0Li gor\u00ee \u00eedd\u00eeayan, Ocalan bi r\u00eaya konferanseke v\u00eedyoy\u00ee tal\u00eemat daye heyeta 12 kes\u00ee ya R\u00eaveberiya Xweser, ku di nav wan de Berpirsyara T\u00eakiliy\u00ean Derve \u00celham Ehmed j\u00ee heye. Esas\u00ea v\u00ea tal\u00eemat\u00ea ev e ku Abdullah Ocalan ji R\u00eaveberiya Rojava xwest\u00eeye ku; \u201cDerhal bi rej\u00eema \u015eam\u00ea re t\u00eakeve t\u00eakiliy\u00ea, dan\u00fbstandinan bike \u00fb h\u00eaz\u00ean xwe y\u00ean le\u015fker\u00ee bi art\u00ea\u015fa S\u00fbriy\u00ea re yek bike.\u201d<\/h3>\n<h3 style=\"text-align: justify\">Ev, di prat\u00eek\u00ea de, t\u00ea wateya tasf\u00eeyekirina avahiya xweser a hey\u00ee \u00fb be\u015fdarb\u00fbna bi otor\u00eeteya navend\u00ee ya S\u00fbriy\u00ea re.<\/h3>\n<h3 style=\"text-align: justify\">T\u00ea gotin ku di civ\u00een\u00ea de kesek\u00ee li hember\u00ee v\u00ea &#8220;fermana teqez&#8221; \u00eetiraz nekiriye. L\u00ea \u00celham Ehmed, Berpirsyara T\u00eakiliy\u00ean Derve, hewl daye rew\u015f\u00ea rave bike \u00fb diyar kiriye ku; \u201crastiya li qad\u00ea sepandina v\u00ea biryar\u00ea zehmet dike \u00fb ev biryar ne ji hevalbend\u00ean navnetewey\u00ee re \u00fb ne j\u00ee ji gel re nay\u00ea qeb\u00fblkirin.\u201d<\/h3>\n<h3 style=\"text-align: justify\">Be\u015fa her\u00ee balk\u00ea\u015f \u00fb ji aliy\u00ea exlaq\u00ee ve her\u00ee biproblem a \u00eedd\u00eeay\u00ea ew e ku, Ocalan li hember\u00ee v\u00ea \u00eetiraza\u00a0 \u00celham Ehmed, bi tund\u00ee bertek n\u00ee\u015fan daye. T\u00ea \u00eedd\u00eeakirin ku Ocalan bi gotineke pir giran \u00fb bi heqaret \u00celham Ehmed\u00ea hedef girtiye \u00fb ew ji civ\u00een\u00ea derxistiye. Li gor\u00ee \u00eedd\u00eeay\u00ea, Ocalan R\u00eaveberiya Rojava bi hevkariya bi h\u00eaz\u00ean rojavay\u00ee (DYA, Fransa) re tawanbar kiriye \u00fb h\u00earsa xwe aniye ziman, ji ber ku ferman\u00ean w\u00ee y\u00ean v\u00ea daw\u00eey\u00ea li Rojavay\u00ea Kurdistan\u00ea nay\u00ean c\u00eebic\u00eekirin.<\/h3>\n<h3 style=\"text-align: justify\">Demek dir\u00eaje agah\u00eey\u00ean ku Ocalan bi name \u00fb r\u00eaya telefon\u00ea mudahaley\u00ee R\u00eaveber\u00ee xweser dike. Pir caran r\u00eaveber\u00ean Rojavay\u00ea Kurdistan\u00ea mecb\u00fbr kirine ku bi M\u0130T\u2019a tirkan re dan \u00fb stendinan bime\u015f\u00eenin \u00fb daxwaz\u00ean wan qeb\u00fbl bikin. Ev \u00eedd\u00eea, heke rast be, ji gelek aliyan ve n\u00eeqa\u015f\u00ean k\u00fbr bi xwe re t\u00eene:<\/h3>\n<h3 style=\"text-align: justify\">Tal\u00eemata Ocalan a yekb\u00fbna bi rej\u00eema \u015eam\u00ea re, bi stratej\u00eeya bingeh\u00een a R\u00eaveberiya Rojava, ku sal\u00ean dir\u00eaj bi \u00eedeala xweser\u00ee \u00fb konfederal\u00eezma demokrat\u00eek tevdigere, nakok e. Ev yek, ji bo p\u00ea\u015feroja milet\u00ea Kurd li her\u00eam\u00ea \u00fb hevalbendiy\u00ean navnetewey\u00ee y\u00ean Kurdan, dibe ku bibe sedema \u015fikestineke bingeh\u00een.<\/h3>\n<h3 style=\"text-align: justify\">Kesek\u00ee ku li \u00cemral\u00eey\u00ea ji xwe re karargahek avakir\u00eeye, di dest\u00ea dewleta tirkan de ye \u00fb xizmet\u00ea ji kurdan re nake. \u00c7awa t\u00eat qeb\u00fblkirin ku bi r\u00eaya telekonferanseke wisa ya pilebilind biryareke her\u00ee kr\u00eet\u00eek a her\u00eam\u00ea bide?<\/h3>\n<h3 style=\"text-align: justify\">Ev mekan\u00eezmay\u00ean siyas\u00ee ku li \u00cemral\u00ee hatine avakirin, n\u00ee\u015fan dide \u00fb \u00eespat dike, stratej\u00eeya li ser kurdan t\u00eat me\u015fandin, stratej\u00eeya k\u00fbraya dewleta tirk bi xwe ye. Ev rew\u015f, bandora sembol\u00eek \u00fb fi\u00eel\u00ee ya dewleta tirkan-Ocalan li ser tevgera PKK j\u00ee pi\u015ftrast dike.<\/h3>\n<h3 style=\"text-align: justify\">\u00celham Ehmed, yek ji r\u00fby\u00ean her\u00ee naskir\u00ee y\u00ean R\u00eaveberiya Xweser e \u00fb di qada navnetewey\u00ee de her\u00ee z\u00eade t\u00ea muhatabgirtin. Ev heqaret \u00fb derxistina ji civ\u00een\u00ea (heke \u00e7\u00eab\u00fbbe), ne ten\u00ea meseleyeke \u015fexs\u00ee ye, di heman dem\u00ea de weke bertekeke li hember\u00ee gir\u00eengiya destkevtin\u00ean milet\u00ea Kurd, ku R\u00eaveberiya Xweser ji t\u00eakiliy\u00ean d\u00eeplomat\u00eek \u00fb navnetewey\u00ee re dide j\u00ee b\u00eat qab\u00fblkirin.<\/h3>\n<h3 style=\"text-align: justify\">Heqareta li \u00celham Ehmed\u00ea \u00fb derxistina w\u00ea ji civ\u00een\u00ea (heke \u00e7\u00eab\u00fbbe), ji n\u00eeqa\u015feke di navbera du kesan w\u00eadetir, bi awayek\u00ee zelal cudatiy\u00ean \u00eedeoloj\u00eek \u00fb stratej\u00eek \u00ean di navbera bask\u00ean cuda y\u00ean tevgera PKK-Ocalan \u00fb milet\u00ea Kurd derdixe hol\u00ea.<\/h3>\n<h3 style=\"text-align: justify\">Di demek\u00ea de ku R\u00eaveberiya Xweser li qad\u00ea h\u00eazeke fi\u00eel\u00ee ava kiriye, fermana &#8220;veger\u00ea&#8221; an &#8220;tesl\u00eemiyet\u00ea&#8221; ya ji \u00e7avkaniya \u00eedeoloj\u00eek a sereke, dikare t\u00eako\u015f\u00eena Rojavay\u00ea Kurdistan\u00ea ji bo diyarkirina \u00e7aren\u00fbsa xwe bibe qeyraneke n\u00fb. Ev \u00eedd\u00eea, careke din n\u00ee\u015fan dide ku p\u00ea\u015feroja her\u00eam\u00ea ne ten\u00ea li eniy\u00ea, l\u00ea di heman dem\u00ea de bi tal\u00eemat\u00ean ku Abdullah Ocalan \u00fb dewleta tirkan ku di pi\u015ft perd\u00ea t\u00ean me\u015fandin, binp\u00eakirina \u00eeradeya milet\u00ea Kurd bi xwe ye.<\/h3>\n<h3 style=\"text-align: justify\">Dewleta tirk \u00fb Abdullah Ocalan bi hev re v\u00ea binp\u00eakirina \u00eeradeya milet\u00ea Kurd dime\u015f\u00eenin. Div\u00ea milet\u00ea Kurd li henber v\u00ea bandora xerab xwed\u00ee helwest be \u00fb r\u00ea nede ku Kurd\u00ean Rojavay\u00ea Kurdistan\u00ea derfeta destkevtin\u00ean xwe wenda bikin.<\/h3>\n","protected":false},"excerpt":{"rendered":"<p>T\u00ea \u00eed\u00eea kirin ku, di van roj\u00ean daw\u00ee de, li kul\u00ees\u00ean siyas\u00ee \u00fb li ser medyaya civak\u00ee agah\u00eey\u00ean \u015fok, ku \u00e7avkan\u00ee \u00fb rastiya w\u00ea nehatiye pi\u015ftrastkirin, bi lez belav dibe \u00fb b\u00fbye sedema n\u00eeqa\u015feke n\u00fb li ser hevsengiy\u00ean hesas \u00ean her\u00eam\u00ea \u00fb Rojavay\u00ea Kurdistan\u00ea. T\u00ea \u00eedd\u00eeakirin, Abdullah Ocalan\u00ea ku li \u00cemraliy\u00ea karargah avakir\u00eeye; bi riya [&hellip;]<\/p>\n","protected":false},"author":2,"featured_media":1050363,"comment_status":"closed","ping_status":"closed","sticky":false,"template":"","format":"standard","meta":{"footnotes":""},"categories":[28],"tags":[37],"class_list":["post-1050362","post","type-post","status-publish","format-standard","has-post-thumbnail","hentry","category-nerin","tag-sereke"],"blocksy_meta":[],"seo_head":"<!-- This site is optimized with the Yoast SEO plugin v27.5 - https:\/\/yoast.com\/product\/yoast-seo-wordpress\/ -->\n<title>Bandora \u0130mral\u0131 li ser Rojavay\u00ea Kurdistan\u00ea! - Darka Maz\u00ee<\/title>\n<meta name=\"robots\" content=\"index, follow, max-snippet:-1, max-image-preview:large, max-video-preview:-1\" \/>\n<link rel=\"canonical\" href=\"https:\/\/darkamazi.info\/archives\/1050362\" \/>\n<meta property=\"og:locale\" content=\"en_US\" \/>\n<meta property=\"og:type\" content=\"article\" \/>\n<meta property=\"og:title\" content=\"Bandora \u0130mral\u0131 li ser Rojavay\u00ea Kurdistan\u00ea! - Darka Maz\u00ee\" \/>\n<meta property=\"og:description\" content=\"T\u00ea \u00eed\u00eea kirin ku, di van roj\u00ean daw\u00ee de, li kul\u00ees\u00ean siyas\u00ee \u00fb li ser medyaya civak\u00ee agah\u00eey\u00ean \u015fok, ku \u00e7avkan\u00ee \u00fb rastiya w\u00ea nehatiye pi\u015ftrastkirin, bi lez belav dibe \u00fb b\u00fbye sedema n\u00eeqa\u015feke n\u00fb li ser hevsengiy\u00ean hesas \u00ean her\u00eam\u00ea \u00fb Rojavay\u00ea Kurdistan\u00ea. T\u00ea \u00eedd\u00eeakirin, Abdullah Ocalan\u00ea ku li \u00cemraliy\u00ea karargah avakir\u00eeye; bi riya [&hellip;]\" \/>\n<meta property=\"og:url\" content=\"https:\/\/darkamazi.info\/archives\/1050362\" \/>\n<meta property=\"og:site_name\" content=\"Darka Maz\u00ee\" \/>\n<meta property=\"article:publisher\" content=\"https:\/\/www.facebook.com\/DarMaziKurmanci\" \/>\n<meta property=\"article:published_time\" content=\"2025-10-25T13:14:34+00:00\" \/>\n<meta property=\"og:image\" content=\"https:\/\/darkamazi.info\/file\/2025\/10\/sheyhmus-ozengin.jpg\" \/>\n\t<meta property=\"og:image:width\" content=\"900\" \/>\n\t<meta property=\"og:image:height\" content=\"475\" \/>\n\t<meta property=\"og:image:type\" content=\"image\/jpeg\" \/>\n<meta name=\"author\" content=\"darka mazi\" \/>\n<meta name=\"twitter:card\" content=\"summary_large_image\" \/>\n<meta name=\"twitter:creator\" content=\"@DarkaMaziLatini\" \/>\n<meta name=\"twitter:site\" content=\"@DarkaMaziLatini\" \/>\n<meta name=\"twitter:label1\" content=\"Written by\" \/>\n\t<meta name=\"twitter:data1\" content=\"darka mazi\" \/>\n\t<meta name=\"twitter:label2\" content=\"Est. reading time\" \/>\n\t<meta name=\"twitter:data2\" content=\"4 minutes\" \/>\n<script type=\"application\/ld+json\" class=\"seo-schema-graph\">{\"@context\":\"https:\\\/\\\/schema.org\",\"@graph\":[{\"@type\":\"Article\",\"@id\":\"https:\\\/\\\/darkamazi.info\\\/archives\\\/1050362#article\",\"isPartOf\":{\"@id\":\"https:\\\/\\\/darkamazi.info\\\/archives\\\/1050362\"},\"author\":{\"name\":\"darka mazi\",\"@id\":\"https:\\\/\\\/darkamazi.info\\\/#\\\/schema\\\/person\\\/5ad3e24553a0567993fa8ed4bd0a776c\"},\"headline\":\"Bandora \u0130mral\u0131 li ser Rojavay\u00ea Kurdistan\u00ea!\",\"datePublished\":\"2025-10-25T13:14:34+00:00\",\"mainEntityOfPage\":{\"@id\":\"https:\\\/\\\/darkamazi.info\\\/archives\\\/1050362\"},\"wordCount\":807,\"publisher\":{\"@id\":\"https:\\\/\\\/darkamazi.info\\\/#organization\"},\"image\":{\"@id\":\"https:\\\/\\\/darkamazi.info\\\/archives\\\/1050362#primaryimage\"},\"thumbnailUrl\":\"https:\\\/\\\/darkamazi.info\\\/darka-content\\\/uploads\\\/2025\\\/10\\\/sheyhmus-ozengin.jpg\",\"keywords\":[\"sereke\"],\"articleSection\":[\"Ner\u00een\"],\"inLanguage\":\"en-US\"},{\"@type\":\"WebPage\",\"@id\":\"https:\\\/\\\/darkamazi.info\\\/archives\\\/1050362\",\"url\":\"https:\\\/\\\/darkamazi.info\\\/archives\\\/1050362\",\"name\":\"Bandora \u0130mral\u0131 li ser Rojavay\u00ea Kurdistan\u00ea! - Darka Maz\u00ee\",\"isPartOf\":{\"@id\":\"https:\\\/\\\/darkamazi.info\\\/#website\"},\"primaryImageOfPage\":{\"@id\":\"https:\\\/\\\/darkamazi.info\\\/archives\\\/1050362#primaryimage\"},\"image\":{\"@id\":\"https:\\\/\\\/darkamazi.info\\\/archives\\\/1050362#primaryimage\"},\"thumbnailUrl\":\"https:\\\/\\\/darkamazi.info\\\/darka-content\\\/uploads\\\/2025\\\/10\\\/sheyhmus-ozengin.jpg\",\"datePublished\":\"2025-10-25T13:14:34+00:00\",\"breadcrumb\":{\"@id\":\"https:\\\/\\\/darkamazi.info\\\/archives\\\/1050362#breadcrumb\"},\"inLanguage\":\"en-US\",\"potentialAction\":[{\"@type\":\"ReadAction\",\"target\":[\"https:\\\/\\\/darkamazi.info\\\/archives\\\/1050362\"]}]},{\"@type\":\"ImageObject\",\"inLanguage\":\"en-US\",\"@id\":\"https:\\\/\\\/darkamazi.info\\\/archives\\\/1050362#primaryimage\",\"url\":\"https:\\\/\\\/darkamazi.info\\\/darka-content\\\/uploads\\\/2025\\\/10\\\/sheyhmus-ozengin.jpg\",\"contentUrl\":\"https:\\\/\\\/darkamazi.info\\\/darka-content\\\/uploads\\\/2025\\\/10\\\/sheyhmus-ozengin.jpg\",\"width\":900,\"height\":475,\"caption\":\"Bandora \u0130mral\u0131 li ser Rojavay\u00ea Kurdistan\u00ea!\"},{\"@type\":\"BreadcrumbList\",\"@id\":\"https:\\\/\\\/darkamazi.info\\\/archives\\\/1050362#breadcrumb\",\"itemListElement\":[{\"@type\":\"ListItem\",\"position\":1,\"name\":\"Home\",\"item\":\"https:\\\/\\\/darkamazi.info\\\/\"},{\"@type\":\"ListItem\",\"position\":2,\"name\":\"Bandora \u0130mral\u0131 li ser Rojavay\u00ea Kurdistan\u00ea!\"}]},{\"@type\":\"WebSite\",\"@id\":\"https:\\\/\\\/darkamazi.info\\\/#website\",\"url\":\"https:\\\/\\\/darkamazi.info\\\/\",\"name\":\"Darka Maz\u00ee\",\"description\":\"P\u00eageha Zanyariy\u00ean Nebih\u00eest\u00ee\",\"publisher\":{\"@id\":\"https:\\\/\\\/darkamazi.info\\\/#organization\"},\"potentialAction\":[{\"@type\":\"SearchAction\",\"target\":{\"@type\":\"EntryPoint\",\"urlTemplate\":\"https:\\\/\\\/darkamazi.info\\\/?s={search_term_string}\"},\"query-input\":{\"@type\":\"PropertyValueSpecification\",\"valueRequired\":true,\"valueName\":\"search_term_string\"}}],\"inLanguage\":\"en-US\"},{\"@type\":\"Organization\",\"@id\":\"https:\\\/\\\/darkamazi.info\\\/#organization\",\"name\":\"Darka Maz\u00ee\",\"url\":\"https:\\\/\\\/darkamazi.info\\\/\",\"logo\":{\"@type\":\"ImageObject\",\"inLanguage\":\"en-US\",\"@id\":\"https:\\\/\\\/darkamazi.info\\\/#\\\/schema\\\/logo\\\/image\\\/\",\"url\":\"https:\\\/\\\/darkamazi.info\\\/darka-content\\\/uploads\\\/2017\\\/12\\\/darka-mazi-logo.png\",\"contentUrl\":\"https:\\\/\\\/darkamazi.info\\\/darka-content\\\/uploads\\\/2017\\\/12\\\/darka-mazi-logo.png\",\"width\":151,\"height\":75,\"caption\":\"Darka Maz\u00ee\"},\"image\":{\"@id\":\"https:\\\/\\\/darkamazi.info\\\/#\\\/schema\\\/logo\\\/image\\\/\"},\"sameAs\":[\"https:\\\/\\\/www.facebook.com\\\/DarMaziKurmanci\",\"https:\\\/\\\/x.com\\\/DarkaMaziLatini\",\"https:\\\/\\\/www.instagram.com\\\/darkamazi.kurmanci\\\/\",\"https:\\\/\\\/www.youtube.com\\\/channel\\\/UCa5HkTdmI8U1qCUFuTw8B2g\"]},{\"@type\":\"Person\",\"@id\":\"https:\\\/\\\/darkamazi.info\\\/#\\\/schema\\\/person\\\/5ad3e24553a0567993fa8ed4bd0a776c\",\"name\":\"darka mazi\",\"sameAs\":[\"https:\\\/\\\/darkamazi.info\\\/\"],\"url\":\"https:\\\/\\\/darkamazi.info\\\/archives\\\/author\\\/kurdi\"}]}<\/script>\n<!-- \/ Yoast SEO plugin. -->","seo_head_json":{"title":"Bandora \u0130mral\u0131 li ser Rojavay\u00ea Kurdistan\u00ea! - Darka Maz\u00ee","robots":{"index":"index","follow":"follow","max-snippet":"max-snippet:-1","max-image-preview":"max-image-preview:large","max-video-preview":"max-video-preview:-1"},"canonical":"https:\/\/darkamazi.info\/archives\/1050362","og_locale":"en_US","og_type":"article","og_title":"Bandora \u0130mral\u0131 li ser Rojavay\u00ea Kurdistan\u00ea! - Darka Maz\u00ee","og_description":"T\u00ea \u00eed\u00eea kirin ku, di van roj\u00ean daw\u00ee de, li kul\u00ees\u00ean siyas\u00ee \u00fb li ser medyaya civak\u00ee agah\u00eey\u00ean \u015fok, ku \u00e7avkan\u00ee \u00fb rastiya w\u00ea nehatiye pi\u015ftrastkirin, bi lez belav dibe \u00fb b\u00fbye sedema n\u00eeqa\u015feke n\u00fb li ser hevsengiy\u00ean hesas \u00ean her\u00eam\u00ea \u00fb Rojavay\u00ea Kurdistan\u00ea. T\u00ea \u00eedd\u00eeakirin, Abdullah Ocalan\u00ea ku li \u00cemraliy\u00ea karargah avakir\u00eeye; bi riya [&hellip;]","og_url":"https:\/\/darkamazi.info\/archives\/1050362","og_site_name":"Darka Maz\u00ee","article_publisher":"https:\/\/www.facebook.com\/DarMaziKurmanci","article_published_time":"2025-10-25T13:14:34+00:00","og_image":[{"width":900,"height":475,"url":"https:\/\/darkamazi.info\/file\/2025\/10\/sheyhmus-ozengin.jpg","type":"image\/jpeg"}],"author":"darka mazi","twitter_card":"summary_large_image","twitter_creator":"@DarkaMaziLatini","twitter_site":"@DarkaMaziLatini","twitter_misc":{"Written by":"darka mazi","Est. reading time":"4 minutes"},"schema":{"@context":"https:\/\/schema.org","@graph":[{"@type":"Article","@id":"https:\/\/darkamazi.info\/archives\/1050362#article","isPartOf":{"@id":"https:\/\/darkamazi.info\/archives\/1050362"},"author":{"name":"darka mazi","@id":"https:\/\/darkamazi.info\/#\/schema\/person\/5ad3e24553a0567993fa8ed4bd0a776c"},"headline":"Bandora \u0130mral\u0131 li ser Rojavay\u00ea Kurdistan\u00ea!","datePublished":"2025-10-25T13:14:34+00:00","mainEntityOfPage":{"@id":"https:\/\/darkamazi.info\/archives\/1050362"},"wordCount":807,"publisher":{"@id":"https:\/\/darkamazi.info\/#organization"},"image":{"@id":"https:\/\/darkamazi.info\/archives\/1050362#primaryimage"},"thumbnailUrl":"https:\/\/darkamazi.info\/file\/2025\/10\/sheyhmus-ozengin.jpg","keywords":["sereke"],"articleSection":["Ner\u00een"],"inLanguage":"en-US"},{"@type":"WebPage","@id":"https:\/\/darkamazi.info\/archives\/1050362","url":"https:\/\/darkamazi.info\/archives\/1050362","name":"Bandora \u0130mral\u0131 li ser Rojavay\u00ea Kurdistan\u00ea! - Darka Maz\u00ee","isPartOf":{"@id":"https:\/\/darkamazi.info\/#website"},"primaryImageOfPage":{"@id":"https:\/\/darkamazi.info\/archives\/1050362#primaryimage"},"image":{"@id":"https:\/\/darkamazi.info\/archives\/1050362#primaryimage"},"thumbnailUrl":"https:\/\/darkamazi.info\/file\/2025\/10\/sheyhmus-ozengin.jpg","datePublished":"2025-10-25T13:14:34+00:00","breadcrumb":{"@id":"https:\/\/darkamazi.info\/archives\/1050362#breadcrumb"},"inLanguage":"en-US","potentialAction":[{"@type":"ReadAction","target":["https:\/\/darkamazi.info\/archives\/1050362"]}]},{"@type":"ImageObject","inLanguage":"en-US","@id":"https:\/\/darkamazi.info\/archives\/1050362#primaryimage","url":"https:\/\/darkamazi.info\/file\/2025\/10\/sheyhmus-ozengin.jpg","contentUrl":"https:\/\/darkamazi.info\/file\/2025\/10\/sheyhmus-ozengin.jpg","width":900,"height":475,"caption":"Bandora \u0130mral\u0131 li ser Rojavay\u00ea Kurdistan\u00ea!"},{"@type":"BreadcrumbList","@id":"https:\/\/darkamazi.info\/archives\/1050362#breadcrumb","itemListElement":[{"@type":"ListItem","position":1,"name":"Home","item":"https:\/\/darkamazi.info\/"},{"@type":"ListItem","position":2,"name":"Bandora \u0130mral\u0131 li ser Rojavay\u00ea Kurdistan\u00ea!"}]},{"@type":"WebSite","@id":"https:\/\/darkamazi.info\/#website","url":"https:\/\/darkamazi.info\/","name":"Darka Maz\u00ee","description":"P\u00eageha Zanyariy\u00ean Nebih\u00eest\u00ee","publisher":{"@id":"https:\/\/darkamazi.info\/#organization"},"potentialAction":[{"@type":"SearchAction","target":{"@type":"EntryPoint","urlTemplate":"https:\/\/darkamazi.info\/?s={search_term_string}"},"query-input":{"@type":"PropertyValueSpecification","valueRequired":true,"valueName":"search_term_string"}}],"inLanguage":"en-US"},{"@type":"Organization","@id":"https:\/\/darkamazi.info\/#organization","name":"Darka Maz\u00ee","url":"https:\/\/darkamazi.info\/","logo":{"@type":"ImageObject","inLanguage":"en-US","@id":"https:\/\/darkamazi.info\/#\/schema\/logo\/image\/","url":"https:\/\/darkamazi.info\/file\/2017\/12\/darka-mazi-logo.png","contentUrl":"https:\/\/darkamazi.info\/file\/2017\/12\/darka-mazi-logo.png","width":151,"height":75,"caption":"Darka Maz\u00ee"},"image":{"@id":"https:\/\/darkamazi.info\/#\/schema\/logo\/image\/"},"sameAs":["https:\/\/www.facebook.com\/DarMaziKurmanci","https:\/\/x.com\/DarkaMaziLatini","https:\/\/www.instagram.com\/darkamazi.kurmanci\/","https:\/\/www.youtube.com\/channel\/UCa5HkTdmI8U1qCUFuTw8B2g"]},{"@type":"Person","@id":"https:\/\/darkamazi.info\/#\/schema\/person\/5ad3e24553a0567993fa8ed4bd0a776c","name":"darka mazi","sameAs":["https:\/\/darkamazi.info\/"],"url":"https:\/\/darkamazi.info\/archives\/author\/kurdi"}]}},"_links":{"self":[{"href":"https:\/\/darkamazi.info\/funavuv\/wp\/v2\/posts\/1050362","targetHints":{"allow":["GET"]}}],"collection":[{"href":"https:\/\/darkamazi.info\/funavuv\/wp\/v2\/posts"}],"about":[{"href":"https:\/\/darkamazi.info\/funavuv\/wp\/v2\/types\/post"}],"author":[{"embeddable":true,"href":"https:\/\/darkamazi.info\/funavuv\/wp\/v2\/users\/2"}],"replies":[{"embeddable":true,"href":"https:\/\/darkamazi.info\/funavuv\/wp\/v2\/comments?post=1050362"}],"version-history":[{"count":0,"href":"https:\/\/darkamazi.info\/funavuv\/wp\/v2\/posts\/1050362\/revisions"}],"wp:featuredmedia":[{"embeddable":true,"href":"https:\/\/darkamazi.info\/funavuv\/wp\/v2\/media\/1050363"}],"wp:attachment":[{"href":"https:\/\/darkamazi.info\/funavuv\/wp\/v2\/media?parent=1050362"}],"wp:term":[{"taxonomy":"category","embeddable":true,"href":"https:\/\/darkamazi.info\/funavuv\/wp\/v2\/categories?post=1050362"},{"taxonomy":"post_tag","embeddable":true,"href":"https:\/\/darkamazi.info\/funavuv\/wp\/v2\/tags?post=1050362"}],"curies":[{"name":"wp","href":"https:\/\/api.w.org\/{rel}","templated":true}]}}