{"id":1050371,"date":"2025-10-26T17:52:53","date_gmt":"2025-10-26T14:52:53","guid":{"rendered":"https:\/\/darkamazi.info\/?p=1050371"},"modified":"2025-10-26T17:52:53","modified_gmt":"2025-10-26T14:52:53","slug":"hevditina-erdogan-u-heyeta-imraliye-hat-bipasxistin","status":"publish","type":"post","link":"https:\/\/darkamazi.info\/archives\/1050371","title":{"rendered":"Hevd\u00eetina Erdogan \u00fb Heyeta \u00cemraliy\u00ea hat bipa\u015fxistin"},"content":{"rendered":"<h3 style=\"text-align: justify\"><span style=\"font-family: 'arial black', sans-serif\">DEM Partiy\u00ea ber\u00ea ragihandib\u00fb Heyeta \u00cemraliy\u00ea d\u00ea 28\u00ea meh\u00ea bi Erdogan re bicive l\u00ea bi daxuyaniyek\u00ea bipa\u015fxistina civ\u00een\u00ea ya 30\u00ea meh\u00ea hat ragihandin.<\/span><\/h3>\n<h3 style=\"text-align: justify\"><span style=\"font-family: arial, helvetica, sans-serif\">DEM Partiy\u00ea ragihand ku endam\u00ean Heyeta \u00cemraliy\u00ea Perv\u00een Buldan \u00fb M\u00eethat Sancar d\u00ea 30\u00ea \u00c7iriya P\u00ea\u015f\u00een bi Serokkomar\u00ea Tirkiyey\u00ea Recep Tayy\u00eep Erdogan re bicivin.<\/span><\/h3>\n<h3 style=\"text-align: justify\"><span style=\"font-family: arial, helvetica, sans-serif\">Di daxuyaniya niv\u00eesk\u00ee ya Of\u00eesa \u00c7apemeniy\u00ea ya DEM Partiy\u00ea de hat diyarkirin ku hevd\u00eetin d\u00ea li Ko\u015fka Serokkomariy\u00ea p\u00eak were.<\/span><\/h3>\n<h3 style=\"text-align: justify\"><span style=\"font-family: arial, helvetica, sans-serif\">DEM Partiy\u00ea di daxuyaniya xwe de got:&#8221;Endam\u00ean Heyeta \u00cemraliy\u00ea ya DEM Partiy\u00ea Perv\u00een Buldan \u00fb M\u00eethat Sancar d\u00ea 30\u00ea \u00c7iriya P\u00ea\u015f\u00een, roja P\u00eanc\u015fem\u00ea li Ko\u015fka Serokkomariy\u00ea bi Bir\u00eaz Serokkomar Recep Tayy\u00eep Erdogan re bicivin.&#8221;<\/span><\/h3>\n<h3 style=\"text-align: justify\"><span style=\"font-family: arial, helvetica, sans-serif\">Ber\u00ee niha hatib\u00fb ragihandin ku hevd\u00eetin d\u00ea 28\u00ea \u00c7iriya P\u00ea\u015f\u00een were kirin.<\/span><\/h3>\n","protected":false},"excerpt":{"rendered":"<p>DEM Partiy\u00ea ber\u00ea ragihandib\u00fb Heyeta \u00cemraliy\u00ea d\u00ea 28\u00ea meh\u00ea bi Erdogan re bicive l\u00ea bi daxuyaniyek\u00ea bipa\u015fxistina civ\u00een\u00ea ya 30\u00ea meh\u00ea hat ragihandin. DEM Partiy\u00ea ragihand ku endam\u00ean Heyeta \u00cemraliy\u00ea Perv\u00een Buldan \u00fb M\u00eethat Sancar d\u00ea 30\u00ea \u00c7iriya P\u00ea\u015f\u00een bi Serokkomar\u00ea Tirkiyey\u00ea Recep Tayy\u00eep Erdogan re bicivin. Di daxuyaniya niv\u00eesk\u00ee ya Of\u00eesa \u00c7apemeniy\u00ea ya DEM [&hellip;]<\/p>\n","protected":false},"author":2,"featured_media":1050372,"comment_status":"closed","ping_status":"closed","sticky":false,"template":"","format":"standard","meta":{"footnotes":""},"categories":[31],"tags":[37],"class_list":["post-1050371","post","type-post","status-publish","format-standard","has-post-thumbnail","hentry","category-rojhelata-navin","tag-sereke"],"blocksy_meta":[],"seo_head":"<!-- This site is optimized with the Yoast SEO plugin v27.5 - https:\/\/yoast.com\/product\/yoast-seo-wordpress\/ -->\n<title>Hevd\u00eetina Erdogan \u00fb Heyeta \u00cemraliy\u00ea hat bipa\u015fxistin - Darka Maz\u00ee<\/title>\n<meta name=\"robots\" content=\"index, follow, max-snippet:-1, max-image-preview:large, max-video-preview:-1\" \/>\n<link rel=\"canonical\" href=\"https:\/\/darkamazi.info\/archives\/1050371\" \/>\n<meta property=\"og:locale\" content=\"en_US\" \/>\n<meta property=\"og:type\" content=\"article\" \/>\n<meta property=\"og:title\" content=\"Hevd\u00eetina Erdogan \u00fb Heyeta \u00cemraliy\u00ea hat bipa\u015fxistin - Darka Maz\u00ee\" \/>\n<meta property=\"og:description\" content=\"DEM Partiy\u00ea ber\u00ea ragihandib\u00fb Heyeta \u00cemraliy\u00ea d\u00ea 28\u00ea meh\u00ea bi Erdogan re bicive l\u00ea bi daxuyaniyek\u00ea bipa\u015fxistina civ\u00een\u00ea ya 30\u00ea meh\u00ea hat ragihandin. DEM Partiy\u00ea ragihand ku endam\u00ean Heyeta \u00cemraliy\u00ea Perv\u00een Buldan \u00fb M\u00eethat Sancar d\u00ea 30\u00ea \u00c7iriya P\u00ea\u015f\u00een bi Serokkomar\u00ea Tirkiyey\u00ea Recep Tayy\u00eep Erdogan re bicivin. Di daxuyaniya niv\u00eesk\u00ee ya Of\u00eesa \u00c7apemeniy\u00ea ya DEM [&hellip;]\" \/>\n<meta property=\"og:url\" content=\"https:\/\/darkamazi.info\/archives\/1050371\" \/>\n<meta property=\"og:site_name\" content=\"Darka Maz\u00ee\" \/>\n<meta property=\"article:publisher\" content=\"https:\/\/www.facebook.com\/DarMaziKurmanci\" \/>\n<meta property=\"article:published_time\" content=\"2025-10-26T14:52:53+00:00\" \/>\n<meta property=\"og:image\" content=\"https:\/\/darkamazi.info\/file\/2025\/10\/Imraly-Heyet-Erdogan-2.jpg\" \/>\n\t<meta property=\"og:image:width\" content=\"900\" \/>\n\t<meta property=\"og:image:height\" content=\"500\" \/>\n\t<meta property=\"og:image:type\" content=\"image\/jpeg\" \/>\n<meta name=\"author\" content=\"darka mazi\" \/>\n<meta name=\"twitter:card\" content=\"summary_large_image\" \/>\n<meta name=\"twitter:creator\" content=\"@DarkaMaziLatini\" \/>\n<meta name=\"twitter:site\" content=\"@DarkaMaziLatini\" \/>\n<meta name=\"twitter:label1\" content=\"Written by\" \/>\n\t<meta name=\"twitter:data1\" content=\"darka mazi\" \/>\n\t<meta name=\"twitter:label2\" content=\"Est. reading time\" \/>\n\t<meta name=\"twitter:data2\" content=\"1 minute\" \/>\n<script type=\"application\/ld+json\" class=\"seo-schema-graph\">{\"@context\":\"https:\\\/\\\/schema.org\",\"@graph\":[{\"@type\":\"Article\",\"@id\":\"https:\\\/\\\/darkamazi.info\\\/archives\\\/1050371#article\",\"isPartOf\":{\"@id\":\"https:\\\/\\\/darkamazi.info\\\/archives\\\/1050371\"},\"author\":{\"name\":\"darka mazi\",\"@id\":\"https:\\\/\\\/darkamazi.info\\\/#\\\/schema\\\/person\\\/5ad3e24553a0567993fa8ed4bd0a776c\"},\"headline\":\"Hevd\u00eetina Erdogan \u00fb Heyeta \u00cemraliy\u00ea hat bipa\u015fxistin\",\"datePublished\":\"2025-10-26T14:52:53+00:00\",\"mainEntityOfPage\":{\"@id\":\"https:\\\/\\\/darkamazi.info\\\/archives\\\/1050371\"},\"wordCount\":138,\"publisher\":{\"@id\":\"https:\\\/\\\/darkamazi.info\\\/#organization\"},\"image\":{\"@id\":\"https:\\\/\\\/darkamazi.info\\\/archives\\\/1050371#primaryimage\"},\"thumbnailUrl\":\"https:\\\/\\\/darkamazi.info\\\/darka-content\\\/uploads\\\/2025\\\/10\\\/Imraly-Heyet-Erdogan-2.jpg\",\"keywords\":[\"sereke\"],\"articleSection\":[\"Rojhelata nav\u00een\"],\"inLanguage\":\"en-US\"},{\"@type\":\"WebPage\",\"@id\":\"https:\\\/\\\/darkamazi.info\\\/archives\\\/1050371\",\"url\":\"https:\\\/\\\/darkamazi.info\\\/archives\\\/1050371\",\"name\":\"Hevd\u00eetina Erdogan \u00fb Heyeta \u00cemraliy\u00ea hat bipa\u015fxistin - Darka Maz\u00ee\",\"isPartOf\":{\"@id\":\"https:\\\/\\\/darkamazi.info\\\/#website\"},\"primaryImageOfPage\":{\"@id\":\"https:\\\/\\\/darkamazi.info\\\/archives\\\/1050371#primaryimage\"},\"image\":{\"@id\":\"https:\\\/\\\/darkamazi.info\\\/archives\\\/1050371#primaryimage\"},\"thumbnailUrl\":\"https:\\\/\\\/darkamazi.info\\\/darka-content\\\/uploads\\\/2025\\\/10\\\/Imraly-Heyet-Erdogan-2.jpg\",\"datePublished\":\"2025-10-26T14:52:53+00:00\",\"breadcrumb\":{\"@id\":\"https:\\\/\\\/darkamazi.info\\\/archives\\\/1050371#breadcrumb\"},\"inLanguage\":\"en-US\",\"potentialAction\":[{\"@type\":\"ReadAction\",\"target\":[\"https:\\\/\\\/darkamazi.info\\\/archives\\\/1050371\"]}]},{\"@type\":\"ImageObject\",\"inLanguage\":\"en-US\",\"@id\":\"https:\\\/\\\/darkamazi.info\\\/archives\\\/1050371#primaryimage\",\"url\":\"https:\\\/\\\/darkamazi.info\\\/darka-content\\\/uploads\\\/2025\\\/10\\\/Imraly-Heyet-Erdogan-2.jpg\",\"contentUrl\":\"https:\\\/\\\/darkamazi.info\\\/darka-content\\\/uploads\\\/2025\\\/10\\\/Imraly-Heyet-Erdogan-2.jpg\",\"width\":900,\"height\":500,\"caption\":\"Imraly-Heyet-Erdogan-2\"},{\"@type\":\"BreadcrumbList\",\"@id\":\"https:\\\/\\\/darkamazi.info\\\/archives\\\/1050371#breadcrumb\",\"itemListElement\":[{\"@type\":\"ListItem\",\"position\":1,\"name\":\"Home\",\"item\":\"https:\\\/\\\/darkamazi.info\\\/\"},{\"@type\":\"ListItem\",\"position\":2,\"name\":\"Hevd\u00eetina Erdogan \u00fb Heyeta \u00cemraliy\u00ea hat bipa\u015fxistin\"}]},{\"@type\":\"WebSite\",\"@id\":\"https:\\\/\\\/darkamazi.info\\\/#website\",\"url\":\"https:\\\/\\\/darkamazi.info\\\/\",\"name\":\"Darka Maz\u00ee\",\"description\":\"P\u00eageha Zanyariy\u00ean Nebih\u00eest\u00ee\",\"publisher\":{\"@id\":\"https:\\\/\\\/darkamazi.info\\\/#organization\"},\"potentialAction\":[{\"@type\":\"SearchAction\",\"target\":{\"@type\":\"EntryPoint\",\"urlTemplate\":\"https:\\\/\\\/darkamazi.info\\\/?s={search_term_string}\"},\"query-input\":{\"@type\":\"PropertyValueSpecification\",\"valueRequired\":true,\"valueName\":\"search_term_string\"}}],\"inLanguage\":\"en-US\"},{\"@type\":\"Organization\",\"@id\":\"https:\\\/\\\/darkamazi.info\\\/#organization\",\"name\":\"Darka Maz\u00ee\",\"url\":\"https:\\\/\\\/darkamazi.info\\\/\",\"logo\":{\"@type\":\"ImageObject\",\"inLanguage\":\"en-US\",\"@id\":\"https:\\\/\\\/darkamazi.info\\\/#\\\/schema\\\/logo\\\/image\\\/\",\"url\":\"https:\\\/\\\/darkamazi.info\\\/darka-content\\\/uploads\\\/2017\\\/12\\\/darka-mazi-logo.png\",\"contentUrl\":\"https:\\\/\\\/darkamazi.info\\\/darka-content\\\/uploads\\\/2017\\\/12\\\/darka-mazi-logo.png\",\"width\":151,\"height\":75,\"caption\":\"Darka Maz\u00ee\"},\"image\":{\"@id\":\"https:\\\/\\\/darkamazi.info\\\/#\\\/schema\\\/logo\\\/image\\\/\"},\"sameAs\":[\"https:\\\/\\\/www.facebook.com\\\/DarMaziKurmanci\",\"https:\\\/\\\/x.com\\\/DarkaMaziLatini\",\"https:\\\/\\\/www.instagram.com\\\/darkamazi.kurmanci\\\/\",\"https:\\\/\\\/www.youtube.com\\\/channel\\\/UCa5HkTdmI8U1qCUFuTw8B2g\"]},{\"@type\":\"Person\",\"@id\":\"https:\\\/\\\/darkamazi.info\\\/#\\\/schema\\\/person\\\/5ad3e24553a0567993fa8ed4bd0a776c\",\"name\":\"darka mazi\",\"sameAs\":[\"https:\\\/\\\/darkamazi.info\\\/\"],\"url\":\"https:\\\/\\\/darkamazi.info\\\/archives\\\/author\\\/kurdi\"}]}<\/script>\n<!-- \/ Yoast SEO plugin. -->","seo_head_json":{"title":"Hevd\u00eetina Erdogan \u00fb Heyeta \u00cemraliy\u00ea hat bipa\u015fxistin - Darka Maz\u00ee","robots":{"index":"index","follow":"follow","max-snippet":"max-snippet:-1","max-image-preview":"max-image-preview:large","max-video-preview":"max-video-preview:-1"},"canonical":"https:\/\/darkamazi.info\/archives\/1050371","og_locale":"en_US","og_type":"article","og_title":"Hevd\u00eetina Erdogan \u00fb Heyeta \u00cemraliy\u00ea hat bipa\u015fxistin - Darka Maz\u00ee","og_description":"DEM Partiy\u00ea ber\u00ea ragihandib\u00fb Heyeta \u00cemraliy\u00ea d\u00ea 28\u00ea meh\u00ea bi Erdogan re bicive l\u00ea bi daxuyaniyek\u00ea bipa\u015fxistina civ\u00een\u00ea ya 30\u00ea meh\u00ea hat ragihandin. DEM Partiy\u00ea ragihand ku endam\u00ean Heyeta \u00cemraliy\u00ea Perv\u00een Buldan \u00fb M\u00eethat Sancar d\u00ea 30\u00ea \u00c7iriya P\u00ea\u015f\u00een bi Serokkomar\u00ea Tirkiyey\u00ea Recep Tayy\u00eep Erdogan re bicivin. Di daxuyaniya niv\u00eesk\u00ee ya Of\u00eesa \u00c7apemeniy\u00ea ya DEM [&hellip;]","og_url":"https:\/\/darkamazi.info\/archives\/1050371","og_site_name":"Darka Maz\u00ee","article_publisher":"https:\/\/www.facebook.com\/DarMaziKurmanci","article_published_time":"2025-10-26T14:52:53+00:00","og_image":[{"width":900,"height":500,"url":"https:\/\/darkamazi.info\/file\/2025\/10\/Imraly-Heyet-Erdogan-2.jpg","type":"image\/jpeg"}],"author":"darka mazi","twitter_card":"summary_large_image","twitter_creator":"@DarkaMaziLatini","twitter_site":"@DarkaMaziLatini","twitter_misc":{"Written by":"darka mazi","Est. reading time":"1 minute"},"schema":{"@context":"https:\/\/schema.org","@graph":[{"@type":"Article","@id":"https:\/\/darkamazi.info\/archives\/1050371#article","isPartOf":{"@id":"https:\/\/darkamazi.info\/archives\/1050371"},"author":{"name":"darka mazi","@id":"https:\/\/darkamazi.info\/#\/schema\/person\/5ad3e24553a0567993fa8ed4bd0a776c"},"headline":"Hevd\u00eetina Erdogan \u00fb Heyeta \u00cemraliy\u00ea hat bipa\u015fxistin","datePublished":"2025-10-26T14:52:53+00:00","mainEntityOfPage":{"@id":"https:\/\/darkamazi.info\/archives\/1050371"},"wordCount":138,"publisher":{"@id":"https:\/\/darkamazi.info\/#organization"},"image":{"@id":"https:\/\/darkamazi.info\/archives\/1050371#primaryimage"},"thumbnailUrl":"https:\/\/darkamazi.info\/file\/2025\/10\/Imraly-Heyet-Erdogan-2.jpg","keywords":["sereke"],"articleSection":["Rojhelata nav\u00een"],"inLanguage":"en-US"},{"@type":"WebPage","@id":"https:\/\/darkamazi.info\/archives\/1050371","url":"https:\/\/darkamazi.info\/archives\/1050371","name":"Hevd\u00eetina Erdogan \u00fb Heyeta \u00cemraliy\u00ea hat bipa\u015fxistin - Darka Maz\u00ee","isPartOf":{"@id":"https:\/\/darkamazi.info\/#website"},"primaryImageOfPage":{"@id":"https:\/\/darkamazi.info\/archives\/1050371#primaryimage"},"image":{"@id":"https:\/\/darkamazi.info\/archives\/1050371#primaryimage"},"thumbnailUrl":"https:\/\/darkamazi.info\/file\/2025\/10\/Imraly-Heyet-Erdogan-2.jpg","datePublished":"2025-10-26T14:52:53+00:00","breadcrumb":{"@id":"https:\/\/darkamazi.info\/archives\/1050371#breadcrumb"},"inLanguage":"en-US","potentialAction":[{"@type":"ReadAction","target":["https:\/\/darkamazi.info\/archives\/1050371"]}]},{"@type":"ImageObject","inLanguage":"en-US","@id":"https:\/\/darkamazi.info\/archives\/1050371#primaryimage","url":"https:\/\/darkamazi.info\/file\/2025\/10\/Imraly-Heyet-Erdogan-2.jpg","contentUrl":"https:\/\/darkamazi.info\/file\/2025\/10\/Imraly-Heyet-Erdogan-2.jpg","width":900,"height":500,"caption":"Imraly-Heyet-Erdogan-2"},{"@type":"BreadcrumbList","@id":"https:\/\/darkamazi.info\/archives\/1050371#breadcrumb","itemListElement":[{"@type":"ListItem","position":1,"name":"Home","item":"https:\/\/darkamazi.info\/"},{"@type":"ListItem","position":2,"name":"Hevd\u00eetina Erdogan \u00fb Heyeta \u00cemraliy\u00ea hat bipa\u015fxistin"}]},{"@type":"WebSite","@id":"https:\/\/darkamazi.info\/#website","url":"https:\/\/darkamazi.info\/","name":"Darka Maz\u00ee","description":"P\u00eageha Zanyariy\u00ean Nebih\u00eest\u00ee","publisher":{"@id":"https:\/\/darkamazi.info\/#organization"},"potentialAction":[{"@type":"SearchAction","target":{"@type":"EntryPoint","urlTemplate":"https:\/\/darkamazi.info\/?s={search_term_string}"},"query-input":{"@type":"PropertyValueSpecification","valueRequired":true,"valueName":"search_term_string"}}],"inLanguage":"en-US"},{"@type":"Organization","@id":"https:\/\/darkamazi.info\/#organization","name":"Darka Maz\u00ee","url":"https:\/\/darkamazi.info\/","logo":{"@type":"ImageObject","inLanguage":"en-US","@id":"https:\/\/darkamazi.info\/#\/schema\/logo\/image\/","url":"https:\/\/darkamazi.info\/file\/2017\/12\/darka-mazi-logo.png","contentUrl":"https:\/\/darkamazi.info\/file\/2017\/12\/darka-mazi-logo.png","width":151,"height":75,"caption":"Darka Maz\u00ee"},"image":{"@id":"https:\/\/darkamazi.info\/#\/schema\/logo\/image\/"},"sameAs":["https:\/\/www.facebook.com\/DarMaziKurmanci","https:\/\/x.com\/DarkaMaziLatini","https:\/\/www.instagram.com\/darkamazi.kurmanci\/","https:\/\/www.youtube.com\/channel\/UCa5HkTdmI8U1qCUFuTw8B2g"]},{"@type":"Person","@id":"https:\/\/darkamazi.info\/#\/schema\/person\/5ad3e24553a0567993fa8ed4bd0a776c","name":"darka mazi","sameAs":["https:\/\/darkamazi.info\/"],"url":"https:\/\/darkamazi.info\/archives\/author\/kurdi"}]}},"_links":{"self":[{"href":"https:\/\/darkamazi.info\/funavuv\/wp\/v2\/posts\/1050371","targetHints":{"allow":["GET"]}}],"collection":[{"href":"https:\/\/darkamazi.info\/funavuv\/wp\/v2\/posts"}],"about":[{"href":"https:\/\/darkamazi.info\/funavuv\/wp\/v2\/types\/post"}],"author":[{"embeddable":true,"href":"https:\/\/darkamazi.info\/funavuv\/wp\/v2\/users\/2"}],"replies":[{"embeddable":true,"href":"https:\/\/darkamazi.info\/funavuv\/wp\/v2\/comments?post=1050371"}],"version-history":[{"count":0,"href":"https:\/\/darkamazi.info\/funavuv\/wp\/v2\/posts\/1050371\/revisions"}],"wp:featuredmedia":[{"embeddable":true,"href":"https:\/\/darkamazi.info\/funavuv\/wp\/v2\/media\/1050372"}],"wp:attachment":[{"href":"https:\/\/darkamazi.info\/funavuv\/wp\/v2\/media?parent=1050371"}],"wp:term":[{"taxonomy":"category","embeddable":true,"href":"https:\/\/darkamazi.info\/funavuv\/wp\/v2\/categories?post=1050371"},{"taxonomy":"post_tag","embeddable":true,"href":"https:\/\/darkamazi.info\/funavuv\/wp\/v2\/tags?post=1050371"}],"curies":[{"name":"wp","href":"https:\/\/api.w.org\/{rel}","templated":true}]}}