{"id":1050374,"date":"2025-10-26T19:08:21","date_gmt":"2025-10-26T16:08:21","guid":{"rendered":"https:\/\/darkamazi.info\/?p=1050374"},"modified":"2025-10-26T19:08:21","modified_gmt":"2025-10-26T16:08:21","slug":"pasvekisina-pkke-pengavek-dirokiye-yan-ji-xiyanetek-din-e","status":"publish","type":"post","link":"https:\/\/darkamazi.info\/archives\/1050374","title":{"rendered":"Pa\u015fveki\u015f\u00eena PKK\u00ea p\u00eangavek d\u00eerok\u00eeye yan j\u00ee xiyanetek din e?"},"content":{"rendered":"<h3 style=\"text-align: justify\"><span style=\"font-family: 'arial black', sans-serif\">\u00cero roja yek\u015fem\u00ee, PKK\u00ea ragihand ku tev h\u00eaz\u00ean xwe y\u00ean li Bakur\u00ea Kurdistan\u00ea vedki\u015f\u00eene Ba\u015f\u00fbr\u00ea Kurdistan\u00ea, ev p\u00eangav j\u00ee weke p\u00eangaveke d\u00eerok\u00ee bi nav kir, l\u00ea bel\u00ea di rast\u00ee de ev ne ten\u00ea p\u00eangaveke d\u00eerok\u00ee n\u00eene, belku p\u00eangaveke din ya xiyanet\u00ea ye ku w\u00ea li ser p\u00eangav\u00ean din y\u00ean xiyanet\u00ea y\u00ean v\u00ea partiy\u00ea z\u00eade bibe.<\/span><\/h3>\n<h3 style=\"text-align: justify\"><span style=\"font-family: arial, helvetica, sans-serif\">Bi salan e, PKKe xwe wek\u00ee h\u00eazek berxwedan\u00ea li dij\u00ee pol\u00eet\u00eekay\u00ean tepeserkirin\u00ea y\u00ean hik\u00fbmeta Tirkiyey\u00ea p\u00ea\u015fk\u00ea\u015f dike; l\u00ea niha, n\u00fb\u00e7eya vek\u015f\u00eena w\u00ea ji axa Tirkiyey\u00ea ji bil\u00ee qutb\u00fbna ji heman siloganan ti\u015ftek din n\u00eene. Vek\u015f\u00eena li hember Tirkiyey\u00ea ku h\u00een j\u00ee xw\u00eena bi hezaran Kurdan bi dest\u00ean w\u00ea ve ye, ji tesl\u00eemb\u00fbna li hember pergalek \u015ferim \u00fb cudakariy\u00ea w\u00eadetir ti\u015ftek din n\u00eene.<\/span><\/h3>\n<h3 style=\"text-align: justify\"><span style=\"font-family: arial, helvetica, sans-serif\">Ti\u015ft\u00ea ku PKKe j\u00ea re dib\u00eaje &#8220;takt\u00eek&#8221; di rastiy\u00ea de pa\u015fveki\u015f\u00eenek ji \u00eedeal\u00ean gel\u00ea ku li \u00e7iya \u00fb bajaran ji bo azadiy\u00ea bedel\u00ean giran dane ye. Di d\u00eeroka l\u00eager\u00eena azadiy\u00ea de tu kes\u00ee bi pa\u015fvek\u015f\u00een\u00ea maf\u00ean xwe bi dest nexistiye. Ev gav ne ten\u00ea dijimin bi cesaret dike, l\u00ea di heman dem\u00ea de di nav r\u00eaz\u00ean kes\u00ean ku h\u00een j\u00ee baweriya wan bi \u00eeht\u00eemala berxwedan\u00ea heye de valahiyek\u00ea \u00e7\u00eadike.<\/span><\/h3>\n<h3 style=\"text-align: justify\"><span style=\"font-family: arial, helvetica, sans-serif\">Ger biryar be p\u00ea\u015ferojek azad \u00fb wekhev were avakirin, ev ne r\u00eaya diriste. Vek\u015f\u00eena ji axa Tirkiyey\u00ea pa\u015fveki\u015f\u00eene ji wijdana d\u00eerok\u00ee ya neteweyek bindest, neteweyek\u00ea ku bi salan li dij\u00ee hilwe\u015f\u00eena \u00e7and\u00ee \u00fb nasnameya xwe rawestiyaye.<\/span><\/h3>\n<h3 style=\"text-align: justify\"><span style=\"font-family: 'arial black', sans-serif;font-size: 18pt;color: #8c0707\">PKKe bi salan di bin nav\u00ea berxwedan\u00ea de \u00e7iya \u00fb de\u015ft\u00ean Kurdistan\u00ea bi xw\u00eena ciwan\u00ean Kurd sor kiriye. L\u00ea \u00eero, n\u00fb\u00e7eya vek\u015f\u00eena xwe ji Bakur\u00ea Kurdistan\u00ea, b\u00eay ti destkeftiyeke netew\u00ee weke p\u00eangaveke d\u00eerok\u00ee \u00fb di berjewendiya gel\u00ea Kurd de dide n\u00ee\u015fandan. Ne PKKe \u00fb ne j\u00ee ti h\u00eaz \u00fb aliyek nikare v\u00ea pa\u015fveki\u015f\u00een\u00ea rewa bike, ne takt\u00eek, ne a\u015ft\u00ee, ne siyaset ne ti ti\u015ftek din, ten\u00ea yek peyv heye ku v\u00ea p\u00eangav\u00ea rave bike ku ew j\u00ee: Tesl\u00eemb\u00fbne.<\/span><\/h3>\n<h3 style=\"text-align: justify\"><span style=\"font-family: arial, helvetica, sans-serif\">Mirov \u00e7awa dikare ji axek\u00ea ku p\u00eer \u00fb kal, zarok \u00fb ciwan\u00ean w\u00ea h\u00een j\u00ee di bin xirbey\u00ean pol\u00eet\u00eekay\u00ean kolonyal diq\u00eerin, vek\u015fe? Mirov \u00e7awa dikare li hember dijimnek\u00ee ku qirkirina \u00e7and\u00ee \u00fb siyas\u00ee didom\u00eene gavek\u00ea pa\u015fde bav\u00eaje? Ev vek\u015f\u00een ne biryarek siyas\u00eeye \u00fb ne j\u00ee sitratejyek le\u015fker\u00eeye, ew qutb\u00fbneke sitratej\u00eeye ji doza gelek bindest. Vek\u015f\u00eena ji Tirkiyey\u00ea t\u00ea wateya terkandina qada \u015fer a ku h\u00een j\u00ee di \u015fewite.<\/span><\/h3>\n<h3 style=\"text-align: justify\"><span style=\"font-family: arial, helvetica, sans-serif\">D\u00eerok d\u00ea v\u00ea pa\u015fvek\u015f\u00een\u00ea ji b\u00eer neke. Tu h\u00eaz, tu peyman nikare lekeya v\u00ea tesl\u00eemb\u00fbn\u00ea ji eniya wan kes\u00ean ku r\u00eaya vek\u015f\u00een\u00ea li \u015f\u00fbna berxwedan\u00ea hilbijartine j\u00ea bibe. Evca p\u00eaw\u00eest nake bi ti peyv \u00fb kesek\u00ee PKKe hewl bide v\u00ea tesl\u00eembon\u00ea weke p\u00eangaveke d\u00eerok\u00ee bi Kurdan bide qeb\u00fblkirin, ev p\u00eangav ji bil\u00ee tesl\u00eemb\u00fbn \u00fb xiyanetke d\u00eerok\u00ee \u00fb n\u00ee\u015ft\u00eeman\u00ee ne ti ti\u015ftek din e.<\/span><\/h3>\n","protected":false},"excerpt":{"rendered":"<p>\u00cero roja yek\u015fem\u00ee, PKK\u00ea ragihand ku tev h\u00eaz\u00ean xwe y\u00ean li Bakur\u00ea Kurdistan\u00ea vedki\u015f\u00eene Ba\u015f\u00fbr\u00ea Kurdistan\u00ea, ev p\u00eangav j\u00ee weke p\u00eangaveke d\u00eerok\u00ee bi nav kir, l\u00ea bel\u00ea di rast\u00ee de ev ne ten\u00ea p\u00eangaveke d\u00eerok\u00ee n\u00eene, belku p\u00eangaveke din ya xiyanet\u00ea ye ku w\u00ea li ser p\u00eangav\u00ean din y\u00ean xiyanet\u00ea y\u00ean v\u00ea partiy\u00ea z\u00eade bibe. [&hellip;]<\/p>\n","protected":false},"author":2,"featured_media":1050375,"comment_status":"closed","ping_status":"closed","sticky":false,"template":"","format":"standard","meta":{"footnotes":""},"categories":[28],"tags":[37],"class_list":["post-1050374","post","type-post","status-publish","format-standard","has-post-thumbnail","hentry","category-nerin","tag-sereke"],"blocksy_meta":[],"seo_head":"<!-- This site is optimized with the Yoast SEO plugin v27.5 - https:\/\/yoast.com\/product\/yoast-seo-wordpress\/ -->\n<title>Pa\u015fveki\u015f\u00eena PKK\u00ea p\u00eangavek d\u00eerok\u00eeye yan j\u00ee xiyanetek din e? - Darka Maz\u00ee<\/title>\n<meta name=\"robots\" content=\"index, follow, max-snippet:-1, max-image-preview:large, max-video-preview:-1\" \/>\n<link rel=\"canonical\" href=\"https:\/\/darkamazi.info\/archives\/1050374\" \/>\n<meta property=\"og:locale\" content=\"en_US\" \/>\n<meta property=\"og:type\" content=\"article\" \/>\n<meta property=\"og:title\" content=\"Pa\u015fveki\u015f\u00eena PKK\u00ea p\u00eangavek d\u00eerok\u00eeye yan j\u00ee xiyanetek din e? - Darka Maz\u00ee\" \/>\n<meta property=\"og:description\" content=\"\u00cero roja yek\u015fem\u00ee, PKK\u00ea ragihand ku tev h\u00eaz\u00ean xwe y\u00ean li Bakur\u00ea Kurdistan\u00ea vedki\u015f\u00eene Ba\u015f\u00fbr\u00ea Kurdistan\u00ea, ev p\u00eangav j\u00ee weke p\u00eangaveke d\u00eerok\u00ee bi nav kir, l\u00ea bel\u00ea di rast\u00ee de ev ne ten\u00ea p\u00eangaveke d\u00eerok\u00ee n\u00eene, belku p\u00eangaveke din ya xiyanet\u00ea ye ku w\u00ea li ser p\u00eangav\u00ean din y\u00ean xiyanet\u00ea y\u00ean v\u00ea partiy\u00ea z\u00eade bibe. [&hellip;]\" \/>\n<meta property=\"og:url\" content=\"https:\/\/darkamazi.info\/archives\/1050374\" \/>\n<meta property=\"og:site_name\" content=\"Darka Maz\u00ee\" \/>\n<meta property=\"article:publisher\" content=\"https:\/\/www.facebook.com\/DarMaziKurmanci\" \/>\n<meta property=\"article:published_time\" content=\"2025-10-26T16:08:21+00:00\" \/>\n<meta property=\"og:image\" content=\"https:\/\/darkamazi.info\/file\/2025\/10\/Pasvekisina-PKKe-info.jpg\" \/>\n\t<meta property=\"og:image:width\" content=\"900\" \/>\n\t<meta property=\"og:image:height\" content=\"500\" \/>\n\t<meta property=\"og:image:type\" content=\"image\/jpeg\" \/>\n<meta name=\"author\" content=\"darka mazi\" \/>\n<meta name=\"twitter:card\" content=\"summary_large_image\" \/>\n<meta name=\"twitter:creator\" content=\"@DarkaMaziLatini\" \/>\n<meta name=\"twitter:site\" content=\"@DarkaMaziLatini\" \/>\n<meta name=\"twitter:label1\" content=\"Written by\" \/>\n\t<meta name=\"twitter:data1\" content=\"darka mazi\" \/>\n\t<meta name=\"twitter:label2\" content=\"Est. reading time\" \/>\n\t<meta name=\"twitter:data2\" content=\"3 minutes\" \/>\n<script type=\"application\/ld+json\" class=\"seo-schema-graph\">{\"@context\":\"https:\\\/\\\/schema.org\",\"@graph\":[{\"@type\":\"Article\",\"@id\":\"https:\\\/\\\/darkamazi.info\\\/archives\\\/1050374#article\",\"isPartOf\":{\"@id\":\"https:\\\/\\\/darkamazi.info\\\/archives\\\/1050374\"},\"author\":{\"name\":\"darka mazi\",\"@id\":\"https:\\\/\\\/darkamazi.info\\\/#\\\/schema\\\/person\\\/5ad3e24553a0567993fa8ed4bd0a776c\"},\"headline\":\"Pa\u015fveki\u015f\u00eena PKK\u00ea p\u00eangavek d\u00eerok\u00eeye yan j\u00ee xiyanetek din e?\",\"datePublished\":\"2025-10-26T16:08:21+00:00\",\"mainEntityOfPage\":{\"@id\":\"https:\\\/\\\/darkamazi.info\\\/archives\\\/1050374\"},\"wordCount\":556,\"publisher\":{\"@id\":\"https:\\\/\\\/darkamazi.info\\\/#organization\"},\"image\":{\"@id\":\"https:\\\/\\\/darkamazi.info\\\/archives\\\/1050374#primaryimage\"},\"thumbnailUrl\":\"https:\\\/\\\/darkamazi.info\\\/darka-content\\\/uploads\\\/2025\\\/10\\\/Pasvekisina-PKKe-info.jpg\",\"keywords\":[\"sereke\"],\"articleSection\":[\"Ner\u00een\"],\"inLanguage\":\"en-US\"},{\"@type\":\"WebPage\",\"@id\":\"https:\\\/\\\/darkamazi.info\\\/archives\\\/1050374\",\"url\":\"https:\\\/\\\/darkamazi.info\\\/archives\\\/1050374\",\"name\":\"Pa\u015fveki\u015f\u00eena PKK\u00ea p\u00eangavek d\u00eerok\u00eeye yan j\u00ee xiyanetek din e? - Darka Maz\u00ee\",\"isPartOf\":{\"@id\":\"https:\\\/\\\/darkamazi.info\\\/#website\"},\"primaryImageOfPage\":{\"@id\":\"https:\\\/\\\/darkamazi.info\\\/archives\\\/1050374#primaryimage\"},\"image\":{\"@id\":\"https:\\\/\\\/darkamazi.info\\\/archives\\\/1050374#primaryimage\"},\"thumbnailUrl\":\"https:\\\/\\\/darkamazi.info\\\/darka-content\\\/uploads\\\/2025\\\/10\\\/Pasvekisina-PKKe-info.jpg\",\"datePublished\":\"2025-10-26T16:08:21+00:00\",\"breadcrumb\":{\"@id\":\"https:\\\/\\\/darkamazi.info\\\/archives\\\/1050374#breadcrumb\"},\"inLanguage\":\"en-US\",\"potentialAction\":[{\"@type\":\"ReadAction\",\"target\":[\"https:\\\/\\\/darkamazi.info\\\/archives\\\/1050374\"]}]},{\"@type\":\"ImageObject\",\"inLanguage\":\"en-US\",\"@id\":\"https:\\\/\\\/darkamazi.info\\\/archives\\\/1050374#primaryimage\",\"url\":\"https:\\\/\\\/darkamazi.info\\\/darka-content\\\/uploads\\\/2025\\\/10\\\/Pasvekisina-PKKe-info.jpg\",\"contentUrl\":\"https:\\\/\\\/darkamazi.info\\\/darka-content\\\/uploads\\\/2025\\\/10\\\/Pasvekisina-PKKe-info.jpg\",\"width\":900,\"height\":500,\"caption\":\"Pa\u015fveki\u015f\u00eena PKK\u00ea-Net\"},{\"@type\":\"BreadcrumbList\",\"@id\":\"https:\\\/\\\/darkamazi.info\\\/archives\\\/1050374#breadcrumb\",\"itemListElement\":[{\"@type\":\"ListItem\",\"position\":1,\"name\":\"Home\",\"item\":\"https:\\\/\\\/darkamazi.info\\\/\"},{\"@type\":\"ListItem\",\"position\":2,\"name\":\"Pa\u015fveki\u015f\u00eena PKK\u00ea p\u00eangavek d\u00eerok\u00eeye yan j\u00ee xiyanetek din e?\"}]},{\"@type\":\"WebSite\",\"@id\":\"https:\\\/\\\/darkamazi.info\\\/#website\",\"url\":\"https:\\\/\\\/darkamazi.info\\\/\",\"name\":\"Darka Maz\u00ee\",\"description\":\"P\u00eageha Zanyariy\u00ean Nebih\u00eest\u00ee\",\"publisher\":{\"@id\":\"https:\\\/\\\/darkamazi.info\\\/#organization\"},\"potentialAction\":[{\"@type\":\"SearchAction\",\"target\":{\"@type\":\"EntryPoint\",\"urlTemplate\":\"https:\\\/\\\/darkamazi.info\\\/?s={search_term_string}\"},\"query-input\":{\"@type\":\"PropertyValueSpecification\",\"valueRequired\":true,\"valueName\":\"search_term_string\"}}],\"inLanguage\":\"en-US\"},{\"@type\":\"Organization\",\"@id\":\"https:\\\/\\\/darkamazi.info\\\/#organization\",\"name\":\"Darka Maz\u00ee\",\"url\":\"https:\\\/\\\/darkamazi.info\\\/\",\"logo\":{\"@type\":\"ImageObject\",\"inLanguage\":\"en-US\",\"@id\":\"https:\\\/\\\/darkamazi.info\\\/#\\\/schema\\\/logo\\\/image\\\/\",\"url\":\"https:\\\/\\\/darkamazi.info\\\/darka-content\\\/uploads\\\/2017\\\/12\\\/darka-mazi-logo.png\",\"contentUrl\":\"https:\\\/\\\/darkamazi.info\\\/darka-content\\\/uploads\\\/2017\\\/12\\\/darka-mazi-logo.png\",\"width\":151,\"height\":75,\"caption\":\"Darka Maz\u00ee\"},\"image\":{\"@id\":\"https:\\\/\\\/darkamazi.info\\\/#\\\/schema\\\/logo\\\/image\\\/\"},\"sameAs\":[\"https:\\\/\\\/www.facebook.com\\\/DarMaziKurmanci\",\"https:\\\/\\\/x.com\\\/DarkaMaziLatini\",\"https:\\\/\\\/www.instagram.com\\\/darkamazi.kurmanci\\\/\",\"https:\\\/\\\/www.youtube.com\\\/channel\\\/UCa5HkTdmI8U1qCUFuTw8B2g\"]},{\"@type\":\"Person\",\"@id\":\"https:\\\/\\\/darkamazi.info\\\/#\\\/schema\\\/person\\\/5ad3e24553a0567993fa8ed4bd0a776c\",\"name\":\"darka mazi\",\"sameAs\":[\"https:\\\/\\\/darkamazi.info\\\/\"],\"url\":\"https:\\\/\\\/darkamazi.info\\\/archives\\\/author\\\/kurdi\"}]}<\/script>\n<!-- \/ Yoast SEO plugin. -->","seo_head_json":{"title":"Pa\u015fveki\u015f\u00eena PKK\u00ea p\u00eangavek d\u00eerok\u00eeye yan j\u00ee xiyanetek din e? - Darka Maz\u00ee","robots":{"index":"index","follow":"follow","max-snippet":"max-snippet:-1","max-image-preview":"max-image-preview:large","max-video-preview":"max-video-preview:-1"},"canonical":"https:\/\/darkamazi.info\/archives\/1050374","og_locale":"en_US","og_type":"article","og_title":"Pa\u015fveki\u015f\u00eena PKK\u00ea p\u00eangavek d\u00eerok\u00eeye yan j\u00ee xiyanetek din e? - Darka Maz\u00ee","og_description":"\u00cero roja yek\u015fem\u00ee, PKK\u00ea ragihand ku tev h\u00eaz\u00ean xwe y\u00ean li Bakur\u00ea Kurdistan\u00ea vedki\u015f\u00eene Ba\u015f\u00fbr\u00ea Kurdistan\u00ea, ev p\u00eangav j\u00ee weke p\u00eangaveke d\u00eerok\u00ee bi nav kir, l\u00ea bel\u00ea di rast\u00ee de ev ne ten\u00ea p\u00eangaveke d\u00eerok\u00ee n\u00eene, belku p\u00eangaveke din ya xiyanet\u00ea ye ku w\u00ea li ser p\u00eangav\u00ean din y\u00ean xiyanet\u00ea y\u00ean v\u00ea partiy\u00ea z\u00eade bibe. [&hellip;]","og_url":"https:\/\/darkamazi.info\/archives\/1050374","og_site_name":"Darka Maz\u00ee","article_publisher":"https:\/\/www.facebook.com\/DarMaziKurmanci","article_published_time":"2025-10-26T16:08:21+00:00","og_image":[{"width":900,"height":500,"url":"https:\/\/darkamazi.info\/file\/2025\/10\/Pasvekisina-PKKe-info.jpg","type":"image\/jpeg"}],"author":"darka mazi","twitter_card":"summary_large_image","twitter_creator":"@DarkaMaziLatini","twitter_site":"@DarkaMaziLatini","twitter_misc":{"Written by":"darka mazi","Est. reading time":"3 minutes"},"schema":{"@context":"https:\/\/schema.org","@graph":[{"@type":"Article","@id":"https:\/\/darkamazi.info\/archives\/1050374#article","isPartOf":{"@id":"https:\/\/darkamazi.info\/archives\/1050374"},"author":{"name":"darka mazi","@id":"https:\/\/darkamazi.info\/#\/schema\/person\/5ad3e24553a0567993fa8ed4bd0a776c"},"headline":"Pa\u015fveki\u015f\u00eena PKK\u00ea p\u00eangavek d\u00eerok\u00eeye yan j\u00ee xiyanetek din e?","datePublished":"2025-10-26T16:08:21+00:00","mainEntityOfPage":{"@id":"https:\/\/darkamazi.info\/archives\/1050374"},"wordCount":556,"publisher":{"@id":"https:\/\/darkamazi.info\/#organization"},"image":{"@id":"https:\/\/darkamazi.info\/archives\/1050374#primaryimage"},"thumbnailUrl":"https:\/\/darkamazi.info\/file\/2025\/10\/Pasvekisina-PKKe-info.jpg","keywords":["sereke"],"articleSection":["Ner\u00een"],"inLanguage":"en-US"},{"@type":"WebPage","@id":"https:\/\/darkamazi.info\/archives\/1050374","url":"https:\/\/darkamazi.info\/archives\/1050374","name":"Pa\u015fveki\u015f\u00eena PKK\u00ea p\u00eangavek d\u00eerok\u00eeye yan j\u00ee xiyanetek din e? - Darka Maz\u00ee","isPartOf":{"@id":"https:\/\/darkamazi.info\/#website"},"primaryImageOfPage":{"@id":"https:\/\/darkamazi.info\/archives\/1050374#primaryimage"},"image":{"@id":"https:\/\/darkamazi.info\/archives\/1050374#primaryimage"},"thumbnailUrl":"https:\/\/darkamazi.info\/file\/2025\/10\/Pasvekisina-PKKe-info.jpg","datePublished":"2025-10-26T16:08:21+00:00","breadcrumb":{"@id":"https:\/\/darkamazi.info\/archives\/1050374#breadcrumb"},"inLanguage":"en-US","potentialAction":[{"@type":"ReadAction","target":["https:\/\/darkamazi.info\/archives\/1050374"]}]},{"@type":"ImageObject","inLanguage":"en-US","@id":"https:\/\/darkamazi.info\/archives\/1050374#primaryimage","url":"https:\/\/darkamazi.info\/file\/2025\/10\/Pasvekisina-PKKe-info.jpg","contentUrl":"https:\/\/darkamazi.info\/file\/2025\/10\/Pasvekisina-PKKe-info.jpg","width":900,"height":500,"caption":"Pa\u015fveki\u015f\u00eena PKK\u00ea-Net"},{"@type":"BreadcrumbList","@id":"https:\/\/darkamazi.info\/archives\/1050374#breadcrumb","itemListElement":[{"@type":"ListItem","position":1,"name":"Home","item":"https:\/\/darkamazi.info\/"},{"@type":"ListItem","position":2,"name":"Pa\u015fveki\u015f\u00eena PKK\u00ea p\u00eangavek d\u00eerok\u00eeye yan j\u00ee xiyanetek din e?"}]},{"@type":"WebSite","@id":"https:\/\/darkamazi.info\/#website","url":"https:\/\/darkamazi.info\/","name":"Darka Maz\u00ee","description":"P\u00eageha Zanyariy\u00ean Nebih\u00eest\u00ee","publisher":{"@id":"https:\/\/darkamazi.info\/#organization"},"potentialAction":[{"@type":"SearchAction","target":{"@type":"EntryPoint","urlTemplate":"https:\/\/darkamazi.info\/?s={search_term_string}"},"query-input":{"@type":"PropertyValueSpecification","valueRequired":true,"valueName":"search_term_string"}}],"inLanguage":"en-US"},{"@type":"Organization","@id":"https:\/\/darkamazi.info\/#organization","name":"Darka Maz\u00ee","url":"https:\/\/darkamazi.info\/","logo":{"@type":"ImageObject","inLanguage":"en-US","@id":"https:\/\/darkamazi.info\/#\/schema\/logo\/image\/","url":"https:\/\/darkamazi.info\/file\/2017\/12\/darka-mazi-logo.png","contentUrl":"https:\/\/darkamazi.info\/file\/2017\/12\/darka-mazi-logo.png","width":151,"height":75,"caption":"Darka Maz\u00ee"},"image":{"@id":"https:\/\/darkamazi.info\/#\/schema\/logo\/image\/"},"sameAs":["https:\/\/www.facebook.com\/DarMaziKurmanci","https:\/\/x.com\/DarkaMaziLatini","https:\/\/www.instagram.com\/darkamazi.kurmanci\/","https:\/\/www.youtube.com\/channel\/UCa5HkTdmI8U1qCUFuTw8B2g"]},{"@type":"Person","@id":"https:\/\/darkamazi.info\/#\/schema\/person\/5ad3e24553a0567993fa8ed4bd0a776c","name":"darka mazi","sameAs":["https:\/\/darkamazi.info\/"],"url":"https:\/\/darkamazi.info\/archives\/author\/kurdi"}]}},"_links":{"self":[{"href":"https:\/\/darkamazi.info\/funavuv\/wp\/v2\/posts\/1050374","targetHints":{"allow":["GET"]}}],"collection":[{"href":"https:\/\/darkamazi.info\/funavuv\/wp\/v2\/posts"}],"about":[{"href":"https:\/\/darkamazi.info\/funavuv\/wp\/v2\/types\/post"}],"author":[{"embeddable":true,"href":"https:\/\/darkamazi.info\/funavuv\/wp\/v2\/users\/2"}],"replies":[{"embeddable":true,"href":"https:\/\/darkamazi.info\/funavuv\/wp\/v2\/comments?post=1050374"}],"version-history":[{"count":0,"href":"https:\/\/darkamazi.info\/funavuv\/wp\/v2\/posts\/1050374\/revisions"}],"wp:featuredmedia":[{"embeddable":true,"href":"https:\/\/darkamazi.info\/funavuv\/wp\/v2\/media\/1050375"}],"wp:attachment":[{"href":"https:\/\/darkamazi.info\/funavuv\/wp\/v2\/media?parent=1050374"}],"wp:term":[{"taxonomy":"category","embeddable":true,"href":"https:\/\/darkamazi.info\/funavuv\/wp\/v2\/categories?post=1050374"},{"taxonomy":"post_tag","embeddable":true,"href":"https:\/\/darkamazi.info\/funavuv\/wp\/v2\/tags?post=1050374"}],"curies":[{"name":"wp","href":"https:\/\/api.w.org\/{rel}","templated":true}]}}