{"id":1050380,"date":"2025-10-27T10:42:06","date_gmt":"2025-10-27T07:42:06","guid":{"rendered":"https:\/\/darkamazi.info\/?p=1050380"},"modified":"2025-10-27T10:42:06","modified_gmt":"2025-10-27T07:42:06","slug":"hpg-em-aligire-careseriyek-demokratikin","status":"publish","type":"post","link":"https:\/\/darkamazi.info\/archives\/1050380","title":{"rendered":"HPG: Em al\u00eegir\u00ea \u00e7areseriyek demokrat\u00eekin..!"},"content":{"rendered":"<h3 style=\"text-align: justify\"><span style=\"font-family: 'arial black', sans-serif\">Fermandarek\u00ee H\u00eaz\u00ean Parastina Gel (HPG) dib\u00eaje ku azadkirina r\u00eaber\u00ea Partiya Karker\u00ean Kurdistan\u00ea (PKK) y\u00ea girt\u00ee Abdullah Ocalan ji bo serkeftina p\u00eavajoya \u00e7areseriy\u00ea li Tirkiyey\u00ea gir\u00eeng e. W\u00ee z\u00eade kir ku biryara veki\u015f\u00eena ger\u00eelay\u00ean wan ji Bakur\u00ea Kurdistan\u00ea \u00fb Tirkiyey\u00ea bi niyet\u00ean \u201cba\u015f\u201d b\u00fb da ku p\u00eavajo serkeft\u00ee be.<\/span><\/h3>\n<h3 style=\"text-align: justify\">Fermandara HPG\u00ea Durin Palo got ku azadkirina Abdullah Ocalan \u201cji bo p\u00ea\u015fve\u00e7\u00fbna v\u00ea p\u00eavajoy\u00ea gir\u00eeng e. W\u00ee got, \u201cEm al\u00eegir\u00ea \u00e7areseriyek demokrat\u00eek a pirsgir\u00eaka Kurd in.\u201d<\/h3>\n<h3 style=\"text-align: justify\">Li gor\u00ee hejmar\u00ean neferm\u00ee, di dehsal\u00ean daw\u00ee de di \u015fer\u00ea di navbera art\u00ea\u015fa Tirkiyey\u00ea \u00fb \u00e7ekdar\u00ean PKK\u00ea de n\u00eaz\u00eek\u00ee 50,000 kes hatine ku\u015ftin.<\/h3>\n<h3 style=\"text-align: justify\">Palo dib\u00eaje ku Ocalan di p\u00eavajoya \u00e7areseriy\u00ea de roleke gir\u00eeng l\u00eestiye \u00fb ji ber v\u00ea yek\u00ea \u201cdiv\u00ea bikaribe bi h\u00easan\u00ee bi mirovan re biaxive. W\u00ee daxwaz kir ku rew\u015fa Ocalan di girt\u00eegeh\u00ea de \u201cz\u00fb ba\u015ftir bibe\u201d.<\/h3>\n<h3 style=\"text-align: justify\">PKK\u00ea biryar daye ku h\u00eaz\u00ean xwe ji Bakur\u00ea Kurdistan\u00ea \u00fb Tirkiyey\u00ea veki\u015f\u00eene. \u201cDi haw\u00eerdora siyas\u00ee de kes hene ku li dij\u00ee p\u00eavajoy\u00ea ne \u00fb pi\u015ftgir\u00eeya w\u00ea nakin. Em nab\u00eajin ku div\u00ea her kes xwed\u00ee heman raman be, l\u00ea div\u00ea ew li ser ziman\u00ea ku bikar t\u00eenin baldar bin,\u201d W\u00ee got ku serkeftina p\u00eavajoy\u00ea \u201cdi \u015fevek\u00ea de an j\u00ee di \u00e7end mehan de \u00e7\u00eanabe.<\/h3>\n<h3 style=\"text-align: justify\">Li ser daxwaziya serok\u00ea MHP\u00ea , 27\u00ea Sibata 2025an Abdullah Ocalan bang li PKK\u00ea kir ku \u00e7ekan deyne, kongreyek\u00ea li dar bixe \u00fb xwe hilwe\u015f\u00eene; Pi\u015ftre PKK\u00ea ji 5 heta 7\u00ea Gulan\u00ea kongreya xwe ya 12em\u00een li dar xist \u00fb biryar da ku xwe hilwe\u015f\u00eene.<\/h3>\n<h3 style=\"text-align: justify\">Di 11\u00ea T\u00eermeh\u00ea de, komek \u00e7ekdar\u00ean PKK\u00ea di meras\u00eemek\u00ea de li \u015eikefta Jasana li nav\u00e7eya Dukan a par\u00eazgeha Sil\u00eamaniy\u00ea \u00e7ek\u00ean xwe \u015fewitandin wek\u00ee \u201cjestek niyeta ba\u015f\u201d ji bo serkeftina p\u00eavajoya \u00e7areseriy\u00ea li Tirkiyey\u00ea.<\/h3>\n<h3 style=\"text-align: justify\">30 \u00e7ekdaran, di nav de Bas\u00ee Hozat, hevserok\u00ea Partiya Karker\u00ean Kurdistan\u00ea (KJK) \u00fb s\u00ea berpirs\u00ean din \u00ean payebilind, di meras\u00eem\u00ea de \u00e7ek\u00ean xwe \u015fewitandin.<\/h3>\n<h3 style=\"text-align: justify\">Tirkiy\u00ea kom\u00eeteyek parleman\u00ee li ser p\u00eavajoya a\u015ftiy\u00ea ava kiriye.<\/h3>\n","protected":false},"excerpt":{"rendered":"<p>Fermandarek\u00ee H\u00eaz\u00ean Parastina Gel (HPG) dib\u00eaje ku azadkirina r\u00eaber\u00ea Partiya Karker\u00ean Kurdistan\u00ea (PKK) y\u00ea girt\u00ee Abdullah Ocalan ji bo serkeftina p\u00eavajoya \u00e7areseriy\u00ea li Tirkiyey\u00ea gir\u00eeng e. W\u00ee z\u00eade kir ku biryara veki\u015f\u00eena ger\u00eelay\u00ean wan ji Bakur\u00ea Kurdistan\u00ea \u00fb Tirkiyey\u00ea bi niyet\u00ean \u201cba\u015f\u201d b\u00fb da ku p\u00eavajo serkeft\u00ee be. Fermandara HPG\u00ea Durin Palo got ku azadkirina [&hellip;]<\/p>\n","protected":false},"author":2,"featured_media":1050381,"comment_status":"closed","ping_status":"closed","sticky":false,"template":"","format":"standard","meta":{"footnotes":""},"categories":[29],"tags":[37],"class_list":["post-1050380","post","type-post","status-publish","format-standard","has-post-thumbnail","hentry","category-kurdistan","tag-sereke"],"blocksy_meta":[],"seo_head":"<!-- This site is optimized with the Yoast SEO plugin v27.5 - https:\/\/yoast.com\/product\/yoast-seo-wordpress\/ -->\n<title>HPG: Em al\u00eegir\u00ea \u00e7areseriyek demokrat\u00eekin..! - Darka Maz\u00ee<\/title>\n<meta name=\"robots\" content=\"index, follow, max-snippet:-1, max-image-preview:large, max-video-preview:-1\" \/>\n<link rel=\"canonical\" href=\"https:\/\/darkamazi.info\/archives\/1050380\" \/>\n<meta property=\"og:locale\" content=\"en_US\" \/>\n<meta property=\"og:type\" content=\"article\" \/>\n<meta property=\"og:title\" content=\"HPG: Em al\u00eegir\u00ea \u00e7areseriyek demokrat\u00eekin..! - Darka Maz\u00ee\" \/>\n<meta property=\"og:description\" content=\"Fermandarek\u00ee H\u00eaz\u00ean Parastina Gel (HPG) dib\u00eaje ku azadkirina r\u00eaber\u00ea Partiya Karker\u00ean Kurdistan\u00ea (PKK) y\u00ea girt\u00ee Abdullah Ocalan ji bo serkeftina p\u00eavajoya \u00e7areseriy\u00ea li Tirkiyey\u00ea gir\u00eeng e. W\u00ee z\u00eade kir ku biryara veki\u015f\u00eena ger\u00eelay\u00ean wan ji Bakur\u00ea Kurdistan\u00ea \u00fb Tirkiyey\u00ea bi niyet\u00ean \u201cba\u015f\u201d b\u00fb da ku p\u00eavajo serkeft\u00ee be. Fermandara HPG\u00ea Durin Palo got ku azadkirina [&hellip;]\" \/>\n<meta property=\"og:url\" content=\"https:\/\/darkamazi.info\/archives\/1050380\" \/>\n<meta property=\"og:site_name\" content=\"Darka Maz\u00ee\" \/>\n<meta property=\"article:publisher\" content=\"https:\/\/www.facebook.com\/DarMaziKurmanci\" \/>\n<meta property=\"article:published_time\" content=\"2025-10-27T07:42:06+00:00\" \/>\n<meta property=\"og:image\" content=\"https:\/\/darkamazi.info\/file\/2025\/10\/HPG-.jpg\" \/>\n\t<meta property=\"og:image:width\" content=\"900\" \/>\n\t<meta property=\"og:image:height\" content=\"497\" \/>\n\t<meta property=\"og:image:type\" content=\"image\/jpeg\" \/>\n<meta name=\"author\" content=\"darka mazi\" \/>\n<meta name=\"twitter:card\" content=\"summary_large_image\" \/>\n<meta name=\"twitter:creator\" content=\"@DarkaMaziLatini\" \/>\n<meta name=\"twitter:site\" content=\"@DarkaMaziLatini\" \/>\n<meta name=\"twitter:label1\" content=\"Written by\" \/>\n\t<meta name=\"twitter:data1\" content=\"darka mazi\" \/>\n\t<meta name=\"twitter:label2\" content=\"Est. reading time\" \/>\n\t<meta name=\"twitter:data2\" content=\"2 minutes\" \/>\n<script type=\"application\/ld+json\" class=\"seo-schema-graph\">{\"@context\":\"https:\\\/\\\/schema.org\",\"@graph\":[{\"@type\":\"Article\",\"@id\":\"https:\\\/\\\/darkamazi.info\\\/archives\\\/1050380#article\",\"isPartOf\":{\"@id\":\"https:\\\/\\\/darkamazi.info\\\/archives\\\/1050380\"},\"author\":{\"name\":\"darka mazi\",\"@id\":\"https:\\\/\\\/darkamazi.info\\\/#\\\/schema\\\/person\\\/5ad3e24553a0567993fa8ed4bd0a776c\"},\"headline\":\"HPG: Em al\u00eegir\u00ea \u00e7areseriyek demokrat\u00eekin..!\",\"datePublished\":\"2025-10-27T07:42:06+00:00\",\"mainEntityOfPage\":{\"@id\":\"https:\\\/\\\/darkamazi.info\\\/archives\\\/1050380\"},\"wordCount\":363,\"publisher\":{\"@id\":\"https:\\\/\\\/darkamazi.info\\\/#organization\"},\"image\":{\"@id\":\"https:\\\/\\\/darkamazi.info\\\/archives\\\/1050380#primaryimage\"},\"thumbnailUrl\":\"https:\\\/\\\/darkamazi.info\\\/darka-content\\\/uploads\\\/2025\\\/10\\\/HPG-.jpg\",\"keywords\":[\"sereke\"],\"articleSection\":[\"Kurdistan\"],\"inLanguage\":\"en-US\"},{\"@type\":\"WebPage\",\"@id\":\"https:\\\/\\\/darkamazi.info\\\/archives\\\/1050380\",\"url\":\"https:\\\/\\\/darkamazi.info\\\/archives\\\/1050380\",\"name\":\"HPG: Em al\u00eegir\u00ea \u00e7areseriyek demokrat\u00eekin..! - Darka Maz\u00ee\",\"isPartOf\":{\"@id\":\"https:\\\/\\\/darkamazi.info\\\/#website\"},\"primaryImageOfPage\":{\"@id\":\"https:\\\/\\\/darkamazi.info\\\/archives\\\/1050380#primaryimage\"},\"image\":{\"@id\":\"https:\\\/\\\/darkamazi.info\\\/archives\\\/1050380#primaryimage\"},\"thumbnailUrl\":\"https:\\\/\\\/darkamazi.info\\\/darka-content\\\/uploads\\\/2025\\\/10\\\/HPG-.jpg\",\"datePublished\":\"2025-10-27T07:42:06+00:00\",\"breadcrumb\":{\"@id\":\"https:\\\/\\\/darkamazi.info\\\/archives\\\/1050380#breadcrumb\"},\"inLanguage\":\"en-US\",\"potentialAction\":[{\"@type\":\"ReadAction\",\"target\":[\"https:\\\/\\\/darkamazi.info\\\/archives\\\/1050380\"]}]},{\"@type\":\"ImageObject\",\"inLanguage\":\"en-US\",\"@id\":\"https:\\\/\\\/darkamazi.info\\\/archives\\\/1050380#primaryimage\",\"url\":\"https:\\\/\\\/darkamazi.info\\\/darka-content\\\/uploads\\\/2025\\\/10\\\/HPG-.jpg\",\"contentUrl\":\"https:\\\/\\\/darkamazi.info\\\/darka-content\\\/uploads\\\/2025\\\/10\\\/HPG-.jpg\",\"width\":900,\"height\":497,\"caption\":\"HPG: Em al\u00eegir\u00ea \u00e7areseriyek demokrat\u00eekin..!\"},{\"@type\":\"BreadcrumbList\",\"@id\":\"https:\\\/\\\/darkamazi.info\\\/archives\\\/1050380#breadcrumb\",\"itemListElement\":[{\"@type\":\"ListItem\",\"position\":1,\"name\":\"Home\",\"item\":\"https:\\\/\\\/darkamazi.info\\\/\"},{\"@type\":\"ListItem\",\"position\":2,\"name\":\"HPG: Em al\u00eegir\u00ea \u00e7areseriyek demokrat\u00eekin..!\"}]},{\"@type\":\"WebSite\",\"@id\":\"https:\\\/\\\/darkamazi.info\\\/#website\",\"url\":\"https:\\\/\\\/darkamazi.info\\\/\",\"name\":\"Darka Maz\u00ee\",\"description\":\"P\u00eageha Zanyariy\u00ean Nebih\u00eest\u00ee\",\"publisher\":{\"@id\":\"https:\\\/\\\/darkamazi.info\\\/#organization\"},\"potentialAction\":[{\"@type\":\"SearchAction\",\"target\":{\"@type\":\"EntryPoint\",\"urlTemplate\":\"https:\\\/\\\/darkamazi.info\\\/?s={search_term_string}\"},\"query-input\":{\"@type\":\"PropertyValueSpecification\",\"valueRequired\":true,\"valueName\":\"search_term_string\"}}],\"inLanguage\":\"en-US\"},{\"@type\":\"Organization\",\"@id\":\"https:\\\/\\\/darkamazi.info\\\/#organization\",\"name\":\"Darka Maz\u00ee\",\"url\":\"https:\\\/\\\/darkamazi.info\\\/\",\"logo\":{\"@type\":\"ImageObject\",\"inLanguage\":\"en-US\",\"@id\":\"https:\\\/\\\/darkamazi.info\\\/#\\\/schema\\\/logo\\\/image\\\/\",\"url\":\"https:\\\/\\\/darkamazi.info\\\/darka-content\\\/uploads\\\/2017\\\/12\\\/darka-mazi-logo.png\",\"contentUrl\":\"https:\\\/\\\/darkamazi.info\\\/darka-content\\\/uploads\\\/2017\\\/12\\\/darka-mazi-logo.png\",\"width\":151,\"height\":75,\"caption\":\"Darka Maz\u00ee\"},\"image\":{\"@id\":\"https:\\\/\\\/darkamazi.info\\\/#\\\/schema\\\/logo\\\/image\\\/\"},\"sameAs\":[\"https:\\\/\\\/www.facebook.com\\\/DarMaziKurmanci\",\"https:\\\/\\\/x.com\\\/DarkaMaziLatini\",\"https:\\\/\\\/www.instagram.com\\\/darkamazi.kurmanci\\\/\",\"https:\\\/\\\/www.youtube.com\\\/channel\\\/UCa5HkTdmI8U1qCUFuTw8B2g\"]},{\"@type\":\"Person\",\"@id\":\"https:\\\/\\\/darkamazi.info\\\/#\\\/schema\\\/person\\\/5ad3e24553a0567993fa8ed4bd0a776c\",\"name\":\"darka mazi\",\"sameAs\":[\"https:\\\/\\\/darkamazi.info\\\/\"],\"url\":\"https:\\\/\\\/darkamazi.info\\\/archives\\\/author\\\/kurdi\"}]}<\/script>\n<!-- \/ Yoast SEO plugin. -->","seo_head_json":{"title":"HPG: Em al\u00eegir\u00ea \u00e7areseriyek demokrat\u00eekin..! - Darka Maz\u00ee","robots":{"index":"index","follow":"follow","max-snippet":"max-snippet:-1","max-image-preview":"max-image-preview:large","max-video-preview":"max-video-preview:-1"},"canonical":"https:\/\/darkamazi.info\/archives\/1050380","og_locale":"en_US","og_type":"article","og_title":"HPG: Em al\u00eegir\u00ea \u00e7areseriyek demokrat\u00eekin..! - Darka Maz\u00ee","og_description":"Fermandarek\u00ee H\u00eaz\u00ean Parastina Gel (HPG) dib\u00eaje ku azadkirina r\u00eaber\u00ea Partiya Karker\u00ean Kurdistan\u00ea (PKK) y\u00ea girt\u00ee Abdullah Ocalan ji bo serkeftina p\u00eavajoya \u00e7areseriy\u00ea li Tirkiyey\u00ea gir\u00eeng e. W\u00ee z\u00eade kir ku biryara veki\u015f\u00eena ger\u00eelay\u00ean wan ji Bakur\u00ea Kurdistan\u00ea \u00fb Tirkiyey\u00ea bi niyet\u00ean \u201cba\u015f\u201d b\u00fb da ku p\u00eavajo serkeft\u00ee be. Fermandara HPG\u00ea Durin Palo got ku azadkirina [&hellip;]","og_url":"https:\/\/darkamazi.info\/archives\/1050380","og_site_name":"Darka Maz\u00ee","article_publisher":"https:\/\/www.facebook.com\/DarMaziKurmanci","article_published_time":"2025-10-27T07:42:06+00:00","og_image":[{"width":900,"height":497,"url":"https:\/\/darkamazi.info\/file\/2025\/10\/HPG-.jpg","type":"image\/jpeg"}],"author":"darka mazi","twitter_card":"summary_large_image","twitter_creator":"@DarkaMaziLatini","twitter_site":"@DarkaMaziLatini","twitter_misc":{"Written by":"darka mazi","Est. reading time":"2 minutes"},"schema":{"@context":"https:\/\/schema.org","@graph":[{"@type":"Article","@id":"https:\/\/darkamazi.info\/archives\/1050380#article","isPartOf":{"@id":"https:\/\/darkamazi.info\/archives\/1050380"},"author":{"name":"darka mazi","@id":"https:\/\/darkamazi.info\/#\/schema\/person\/5ad3e24553a0567993fa8ed4bd0a776c"},"headline":"HPG: Em al\u00eegir\u00ea \u00e7areseriyek demokrat\u00eekin..!","datePublished":"2025-10-27T07:42:06+00:00","mainEntityOfPage":{"@id":"https:\/\/darkamazi.info\/archives\/1050380"},"wordCount":363,"publisher":{"@id":"https:\/\/darkamazi.info\/#organization"},"image":{"@id":"https:\/\/darkamazi.info\/archives\/1050380#primaryimage"},"thumbnailUrl":"https:\/\/darkamazi.info\/file\/2025\/10\/HPG-.jpg","keywords":["sereke"],"articleSection":["Kurdistan"],"inLanguage":"en-US"},{"@type":"WebPage","@id":"https:\/\/darkamazi.info\/archives\/1050380","url":"https:\/\/darkamazi.info\/archives\/1050380","name":"HPG: Em al\u00eegir\u00ea \u00e7areseriyek demokrat\u00eekin..! - Darka Maz\u00ee","isPartOf":{"@id":"https:\/\/darkamazi.info\/#website"},"primaryImageOfPage":{"@id":"https:\/\/darkamazi.info\/archives\/1050380#primaryimage"},"image":{"@id":"https:\/\/darkamazi.info\/archives\/1050380#primaryimage"},"thumbnailUrl":"https:\/\/darkamazi.info\/file\/2025\/10\/HPG-.jpg","datePublished":"2025-10-27T07:42:06+00:00","breadcrumb":{"@id":"https:\/\/darkamazi.info\/archives\/1050380#breadcrumb"},"inLanguage":"en-US","potentialAction":[{"@type":"ReadAction","target":["https:\/\/darkamazi.info\/archives\/1050380"]}]},{"@type":"ImageObject","inLanguage":"en-US","@id":"https:\/\/darkamazi.info\/archives\/1050380#primaryimage","url":"https:\/\/darkamazi.info\/file\/2025\/10\/HPG-.jpg","contentUrl":"https:\/\/darkamazi.info\/file\/2025\/10\/HPG-.jpg","width":900,"height":497,"caption":"HPG: Em al\u00eegir\u00ea \u00e7areseriyek demokrat\u00eekin..!"},{"@type":"BreadcrumbList","@id":"https:\/\/darkamazi.info\/archives\/1050380#breadcrumb","itemListElement":[{"@type":"ListItem","position":1,"name":"Home","item":"https:\/\/darkamazi.info\/"},{"@type":"ListItem","position":2,"name":"HPG: Em al\u00eegir\u00ea \u00e7areseriyek demokrat\u00eekin..!"}]},{"@type":"WebSite","@id":"https:\/\/darkamazi.info\/#website","url":"https:\/\/darkamazi.info\/","name":"Darka Maz\u00ee","description":"P\u00eageha Zanyariy\u00ean Nebih\u00eest\u00ee","publisher":{"@id":"https:\/\/darkamazi.info\/#organization"},"potentialAction":[{"@type":"SearchAction","target":{"@type":"EntryPoint","urlTemplate":"https:\/\/darkamazi.info\/?s={search_term_string}"},"query-input":{"@type":"PropertyValueSpecification","valueRequired":true,"valueName":"search_term_string"}}],"inLanguage":"en-US"},{"@type":"Organization","@id":"https:\/\/darkamazi.info\/#organization","name":"Darka Maz\u00ee","url":"https:\/\/darkamazi.info\/","logo":{"@type":"ImageObject","inLanguage":"en-US","@id":"https:\/\/darkamazi.info\/#\/schema\/logo\/image\/","url":"https:\/\/darkamazi.info\/file\/2017\/12\/darka-mazi-logo.png","contentUrl":"https:\/\/darkamazi.info\/file\/2017\/12\/darka-mazi-logo.png","width":151,"height":75,"caption":"Darka Maz\u00ee"},"image":{"@id":"https:\/\/darkamazi.info\/#\/schema\/logo\/image\/"},"sameAs":["https:\/\/www.facebook.com\/DarMaziKurmanci","https:\/\/x.com\/DarkaMaziLatini","https:\/\/www.instagram.com\/darkamazi.kurmanci\/","https:\/\/www.youtube.com\/channel\/UCa5HkTdmI8U1qCUFuTw8B2g"]},{"@type":"Person","@id":"https:\/\/darkamazi.info\/#\/schema\/person\/5ad3e24553a0567993fa8ed4bd0a776c","name":"darka mazi","sameAs":["https:\/\/darkamazi.info\/"],"url":"https:\/\/darkamazi.info\/archives\/author\/kurdi"}]}},"_links":{"self":[{"href":"https:\/\/darkamazi.info\/funavuv\/wp\/v2\/posts\/1050380","targetHints":{"allow":["GET"]}}],"collection":[{"href":"https:\/\/darkamazi.info\/funavuv\/wp\/v2\/posts"}],"about":[{"href":"https:\/\/darkamazi.info\/funavuv\/wp\/v2\/types\/post"}],"author":[{"embeddable":true,"href":"https:\/\/darkamazi.info\/funavuv\/wp\/v2\/users\/2"}],"replies":[{"embeddable":true,"href":"https:\/\/darkamazi.info\/funavuv\/wp\/v2\/comments?post=1050380"}],"version-history":[{"count":0,"href":"https:\/\/darkamazi.info\/funavuv\/wp\/v2\/posts\/1050380\/revisions"}],"wp:featuredmedia":[{"embeddable":true,"href":"https:\/\/darkamazi.info\/funavuv\/wp\/v2\/media\/1050381"}],"wp:attachment":[{"href":"https:\/\/darkamazi.info\/funavuv\/wp\/v2\/media?parent=1050380"}],"wp:term":[{"taxonomy":"category","embeddable":true,"href":"https:\/\/darkamazi.info\/funavuv\/wp\/v2\/categories?post=1050380"},{"taxonomy":"post_tag","embeddable":true,"href":"https:\/\/darkamazi.info\/funavuv\/wp\/v2\/tags?post=1050380"}],"curies":[{"name":"wp","href":"https:\/\/api.w.org\/{rel}","templated":true}]}}