{"id":1050384,"date":"2025-10-27T13:18:17","date_gmt":"2025-10-27T10:18:17","guid":{"rendered":"https:\/\/darkamazi.info\/?p=1050384"},"modified":"2025-10-27T13:18:17","modified_gmt":"2025-10-27T10:18:17","slug":"ehmed-sera-serdana-erebistana-siudi-dike","status":"publish","type":"post","link":"https:\/\/darkamazi.info\/archives\/1050384","title":{"rendered":"Ehmed \u015eera serdana Erebistana Si\u00fbd\u00ee dike"},"content":{"rendered":"<h3 style=\"text-align: justify\"><span style=\"font-family: 'arial black', sans-serif\">Serok\u00ea S\u00fbriyey\u00ea y\u00ea qonaxa veguh\u00eaz ji bo n\u00eeqa\u015fkirina \u00e7end mijar\u00ean gir\u00eeng serdana Erebistana Si\u00fbd\u00ee dike.<\/span><\/h3>\n<h3 style=\"text-align: justify\">Ajansa Sanay\u00ea ya N\u00fb\u00e7eyan a Ferm\u00ee ya S\u00fbriyey\u00ea ragihand: \u201cSerok\u00ea S\u00fbriyey\u00ea y\u00ea qonaxa veguh\u00eaz Ehmed \u015eera sibe (S\u00ea\u015fem, 28\u00ea Cotmeha 2025\u00ea) serdana Erebistana Si\u00fbd\u00ee dike, da ku \u00e7end mijar\u00ean gir\u00eeng bi \u015eani\u015f\u00een\u00ea Si\u00fbd\u00ee Mihemed bin Selman re n\u00eeqa\u015f bike.\u201d<\/h3>\n<h3 style=\"text-align: justify\">Her li gor\u00ee w\u00ea \u00e7avkaniy\u00ea, Ehmed \u015eera d\u00ea di \u00e7ar\u00e7oveya w\u00ea serdan\u00ea de xurtkirina al\u00eekariy\u00ean hevpar di navbera herdu welatan de, bi taybet\u00ee di war\u00ean veberh\u00eanan \u00fb aboriy\u00ea de, \u00fb herwesa \u00e7end mijar\u00ean din j\u00ee y\u00ean gir\u00eeng bi \u015eani\u015f\u00een\u00ea Si\u00fbd\u00ee re n\u00eeqa\u015f bike.<\/h3>\n<h3 style=\"text-align: justify\">W\u00ea \u00e7avkaniy\u00ea amaje j\u00ee da: \u201cSerok\u00ea S\u00fbriyey\u00ea her di \u00e7ar\u00e7oveya w\u00ea serdan\u00ea de d\u00ea tevl\u00ee Konferansa P\u00ea\u015fengiya Veberh\u00eanana Pa\u015feroj\u00ea be, ku d\u00ea li Riyaza paytexta w\u00ee welat\u00ee b\u00ea lidarxistin.\u201d<\/h3>\n<h3 style=\"text-align: justify\">Konferansa P\u00ea\u015fengiya Veberh\u00eanana Pa\u015feroj\u00ea d\u00ea \u00eero (Du\u015fem, 27\u00ea Cotmeha 2025\u00ea) dest p\u00ea bike \u00fb d\u00ea heta roja P\u00eanc\u015fem\u00ea (30\u00ea Cotmeha 2025\u00ea) berdewam be, ku d\u00ea n\u00eaz\u00eek\u00ee 8 hezar kesan ji \u00e7ar aliy\u00ean c\u00eehan\u00ea tevl\u00ee w\u00ea bibin.<\/h3>\n<h3 style=\"text-align: justify\">Ji pi\u015ft\u00ee hilwe\u015f\u00eena rej\u00eema Be\u015far Esed li S\u00fbriyey\u00ea di dawiya sala bor\u00ee de, ev serdan d\u00ea serdana s\u00eay\u00ea ya ferm\u00ee ya Serok\u00ea S\u00fbriyey\u00ea y\u00ea qonaxa veguh\u00eaz Ehmed \u015eera ji bo Erebistana Si\u00fbd\u00ee be.<\/h3>\n","protected":false},"excerpt":{"rendered":"<p>Serok\u00ea S\u00fbriyey\u00ea y\u00ea qonaxa veguh\u00eaz ji bo n\u00eeqa\u015fkirina \u00e7end mijar\u00ean gir\u00eeng serdana Erebistana Si\u00fbd\u00ee dike. Ajansa Sanay\u00ea ya N\u00fb\u00e7eyan a Ferm\u00ee ya S\u00fbriyey\u00ea ragihand: \u201cSerok\u00ea S\u00fbriyey\u00ea y\u00ea qonaxa veguh\u00eaz Ehmed \u015eera sibe (S\u00ea\u015fem, 28\u00ea Cotmeha 2025\u00ea) serdana Erebistana Si\u00fbd\u00ee dike, da ku \u00e7end mijar\u00ean gir\u00eeng bi \u015eani\u015f\u00een\u00ea Si\u00fbd\u00ee Mihemed bin Selman re n\u00eeqa\u015f bike.\u201d Her [&hellip;]<\/p>\n","protected":false},"author":2,"featured_media":1050385,"comment_status":"closed","ping_status":"closed","sticky":false,"template":"","format":"standard","meta":{"footnotes":""},"categories":[31],"tags":[37],"class_list":["post-1050384","post","type-post","status-publish","format-standard","has-post-thumbnail","hentry","category-rojhelata-navin","tag-sereke"],"blocksy_meta":[],"seo_head":"<!-- This site is optimized with the Yoast SEO plugin v27.5 - https:\/\/yoast.com\/product\/yoast-seo-wordpress\/ -->\n<title>Ehmed \u015eera serdana Erebistana Si\u00fbd\u00ee dike - Darka Maz\u00ee<\/title>\n<meta name=\"robots\" content=\"index, follow, max-snippet:-1, max-image-preview:large, max-video-preview:-1\" \/>\n<link rel=\"canonical\" href=\"https:\/\/darkamazi.info\/archives\/1050384\" \/>\n<meta property=\"og:locale\" content=\"en_US\" \/>\n<meta property=\"og:type\" content=\"article\" \/>\n<meta property=\"og:title\" content=\"Ehmed \u015eera serdana Erebistana Si\u00fbd\u00ee dike - Darka Maz\u00ee\" \/>\n<meta property=\"og:description\" content=\"Serok\u00ea S\u00fbriyey\u00ea y\u00ea qonaxa veguh\u00eaz ji bo n\u00eeqa\u015fkirina \u00e7end mijar\u00ean gir\u00eeng serdana Erebistana Si\u00fbd\u00ee dike. Ajansa Sanay\u00ea ya N\u00fb\u00e7eyan a Ferm\u00ee ya S\u00fbriyey\u00ea ragihand: \u201cSerok\u00ea S\u00fbriyey\u00ea y\u00ea qonaxa veguh\u00eaz Ehmed \u015eera sibe (S\u00ea\u015fem, 28\u00ea Cotmeha 2025\u00ea) serdana Erebistana Si\u00fbd\u00ee dike, da ku \u00e7end mijar\u00ean gir\u00eeng bi \u015eani\u015f\u00een\u00ea Si\u00fbd\u00ee Mihemed bin Selman re n\u00eeqa\u015f bike.\u201d Her [&hellip;]\" \/>\n<meta property=\"og:url\" content=\"https:\/\/darkamazi.info\/archives\/1050384\" \/>\n<meta property=\"og:site_name\" content=\"Darka Maz\u00ee\" \/>\n<meta property=\"article:publisher\" content=\"https:\/\/www.facebook.com\/DarMaziKurmanci\" \/>\n<meta property=\"article:published_time\" content=\"2025-10-27T10:18:17+00:00\" \/>\n<meta property=\"og:image\" content=\"https:\/\/darkamazi.info\/file\/2025\/10\/ehmed-sera.jpg\" \/>\n\t<meta property=\"og:image:width\" content=\"900\" \/>\n\t<meta property=\"og:image:height\" content=\"497\" \/>\n\t<meta property=\"og:image:type\" content=\"image\/jpeg\" \/>\n<meta name=\"author\" content=\"darka mazi\" \/>\n<meta name=\"twitter:card\" content=\"summary_large_image\" \/>\n<meta name=\"twitter:creator\" content=\"@DarkaMaziLatini\" \/>\n<meta name=\"twitter:site\" content=\"@DarkaMaziLatini\" \/>\n<meta name=\"twitter:label1\" content=\"Written by\" \/>\n\t<meta name=\"twitter:data1\" content=\"darka mazi\" \/>\n\t<meta name=\"twitter:label2\" content=\"Est. reading time\" \/>\n\t<meta name=\"twitter:data2\" content=\"2 minutes\" \/>\n<script type=\"application\/ld+json\" class=\"seo-schema-graph\">{\"@context\":\"https:\\\/\\\/schema.org\",\"@graph\":[{\"@type\":\"Article\",\"@id\":\"https:\\\/\\\/darkamazi.info\\\/archives\\\/1050384#article\",\"isPartOf\":{\"@id\":\"https:\\\/\\\/darkamazi.info\\\/archives\\\/1050384\"},\"author\":{\"name\":\"darka mazi\",\"@id\":\"https:\\\/\\\/darkamazi.info\\\/#\\\/schema\\\/person\\\/5ad3e24553a0567993fa8ed4bd0a776c\"},\"headline\":\"Ehmed \u015eera serdana Erebistana Si\u00fbd\u00ee dike\",\"datePublished\":\"2025-10-27T10:18:17+00:00\",\"mainEntityOfPage\":{\"@id\":\"https:\\\/\\\/darkamazi.info\\\/archives\\\/1050384\"},\"wordCount\":245,\"publisher\":{\"@id\":\"https:\\\/\\\/darkamazi.info\\\/#organization\"},\"image\":{\"@id\":\"https:\\\/\\\/darkamazi.info\\\/archives\\\/1050384#primaryimage\"},\"thumbnailUrl\":\"https:\\\/\\\/darkamazi.info\\\/darka-content\\\/uploads\\\/2025\\\/10\\\/ehmed-sera.jpg\",\"keywords\":[\"sereke\"],\"articleSection\":[\"Rojhelata nav\u00een\"],\"inLanguage\":\"en-US\"},{\"@type\":\"WebPage\",\"@id\":\"https:\\\/\\\/darkamazi.info\\\/archives\\\/1050384\",\"url\":\"https:\\\/\\\/darkamazi.info\\\/archives\\\/1050384\",\"name\":\"Ehmed \u015eera serdana Erebistana Si\u00fbd\u00ee dike - Darka Maz\u00ee\",\"isPartOf\":{\"@id\":\"https:\\\/\\\/darkamazi.info\\\/#website\"},\"primaryImageOfPage\":{\"@id\":\"https:\\\/\\\/darkamazi.info\\\/archives\\\/1050384#primaryimage\"},\"image\":{\"@id\":\"https:\\\/\\\/darkamazi.info\\\/archives\\\/1050384#primaryimage\"},\"thumbnailUrl\":\"https:\\\/\\\/darkamazi.info\\\/darka-content\\\/uploads\\\/2025\\\/10\\\/ehmed-sera.jpg\",\"datePublished\":\"2025-10-27T10:18:17+00:00\",\"breadcrumb\":{\"@id\":\"https:\\\/\\\/darkamazi.info\\\/archives\\\/1050384#breadcrumb\"},\"inLanguage\":\"en-US\",\"potentialAction\":[{\"@type\":\"ReadAction\",\"target\":[\"https:\\\/\\\/darkamazi.info\\\/archives\\\/1050384\"]}]},{\"@type\":\"ImageObject\",\"inLanguage\":\"en-US\",\"@id\":\"https:\\\/\\\/darkamazi.info\\\/archives\\\/1050384#primaryimage\",\"url\":\"https:\\\/\\\/darkamazi.info\\\/darka-content\\\/uploads\\\/2025\\\/10\\\/ehmed-sera.jpg\",\"contentUrl\":\"https:\\\/\\\/darkamazi.info\\\/darka-content\\\/uploads\\\/2025\\\/10\\\/ehmed-sera.jpg\",\"width\":900,\"height\":497,\"caption\":\"Ehmed \u015eera serdana Erebistana Si\u00fbd\u00ee dike\"},{\"@type\":\"BreadcrumbList\",\"@id\":\"https:\\\/\\\/darkamazi.info\\\/archives\\\/1050384#breadcrumb\",\"itemListElement\":[{\"@type\":\"ListItem\",\"position\":1,\"name\":\"Home\",\"item\":\"https:\\\/\\\/darkamazi.info\\\/\"},{\"@type\":\"ListItem\",\"position\":2,\"name\":\"Ehmed \u015eera serdana Erebistana Si\u00fbd\u00ee dike\"}]},{\"@type\":\"WebSite\",\"@id\":\"https:\\\/\\\/darkamazi.info\\\/#website\",\"url\":\"https:\\\/\\\/darkamazi.info\\\/\",\"name\":\"Darka Maz\u00ee\",\"description\":\"P\u00eageha Zanyariy\u00ean Nebih\u00eest\u00ee\",\"publisher\":{\"@id\":\"https:\\\/\\\/darkamazi.info\\\/#organization\"},\"potentialAction\":[{\"@type\":\"SearchAction\",\"target\":{\"@type\":\"EntryPoint\",\"urlTemplate\":\"https:\\\/\\\/darkamazi.info\\\/?s={search_term_string}\"},\"query-input\":{\"@type\":\"PropertyValueSpecification\",\"valueRequired\":true,\"valueName\":\"search_term_string\"}}],\"inLanguage\":\"en-US\"},{\"@type\":\"Organization\",\"@id\":\"https:\\\/\\\/darkamazi.info\\\/#organization\",\"name\":\"Darka Maz\u00ee\",\"url\":\"https:\\\/\\\/darkamazi.info\\\/\",\"logo\":{\"@type\":\"ImageObject\",\"inLanguage\":\"en-US\",\"@id\":\"https:\\\/\\\/darkamazi.info\\\/#\\\/schema\\\/logo\\\/image\\\/\",\"url\":\"https:\\\/\\\/darkamazi.info\\\/darka-content\\\/uploads\\\/2017\\\/12\\\/darka-mazi-logo.png\",\"contentUrl\":\"https:\\\/\\\/darkamazi.info\\\/darka-content\\\/uploads\\\/2017\\\/12\\\/darka-mazi-logo.png\",\"width\":151,\"height\":75,\"caption\":\"Darka Maz\u00ee\"},\"image\":{\"@id\":\"https:\\\/\\\/darkamazi.info\\\/#\\\/schema\\\/logo\\\/image\\\/\"},\"sameAs\":[\"https:\\\/\\\/www.facebook.com\\\/DarMaziKurmanci\",\"https:\\\/\\\/x.com\\\/DarkaMaziLatini\",\"https:\\\/\\\/www.instagram.com\\\/darkamazi.kurmanci\\\/\",\"https:\\\/\\\/www.youtube.com\\\/channel\\\/UCa5HkTdmI8U1qCUFuTw8B2g\"]},{\"@type\":\"Person\",\"@id\":\"https:\\\/\\\/darkamazi.info\\\/#\\\/schema\\\/person\\\/5ad3e24553a0567993fa8ed4bd0a776c\",\"name\":\"darka mazi\",\"sameAs\":[\"https:\\\/\\\/darkamazi.info\\\/\"],\"url\":\"https:\\\/\\\/darkamazi.info\\\/archives\\\/author\\\/kurdi\"}]}<\/script>\n<!-- \/ Yoast SEO plugin. -->","seo_head_json":{"title":"Ehmed \u015eera serdana Erebistana Si\u00fbd\u00ee dike - Darka Maz\u00ee","robots":{"index":"index","follow":"follow","max-snippet":"max-snippet:-1","max-image-preview":"max-image-preview:large","max-video-preview":"max-video-preview:-1"},"canonical":"https:\/\/darkamazi.info\/archives\/1050384","og_locale":"en_US","og_type":"article","og_title":"Ehmed \u015eera serdana Erebistana Si\u00fbd\u00ee dike - Darka Maz\u00ee","og_description":"Serok\u00ea S\u00fbriyey\u00ea y\u00ea qonaxa veguh\u00eaz ji bo n\u00eeqa\u015fkirina \u00e7end mijar\u00ean gir\u00eeng serdana Erebistana Si\u00fbd\u00ee dike. Ajansa Sanay\u00ea ya N\u00fb\u00e7eyan a Ferm\u00ee ya S\u00fbriyey\u00ea ragihand: \u201cSerok\u00ea S\u00fbriyey\u00ea y\u00ea qonaxa veguh\u00eaz Ehmed \u015eera sibe (S\u00ea\u015fem, 28\u00ea Cotmeha 2025\u00ea) serdana Erebistana Si\u00fbd\u00ee dike, da ku \u00e7end mijar\u00ean gir\u00eeng bi \u015eani\u015f\u00een\u00ea Si\u00fbd\u00ee Mihemed bin Selman re n\u00eeqa\u015f bike.\u201d Her [&hellip;]","og_url":"https:\/\/darkamazi.info\/archives\/1050384","og_site_name":"Darka Maz\u00ee","article_publisher":"https:\/\/www.facebook.com\/DarMaziKurmanci","article_published_time":"2025-10-27T10:18:17+00:00","og_image":[{"width":900,"height":497,"url":"https:\/\/darkamazi.info\/file\/2025\/10\/ehmed-sera.jpg","type":"image\/jpeg"}],"author":"darka mazi","twitter_card":"summary_large_image","twitter_creator":"@DarkaMaziLatini","twitter_site":"@DarkaMaziLatini","twitter_misc":{"Written by":"darka mazi","Est. reading time":"2 minutes"},"schema":{"@context":"https:\/\/schema.org","@graph":[{"@type":"Article","@id":"https:\/\/darkamazi.info\/archives\/1050384#article","isPartOf":{"@id":"https:\/\/darkamazi.info\/archives\/1050384"},"author":{"name":"darka mazi","@id":"https:\/\/darkamazi.info\/#\/schema\/person\/5ad3e24553a0567993fa8ed4bd0a776c"},"headline":"Ehmed \u015eera serdana Erebistana Si\u00fbd\u00ee dike","datePublished":"2025-10-27T10:18:17+00:00","mainEntityOfPage":{"@id":"https:\/\/darkamazi.info\/archives\/1050384"},"wordCount":245,"publisher":{"@id":"https:\/\/darkamazi.info\/#organization"},"image":{"@id":"https:\/\/darkamazi.info\/archives\/1050384#primaryimage"},"thumbnailUrl":"https:\/\/darkamazi.info\/file\/2025\/10\/ehmed-sera.jpg","keywords":["sereke"],"articleSection":["Rojhelata nav\u00een"],"inLanguage":"en-US"},{"@type":"WebPage","@id":"https:\/\/darkamazi.info\/archives\/1050384","url":"https:\/\/darkamazi.info\/archives\/1050384","name":"Ehmed \u015eera serdana Erebistana Si\u00fbd\u00ee dike - Darka Maz\u00ee","isPartOf":{"@id":"https:\/\/darkamazi.info\/#website"},"primaryImageOfPage":{"@id":"https:\/\/darkamazi.info\/archives\/1050384#primaryimage"},"image":{"@id":"https:\/\/darkamazi.info\/archives\/1050384#primaryimage"},"thumbnailUrl":"https:\/\/darkamazi.info\/file\/2025\/10\/ehmed-sera.jpg","datePublished":"2025-10-27T10:18:17+00:00","breadcrumb":{"@id":"https:\/\/darkamazi.info\/archives\/1050384#breadcrumb"},"inLanguage":"en-US","potentialAction":[{"@type":"ReadAction","target":["https:\/\/darkamazi.info\/archives\/1050384"]}]},{"@type":"ImageObject","inLanguage":"en-US","@id":"https:\/\/darkamazi.info\/archives\/1050384#primaryimage","url":"https:\/\/darkamazi.info\/file\/2025\/10\/ehmed-sera.jpg","contentUrl":"https:\/\/darkamazi.info\/file\/2025\/10\/ehmed-sera.jpg","width":900,"height":497,"caption":"Ehmed \u015eera serdana Erebistana Si\u00fbd\u00ee dike"},{"@type":"BreadcrumbList","@id":"https:\/\/darkamazi.info\/archives\/1050384#breadcrumb","itemListElement":[{"@type":"ListItem","position":1,"name":"Home","item":"https:\/\/darkamazi.info\/"},{"@type":"ListItem","position":2,"name":"Ehmed \u015eera serdana Erebistana Si\u00fbd\u00ee dike"}]},{"@type":"WebSite","@id":"https:\/\/darkamazi.info\/#website","url":"https:\/\/darkamazi.info\/","name":"Darka Maz\u00ee","description":"P\u00eageha Zanyariy\u00ean Nebih\u00eest\u00ee","publisher":{"@id":"https:\/\/darkamazi.info\/#organization"},"potentialAction":[{"@type":"SearchAction","target":{"@type":"EntryPoint","urlTemplate":"https:\/\/darkamazi.info\/?s={search_term_string}"},"query-input":{"@type":"PropertyValueSpecification","valueRequired":true,"valueName":"search_term_string"}}],"inLanguage":"en-US"},{"@type":"Organization","@id":"https:\/\/darkamazi.info\/#organization","name":"Darka Maz\u00ee","url":"https:\/\/darkamazi.info\/","logo":{"@type":"ImageObject","inLanguage":"en-US","@id":"https:\/\/darkamazi.info\/#\/schema\/logo\/image\/","url":"https:\/\/darkamazi.info\/file\/2017\/12\/darka-mazi-logo.png","contentUrl":"https:\/\/darkamazi.info\/file\/2017\/12\/darka-mazi-logo.png","width":151,"height":75,"caption":"Darka Maz\u00ee"},"image":{"@id":"https:\/\/darkamazi.info\/#\/schema\/logo\/image\/"},"sameAs":["https:\/\/www.facebook.com\/DarMaziKurmanci","https:\/\/x.com\/DarkaMaziLatini","https:\/\/www.instagram.com\/darkamazi.kurmanci\/","https:\/\/www.youtube.com\/channel\/UCa5HkTdmI8U1qCUFuTw8B2g"]},{"@type":"Person","@id":"https:\/\/darkamazi.info\/#\/schema\/person\/5ad3e24553a0567993fa8ed4bd0a776c","name":"darka mazi","sameAs":["https:\/\/darkamazi.info\/"],"url":"https:\/\/darkamazi.info\/archives\/author\/kurdi"}]}},"_links":{"self":[{"href":"https:\/\/darkamazi.info\/funavuv\/wp\/v2\/posts\/1050384","targetHints":{"allow":["GET"]}}],"collection":[{"href":"https:\/\/darkamazi.info\/funavuv\/wp\/v2\/posts"}],"about":[{"href":"https:\/\/darkamazi.info\/funavuv\/wp\/v2\/types\/post"}],"author":[{"embeddable":true,"href":"https:\/\/darkamazi.info\/funavuv\/wp\/v2\/users\/2"}],"replies":[{"embeddable":true,"href":"https:\/\/darkamazi.info\/funavuv\/wp\/v2\/comments?post=1050384"}],"version-history":[{"count":0,"href":"https:\/\/darkamazi.info\/funavuv\/wp\/v2\/posts\/1050384\/revisions"}],"wp:featuredmedia":[{"embeddable":true,"href":"https:\/\/darkamazi.info\/funavuv\/wp\/v2\/media\/1050385"}],"wp:attachment":[{"href":"https:\/\/darkamazi.info\/funavuv\/wp\/v2\/media?parent=1050384"}],"wp:term":[{"taxonomy":"category","embeddable":true,"href":"https:\/\/darkamazi.info\/funavuv\/wp\/v2\/categories?post=1050384"},{"taxonomy":"post_tag","embeddable":true,"href":"https:\/\/darkamazi.info\/funavuv\/wp\/v2\/tags?post=1050384"}],"curies":[{"name":"wp","href":"https:\/\/api.w.org\/{rel}","templated":true}]}}