{"id":1050387,"date":"2025-10-27T13:52:31","date_gmt":"2025-10-27T10:52:31","guid":{"rendered":"https:\/\/darkamazi.info\/?p=1050387"},"modified":"2025-10-27T13:52:31","modified_gmt":"2025-10-27T10:52:31","slug":"ceteyen-pkke-ciwanen-soresger-zarokeki-din-ye-14-sali-revandin","status":"publish","type":"post","link":"https:\/\/darkamazi.info\/archives\/1050387","title":{"rendered":"\u00c7etey\u00ean PKK\u2019\u00ea &#8220;Ciwan\u00ean \u015eore\u015fger&#8221; zarokek\u00ee din y\u00ea 14 sal\u00ee revandin"},"content":{"rendered":"<h3 style=\"text-align: justify\"><span style=\"font-family: 'arial black', sans-serif\">R\u00eaxistina bi nav\u00ea \u201cCiwan\u00ean \u015eore\u015fger\u201d ya gir\u00eaday\u00ee Partiya Karker\u00ean Kurdistan\u00ea (PKK\u2019\u00ea) li bajar\u00ea Koban\u00ea y\u00ea Rojava Kurdistan\u00ea zarokek din y\u00ea 14 sal\u00ee revandin.<\/span><\/h3>\n<h3 style=\"text-align: justify\">J\u00eaderek\u00ee xwecih\u00ee ji bajar\u00ea Koban\u00ea ragihand: \u201cr\u00eaxistina Ciwan\u00ean \u015eore\u015fger zarok\u00ea bi nav\u00ea \u015ead\u00ee El\u00ee Ebd\u00ee ku temen\u00ea w\u00ee di bin 18 saliy\u00ea de ye, di roja 17\/10\/2025\u00ea li bajar\u00ea Koban\u00ea bi mebesta ku w\u00ee di nava ref\u00ean yek\u00eeney\u00ean parastina gel \u201cYPG\u201d de bikin \u00e7ekdar revandiye.<\/h3>\n<h3 style=\"text-align: justify\">\u015ead\u00ee El\u00ee ji \u015f\u00eaniy\u00ean gund\u00ea Qumlix y\u00ea ser bi Kobaniy\u00ea ye, p\u00ea\u015f niha malbata w\u00ee li bajar\u00ea D\u00eeme\u015fq\u00ea jiyan dikir, l\u00ea pi\u015ft\u00ee destp\u00eakirina \u015fore\u015fa S\u00fbriyey\u00ea di sala 2011an de veger\u00eene gund\u00ea xwe.<\/h3>\n<h3 style=\"text-align: justify\">Tev\u00ee ku HSD\u2019\u00ea di Hez\u00eerana 2019an de bi Netew\u00ean Yekb\u00fby\u00ee re pilanek ji bo bidaw\u00eekirin \u00fb qedexekirina tevl\u00eekirina zarokan di nava h\u00eaz\u00ean \u00e7ekdar de \u00eemze kirib\u00fb. L\u00ea ji dema ku peyman hatiye \u00eemzekirin ve, rew\u015fa revandina zarokan bi daw\u00ee neb\u00fbye.<\/h3>\n<h3 style=\"text-align: justify\">Li gor\u00ee \u00e7avd\u00earan armanca r\u00eaxistina \u201cCiwan\u00ean \u015eore\u015fger\u201d revandina zarok\u00ean temen bi\u00e7\u00fbk, \u015f\u00fb\u015ftina mejiy\u00ea zarokan li gor b\u00eerdoz\u00ean Partiya Karker\u00ean Kurdistan\u00ea \u00fb tevl\u00eekirina wan di nava ref\u00ean le\u015fker\u00ee y\u00ean PKK\u2019\u00ea deye.<\/h3>\n","protected":false},"excerpt":{"rendered":"<p>R\u00eaxistina bi nav\u00ea \u201cCiwan\u00ean \u015eore\u015fger\u201d ya gir\u00eaday\u00ee Partiya Karker\u00ean Kurdistan\u00ea (PKK\u2019\u00ea) li bajar\u00ea Koban\u00ea y\u00ea Rojava Kurdistan\u00ea zarokek din y\u00ea 14 sal\u00ee revandin. J\u00eaderek\u00ee xwecih\u00ee ji bajar\u00ea Koban\u00ea ragihand: \u201cr\u00eaxistina Ciwan\u00ean \u015eore\u015fger zarok\u00ea bi nav\u00ea \u015ead\u00ee El\u00ee Ebd\u00ee ku temen\u00ea w\u00ee di bin 18 saliy\u00ea de ye, di roja 17\/10\/2025\u00ea li bajar\u00ea Koban\u00ea bi mebesta [&hellip;]<\/p>\n","protected":false},"author":2,"featured_media":1050388,"comment_status":"closed","ping_status":"closed","sticky":false,"template":"","format":"standard","meta":{"footnotes":""},"categories":[29],"tags":[37],"class_list":["post-1050387","post","type-post","status-publish","format-standard","has-post-thumbnail","hentry","category-kurdistan","tag-sereke"],"blocksy_meta":[],"seo_head":"<!-- This site is optimized with the Yoast SEO plugin v27.5 - https:\/\/yoast.com\/product\/yoast-seo-wordpress\/ -->\n<title>\u00c7etey\u00ean PKK\u2019\u00ea &quot;Ciwan\u00ean \u015eore\u015fger&quot; zarokek\u00ee din y\u00ea 14 sal\u00ee revandin - Darka Maz\u00ee<\/title>\n<meta name=\"robots\" content=\"index, follow, max-snippet:-1, max-image-preview:large, max-video-preview:-1\" \/>\n<link rel=\"canonical\" href=\"https:\/\/darkamazi.info\/archives\/1050387\" \/>\n<meta property=\"og:locale\" content=\"en_US\" \/>\n<meta property=\"og:type\" content=\"article\" \/>\n<meta property=\"og:title\" content=\"\u00c7etey\u00ean PKK\u2019\u00ea &quot;Ciwan\u00ean \u015eore\u015fger&quot; zarokek\u00ee din y\u00ea 14 sal\u00ee revandin - Darka Maz\u00ee\" \/>\n<meta property=\"og:description\" content=\"R\u00eaxistina bi nav\u00ea \u201cCiwan\u00ean \u015eore\u015fger\u201d ya gir\u00eaday\u00ee Partiya Karker\u00ean Kurdistan\u00ea (PKK\u2019\u00ea) li bajar\u00ea Koban\u00ea y\u00ea Rojava Kurdistan\u00ea zarokek din y\u00ea 14 sal\u00ee revandin. J\u00eaderek\u00ee xwecih\u00ee ji bajar\u00ea Koban\u00ea ragihand: \u201cr\u00eaxistina Ciwan\u00ean \u015eore\u015fger zarok\u00ea bi nav\u00ea \u015ead\u00ee El\u00ee Ebd\u00ee ku temen\u00ea w\u00ee di bin 18 saliy\u00ea de ye, di roja 17\/10\/2025\u00ea li bajar\u00ea Koban\u00ea bi mebesta [&hellip;]\" \/>\n<meta property=\"og:url\" content=\"https:\/\/darkamazi.info\/archives\/1050387\" \/>\n<meta property=\"og:site_name\" content=\"Darka Maz\u00ee\" \/>\n<meta property=\"article:publisher\" content=\"https:\/\/www.facebook.com\/DarMaziKurmanci\" \/>\n<meta property=\"article:published_time\" content=\"2025-10-27T10:52:31+00:00\" \/>\n<meta property=\"og:image\" content=\"https:\/\/darkamazi.info\/file\/2025\/10\/zarok.jpg\" \/>\n\t<meta property=\"og:image:width\" content=\"900\" \/>\n\t<meta property=\"og:image:height\" content=\"497\" \/>\n\t<meta property=\"og:image:type\" content=\"image\/jpeg\" \/>\n<meta name=\"author\" content=\"darka mazi\" \/>\n<meta name=\"twitter:card\" content=\"summary_large_image\" \/>\n<meta name=\"twitter:creator\" content=\"@DarkaMaziLatini\" \/>\n<meta name=\"twitter:site\" content=\"@DarkaMaziLatini\" \/>\n<meta name=\"twitter:label1\" content=\"Written by\" \/>\n\t<meta name=\"twitter:data1\" content=\"darka mazi\" \/>\n\t<meta name=\"twitter:label2\" content=\"Est. reading time\" \/>\n\t<meta name=\"twitter:data2\" content=\"1 minute\" \/>\n<script type=\"application\/ld+json\" class=\"seo-schema-graph\">{\"@context\":\"https:\\\/\\\/schema.org\",\"@graph\":[{\"@type\":\"Article\",\"@id\":\"https:\\\/\\\/darkamazi.info\\\/archives\\\/1050387#article\",\"isPartOf\":{\"@id\":\"https:\\\/\\\/darkamazi.info\\\/archives\\\/1050387\"},\"author\":{\"name\":\"darka mazi\",\"@id\":\"https:\\\/\\\/darkamazi.info\\\/#\\\/schema\\\/person\\\/5ad3e24553a0567993fa8ed4bd0a776c\"},\"headline\":\"\u00c7etey\u00ean PKK\u2019\u00ea &#8220;Ciwan\u00ean \u015eore\u015fger&#8221; zarokek\u00ee din y\u00ea 14 sal\u00ee revandin\",\"datePublished\":\"2025-10-27T10:52:31+00:00\",\"mainEntityOfPage\":{\"@id\":\"https:\\\/\\\/darkamazi.info\\\/archives\\\/1050387\"},\"wordCount\":219,\"publisher\":{\"@id\":\"https:\\\/\\\/darkamazi.info\\\/#organization\"},\"image\":{\"@id\":\"https:\\\/\\\/darkamazi.info\\\/archives\\\/1050387#primaryimage\"},\"thumbnailUrl\":\"https:\\\/\\\/darkamazi.info\\\/darka-content\\\/uploads\\\/2025\\\/10\\\/zarok.jpg\",\"keywords\":[\"sereke\"],\"articleSection\":[\"Kurdistan\"],\"inLanguage\":\"en-US\"},{\"@type\":\"WebPage\",\"@id\":\"https:\\\/\\\/darkamazi.info\\\/archives\\\/1050387\",\"url\":\"https:\\\/\\\/darkamazi.info\\\/archives\\\/1050387\",\"name\":\"\u00c7etey\u00ean PKK\u2019\u00ea \\\"Ciwan\u00ean \u015eore\u015fger\\\" zarokek\u00ee din y\u00ea 14 sal\u00ee revandin - Darka Maz\u00ee\",\"isPartOf\":{\"@id\":\"https:\\\/\\\/darkamazi.info\\\/#website\"},\"primaryImageOfPage\":{\"@id\":\"https:\\\/\\\/darkamazi.info\\\/archives\\\/1050387#primaryimage\"},\"image\":{\"@id\":\"https:\\\/\\\/darkamazi.info\\\/archives\\\/1050387#primaryimage\"},\"thumbnailUrl\":\"https:\\\/\\\/darkamazi.info\\\/darka-content\\\/uploads\\\/2025\\\/10\\\/zarok.jpg\",\"datePublished\":\"2025-10-27T10:52:31+00:00\",\"breadcrumb\":{\"@id\":\"https:\\\/\\\/darkamazi.info\\\/archives\\\/1050387#breadcrumb\"},\"inLanguage\":\"en-US\",\"potentialAction\":[{\"@type\":\"ReadAction\",\"target\":[\"https:\\\/\\\/darkamazi.info\\\/archives\\\/1050387\"]}]},{\"@type\":\"ImageObject\",\"inLanguage\":\"en-US\",\"@id\":\"https:\\\/\\\/darkamazi.info\\\/archives\\\/1050387#primaryimage\",\"url\":\"https:\\\/\\\/darkamazi.info\\\/darka-content\\\/uploads\\\/2025\\\/10\\\/zarok.jpg\",\"contentUrl\":\"https:\\\/\\\/darkamazi.info\\\/darka-content\\\/uploads\\\/2025\\\/10\\\/zarok.jpg\",\"width\":900,\"height\":497,\"caption\":\"\u00c7etey\u00ean PKK\u2019\u00ea \\\"Ciwan\u00ean \u015eore\u015fger\\\" zarokek\u00ee din y\u00ea 14 sal\u00ee revandin\"},{\"@type\":\"BreadcrumbList\",\"@id\":\"https:\\\/\\\/darkamazi.info\\\/archives\\\/1050387#breadcrumb\",\"itemListElement\":[{\"@type\":\"ListItem\",\"position\":1,\"name\":\"Home\",\"item\":\"https:\\\/\\\/darkamazi.info\\\/\"},{\"@type\":\"ListItem\",\"position\":2,\"name\":\"\u00c7etey\u00ean PKK\u2019\u00ea &#8220;Ciwan\u00ean \u015eore\u015fger&#8221; zarokek\u00ee din y\u00ea 14 sal\u00ee revandin\"}]},{\"@type\":\"WebSite\",\"@id\":\"https:\\\/\\\/darkamazi.info\\\/#website\",\"url\":\"https:\\\/\\\/darkamazi.info\\\/\",\"name\":\"Darka Maz\u00ee\",\"description\":\"P\u00eageha Zanyariy\u00ean Nebih\u00eest\u00ee\",\"publisher\":{\"@id\":\"https:\\\/\\\/darkamazi.info\\\/#organization\"},\"potentialAction\":[{\"@type\":\"SearchAction\",\"target\":{\"@type\":\"EntryPoint\",\"urlTemplate\":\"https:\\\/\\\/darkamazi.info\\\/?s={search_term_string}\"},\"query-input\":{\"@type\":\"PropertyValueSpecification\",\"valueRequired\":true,\"valueName\":\"search_term_string\"}}],\"inLanguage\":\"en-US\"},{\"@type\":\"Organization\",\"@id\":\"https:\\\/\\\/darkamazi.info\\\/#organization\",\"name\":\"Darka Maz\u00ee\",\"url\":\"https:\\\/\\\/darkamazi.info\\\/\",\"logo\":{\"@type\":\"ImageObject\",\"inLanguage\":\"en-US\",\"@id\":\"https:\\\/\\\/darkamazi.info\\\/#\\\/schema\\\/logo\\\/image\\\/\",\"url\":\"https:\\\/\\\/darkamazi.info\\\/darka-content\\\/uploads\\\/2017\\\/12\\\/darka-mazi-logo.png\",\"contentUrl\":\"https:\\\/\\\/darkamazi.info\\\/darka-content\\\/uploads\\\/2017\\\/12\\\/darka-mazi-logo.png\",\"width\":151,\"height\":75,\"caption\":\"Darka Maz\u00ee\"},\"image\":{\"@id\":\"https:\\\/\\\/darkamazi.info\\\/#\\\/schema\\\/logo\\\/image\\\/\"},\"sameAs\":[\"https:\\\/\\\/www.facebook.com\\\/DarMaziKurmanci\",\"https:\\\/\\\/x.com\\\/DarkaMaziLatini\",\"https:\\\/\\\/www.instagram.com\\\/darkamazi.kurmanci\\\/\",\"https:\\\/\\\/www.youtube.com\\\/channel\\\/UCa5HkTdmI8U1qCUFuTw8B2g\"]},{\"@type\":\"Person\",\"@id\":\"https:\\\/\\\/darkamazi.info\\\/#\\\/schema\\\/person\\\/5ad3e24553a0567993fa8ed4bd0a776c\",\"name\":\"darka mazi\",\"sameAs\":[\"https:\\\/\\\/darkamazi.info\\\/\"],\"url\":\"https:\\\/\\\/darkamazi.info\\\/archives\\\/author\\\/kurdi\"}]}<\/script>\n<!-- \/ Yoast SEO plugin. -->","seo_head_json":{"title":"\u00c7etey\u00ean PKK\u2019\u00ea \"Ciwan\u00ean \u015eore\u015fger\" zarokek\u00ee din y\u00ea 14 sal\u00ee revandin - Darka Maz\u00ee","robots":{"index":"index","follow":"follow","max-snippet":"max-snippet:-1","max-image-preview":"max-image-preview:large","max-video-preview":"max-video-preview:-1"},"canonical":"https:\/\/darkamazi.info\/archives\/1050387","og_locale":"en_US","og_type":"article","og_title":"\u00c7etey\u00ean PKK\u2019\u00ea \"Ciwan\u00ean \u015eore\u015fger\" zarokek\u00ee din y\u00ea 14 sal\u00ee revandin - Darka Maz\u00ee","og_description":"R\u00eaxistina bi nav\u00ea \u201cCiwan\u00ean \u015eore\u015fger\u201d ya gir\u00eaday\u00ee Partiya Karker\u00ean Kurdistan\u00ea (PKK\u2019\u00ea) li bajar\u00ea Koban\u00ea y\u00ea Rojava Kurdistan\u00ea zarokek din y\u00ea 14 sal\u00ee revandin. J\u00eaderek\u00ee xwecih\u00ee ji bajar\u00ea Koban\u00ea ragihand: \u201cr\u00eaxistina Ciwan\u00ean \u015eore\u015fger zarok\u00ea bi nav\u00ea \u015ead\u00ee El\u00ee Ebd\u00ee ku temen\u00ea w\u00ee di bin 18 saliy\u00ea de ye, di roja 17\/10\/2025\u00ea li bajar\u00ea Koban\u00ea bi mebesta [&hellip;]","og_url":"https:\/\/darkamazi.info\/archives\/1050387","og_site_name":"Darka Maz\u00ee","article_publisher":"https:\/\/www.facebook.com\/DarMaziKurmanci","article_published_time":"2025-10-27T10:52:31+00:00","og_image":[{"width":900,"height":497,"url":"https:\/\/darkamazi.info\/file\/2025\/10\/zarok.jpg","type":"image\/jpeg"}],"author":"darka mazi","twitter_card":"summary_large_image","twitter_creator":"@DarkaMaziLatini","twitter_site":"@DarkaMaziLatini","twitter_misc":{"Written by":"darka mazi","Est. reading time":"1 minute"},"schema":{"@context":"https:\/\/schema.org","@graph":[{"@type":"Article","@id":"https:\/\/darkamazi.info\/archives\/1050387#article","isPartOf":{"@id":"https:\/\/darkamazi.info\/archives\/1050387"},"author":{"name":"darka mazi","@id":"https:\/\/darkamazi.info\/#\/schema\/person\/5ad3e24553a0567993fa8ed4bd0a776c"},"headline":"\u00c7etey\u00ean PKK\u2019\u00ea &#8220;Ciwan\u00ean \u015eore\u015fger&#8221; zarokek\u00ee din y\u00ea 14 sal\u00ee revandin","datePublished":"2025-10-27T10:52:31+00:00","mainEntityOfPage":{"@id":"https:\/\/darkamazi.info\/archives\/1050387"},"wordCount":219,"publisher":{"@id":"https:\/\/darkamazi.info\/#organization"},"image":{"@id":"https:\/\/darkamazi.info\/archives\/1050387#primaryimage"},"thumbnailUrl":"https:\/\/darkamazi.info\/file\/2025\/10\/zarok.jpg","keywords":["sereke"],"articleSection":["Kurdistan"],"inLanguage":"en-US"},{"@type":"WebPage","@id":"https:\/\/darkamazi.info\/archives\/1050387","url":"https:\/\/darkamazi.info\/archives\/1050387","name":"\u00c7etey\u00ean PKK\u2019\u00ea \"Ciwan\u00ean \u015eore\u015fger\" zarokek\u00ee din y\u00ea 14 sal\u00ee revandin - Darka Maz\u00ee","isPartOf":{"@id":"https:\/\/darkamazi.info\/#website"},"primaryImageOfPage":{"@id":"https:\/\/darkamazi.info\/archives\/1050387#primaryimage"},"image":{"@id":"https:\/\/darkamazi.info\/archives\/1050387#primaryimage"},"thumbnailUrl":"https:\/\/darkamazi.info\/file\/2025\/10\/zarok.jpg","datePublished":"2025-10-27T10:52:31+00:00","breadcrumb":{"@id":"https:\/\/darkamazi.info\/archives\/1050387#breadcrumb"},"inLanguage":"en-US","potentialAction":[{"@type":"ReadAction","target":["https:\/\/darkamazi.info\/archives\/1050387"]}]},{"@type":"ImageObject","inLanguage":"en-US","@id":"https:\/\/darkamazi.info\/archives\/1050387#primaryimage","url":"https:\/\/darkamazi.info\/file\/2025\/10\/zarok.jpg","contentUrl":"https:\/\/darkamazi.info\/file\/2025\/10\/zarok.jpg","width":900,"height":497,"caption":"\u00c7etey\u00ean PKK\u2019\u00ea \"Ciwan\u00ean \u015eore\u015fger\" zarokek\u00ee din y\u00ea 14 sal\u00ee revandin"},{"@type":"BreadcrumbList","@id":"https:\/\/darkamazi.info\/archives\/1050387#breadcrumb","itemListElement":[{"@type":"ListItem","position":1,"name":"Home","item":"https:\/\/darkamazi.info\/"},{"@type":"ListItem","position":2,"name":"\u00c7etey\u00ean PKK\u2019\u00ea &#8220;Ciwan\u00ean \u015eore\u015fger&#8221; zarokek\u00ee din y\u00ea 14 sal\u00ee revandin"}]},{"@type":"WebSite","@id":"https:\/\/darkamazi.info\/#website","url":"https:\/\/darkamazi.info\/","name":"Darka Maz\u00ee","description":"P\u00eageha Zanyariy\u00ean Nebih\u00eest\u00ee","publisher":{"@id":"https:\/\/darkamazi.info\/#organization"},"potentialAction":[{"@type":"SearchAction","target":{"@type":"EntryPoint","urlTemplate":"https:\/\/darkamazi.info\/?s={search_term_string}"},"query-input":{"@type":"PropertyValueSpecification","valueRequired":true,"valueName":"search_term_string"}}],"inLanguage":"en-US"},{"@type":"Organization","@id":"https:\/\/darkamazi.info\/#organization","name":"Darka Maz\u00ee","url":"https:\/\/darkamazi.info\/","logo":{"@type":"ImageObject","inLanguage":"en-US","@id":"https:\/\/darkamazi.info\/#\/schema\/logo\/image\/","url":"https:\/\/darkamazi.info\/file\/2017\/12\/darka-mazi-logo.png","contentUrl":"https:\/\/darkamazi.info\/file\/2017\/12\/darka-mazi-logo.png","width":151,"height":75,"caption":"Darka Maz\u00ee"},"image":{"@id":"https:\/\/darkamazi.info\/#\/schema\/logo\/image\/"},"sameAs":["https:\/\/www.facebook.com\/DarMaziKurmanci","https:\/\/x.com\/DarkaMaziLatini","https:\/\/www.instagram.com\/darkamazi.kurmanci\/","https:\/\/www.youtube.com\/channel\/UCa5HkTdmI8U1qCUFuTw8B2g"]},{"@type":"Person","@id":"https:\/\/darkamazi.info\/#\/schema\/person\/5ad3e24553a0567993fa8ed4bd0a776c","name":"darka mazi","sameAs":["https:\/\/darkamazi.info\/"],"url":"https:\/\/darkamazi.info\/archives\/author\/kurdi"}]}},"_links":{"self":[{"href":"https:\/\/darkamazi.info\/funavuv\/wp\/v2\/posts\/1050387","targetHints":{"allow":["GET"]}}],"collection":[{"href":"https:\/\/darkamazi.info\/funavuv\/wp\/v2\/posts"}],"about":[{"href":"https:\/\/darkamazi.info\/funavuv\/wp\/v2\/types\/post"}],"author":[{"embeddable":true,"href":"https:\/\/darkamazi.info\/funavuv\/wp\/v2\/users\/2"}],"replies":[{"embeddable":true,"href":"https:\/\/darkamazi.info\/funavuv\/wp\/v2\/comments?post=1050387"}],"version-history":[{"count":0,"href":"https:\/\/darkamazi.info\/funavuv\/wp\/v2\/posts\/1050387\/revisions"}],"wp:featuredmedia":[{"embeddable":true,"href":"https:\/\/darkamazi.info\/funavuv\/wp\/v2\/media\/1050388"}],"wp:attachment":[{"href":"https:\/\/darkamazi.info\/funavuv\/wp\/v2\/media?parent=1050387"}],"wp:term":[{"taxonomy":"category","embeddable":true,"href":"https:\/\/darkamazi.info\/funavuv\/wp\/v2\/categories?post=1050387"},{"taxonomy":"post_tag","embeddable":true,"href":"https:\/\/darkamazi.info\/funavuv\/wp\/v2\/tags?post=1050387"}],"curies":[{"name":"wp","href":"https:\/\/api.w.org\/{rel}","templated":true}]}}